{"id":24546,"date":"2025-05-31T17:48:18","date_gmt":"2025-05-31T15:48:18","guid":{"rendered":"https:\/\/footdavant.fr\/actualites\/levi-colwill-arrive-a-maturite-et-se-presente-au-bon-moment-pour-chelsea\/"},"modified":"2025-05-31T17:48:18","modified_gmt":"2025-05-31T15:48:18","slug":"levi-colwill-arrive-a-maturite-et-se-presente-au-bon-moment-pour-chelsea","status":"publish","type":"post","link":"https:\/\/footdavant.fr\/actualites\/levi-colwill-arrive-a-maturite-et-se-presente-au-bon-moment-pour-chelsea\/","title":{"rendered":"Levi Colwill arrive \u00e0 maturit\u00e9 et se pr\u00e9sente au bon moment pour Chelsea"},"content":{"rendered":"<div>\n<p data-pm-slice=\"1 1 []\">De toute \u00e9vidence, l&#39;obtention du football de la Ligue des champions a \u00e9t\u00e9 un effort de groupe, ils m\u00e9ritent tous des \u00e9loges pour cela, toutes les personnes impliqu\u00e9es dans le club.<\/p>\n<p>Mais sans les performances dominantes et guerri\u00e8res de Levi Colwill en avril et mai, je ne suis pas s\u00fbr que nous aurions m\u00eame cette conversation.<\/p>\n<p>Il a \u00e9t\u00e9 un rocher absolu \u00e0 l&#39;arri\u00e8re et il s&#39;est vraiment lev\u00e9 quand nous avions besoin de lui pour le faire.<\/p>\n<p>La d\u00e9fense de Chelsea s&#39;est consid\u00e9rablement am\u00e9lior\u00e9e, et qu&#39;Enzo Maresca en prenant \u00e0 juste titre le m\u00e9rite, Colwill m\u00e9rite \u00e9galement beaucoup de ce cr\u00e9dit.<\/p>\n<p>Levi a canalis\u00e9 son int\u00e9rieur John Terry et Gary Cahill pour devenir colossal \u00e0 l&#39;arri\u00e8re pour les Blues. Nous avons besoin de chacun de ses plaqu\u00e9s et blocs gagnants de match pour nous assurer que nous sommes dans la position dans laquelle nous nous trouvons maintenant, en Ligue des champions.<\/p>\n<p>Mais son ascension n&#39;a pas seulement \u00e9t\u00e9 sur ses performances, elle a \u00e9galement \u00e9t\u00e9 sur son attitude, son caract\u00e8re et sa personnalit\u00e9. Levi s&#39;est intensifi\u00e9 en tant que leader, en tant que voix, en tant que combattant, et en tant que joueur de Chelsea de style classique avec une attitude \u00e0 faire ou \u00e0 mourir, laissant tout sur le terrain.<\/p>\n<p>Je l&#39;ai vu c\u00e9l\u00e9brer les gros blocs et les plaqu\u00e9s comme marquer un but, et j&#39;adore voir cela. Cela montre qu&#39;il se soucie vraiment, cela montre que chaque instant de chaque jeu compte vraiment. Il a particip\u00e9 \u00e0 beaucoup de batailles avec les gr\u00e9vistes cette saison et il est souvent sorti en t\u00eate, surtout au cours des deux derniers mois.<\/p>\n<p>J&#39;esp\u00e8re que c&#39;est le moment maintenant o\u00f9 nous voyons le vrai c\u00f4t\u00e9 leadership de son jeu briller et se d\u00e9velopper encore plus, car il a toujours eu cela \u00e0 son sujet.<\/p>\n<p>Pour Levi, Chelsea est son club, il veut juste le voir r\u00e9ussir comme nous tous. Et la fa\u00e7on dont il s&#39;est tenu debout au cours de ces derniers mois devrait \u00eatre pleinement f\u00e9licit\u00e9 et reconnu. Je vois ce coup de pied dans la saison prochaine maintenant et \u00e0 l&#39;\u00e2ge de 22 ans, il a une chance de s&#39;\u00e9crire dans les livres d&#39;histoire de Chelsea.<\/p>\n<\/p><\/div>\n","protected":false},"excerpt":{"rendered":"<p>De toute \u00e9vidence, l&#39;obtention du football de la Ligue des champions a \u00e9t\u00e9 un effort de groupe, ils m\u00e9ritent tous des \u00e9loges pour cela, toutes<\/p>\n","protected":false},"author":1,"featured_media":14645,"comment_status":"closed","ping_status":"","sticky":false,"template":"","format":"standard","meta":{"footnotes":""},"categories":[3],"tags":[3009,271,171,3328,3327,7399,788,51,3899],"yoast_head":"<!-- This site is optimized with the Yoast SEO plugin v21.0 - https:\/\/yoast.com\/wordpress\/plugins\/seo\/ -->\n<title>Levi Colwill arrive \u00e0 maturit\u00e9 et se pr\u00e9sente au bon moment pour Chelsea<\/title>\n<meta name=\"robots\" content=\"index, follow, max-snippet:-1, max-image-preview:large, max-video-preview:-1\" \/>\n<link rel=\"canonical\" href=\"https:\/\/footdavant.fr\/actualites\/levi-colwill-arrive-a-maturite-et-se-presente-au-bon-moment-pour-chelsea\/\" \/>\n<meta property=\"og:locale\" content=\"fr_FR\" \/>\n<meta property=\"og:type\" content=\"article\" \/>\n<meta property=\"og:title\" content=\"Levi Colwill arrive \u00e0 maturit\u00e9 et se pr\u00e9sente au bon moment pour Chelsea\" \/>\n<meta property=\"og:description\" content=\"De toute \u00e9vidence, l&#039;obtention du football de la Ligue des champions a \u00e9t\u00e9 un effort de groupe, ils m\u00e9ritent tous des \u00e9loges pour cela, toutes\" \/>\n<meta property=\"og:url\" content=\"https:\/\/footdavant.fr\/actualites\/levi-colwill-arrive-a-maturite-et-se-presente-au-bon-moment-pour-chelsea\/\" \/>\n<meta property=\"og:site_name\" content=\"Foot d&#039;avant\" \/>\n<meta property=\"article:publisher\" content=\"https:\/\/www.facebook.com\/Footdavant\/\" \/>\n<meta property=\"article:published_time\" content=\"2025-05-31T15:48:18+00:00\" \/>\n<meta property=\"og:image\" content=\"https:\/\/footdavant.fr\/actualites\/wp-content\/uploads\/2024\/10\/Levi-Colwill-prend-une-decision-intelligente-mais-difficile-a-Chelsea.jpg\" \/>\n\t<meta property=\"og:image:width\" content=\"2560\" \/>\n\t<meta property=\"og:image:height\" content=\"1707\" \/>\n\t<meta property=\"og:image:type\" content=\"image\/jpeg\" \/>\n<meta name=\"author\" content=\"Cl\u00e9ment\" \/>\n<meta name=\"twitter:card\" content=\"summary_large_image\" \/>\n<meta name=\"twitter:creator\" content=\"@FootdavantFr\" \/>\n<meta name=\"twitter:site\" content=\"@FootdavantFr\" \/>\n<meta name=\"twitter:label1\" content=\"\u00c9crit par\" \/>\n\t<meta name=\"twitter:data1\" content=\"Cl\u00e9ment\" \/>\n\t<meta name=\"twitter:label2\" content=\"Dur\u00e9e de lecture estim\u00e9e\" \/>\n\t<meta name=\"twitter:data2\" content=\"2 minutes\" \/>\n<script type=\"application\/ld+json\" class=\"yoast-schema-graph\">{\"@context\":\"https:\/\/schema.org\",\"@graph\":[{\"@type\":\"Article\",\"@id\":\"https:\/\/footdavant.fr\/actualites\/levi-colwill-arrive-a-maturite-et-se-presente-au-bon-moment-pour-chelsea\/#article\",\"isPartOf\":{\"@id\":\"https:\/\/footdavant.fr\/actualites\/levi-colwill-arrive-a-maturite-et-se-presente-au-bon-moment-pour-chelsea\/\"},\"author\":{\"name\":\"Cl\u00e9ment\",\"@id\":\"https:\/\/footdavant.fr\/actualites\/#\/schema\/person\/bc222566d95871b37e597b3ed3ba5e1d\"},\"headline\":\"Levi Colwill arrive \u00e0 maturit\u00e9 et se pr\u00e9sente au bon moment pour Chelsea\",\"datePublished\":\"2025-05-31T15:48:18+00:00\",\"dateModified\":\"2025-05-31T15:48:18+00:00\",\"mainEntityOfPage\":{\"@id\":\"https:\/\/footdavant.fr\/actualites\/levi-colwill-arrive-a-maturite-et-se-presente-au-bon-moment-pour-chelsea\/\"},\"wordCount\":416,\"publisher\":{\"@id\":\"https:\/\/footdavant.fr\/actualites\/#organization\"},\"keywords\":[\"arriv\u00e9\",\"bon\",\"Chelsea\",\"Colwill\",\"Levi\",\"maturit\u00e9\",\"moment\",\"pour\",\"pr\u00e9sente\"],\"articleSection\":[\"Football\"],\"inLanguage\":\"fr-FR\"},{\"@type\":\"WebPage\",\"@id\":\"https:\/\/footdavant.fr\/actualites\/levi-colwill-arrive-a-maturite-et-se-presente-au-bon-moment-pour-chelsea\/\",\"url\":\"https:\/\/footdavant.fr\/actualites\/levi-colwill-arrive-a-maturite-et-se-presente-au-bon-moment-pour-chelsea\/\",\"name\":\"Levi Colwill arrive \u00e0 maturit\u00e9 et se pr\u00e9sente au bon moment pour Chelsea\",\"isPartOf\":{\"@id\":\"https:\/\/footdavant.fr\/actualites\/#website\"},\"datePublished\":\"2025-05-31T15:48:18+00:00\",\"dateModified\":\"2025-05-31T15:48:18+00:00\",\"breadcrumb\":{\"@id\":\"https:\/\/footdavant.fr\/actualites\/levi-colwill-arrive-a-maturite-et-se-presente-au-bon-moment-pour-chelsea\/#breadcrumb\"},\"inLanguage\":\"fr-FR\",\"potentialAction\":[{\"@type\":\"ReadAction\",\"target\":[\"https:\/\/footdavant.fr\/actualites\/levi-colwill-arrive-a-maturite-et-se-presente-au-bon-moment-pour-chelsea\/\"]}]},{\"@type\":\"BreadcrumbList\",\"@id\":\"https:\/\/footdavant.fr\/actualites\/levi-colwill-arrive-a-maturite-et-se-presente-au-bon-moment-pour-chelsea\/#breadcrumb\",\"itemListElement\":[{\"@type\":\"ListItem\",\"position\":1,\"name\":\"Accueil\",\"item\":\"https:\/\/footdavant.fr\/actualites\/\"},{\"@type\":\"ListItem\",\"position\":2,\"name\":\"Levi Colwill arrive \u00e0 maturit\u00e9 et se pr\u00e9sente au bon moment pour Chelsea\"}]},{\"@type\":\"WebSite\",\"@id\":\"https:\/\/footdavant.fr\/actualites\/#website\",\"url\":\"https:\/\/footdavant.fr\/actualites\/\",\"name\":\"Foot d'avant\",\"description\":\"\",\"publisher\":{\"@id\":\"https:\/\/footdavant.fr\/actualites\/#organization\"},\"potentialAction\":[{\"@type\":\"SearchAction\",\"target\":{\"@type\":\"EntryPoint\",\"urlTemplate\":\"https:\/\/footdavant.fr\/actualites\/?s={search_term_string}\"},\"query-input\":\"required name=search_term_string\"}],\"inLanguage\":\"fr-FR\"},{\"@type\":\"Organization\",\"@id\":\"https:\/\/footdavant.fr\/actualites\/#organization\",\"name\":\"Foot d'avant\",\"url\":\"https:\/\/footdavant.fr\/actualites\/\",\"logo\":{\"@type\":\"ImageObject\",\"inLanguage\":\"fr-FR\",\"@id\":\"https:\/\/footdavant.fr\/actualites\/#\/schema\/logo\/image\/\",\"url\":\"https:\/\/footdavant.fr\/actualites\/wp-content\/uploads\/2023\/09\/Copy-of-FootDavant-Logo.png\",\"contentUrl\":\"https:\/\/footdavant.fr\/actualites\/wp-content\/uploads\/2023\/09\/Copy-of-FootDavant-Logo.png\",\"width\":936,\"height\":549,\"caption\":\"Foot d'avant\"},\"image\":{\"@id\":\"https:\/\/footdavant.fr\/actualites\/#\/schema\/logo\/image\/\"},\"sameAs\":[\"https:\/\/www.facebook.com\/Footdavant\/\",\"https:\/\/twitter.com\/FootdavantFr\",\"https:\/\/www.instagram.com\/footdavant.fr\/\"]},{\"@type\":\"Person\",\"@id\":\"https:\/\/footdavant.fr\/actualites\/#\/schema\/person\/bc222566d95871b37e597b3ed3ba5e1d\",\"name\":\"Cl\u00e9ment\",\"image\":{\"@type\":\"ImageObject\",\"inLanguage\":\"fr-FR\",\"@id\":\"https:\/\/footdavant.fr\/actualites\/#\/schema\/person\/image\/\",\"url\":\"https:\/\/secure.gravatar.com\/avatar\/7728b29aac2719421e1a9159b2254c44?s=96&d=mm&r=g\",\"contentUrl\":\"https:\/\/secure.gravatar.com\/avatar\/7728b29aac2719421e1a9159b2254c44?s=96&d=mm&r=g\",\"caption\":\"Cl\u00e9ment\"},\"sameAs\":[\"https:\/\/footdavant.fr\/\"]}]}<\/script>\n<!-- \/ Yoast SEO plugin. -->","yoast_head_json":{"title":"Levi Colwill arrive \u00e0 maturit\u00e9 et se pr\u00e9sente au bon moment pour Chelsea","robots":{"index":"index","follow":"follow","max-snippet":"max-snippet:-1","max-image-preview":"max-image-preview:large","max-video-preview":"max-video-preview:-1"},"canonical":"https:\/\/footdavant.fr\/actualites\/levi-colwill-arrive-a-maturite-et-se-presente-au-bon-moment-pour-chelsea\/","og_locale":"fr_FR","og_type":"article","og_title":"Levi Colwill arrive \u00e0 maturit\u00e9 et se pr\u00e9sente au bon moment pour Chelsea","og_description":"De toute \u00e9vidence, l&#39;obtention du football de la Ligue des champions a \u00e9t\u00e9 un effort de groupe, ils m\u00e9ritent tous des \u00e9loges pour cela, toutes","og_url":"https:\/\/footdavant.fr\/actualites\/levi-colwill-arrive-a-maturite-et-se-presente-au-bon-moment-pour-chelsea\/","og_site_name":"Foot d&#039;avant","article_publisher":"https:\/\/www.facebook.com\/Footdavant\/","article_published_time":"2025-05-31T15:48:18+00:00","og_image":[{"width":2560,"height":1707,"url":"https:\/\/footdavant.fr\/actualites\/wp-content\/uploads\/2024\/10\/Levi-Colwill-prend-une-decision-intelligente-mais-difficile-a-Chelsea.jpg","type":"image\/jpeg"}],"author":"Cl\u00e9ment","twitter_card":"summary_large_image","twitter_creator":"@FootdavantFr","twitter_site":"@FootdavantFr","twitter_misc":{"\u00c9crit par":"Cl\u00e9ment","Dur\u00e9e de lecture estim\u00e9e":"2 minutes"},"schema":{"@context":"https:\/\/schema.org","@graph":[{"@type":"Article","@id":"https:\/\/footdavant.fr\/actualites\/levi-colwill-arrive-a-maturite-et-se-presente-au-bon-moment-pour-chelsea\/#article","isPartOf":{"@id":"https:\/\/footdavant.fr\/actualites\/levi-colwill-arrive-a-maturite-et-se-presente-au-bon-moment-pour-chelsea\/"},"author":{"name":"Cl\u00e9ment","@id":"https:\/\/footdavant.fr\/actualites\/#\/schema\/person\/bc222566d95871b37e597b3ed3ba5e1d"},"headline":"Levi Colwill arrive \u00e0 maturit\u00e9 et se pr\u00e9sente au bon moment pour Chelsea","datePublished":"2025-05-31T15:48:18+00:00","dateModified":"2025-05-31T15:48:18+00:00","mainEntityOfPage":{"@id":"https:\/\/footdavant.fr\/actualites\/levi-colwill-arrive-a-maturite-et-se-presente-au-bon-moment-pour-chelsea\/"},"wordCount":416,"publisher":{"@id":"https:\/\/footdavant.fr\/actualites\/#organization"},"keywords":["arriv\u00e9","bon","Chelsea","Colwill","Levi","maturit\u00e9","moment","pour","pr\u00e9sente"],"articleSection":["Football"],"inLanguage":"fr-FR"},{"@type":"WebPage","@id":"https:\/\/footdavant.fr\/actualites\/levi-colwill-arrive-a-maturite-et-se-presente-au-bon-moment-pour-chelsea\/","url":"https:\/\/footdavant.fr\/actualites\/levi-colwill-arrive-a-maturite-et-se-presente-au-bon-moment-pour-chelsea\/","name":"Levi Colwill arrive \u00e0 maturit\u00e9 et se pr\u00e9sente au bon moment pour Chelsea","isPartOf":{"@id":"https:\/\/footdavant.fr\/actualites\/#website"},"datePublished":"2025-05-31T15:48:18+00:00","dateModified":"2025-05-31T15:48:18+00:00","breadcrumb":{"@id":"https:\/\/footdavant.fr\/actualites\/levi-colwill-arrive-a-maturite-et-se-presente-au-bon-moment-pour-chelsea\/#breadcrumb"},"inLanguage":"fr-FR","potentialAction":[{"@type":"ReadAction","target":["https:\/\/footdavant.fr\/actualites\/levi-colwill-arrive-a-maturite-et-se-presente-au-bon-moment-pour-chelsea\/"]}]},{"@type":"BreadcrumbList","@id":"https:\/\/footdavant.fr\/actualites\/levi-colwill-arrive-a-maturite-et-se-presente-au-bon-moment-pour-chelsea\/#breadcrumb","itemListElement":[{"@type":"ListItem","position":1,"name":"Accueil","item":"https:\/\/footdavant.fr\/actualites\/"},{"@type":"ListItem","position":2,"name":"Levi Colwill arrive \u00e0 maturit\u00e9 et se pr\u00e9sente au bon moment pour Chelsea"}]},{"@type":"WebSite","@id":"https:\/\/footdavant.fr\/actualites\/#website","url":"https:\/\/footdavant.fr\/actualites\/","name":"Foot d'avant","description":"","publisher":{"@id":"https:\/\/footdavant.fr\/actualites\/#organization"},"potentialAction":[{"@type":"SearchAction","target":{"@type":"EntryPoint","urlTemplate":"https:\/\/footdavant.fr\/actualites\/?s={search_term_string}"},"query-input":"required name=search_term_string"}],"inLanguage":"fr-FR"},{"@type":"Organization","@id":"https:\/\/footdavant.fr\/actualites\/#organization","name":"Foot d'avant","url":"https:\/\/footdavant.fr\/actualites\/","logo":{"@type":"ImageObject","inLanguage":"fr-FR","@id":"https:\/\/footdavant.fr\/actualites\/#\/schema\/logo\/image\/","url":"https:\/\/footdavant.fr\/actualites\/wp-content\/uploads\/2023\/09\/Copy-of-FootDavant-Logo.png","contentUrl":"https:\/\/footdavant.fr\/actualites\/wp-content\/uploads\/2023\/09\/Copy-of-FootDavant-Logo.png","width":936,"height":549,"caption":"Foot d'avant"},"image":{"@id":"https:\/\/footdavant.fr\/actualites\/#\/schema\/logo\/image\/"},"sameAs":["https:\/\/www.facebook.com\/Footdavant\/","https:\/\/twitter.com\/FootdavantFr","https:\/\/www.instagram.com\/footdavant.fr\/"]},{"@type":"Person","@id":"https:\/\/footdavant.fr\/actualites\/#\/schema\/person\/bc222566d95871b37e597b3ed3ba5e1d","name":"Cl\u00e9ment","image":{"@type":"ImageObject","inLanguage":"fr-FR","@id":"https:\/\/footdavant.fr\/actualites\/#\/schema\/person\/image\/","url":"https:\/\/secure.gravatar.com\/avatar\/7728b29aac2719421e1a9159b2254c44?s=96&d=mm&r=g","contentUrl":"https:\/\/secure.gravatar.com\/avatar\/7728b29aac2719421e1a9159b2254c44?s=96&d=mm&r=g","caption":"Cl\u00e9ment"},"sameAs":["https:\/\/footdavant.fr\/"]}]}},"_links":{"self":[{"href":"https:\/\/footdavant.fr\/actualites\/wp-json\/wp\/v2\/posts\/24546"}],"collection":[{"href":"https:\/\/footdavant.fr\/actualites\/wp-json\/wp\/v2\/posts"}],"about":[{"href":"https:\/\/footdavant.fr\/actualites\/wp-json\/wp\/v2\/types\/post"}],"author":[{"embeddable":true,"href":"https:\/\/footdavant.fr\/actualites\/wp-json\/wp\/v2\/users\/1"}],"replies":[{"embeddable":true,"href":"https:\/\/footdavant.fr\/actualites\/wp-json\/wp\/v2\/comments?post=24546"}],"version-history":[{"count":1,"href":"https:\/\/footdavant.fr\/actualites\/wp-json\/wp\/v2\/posts\/24546\/revisions"}],"predecessor-version":[{"id":24547,"href":"https:\/\/footdavant.fr\/actualites\/wp-json\/wp\/v2\/posts\/24546\/revisions\/24547"}],"wp:featuredmedia":[{"embeddable":true,"href":"https:\/\/footdavant.fr\/actualites\/wp-json\/wp\/v2\/media\/14645"}],"wp:attachment":[{"href":"https:\/\/footdavant.fr\/actualites\/wp-json\/wp\/v2\/media?parent=24546"}],"wp:term":[{"taxonomy":"category","embeddable":true,"href":"https:\/\/footdavant.fr\/actualites\/wp-json\/wp\/v2\/categories?post=24546"},{"taxonomy":"post_tag","embeddable":true,"href":"https:\/\/footdavant.fr\/actualites\/wp-json\/wp\/v2\/tags?post=24546"}],"curies":[{"name":"wp","href":"https:\/\/api.w.org\/{rel}","templated":true}]}}