{"id":24551,"date":"2025-05-31T21:48:09","date_gmt":"2025-05-31T19:48:09","guid":{"rendered":"https:\/\/footdavant.fr\/actualites\/plus-a-venir-de-martinelli\/"},"modified":"2025-05-31T21:48:11","modified_gmt":"2025-05-31T19:48:11","slug":"plus-a-venir-de-martinelli","status":"publish","type":"post","link":"https:\/\/footdavant.fr\/actualites\/plus-a-venir-de-martinelli\/","title":{"rendered":"Plus \u00e0 venir de Martinelli?"},"content":{"rendered":"<div>\n<p>Matin tout.<\/p>\n<p>Arsenal News est en p\u00e9nurie ce matin. Il y a une mention tr\u00e8s fausse de Gabriel Martinelli dans l&#39;un des papiers espagnols, le liant \u00e0 Barcelone, mais je n&#39;en pr\u00eaterais pas beaucoup d&#39;attention \u00e0 ce stade. Il y a une poign\u00e9e de joueurs que je dirais qu&#39;Arsenal \u00e0 100% ne veut pas l\u00e2cher prise, et je ne le mettrais pas n\u00e9cessairement dans cette tranche, mais avec tous les probl\u00e8mes financiers que Barcelone a et les tracas avec les joueurs inscrits en raison de leur facture de salaire, je soup\u00e7onne que ce n&#39;est pas du tout \u00e0 craindre.<\/p>\n<p>Si le d\u00e9part de Martinelli est une chose qui vous inqui\u00e9terait, bien s\u00fbr. Pour certains, il est un joueur qui n&#39;a pas tout \u00e0 fait livr\u00e9 ce que nous attendions de lui en fonction de la fa\u00e7on dont il a \u00e9clat\u00e9 sur la sc\u00e8ne. Apr\u00e8s une campagne de 15 buts (et 7 passes d\u00e9cisives) lors de notre premier titre de la saison des d\u00e9fis (22-23), ses 23-24 ont \u00e9t\u00e9 un peu d\u00e9cevants avec 8 buts (6 pl, 2 CL) et 5 passes d\u00e9cisives. La saison vient de passer, c&#39;\u00e9tait un peu mieux avec 10 buts (8 PL, 2 CL) et 6 passes d\u00e9cisives.<\/p>\n<p>Lewis a un bon aper\u00e7u de ses chiffres dans sa derni\u00e8re newsletter, et personnellement je pense que Martinelli est assez bas sur la liste des probl\u00e8mes dont nous devons trop nous soucier. Ce qui ne veut pas dire que je ne pense pas que nous devrions quitter le c\u00f4t\u00e9 gauche tel quel, je pense fortement que c&#39;est un domaine o\u00f9 nous devrions chercher \u00e0 nous am\u00e9liorer. Ou du moins changer quelque chose pour nous donner un peu plus de vari\u00e9t\u00e9, mais comme Lewis le dit dans sa pi\u00e8ce, les options de faire qui ne sont pas n\u00e9cessairement \u00e9videntes.<\/p>\n<p>Le d\u00e9sir de faire venir quelqu&#39;un \u00e0 gauche est celui que je pense que c&#39;est assez largement partag\u00e9 par les fans d&#39;Arsenal, mais c&#39;est un sujet int\u00e9ressant \u00e0 penser. Si nous allons prolonger l&#39;accord de Leandro Trossard, le plus susceptible de repousser les int\u00e9r\u00eats d&#39;ailleurs, et nous gardons Martinelli &#8211; cela signifie-t-il qu&#39;il n&#39;y a pas de place pour une signature? Ou cela signifie-t-il que nous allons \u00eatre sur-stock\u00e9s avec trop de joueurs en comp\u00e9tition pour une position? Vous pourriez dire que trop serait mieux que trop peu apr\u00e8s la saison que nous venons d&#39;avoir, et Martinelli et Trossard peuvent jouer dans d&#39;autres positions \u00e0 travers les trois premiers, mais cela vaut la peine d&#39;\u00eatre envisag\u00e9.<\/p>\n<p>Il a d\u00e9j\u00e0 \u00e9t\u00e9 rapport\u00e9 cet \u00e9t\u00e9 que m\u00eame si Arsenal ne veut pas que Martinelli ou Trossard aillent, ils \u00e9couteraient les offres pour les deux s&#39;ils arrivaient. Ce qui nous dit peu de choses sur qui ils choisiraient de conserver si c&#39;\u00e9tait une ou l&#39;autre situation, mais si c&#39;\u00e9tait ce binaire, Martinelli est s\u00fbrement celui que vous allez. Trossard ne devient pas plus jeune, et le Br\u00e9silien est le seul joueur de cette \u00e9quipe avec un vrai rythme &#8211; quelque chose qui est un probl\u00e8me pour cette \u00e9quipe d&#39;Arsenal.<\/p>\n<p>Je re\u00e7ois les pr\u00e9occupations concernant sa production, et je m&#39;inqui\u00e8te un peu qu&#39;il joue un peu trop la t\u00eate et ne voit pas les opportunit\u00e9s qu&#39;il a pour faire une passe r\u00e9v\u00e9latrice. Voir le moment du jeu Crystal Palace qui illustre cela. Je sais que le jeu se joue \u00e0 un rythme \u00e9lev\u00e9, mais ce sont les moments qui s\u00e9parent les bons joueurs des tr\u00e8s bons joueurs au plus haut niveau. Roulez-le \u00e0 Saka pour un tap-in, 3 points au lieu d&#39;un point (bien qu&#39;\u00e0 ce stade de la saison, cela n&#39;avait pas vraiment d&#39;importance dans le grand sch\u00e9ma des choses).<\/p>\n<figure id=\"attachment_46347\" aria-describedby=\"caption-attachment-46347\" style=\"width: 1500px\" class=\"wp-caption alignnone\"><\/figure>\n<p>Mais, il n&#39;a que 23 ans, il a 24 ans en juin, mais jusque-l\u00e0, etc., il n&#39;est pas rare qu&#39;un jeune joueur se pla\u00e7ait un peu et recommence. Je pense que nous avons le plus press\u00e9 que nous puissions sortir de Trossard, mais il y a potentiellement plus \u00e0 venir de Martinelli. Par exemple, j&#39;aime vraiment le but qu&#39;il a marqu\u00e9 contre Liverpool il y a quelques semaines. Pas seulement l&#39;ex\u00e9cution de ce qui \u00e9tait un en-t\u00eate suffisamment d\u00e9licat, mais le mouvement pour se glisser entre les deux centres de centre \u00e9tait vraiment bon.<\/p>\n<p>Peut-\u00eatre qu&#39;un r\u00e9ajustement des attentes pourrait \u00eatre utile. Je pense que nous avons un joueur tr\u00e8s d\u00e9cent sur nos mains, mais celui qui ne va pas devenir le genre de superstar qu&#39;il avait l&#39;air de devenir. Je pourrais me tromper, et je mangerai toute l&#39;humble tarte du monde si tel est le cas, mais je ne pense pas non plus qu&#39;il soit n\u00e9cessaire de jeter le b\u00e9b\u00e9 avec l&#39;eau du bain. Si nous sommes ici dans 12 mois \u00e0 discuter d&#39;une autre saison quelque peu d\u00e9cevante de sa part, alors je pense qu&#39;il y a une discussion \u00e0 avoir sur son avenir parce qu&#39;il y a un plus grand nombre de preuves, pour ainsi dire.<\/p>\n<p>Donc, \u00e0 moins qu&#39;il ne soit n\u00e9cessaire d&#39;\u00e9quilibrer les livres pour apporter une option bien sup\u00e9rieure &#8211; qui que ce soit &#8211; je ne pense pas que Martinelli ira n&#39;importe o\u00f9 cet \u00e9t\u00e9. Et s&#39;il devient fou avec des objectifs et des passes d\u00e9cisives la saison prochaine, je sauverai \u00e0 certains d&#39;entre vous une tranche de cette tarte. Esp\u00e9rons oui.<\/p>\n<p>D&#39;accord, je vais le laisser l\u00e0 pour ce matin. La finale de la Ligue des champions se d\u00e9roule plus tard, bien s\u00fbr, et aujourd&#39;hui je suis Andrea Manggane, Forza Inter!<\/p>\n<\/div>\n","protected":false},"excerpt":{"rendered":"<p>Matin tout. Arsenal News est en p\u00e9nurie ce matin. Il y a une mention tr\u00e8s fausse de Gabriel Martinelli dans l&#39;un des papiers espagnols, le<\/p>\n","protected":false},"author":1,"featured_media":24552,"comment_status":"closed","ping_status":"","sticky":false,"template":"","format":"standard","meta":{"footnotes":""},"categories":[3],"tags":[894,1458],"yoast_head":"<!-- This site is optimized with the Yoast SEO plugin v21.0 - https:\/\/yoast.com\/wordpress\/plugins\/seo\/ -->\n<title>Plus \u00e0 venir de Martinelli?<\/title>\n<meta name=\"robots\" content=\"index, follow, max-snippet:-1, max-image-preview:large, max-video-preview:-1\" \/>\n<link rel=\"canonical\" href=\"https:\/\/footdavant.fr\/actualites\/plus-a-venir-de-martinelli\/\" \/>\n<meta property=\"og:locale\" content=\"fr_FR\" \/>\n<meta property=\"og:type\" content=\"article\" \/>\n<meta property=\"og:title\" content=\"Plus \u00e0 venir de Martinelli?\" \/>\n<meta property=\"og:description\" content=\"Matin tout. Arsenal News est en p\u00e9nurie ce matin. Il y a une mention tr\u00e8s fausse de Gabriel Martinelli dans l&#039;un des papiers espagnols, le\" \/>\n<meta property=\"og:url\" content=\"https:\/\/footdavant.fr\/actualites\/plus-a-venir-de-martinelli\/\" \/>\n<meta property=\"og:site_name\" content=\"Foot d&#039;avant\" \/>\n<meta property=\"article:publisher\" content=\"https:\/\/www.facebook.com\/Footdavant\/\" \/>\n<meta property=\"article:published_time\" content=\"2025-05-31T19:48:09+00:00\" \/>\n<meta property=\"article:modified_time\" content=\"2025-05-31T19:48:11+00:00\" \/>\n<meta property=\"og:image\" content=\"https:\/\/footdavant.fr\/actualites\/wp-content\/uploads\/2025\/05\/1748720890_Plus-a-venir-de-Martinelli.jpg\" \/>\n\t<meta property=\"og:image:width\" content=\"1500\" \/>\n\t<meta property=\"og:image:height\" content=\"750\" \/>\n\t<meta property=\"og:image:type\" content=\"image\/jpeg\" \/>\n<meta name=\"author\" content=\"Cl\u00e9ment\" \/>\n<meta name=\"twitter:card\" content=\"summary_large_image\" \/>\n<meta name=\"twitter:creator\" content=\"@FootdavantFr\" \/>\n<meta name=\"twitter:site\" content=\"@FootdavantFr\" \/>\n<meta name=\"twitter:label1\" content=\"\u00c9crit par\" \/>\n\t<meta name=\"twitter:data1\" content=\"Cl\u00e9ment\" \/>\n\t<meta name=\"twitter:label2\" content=\"Dur\u00e9e de lecture estim\u00e9e\" \/>\n\t<meta name=\"twitter:data2\" content=\"5 minutes\" \/>\n<script type=\"application\/ld+json\" class=\"yoast-schema-graph\">{\"@context\":\"https:\/\/schema.org\",\"@graph\":[{\"@type\":\"Article\",\"@id\":\"https:\/\/footdavant.fr\/actualites\/plus-a-venir-de-martinelli\/#article\",\"isPartOf\":{\"@id\":\"https:\/\/footdavant.fr\/actualites\/plus-a-venir-de-martinelli\/\"},\"author\":{\"name\":\"Cl\u00e9ment\",\"@id\":\"https:\/\/footdavant.fr\/actualites\/#\/schema\/person\/bc222566d95871b37e597b3ed3ba5e1d\"},\"headline\":\"Plus \u00e0 venir de Martinelli?\",\"datePublished\":\"2025-05-31T19:48:09+00:00\",\"dateModified\":\"2025-05-31T19:48:11+00:00\",\"mainEntityOfPage\":{\"@id\":\"https:\/\/footdavant.fr\/actualites\/plus-a-venir-de-martinelli\/\"},\"wordCount\":997,\"publisher\":{\"@id\":\"https:\/\/footdavant.fr\/actualites\/#organization\"},\"keywords\":[\"Martinelli\",\"venir\"],\"articleSection\":[\"Football\"],\"inLanguage\":\"fr-FR\"},{\"@type\":\"WebPage\",\"@id\":\"https:\/\/footdavant.fr\/actualites\/plus-a-venir-de-martinelli\/\",\"url\":\"https:\/\/footdavant.fr\/actualites\/plus-a-venir-de-martinelli\/\",\"name\":\"Plus \u00e0 venir de Martinelli?\",\"isPartOf\":{\"@id\":\"https:\/\/footdavant.fr\/actualites\/#website\"},\"datePublished\":\"2025-05-31T19:48:09+00:00\",\"dateModified\":\"2025-05-31T19:48:11+00:00\",\"breadcrumb\":{\"@id\":\"https:\/\/footdavant.fr\/actualites\/plus-a-venir-de-martinelli\/#breadcrumb\"},\"inLanguage\":\"fr-FR\",\"potentialAction\":[{\"@type\":\"ReadAction\",\"target\":[\"https:\/\/footdavant.fr\/actualites\/plus-a-venir-de-martinelli\/\"]}]},{\"@type\":\"BreadcrumbList\",\"@id\":\"https:\/\/footdavant.fr\/actualites\/plus-a-venir-de-martinelli\/#breadcrumb\",\"itemListElement\":[{\"@type\":\"ListItem\",\"position\":1,\"name\":\"Accueil\",\"item\":\"https:\/\/footdavant.fr\/actualites\/\"},{\"@type\":\"ListItem\",\"position\":2,\"name\":\"Plus \u00e0 venir de Martinelli?\"}]},{\"@type\":\"WebSite\",\"@id\":\"https:\/\/footdavant.fr\/actualites\/#website\",\"url\":\"https:\/\/footdavant.fr\/actualites\/\",\"name\":\"Foot d'avant\",\"description\":\"\",\"publisher\":{\"@id\":\"https:\/\/footdavant.fr\/actualites\/#organization\"},\"potentialAction\":[{\"@type\":\"SearchAction\",\"target\":{\"@type\":\"EntryPoint\",\"urlTemplate\":\"https:\/\/footdavant.fr\/actualites\/?s={search_term_string}\"},\"query-input\":\"required name=search_term_string\"}],\"inLanguage\":\"fr-FR\"},{\"@type\":\"Organization\",\"@id\":\"https:\/\/footdavant.fr\/actualites\/#organization\",\"name\":\"Foot d'avant\",\"url\":\"https:\/\/footdavant.fr\/actualites\/\",\"logo\":{\"@type\":\"ImageObject\",\"inLanguage\":\"fr-FR\",\"@id\":\"https:\/\/footdavant.fr\/actualites\/#\/schema\/logo\/image\/\",\"url\":\"https:\/\/footdavant.fr\/actualites\/wp-content\/uploads\/2023\/09\/Copy-of-FootDavant-Logo.png\",\"contentUrl\":\"https:\/\/footdavant.fr\/actualites\/wp-content\/uploads\/2023\/09\/Copy-of-FootDavant-Logo.png\",\"width\":936,\"height\":549,\"caption\":\"Foot d'avant\"},\"image\":{\"@id\":\"https:\/\/footdavant.fr\/actualites\/#\/schema\/logo\/image\/\"},\"sameAs\":[\"https:\/\/www.facebook.com\/Footdavant\/\",\"https:\/\/twitter.com\/FootdavantFr\",\"https:\/\/www.instagram.com\/footdavant.fr\/\"]},{\"@type\":\"Person\",\"@id\":\"https:\/\/footdavant.fr\/actualites\/#\/schema\/person\/bc222566d95871b37e597b3ed3ba5e1d\",\"name\":\"Cl\u00e9ment\",\"image\":{\"@type\":\"ImageObject\",\"inLanguage\":\"fr-FR\",\"@id\":\"https:\/\/footdavant.fr\/actualites\/#\/schema\/person\/image\/\",\"url\":\"https:\/\/secure.gravatar.com\/avatar\/7728b29aac2719421e1a9159b2254c44?s=96&d=mm&r=g\",\"contentUrl\":\"https:\/\/secure.gravatar.com\/avatar\/7728b29aac2719421e1a9159b2254c44?s=96&d=mm&r=g\",\"caption\":\"Cl\u00e9ment\"},\"sameAs\":[\"https:\/\/footdavant.fr\/\"]}]}<\/script>\n<!-- \/ Yoast SEO plugin. -->","yoast_head_json":{"title":"Plus \u00e0 venir de Martinelli?","robots":{"index":"index","follow":"follow","max-snippet":"max-snippet:-1","max-image-preview":"max-image-preview:large","max-video-preview":"max-video-preview:-1"},"canonical":"https:\/\/footdavant.fr\/actualites\/plus-a-venir-de-martinelli\/","og_locale":"fr_FR","og_type":"article","og_title":"Plus \u00e0 venir de Martinelli?","og_description":"Matin tout. Arsenal News est en p\u00e9nurie ce matin. Il y a une mention tr\u00e8s fausse de Gabriel Martinelli dans l&#39;un des papiers espagnols, le","og_url":"https:\/\/footdavant.fr\/actualites\/plus-a-venir-de-martinelli\/","og_site_name":"Foot d&#039;avant","article_publisher":"https:\/\/www.facebook.com\/Footdavant\/","article_published_time":"2025-05-31T19:48:09+00:00","article_modified_time":"2025-05-31T19:48:11+00:00","og_image":[{"width":1500,"height":750,"url":"https:\/\/footdavant.fr\/actualites\/wp-content\/uploads\/2025\/05\/1748720890_Plus-a-venir-de-Martinelli.jpg","type":"image\/jpeg"}],"author":"Cl\u00e9ment","twitter_card":"summary_large_image","twitter_creator":"@FootdavantFr","twitter_site":"@FootdavantFr","twitter_misc":{"\u00c9crit par":"Cl\u00e9ment","Dur\u00e9e de lecture estim\u00e9e":"5 minutes"},"schema":{"@context":"https:\/\/schema.org","@graph":[{"@type":"Article","@id":"https:\/\/footdavant.fr\/actualites\/plus-a-venir-de-martinelli\/#article","isPartOf":{"@id":"https:\/\/footdavant.fr\/actualites\/plus-a-venir-de-martinelli\/"},"author":{"name":"Cl\u00e9ment","@id":"https:\/\/footdavant.fr\/actualites\/#\/schema\/person\/bc222566d95871b37e597b3ed3ba5e1d"},"headline":"Plus \u00e0 venir de Martinelli?","datePublished":"2025-05-31T19:48:09+00:00","dateModified":"2025-05-31T19:48:11+00:00","mainEntityOfPage":{"@id":"https:\/\/footdavant.fr\/actualites\/plus-a-venir-de-martinelli\/"},"wordCount":997,"publisher":{"@id":"https:\/\/footdavant.fr\/actualites\/#organization"},"keywords":["Martinelli","venir"],"articleSection":["Football"],"inLanguage":"fr-FR"},{"@type":"WebPage","@id":"https:\/\/footdavant.fr\/actualites\/plus-a-venir-de-martinelli\/","url":"https:\/\/footdavant.fr\/actualites\/plus-a-venir-de-martinelli\/","name":"Plus \u00e0 venir de Martinelli?","isPartOf":{"@id":"https:\/\/footdavant.fr\/actualites\/#website"},"datePublished":"2025-05-31T19:48:09+00:00","dateModified":"2025-05-31T19:48:11+00:00","breadcrumb":{"@id":"https:\/\/footdavant.fr\/actualites\/plus-a-venir-de-martinelli\/#breadcrumb"},"inLanguage":"fr-FR","potentialAction":[{"@type":"ReadAction","target":["https:\/\/footdavant.fr\/actualites\/plus-a-venir-de-martinelli\/"]}]},{"@type":"BreadcrumbList","@id":"https:\/\/footdavant.fr\/actualites\/plus-a-venir-de-martinelli\/#breadcrumb","itemListElement":[{"@type":"ListItem","position":1,"name":"Accueil","item":"https:\/\/footdavant.fr\/actualites\/"},{"@type":"ListItem","position":2,"name":"Plus \u00e0 venir de Martinelli?"}]},{"@type":"WebSite","@id":"https:\/\/footdavant.fr\/actualites\/#website","url":"https:\/\/footdavant.fr\/actualites\/","name":"Foot d'avant","description":"","publisher":{"@id":"https:\/\/footdavant.fr\/actualites\/#organization"},"potentialAction":[{"@type":"SearchAction","target":{"@type":"EntryPoint","urlTemplate":"https:\/\/footdavant.fr\/actualites\/?s={search_term_string}"},"query-input":"required name=search_term_string"}],"inLanguage":"fr-FR"},{"@type":"Organization","@id":"https:\/\/footdavant.fr\/actualites\/#organization","name":"Foot d'avant","url":"https:\/\/footdavant.fr\/actualites\/","logo":{"@type":"ImageObject","inLanguage":"fr-FR","@id":"https:\/\/footdavant.fr\/actualites\/#\/schema\/logo\/image\/","url":"https:\/\/footdavant.fr\/actualites\/wp-content\/uploads\/2023\/09\/Copy-of-FootDavant-Logo.png","contentUrl":"https:\/\/footdavant.fr\/actualites\/wp-content\/uploads\/2023\/09\/Copy-of-FootDavant-Logo.png","width":936,"height":549,"caption":"Foot d'avant"},"image":{"@id":"https:\/\/footdavant.fr\/actualites\/#\/schema\/logo\/image\/"},"sameAs":["https:\/\/www.facebook.com\/Footdavant\/","https:\/\/twitter.com\/FootdavantFr","https:\/\/www.instagram.com\/footdavant.fr\/"]},{"@type":"Person","@id":"https:\/\/footdavant.fr\/actualites\/#\/schema\/person\/bc222566d95871b37e597b3ed3ba5e1d","name":"Cl\u00e9ment","image":{"@type":"ImageObject","inLanguage":"fr-FR","@id":"https:\/\/footdavant.fr\/actualites\/#\/schema\/person\/image\/","url":"https:\/\/secure.gravatar.com\/avatar\/7728b29aac2719421e1a9159b2254c44?s=96&d=mm&r=g","contentUrl":"https:\/\/secure.gravatar.com\/avatar\/7728b29aac2719421e1a9159b2254c44?s=96&d=mm&r=g","caption":"Cl\u00e9ment"},"sameAs":["https:\/\/footdavant.fr\/"]}]}},"_links":{"self":[{"href":"https:\/\/footdavant.fr\/actualites\/wp-json\/wp\/v2\/posts\/24551"}],"collection":[{"href":"https:\/\/footdavant.fr\/actualites\/wp-json\/wp\/v2\/posts"}],"about":[{"href":"https:\/\/footdavant.fr\/actualites\/wp-json\/wp\/v2\/types\/post"}],"author":[{"embeddable":true,"href":"https:\/\/footdavant.fr\/actualites\/wp-json\/wp\/v2\/users\/1"}],"replies":[{"embeddable":true,"href":"https:\/\/footdavant.fr\/actualites\/wp-json\/wp\/v2\/comments?post=24551"}],"version-history":[{"count":1,"href":"https:\/\/footdavant.fr\/actualites\/wp-json\/wp\/v2\/posts\/24551\/revisions"}],"predecessor-version":[{"id":24553,"href":"https:\/\/footdavant.fr\/actualites\/wp-json\/wp\/v2\/posts\/24551\/revisions\/24553"}],"wp:featuredmedia":[{"embeddable":true,"href":"https:\/\/footdavant.fr\/actualites\/wp-json\/wp\/v2\/media\/24552"}],"wp:attachment":[{"href":"https:\/\/footdavant.fr\/actualites\/wp-json\/wp\/v2\/media?parent=24551"}],"wp:term":[{"taxonomy":"category","embeddable":true,"href":"https:\/\/footdavant.fr\/actualites\/wp-json\/wp\/v2\/categories?post=24551"},{"taxonomy":"post_tag","embeddable":true,"href":"https:\/\/footdavant.fr\/actualites\/wp-json\/wp\/v2\/tags?post=24551"}],"curies":[{"name":"wp","href":"https:\/\/api.w.org\/{rel}","templated":true}]}}