{"id":24557,"date":"2025-06-01T01:48:18","date_gmt":"2025-05-31T23:48:18","guid":{"rendered":"https:\/\/footdavant.fr\/actualites\/bayer-leverkusen-rejette-la-deuxieme-offre-de-liverpool-pour-florian-wirtz\/"},"modified":"2025-06-01T01:48:22","modified_gmt":"2025-05-31T23:48:22","slug":"bayer-leverkusen-rejette-la-deuxieme-offre-de-liverpool-pour-florian-wirtz","status":"publish","type":"post","link":"https:\/\/footdavant.fr\/actualites\/bayer-leverkusen-rejette-la-deuxieme-offre-de-liverpool-pour-florian-wirtz\/","title":{"rendered":"Bayer Leverkusen rejette la deuxi\u00e8me offre de Liverpool pour Florian Wirtz"},"content":{"rendered":"<div id=\"article-body\">\n<!-- Article Start --><\/p>\n<p>Liverpool n&#39;a pas eu \u00e0 attendre longtemps pour une r\u00e9ponse de Bayer Leverkusen \u00e0 leur derni\u00e8re offre pour Florian Wirtz.<\/p>\n<p>Vendredi, l&#39;athl\u00e9tisme a rapport\u00e9 que les Reds avaient soumis une \u00abdeuxi\u00e8me offre am\u00e9lior\u00e9e\u00bb aux finalistes de Bundesliga d&#39;une valeur de 109 millions de livres sterling, \u00abun montant haut de gamme\u00bb comprenant des frais garantis et des modules compl\u00e9mentaires potentiels.<\/p>\n<p>Christian Falk a r\u00e9v\u00e9l\u00e9 que le joueur de 22 ans pr\u00e9f\u00e9rerait un d\u00e9m\u00e9nagement \u00e0 Anfield au Bayern Munich en raison de l&#39;emplacement d&#39;Arne le convaincre qu&#39;il aurait \u00ab\u00a0 la propri\u00e9t\u00e9 du r\u00f4le num\u00e9ro 10 &#39;&#39; avec les champions de Premier League, ce qu&#39;il ne pourrait pas garantir \u00e0 l&#39;Allianz Arena en raison de la pr\u00e9sence de Jamal Musiala.<\/p>\n<h2>Leverkusen rejeter la derni\u00e8re offre de Liverpool pour Wirtz<\/h2>\n<p>Vendredi soir, comme rapport\u00e9 par Paul Joyce pour The Times, Liverpool a re\u00e7u une r\u00e9ponse rapide de Leverkusen concernant leur derni\u00e8re tentative de signaler Wirtz.<\/p>\n<p>L&#39;offre de 109 millions de livres sterling n&#39;a pas \u00e9t\u00e9 accept\u00e9e par la tenue de Bundesliga, bien que le journaliste ait insist\u00e9 sur le fait que l&#39;importance de l&#39;offre \u00abne devrait pas \u00eatre sous-estim\u00e9e\u00bb.<\/p>\n<p>Il y a aussi une note d&#39;espoir pour les fans des Reds, qui sont inform\u00e9s que \u00abil n&#39;y a aucun sens qu&#39;un accord ne soit pas atteint au cours des prochains jours\u00bb.<\/p>\n<figure id=\"attachment_273791\" aria-describedby=\"caption-attachment-273791\" style=\"width: 761px\" class=\"wp-caption alignnone\"><picture><source type=\"image\/webp\" data- data-><\/source><\/picture><\/figure>\n<h2>Liverpool pourrait finir par d\u00e9penser environ 125 millions de livres sterling pour signer Wirtz<\/h2>\n<p>Des rapports fiables avaient indiqu\u00e9 que Leverkusen fixait un prix demand\u00e9 de 150 millions d&#39;euros (126,5 millions de livres sterling) pour Wirtz, donc Liverpool aurait \u00e9t\u00e9 au courant d\u00e8s le d\u00e9part qu&#39;ils auraient probablement besoin de p\u00e9n\u00e9trer le territoire inhabituel d&#39;une signature de 100 millions de livres sterling s&#39;ils devraient s\u00e9curiser la signature de l&#39;Allemand.<\/p>\n<p>Le FSG n&#39;a jamais \u00e9t\u00e9 susceptible de plonger dans la t\u00eate la premi\u00e8re avec une offre pour correspondre au prix rapport\u00e9 du Bundesliga Club, \u00e0 la place en bas pour tester les eaux avec la hi\u00e9rarchie de Bayarena et peut-\u00eatre voir combien de compromis ils pourraient parvenir.<\/p>\n<p>Il semble que, si l&#39;accord est conclu, les frais \u00e9ventuels arrivent \u00e0 environ 125 millions de livres sterling que Die Werkself \u00e9tait exigeant. D\u00e9penser autant sur un joueur repr\u00e9senterait une d\u00e9monstration extraordinaire de foi de la part de LFC, mais la valeur de leur derni\u00e8re offre montre clairement \u00e0 quelle hauteur ils sont pr\u00eats \u00e0 aller pour l&#39;atterrir.<\/p>\n<p>Avec Wirtz lui-m\u00eame d\u00e9sireux de rejoindre Liverpool, une troisi\u00e8me offre am\u00e9lior\u00e9e pourrait \u00eatre suffisante pour obtenir le feu vert de Leverkusen, qui reconna\u00eetra qu&#39;il pourrait \u00eatre presque impossible pour eux de garder le joueur pour la saison prochaine.<\/p>\n<p>Les frais qu&#39;ils finiront parcourir de la vente de 22 ans (en plus des 30 millions de livres sterling qu&#39;ils recevront pour Jeremie Frimpong) pourrait financer une aubaine de transfert pour Erik Ten Hag cet \u00e9t\u00e9, et cela a l&#39;int\u00e9gration d&#39;une transaction qui satisfera finalement \u00e0 toutes les f\u00eates, en supposant qu&#39;il n&#39;y a pas de courbe d\u00e9sinvolte dans le m\u00e9lange.<\/p>\n<p><!-- Article End -->\t\t\t\t<\/div>\n","protected":false},"excerpt":{"rendered":"<p>Liverpool n&#39;a pas eu \u00e0 attendre longtemps pour une r\u00e9ponse de Bayer Leverkusen \u00e0 leur derni\u00e8re offre pour Florian Wirtz. Vendredi, l&#39;athl\u00e9tisme a rapport\u00e9 que<\/p>\n","protected":false},"author":1,"featured_media":24558,"comment_status":"closed","ping_status":"","sticky":false,"template":"","format":"standard","meta":{"footnotes":""},"categories":[3],"tags":[981,1801,718,982,53,352,51,1687,719],"yoast_head":"<!-- This site is optimized with the Yoast SEO plugin v21.0 - https:\/\/yoast.com\/wordpress\/plugins\/seo\/ -->\n<title>Bayer Leverkusen rejette la deuxi\u00e8me offre de Liverpool pour Florian Wirtz<\/title>\n<meta name=\"robots\" content=\"index, follow, max-snippet:-1, max-image-preview:large, max-video-preview:-1\" \/>\n<link rel=\"canonical\" href=\"https:\/\/footdavant.fr\/actualites\/bayer-leverkusen-rejette-la-deuxieme-offre-de-liverpool-pour-florian-wirtz\/\" \/>\n<meta property=\"og:locale\" content=\"fr_FR\" \/>\n<meta property=\"og:type\" content=\"article\" \/>\n<meta property=\"og:title\" content=\"Bayer Leverkusen rejette la deuxi\u00e8me offre de Liverpool pour Florian Wirtz\" \/>\n<meta property=\"og:description\" content=\"Liverpool n&#039;a pas eu \u00e0 attendre longtemps pour une r\u00e9ponse de Bayer Leverkusen \u00e0 leur derni\u00e8re offre pour Florian Wirtz. Vendredi, l&#039;athl\u00e9tisme a rapport\u00e9 que\" \/>\n<meta property=\"og:url\" content=\"https:\/\/footdavant.fr\/actualites\/bayer-leverkusen-rejette-la-deuxieme-offre-de-liverpool-pour-florian-wirtz\/\" \/>\n<meta property=\"og:site_name\" content=\"Foot d&#039;avant\" \/>\n<meta property=\"article:publisher\" content=\"https:\/\/www.facebook.com\/Footdavant\/\" \/>\n<meta property=\"article:published_time\" content=\"2025-05-31T23:48:18+00:00\" \/>\n<meta property=\"article:modified_time\" content=\"2025-05-31T23:48:22+00:00\" \/>\n<meta property=\"og:image\" content=\"https:\/\/footdavant.fr\/actualites\/wp-content\/uploads\/2025\/06\/1748735300_Bayer-Leverkusen-rejette-la-deuxieme-offre-de-Liverpool-pour-Florian.jpg\" \/>\n\t<meta property=\"og:image:width\" content=\"1244\" \/>\n\t<meta property=\"og:image:height\" content=\"828\" \/>\n\t<meta property=\"og:image:type\" content=\"image\/jpeg\" \/>\n<meta name=\"author\" content=\"Cl\u00e9ment\" \/>\n<meta name=\"twitter:card\" content=\"summary_large_image\" \/>\n<meta name=\"twitter:creator\" content=\"@FootdavantFr\" \/>\n<meta name=\"twitter:site\" content=\"@FootdavantFr\" \/>\n<meta name=\"twitter:label1\" content=\"\u00c9crit par\" \/>\n\t<meta name=\"twitter:data1\" content=\"Cl\u00e9ment\" \/>\n\t<meta name=\"twitter:label2\" content=\"Dur\u00e9e de lecture estim\u00e9e\" \/>\n\t<meta name=\"twitter:data2\" content=\"3 minutes\" \/>\n<script type=\"application\/ld+json\" class=\"yoast-schema-graph\">{\"@context\":\"https:\/\/schema.org\",\"@graph\":[{\"@type\":\"Article\",\"@id\":\"https:\/\/footdavant.fr\/actualites\/bayer-leverkusen-rejette-la-deuxieme-offre-de-liverpool-pour-florian-wirtz\/#article\",\"isPartOf\":{\"@id\":\"https:\/\/footdavant.fr\/actualites\/bayer-leverkusen-rejette-la-deuxieme-offre-de-liverpool-pour-florian-wirtz\/\"},\"author\":{\"name\":\"Cl\u00e9ment\",\"@id\":\"https:\/\/footdavant.fr\/actualites\/#\/schema\/person\/bc222566d95871b37e597b3ed3ba5e1d\"},\"headline\":\"Bayer Leverkusen rejette la deuxi\u00e8me offre de Liverpool pour Florian Wirtz\",\"datePublished\":\"2025-05-31T23:48:18+00:00\",\"dateModified\":\"2025-05-31T23:48:22+00:00\",\"mainEntityOfPage\":{\"@id\":\"https:\/\/footdavant.fr\/actualites\/bayer-leverkusen-rejette-la-deuxieme-offre-de-liverpool-pour-florian-wirtz\/\"},\"wordCount\":559,\"publisher\":{\"@id\":\"https:\/\/footdavant.fr\/actualites\/#organization\"},\"keywords\":[\"Bayer\",\"deuxi\u00e8me\",\"Florian\",\"Leverkusen\",\"Liverpool\",\"offre\",\"pour\",\"rejette\",\"Wirtz\"],\"articleSection\":[\"Football\"],\"inLanguage\":\"fr-FR\"},{\"@type\":\"WebPage\",\"@id\":\"https:\/\/footdavant.fr\/actualites\/bayer-leverkusen-rejette-la-deuxieme-offre-de-liverpool-pour-florian-wirtz\/\",\"url\":\"https:\/\/footdavant.fr\/actualites\/bayer-leverkusen-rejette-la-deuxieme-offre-de-liverpool-pour-florian-wirtz\/\",\"name\":\"Bayer Leverkusen rejette la deuxi\u00e8me offre de Liverpool pour Florian Wirtz\",\"isPartOf\":{\"@id\":\"https:\/\/footdavant.fr\/actualites\/#website\"},\"datePublished\":\"2025-05-31T23:48:18+00:00\",\"dateModified\":\"2025-05-31T23:48:22+00:00\",\"breadcrumb\":{\"@id\":\"https:\/\/footdavant.fr\/actualites\/bayer-leverkusen-rejette-la-deuxieme-offre-de-liverpool-pour-florian-wirtz\/#breadcrumb\"},\"inLanguage\":\"fr-FR\",\"potentialAction\":[{\"@type\":\"ReadAction\",\"target\":[\"https:\/\/footdavant.fr\/actualites\/bayer-leverkusen-rejette-la-deuxieme-offre-de-liverpool-pour-florian-wirtz\/\"]}]},{\"@type\":\"BreadcrumbList\",\"@id\":\"https:\/\/footdavant.fr\/actualites\/bayer-leverkusen-rejette-la-deuxieme-offre-de-liverpool-pour-florian-wirtz\/#breadcrumb\",\"itemListElement\":[{\"@type\":\"ListItem\",\"position\":1,\"name\":\"Accueil\",\"item\":\"https:\/\/footdavant.fr\/actualites\/\"},{\"@type\":\"ListItem\",\"position\":2,\"name\":\"Bayer Leverkusen rejette la deuxi\u00e8me offre de Liverpool pour Florian Wirtz\"}]},{\"@type\":\"WebSite\",\"@id\":\"https:\/\/footdavant.fr\/actualites\/#website\",\"url\":\"https:\/\/footdavant.fr\/actualites\/\",\"name\":\"Foot d'avant\",\"description\":\"\",\"publisher\":{\"@id\":\"https:\/\/footdavant.fr\/actualites\/#organization\"},\"potentialAction\":[{\"@type\":\"SearchAction\",\"target\":{\"@type\":\"EntryPoint\",\"urlTemplate\":\"https:\/\/footdavant.fr\/actualites\/?s={search_term_string}\"},\"query-input\":\"required name=search_term_string\"}],\"inLanguage\":\"fr-FR\"},{\"@type\":\"Organization\",\"@id\":\"https:\/\/footdavant.fr\/actualites\/#organization\",\"name\":\"Foot d'avant\",\"url\":\"https:\/\/footdavant.fr\/actualites\/\",\"logo\":{\"@type\":\"ImageObject\",\"inLanguage\":\"fr-FR\",\"@id\":\"https:\/\/footdavant.fr\/actualites\/#\/schema\/logo\/image\/\",\"url\":\"https:\/\/footdavant.fr\/actualites\/wp-content\/uploads\/2023\/09\/Copy-of-FootDavant-Logo.png\",\"contentUrl\":\"https:\/\/footdavant.fr\/actualites\/wp-content\/uploads\/2023\/09\/Copy-of-FootDavant-Logo.png\",\"width\":936,\"height\":549,\"caption\":\"Foot d'avant\"},\"image\":{\"@id\":\"https:\/\/footdavant.fr\/actualites\/#\/schema\/logo\/image\/\"},\"sameAs\":[\"https:\/\/www.facebook.com\/Footdavant\/\",\"https:\/\/twitter.com\/FootdavantFr\",\"https:\/\/www.instagram.com\/footdavant.fr\/\"]},{\"@type\":\"Person\",\"@id\":\"https:\/\/footdavant.fr\/actualites\/#\/schema\/person\/bc222566d95871b37e597b3ed3ba5e1d\",\"name\":\"Cl\u00e9ment\",\"image\":{\"@type\":\"ImageObject\",\"inLanguage\":\"fr-FR\",\"@id\":\"https:\/\/footdavant.fr\/actualites\/#\/schema\/person\/image\/\",\"url\":\"https:\/\/secure.gravatar.com\/avatar\/7728b29aac2719421e1a9159b2254c44?s=96&d=mm&r=g\",\"contentUrl\":\"https:\/\/secure.gravatar.com\/avatar\/7728b29aac2719421e1a9159b2254c44?s=96&d=mm&r=g\",\"caption\":\"Cl\u00e9ment\"},\"sameAs\":[\"https:\/\/footdavant.fr\/\"]}]}<\/script>\n<!-- \/ Yoast SEO plugin. -->","yoast_head_json":{"title":"Bayer Leverkusen rejette la deuxi\u00e8me offre de Liverpool pour Florian Wirtz","robots":{"index":"index","follow":"follow","max-snippet":"max-snippet:-1","max-image-preview":"max-image-preview:large","max-video-preview":"max-video-preview:-1"},"canonical":"https:\/\/footdavant.fr\/actualites\/bayer-leverkusen-rejette-la-deuxieme-offre-de-liverpool-pour-florian-wirtz\/","og_locale":"fr_FR","og_type":"article","og_title":"Bayer Leverkusen rejette la deuxi\u00e8me offre de Liverpool pour Florian Wirtz","og_description":"Liverpool n&#39;a pas eu \u00e0 attendre longtemps pour une r\u00e9ponse de Bayer Leverkusen \u00e0 leur derni\u00e8re offre pour Florian Wirtz. Vendredi, l&#39;athl\u00e9tisme a rapport\u00e9 que","og_url":"https:\/\/footdavant.fr\/actualites\/bayer-leverkusen-rejette-la-deuxieme-offre-de-liverpool-pour-florian-wirtz\/","og_site_name":"Foot d&#039;avant","article_publisher":"https:\/\/www.facebook.com\/Footdavant\/","article_published_time":"2025-05-31T23:48:18+00:00","article_modified_time":"2025-05-31T23:48:22+00:00","og_image":[{"width":1244,"height":828,"url":"https:\/\/footdavant.fr\/actualites\/wp-content\/uploads\/2025\/06\/1748735300_Bayer-Leverkusen-rejette-la-deuxieme-offre-de-Liverpool-pour-Florian.jpg","type":"image\/jpeg"}],"author":"Cl\u00e9ment","twitter_card":"summary_large_image","twitter_creator":"@FootdavantFr","twitter_site":"@FootdavantFr","twitter_misc":{"\u00c9crit par":"Cl\u00e9ment","Dur\u00e9e de lecture estim\u00e9e":"3 minutes"},"schema":{"@context":"https:\/\/schema.org","@graph":[{"@type":"Article","@id":"https:\/\/footdavant.fr\/actualites\/bayer-leverkusen-rejette-la-deuxieme-offre-de-liverpool-pour-florian-wirtz\/#article","isPartOf":{"@id":"https:\/\/footdavant.fr\/actualites\/bayer-leverkusen-rejette-la-deuxieme-offre-de-liverpool-pour-florian-wirtz\/"},"author":{"name":"Cl\u00e9ment","@id":"https:\/\/footdavant.fr\/actualites\/#\/schema\/person\/bc222566d95871b37e597b3ed3ba5e1d"},"headline":"Bayer Leverkusen rejette la deuxi\u00e8me offre de Liverpool pour Florian Wirtz","datePublished":"2025-05-31T23:48:18+00:00","dateModified":"2025-05-31T23:48:22+00:00","mainEntityOfPage":{"@id":"https:\/\/footdavant.fr\/actualites\/bayer-leverkusen-rejette-la-deuxieme-offre-de-liverpool-pour-florian-wirtz\/"},"wordCount":559,"publisher":{"@id":"https:\/\/footdavant.fr\/actualites\/#organization"},"keywords":["Bayer","deuxi\u00e8me","Florian","Leverkusen","Liverpool","offre","pour","rejette","Wirtz"],"articleSection":["Football"],"inLanguage":"fr-FR"},{"@type":"WebPage","@id":"https:\/\/footdavant.fr\/actualites\/bayer-leverkusen-rejette-la-deuxieme-offre-de-liverpool-pour-florian-wirtz\/","url":"https:\/\/footdavant.fr\/actualites\/bayer-leverkusen-rejette-la-deuxieme-offre-de-liverpool-pour-florian-wirtz\/","name":"Bayer Leverkusen rejette la deuxi\u00e8me offre de Liverpool pour Florian Wirtz","isPartOf":{"@id":"https:\/\/footdavant.fr\/actualites\/#website"},"datePublished":"2025-05-31T23:48:18+00:00","dateModified":"2025-05-31T23:48:22+00:00","breadcrumb":{"@id":"https:\/\/footdavant.fr\/actualites\/bayer-leverkusen-rejette-la-deuxieme-offre-de-liverpool-pour-florian-wirtz\/#breadcrumb"},"inLanguage":"fr-FR","potentialAction":[{"@type":"ReadAction","target":["https:\/\/footdavant.fr\/actualites\/bayer-leverkusen-rejette-la-deuxieme-offre-de-liverpool-pour-florian-wirtz\/"]}]},{"@type":"BreadcrumbList","@id":"https:\/\/footdavant.fr\/actualites\/bayer-leverkusen-rejette-la-deuxieme-offre-de-liverpool-pour-florian-wirtz\/#breadcrumb","itemListElement":[{"@type":"ListItem","position":1,"name":"Accueil","item":"https:\/\/footdavant.fr\/actualites\/"},{"@type":"ListItem","position":2,"name":"Bayer Leverkusen rejette la deuxi\u00e8me offre de Liverpool pour Florian Wirtz"}]},{"@type":"WebSite","@id":"https:\/\/footdavant.fr\/actualites\/#website","url":"https:\/\/footdavant.fr\/actualites\/","name":"Foot d'avant","description":"","publisher":{"@id":"https:\/\/footdavant.fr\/actualites\/#organization"},"potentialAction":[{"@type":"SearchAction","target":{"@type":"EntryPoint","urlTemplate":"https:\/\/footdavant.fr\/actualites\/?s={search_term_string}"},"query-input":"required name=search_term_string"}],"inLanguage":"fr-FR"},{"@type":"Organization","@id":"https:\/\/footdavant.fr\/actualites\/#organization","name":"Foot d'avant","url":"https:\/\/footdavant.fr\/actualites\/","logo":{"@type":"ImageObject","inLanguage":"fr-FR","@id":"https:\/\/footdavant.fr\/actualites\/#\/schema\/logo\/image\/","url":"https:\/\/footdavant.fr\/actualites\/wp-content\/uploads\/2023\/09\/Copy-of-FootDavant-Logo.png","contentUrl":"https:\/\/footdavant.fr\/actualites\/wp-content\/uploads\/2023\/09\/Copy-of-FootDavant-Logo.png","width":936,"height":549,"caption":"Foot d'avant"},"image":{"@id":"https:\/\/footdavant.fr\/actualites\/#\/schema\/logo\/image\/"},"sameAs":["https:\/\/www.facebook.com\/Footdavant\/","https:\/\/twitter.com\/FootdavantFr","https:\/\/www.instagram.com\/footdavant.fr\/"]},{"@type":"Person","@id":"https:\/\/footdavant.fr\/actualites\/#\/schema\/person\/bc222566d95871b37e597b3ed3ba5e1d","name":"Cl\u00e9ment","image":{"@type":"ImageObject","inLanguage":"fr-FR","@id":"https:\/\/footdavant.fr\/actualites\/#\/schema\/person\/image\/","url":"https:\/\/secure.gravatar.com\/avatar\/7728b29aac2719421e1a9159b2254c44?s=96&d=mm&r=g","contentUrl":"https:\/\/secure.gravatar.com\/avatar\/7728b29aac2719421e1a9159b2254c44?s=96&d=mm&r=g","caption":"Cl\u00e9ment"},"sameAs":["https:\/\/footdavant.fr\/"]}]}},"_links":{"self":[{"href":"https:\/\/footdavant.fr\/actualites\/wp-json\/wp\/v2\/posts\/24557"}],"collection":[{"href":"https:\/\/footdavant.fr\/actualites\/wp-json\/wp\/v2\/posts"}],"about":[{"href":"https:\/\/footdavant.fr\/actualites\/wp-json\/wp\/v2\/types\/post"}],"author":[{"embeddable":true,"href":"https:\/\/footdavant.fr\/actualites\/wp-json\/wp\/v2\/users\/1"}],"replies":[{"embeddable":true,"href":"https:\/\/footdavant.fr\/actualites\/wp-json\/wp\/v2\/comments?post=24557"}],"version-history":[{"count":1,"href":"https:\/\/footdavant.fr\/actualites\/wp-json\/wp\/v2\/posts\/24557\/revisions"}],"predecessor-version":[{"id":24559,"href":"https:\/\/footdavant.fr\/actualites\/wp-json\/wp\/v2\/posts\/24557\/revisions\/24559"}],"wp:featuredmedia":[{"embeddable":true,"href":"https:\/\/footdavant.fr\/actualites\/wp-json\/wp\/v2\/media\/24558"}],"wp:attachment":[{"href":"https:\/\/footdavant.fr\/actualites\/wp-json\/wp\/v2\/media?parent=24557"}],"wp:term":[{"taxonomy":"category","embeddable":true,"href":"https:\/\/footdavant.fr\/actualites\/wp-json\/wp\/v2\/categories?post=24557"},{"taxonomy":"post_tag","embeddable":true,"href":"https:\/\/footdavant.fr\/actualites\/wp-json\/wp\/v2\/tags?post=24557"}],"curies":[{"name":"wp","href":"https:\/\/api.w.org\/{rel}","templated":true}]}}