{"id":24560,"date":"2025-06-01T02:48:31","date_gmt":"2025-06-01T00:48:31","guid":{"rendered":"https:\/\/footdavant.fr\/actualites\/psg-5-0-inter-un-triomphe-pour-le-talent-artistique-collectif-sur-la-capacite-individuelle-en-finale-de-la-ligue-des-champions\/"},"modified":"2025-06-01T02:48:33","modified_gmt":"2025-06-01T00:48:33","slug":"psg-5-0-inter-un-triomphe-pour-le-talent-artistique-collectif-sur-la-capacite-individuelle-en-finale-de-la-ligue-des-champions","status":"publish","type":"post","link":"https:\/\/footdavant.fr\/actualites\/psg-5-0-inter-un-triomphe-pour-le-talent-artistique-collectif-sur-la-capacite-individuelle-en-finale-de-la-ligue-des-champions\/","title":{"rendered":"PSG 5-0 Inter: Un triomphe pour le talent artistique collectif sur la capacit\u00e9 individuelle en finale de la Ligue des champions"},"content":{"rendered":"<p>La victoire \u00e9tonnante de la Ligue des champions de Paris Saint-Germain est un triomphe pour l&#39;art collectif d&#39;une unit\u00e9 coh\u00e9rente sur la capacit\u00e9 individuelle d&#39;un groupe de superstars.<\/p>\n<div id=\"article_body\" itemprop=\"articleBody\">\n<p class=\"firstPara\">C&#39;\u00e9tait <strong class=\"autotag\">Inter Milan<\/strong>Les hommes contre <strong class=\"autotag\">Paris Saint-Germain<\/strong>Les gar\u00e7ons sur papier. C&#39;\u00e9tait les hommes du PSG contre les gar\u00e7ons d&#39;Inter sur le terrain.<\/p>\n<p>M\u00eame une r\u00e9colte de Barcelone par ailleurs en toute conqu\u00eate ne pourrait surpasser le rus\u00e9 <strong class=\"autotag\">Francesco Acerbi<\/strong>, <strong class=\"autotag\">Henrikh Mkhitaryan<\/strong> et <strong class=\"autotag\">Yann Sommer<\/strong> dans le <strong class=\"autotag\">Ligue des champions<\/strong> demi-finales, o\u00f9 <strong class=\"autotag\">Simone Inzaghi<\/strong>Les hommes ont prouv\u00e9 que leur attaque peut \u00eatre aussi d\u00e9vastatrice que leur d\u00e9fense est diligente.<\/p>\n<p>Le chef du Nerazzurri a toujours \u00e9t\u00e9 annonc\u00e9 comme un tacticien astucieux; Capable de maximiser la production de son \u00e9quipe avec des ressources financi\u00e8res limit\u00e9es par rapport \u00e0 certains des superpuissances europ\u00e9ennes, gr\u00e2ce \u00e0 une unit\u00e9 coh\u00e9sive autrefois inflexible.<\/p>\n<p>Pourtant, tout s&#39;est tromp\u00e9 cataclysmiquement pour les g\u00e9ants italiens de Munich, au point o\u00f9 l&#39;Inter Milan a subi la plus grande d\u00e9faite de l&#39;histoire de la Coupe d&#39;Europe \/ Ligue des champions &#8211; une inexplicable <strong>Battre 5-0<\/strong>.<\/p>\n<p>De nombreux joueurs d&#39;Inter \u00e9taient l\u00e0 et l&#39;avaient d\u00e9j\u00e0 fait, apr\u00e8s avoir \u00e9t\u00e9 tu\u00e9 par Manchester City lors de la finale de l&#39;\u00e9dition 2022-23, tandis que de nombreuses cultures du PSG ont aper\u00e7u le troph\u00e9e de la Ligue des champions en personne pour la premi\u00e8re fois dans leur carri\u00e8re embryonnaire.<\/p>\n<p>L&#39;exp\u00e9rience et l&#39;\u00e2me importaient peu \u00e0 l&#39;Allianz Arena, cependant, alors que le PSG atteignit le summum de leur formidable transformation sous <strong class=\"autotag\">Luis Enrique<\/strong>qui a fait des nouveaux champions d&#39;Europe une \u00e9quipe qui est impossible \u00e0 d\u00e9tester sur le terrain, peu importe o\u00f9 se trouvent vos all\u00e9geances.<\/p>\n<h2 class=\"k3\">Le talent de l&#39;\u00e9quipe du PSG l&#39;emporte sur la qualit\u00e9 des superstar en Ligue des champions<\/h2>\n<p class=\"imgI\">\n<p>Cela semblait presque trop beau pour \u00eatre vrai en 2021. <strong class=\"autotag\">Lionel Messi<\/strong>, <strong class=\"autotag\">Kylian mbappe<\/strong> et <strong class=\"autotag\">Neymar<\/strong> Tous alignement dans les m\u00eames trois fronts, un trois frontaux qui \u00e9taient apparemment destin\u00e9s \u00e0 apporter enfin la gloire europ\u00e9enne \u00e0 la capitale fran\u00e7aise.<\/p>\n<p>Cependant, en tant que pr\u00e9sident d\u00e9sesp\u00e9r\u00e9 <strong class=\"autotag\">Nasser al-Khelaifi<\/strong> appris \u00e0 la dure, entasser une collection de \u00ab\u00a0 Galacticos &#39;&#39; dans une seule programmation de d\u00e9part n&#39;est pas une recette infaillible pour le succ\u00e8s face \u00e0 une \u00e9quipe bien huil\u00e9e, qui met les egos d&#39;un c\u00f4t\u00e9 pour le plus grand bien d&#39;un objectif commun.<\/p>\n<p>Comme <strong class=\"autotag\">Ally McCoist<\/strong> Dit \u00e0 Son Altesse Royale, le prince William avant le deuxi\u00e8me \u00e9tape du quart de finale du PSG avec Aston Villa, les champions de Ligue 1 ressemblent enfin \u00e0 une \u00ab\u00a0 \u00e9quipe appropri\u00e9e &#39;&#39;, celle construite sur des fondations solides \u00e0 l&#39;arri\u00e8re, un trio de milieu de terrain irr\u00e9sistible et un trident attaquant d\u00e9vastateur.<\/p>\n<p>Passer \u00e0 une politique ax\u00e9e sur les jeunes sur une politique o\u00f9 le Ballon d&#39;Or de l&#39;ancien a vol\u00e9 les projecteurs, le PSG n&#39;a eu qu&#39;un seul joueur de plus de 30 ans en jouant toutes les minutes en Ligue des champions 2024-25 \u00e0 la finale; capitaine <strong class=\"autotag\">Marquinhos<\/strong>.<\/p>\n<p>Mais lorsque le reste du c\u00f4t\u00e9 naissant des Parisiens est tout aussi mature que leur capitaine de longue date, il n&#39;y a pas grand-chose qu&#39;ils ne peuvent pas accomplir. Prendre <strong class=\"autotag\">D\u00e9sir Doue<\/strong>le joueur de 19 ans qui est devenu le premier joueur \u00e0 contribuer aux buts en finale de la Ligue des champions. Ou <strong class=\"autotag\">Senny Mayulu<\/strong>son compatriote adolescent qui pouvait \u00e0 peine croire qu&#39;il venait de couronner un affichage cinq \u00e9toiles ph\u00e9nom\u00e9nal tard.<\/p>\n<p>Pour une si jeune \u00e9quipe de jouer sans crainte sur la plus grande \u00e9tape de tous &#8211; et contre une \u00e9quipe Inter qui a remis plus de 30 joueurs la deuxi\u00e8me plus grande part de l&#39;UCL quelques minutes avant la finale &#8211; qui souligne un changement de culture important, gr\u00e2ce en grande partie \u00e0 un cerveau d&#39;un homme.<\/p>\n<h2 class=\"k3\">Luis Enrique: Aucun homme ne m\u00e9ritait plus la gloire de la Ligue des champions<\/h2>\n<p class=\"imgI\">\n<p>S&#39;asseoir dans le PSG Hotseat n&#39;est pas un travail pour les faibles &#8211; ne remportez pas la Ligue des champions et vous \u00eates aussi bon que parti &#8211; mais Enrique conna\u00eet le vrai sens de la force.<\/p>\n<p>Un sort qui ne devrait pas arriver \u00e0 aucun parent, Enrique et sa femme Elena ont tragiquement perdu leur fille de neuf ans \u00e0 cause du cancer des os en 2019, et personne n&#39;aurait bl\u00e2m\u00e9 l&#39;ex-boss de Barcelone pour avoir appel\u00e9 le temps de sa carri\u00e8re de gestion apr\u00e8s un \u00e9v\u00e9nement de vie aussi p\u00e9nible.<\/p>\n<p>Cependant, avec le soutien in\u00e9branlable de sa famille et de ses coll\u00e8gues, Enrique a imm\u00e9diatement red\u00e9couvert son amour pour l&#39;entra\u00eenement et l&#39;aide aux jeunes athl\u00e8tes \u00e0 vivre leur meilleure vie \u00e0 la fois professionnellement et personnellement, et il a plus que r\u00e9ussi \u00e0 cet \u00e9gard.<\/p>\n<p>Hommage qui pourrait tirer une larme de l&#39;\u0153il le plus sec, les supporters du PSG ont d\u00e9ploy\u00e9 une belle banni\u00e8re affichant Enrique et sa d\u00e9funte fille \u00e0 Munich, alors que l&#39;Espagnol sp\u00e9cial ne devient que le deuxi\u00e8me manager \u00e0 remporter plusieurs triples europ\u00e9ens apr\u00e8s compatriote <strong class=\"autotag\">Pep guodiola<\/strong>.<\/p>\n<p>Les fans rivaux appr\u00e9ciaient les \u00e9checs habituels de la Ligue des champions du PSG. Chaque fois que Les Pariens sortait, il \u00e9tait consid\u00e9r\u00e9 comme un triomphe pour le football sur les finances &#8211; en particulier contre le Borussia Dortmund l&#39;ann\u00e9e derni\u00e8re &#8211; bien que cela ne soit pas pour dire que Les Pariens sont dans une pire forme \u00e9conomique qu&#39;ils ne l&#39;\u00e9taient \u00e0 l&#39;\u00e9poque.<\/p>\n<p>Cependant, avec une collection de joueurs qui sont humbles, travailleurs et d\u00e9bordants de qualit\u00e9 mondiale, et un manager dont le sourire \u00e0 temps plein \u00e9tait peut-\u00eatre le sourire le plus contagieux jamais vu sur un terrain de football, le PSG vient de passer de l&#39;\u00e9quipe que tout le monde aimait d\u00e9tester \u00e0 celle que tout le monde aime regarder.<\/p>\n<div class=\"author_box\">\n<div class=\"author_box_banner\">\n<\/div>\n<\/div>\n<\/div>\n","protected":false},"excerpt":{"rendered":"<p>La victoire \u00e9tonnante de la Ligue des champions de Paris Saint-Germain est un triomphe pour l&#39;art collectif d&#39;une unit\u00e9 coh\u00e9rente sur la capacit\u00e9 individuelle d&#39;un<\/p>\n","protected":false},"author":1,"featured_media":24561,"comment_status":"closed","ping_status":"","sticky":false,"template":"","format":"standard","meta":{"footnotes":""},"categories":[4],"tags":[9398,4060,31,9399,12,897,4982,535,30,51,1656,103,3794,2621],"yoast_head":"<!-- This site is optimized with the Yoast SEO plugin v21.0 - https:\/\/yoast.com\/wordpress\/plugins\/seo\/ -->\n<title>PSG 5-0 Inter: Un triomphe pour le talent artistique collectif sur la capacit\u00e9 individuelle en finale de la Ligue des champions<\/title>\n<meta name=\"robots\" content=\"index, follow, max-snippet:-1, max-image-preview:large, max-video-preview:-1\" \/>\n<link rel=\"canonical\" href=\"https:\/\/footdavant.fr\/actualites\/psg-5-0-inter-un-triomphe-pour-le-talent-artistique-collectif-sur-la-capacite-individuelle-en-finale-de-la-ligue-des-champions\/\" \/>\n<meta property=\"og:locale\" content=\"fr_FR\" \/>\n<meta property=\"og:type\" content=\"article\" \/>\n<meta property=\"og:title\" content=\"PSG 5-0 Inter: Un triomphe pour le talent artistique collectif sur la capacit\u00e9 individuelle en finale de la Ligue des champions\" \/>\n<meta property=\"og:description\" content=\"La victoire \u00e9tonnante de la Ligue des champions de Paris Saint-Germain est un triomphe pour l&#039;art collectif d&#039;une unit\u00e9 coh\u00e9rente sur la capacit\u00e9 individuelle d&#039;un\" \/>\n<meta property=\"og:url\" content=\"https:\/\/footdavant.fr\/actualites\/psg-5-0-inter-un-triomphe-pour-le-talent-artistique-collectif-sur-la-capacite-individuelle-en-finale-de-la-ligue-des-champions\/\" \/>\n<meta property=\"og:site_name\" content=\"Foot d&#039;avant\" \/>\n<meta property=\"article:publisher\" content=\"https:\/\/www.facebook.com\/Footdavant\/\" \/>\n<meta property=\"article:published_time\" content=\"2025-06-01T00:48:31+00:00\" \/>\n<meta property=\"article:modified_time\" content=\"2025-06-01T00:48:33+00:00\" \/>\n<meta property=\"og:image\" content=\"https:\/\/footdavant.fr\/actualites\/wp-content\/uploads\/2025\/06\/1748738911_PSG-5-0-Inter-Un-triomphe-pour-le-talent-artistique-collectif.jpg\" \/>\n\t<meta property=\"og:image:width\" content=\"1280\" \/>\n\t<meta property=\"og:image:height\" content=\"960\" \/>\n\t<meta property=\"og:image:type\" content=\"image\/jpeg\" \/>\n<meta name=\"author\" content=\"Cl\u00e9ment\" \/>\n<meta name=\"twitter:card\" content=\"summary_large_image\" \/>\n<meta name=\"twitter:creator\" content=\"@FootdavantFr\" \/>\n<meta name=\"twitter:site\" content=\"@FootdavantFr\" \/>\n<meta name=\"twitter:label1\" content=\"\u00c9crit par\" \/>\n\t<meta name=\"twitter:data1\" content=\"Cl\u00e9ment\" \/>\n\t<meta name=\"twitter:label2\" content=\"Dur\u00e9e de lecture estim\u00e9e\" \/>\n\t<meta name=\"twitter:data2\" content=\"5 minutes\" \/>\n<script type=\"application\/ld+json\" class=\"yoast-schema-graph\">{\"@context\":\"https:\/\/schema.org\",\"@graph\":[{\"@type\":\"Article\",\"@id\":\"https:\/\/footdavant.fr\/actualites\/psg-5-0-inter-un-triomphe-pour-le-talent-artistique-collectif-sur-la-capacite-individuelle-en-finale-de-la-ligue-des-champions\/#article\",\"isPartOf\":{\"@id\":\"https:\/\/footdavant.fr\/actualites\/psg-5-0-inter-un-triomphe-pour-le-talent-artistique-collectif-sur-la-capacite-individuelle-en-finale-de-la-ligue-des-champions\/\"},\"author\":{\"name\":\"Cl\u00e9ment\",\"@id\":\"https:\/\/footdavant.fr\/actualites\/#\/schema\/person\/bc222566d95871b37e597b3ed3ba5e1d\"},\"headline\":\"PSG 5-0 Inter: Un triomphe pour le talent artistique collectif sur la capacit\u00e9 individuelle en finale de la Ligue des champions\",\"datePublished\":\"2025-06-01T00:48:31+00:00\",\"dateModified\":\"2025-06-01T00:48:33+00:00\",\"mainEntityOfPage\":{\"@id\":\"https:\/\/footdavant.fr\/actualites\/psg-5-0-inter-un-triomphe-pour-le-talent-artistique-collectif-sur-la-capacite-individuelle-en-finale-de-la-ligue-des-champions\/\"},\"wordCount\":1038,\"publisher\":{\"@id\":\"https:\/\/footdavant.fr\/actualites\/#organization\"},\"keywords\":[\"artistique\",\"capacit\u00e9\",\"champions\",\"collectif\",\"des\",\"finale\",\"individuelle\",\"Inter\",\"Ligue\",\"pour\",\"PSG\",\"sur\",\"talent\",\"triomphe\"],\"articleSection\":[\"Champions League\"],\"inLanguage\":\"fr-FR\"},{\"@type\":\"WebPage\",\"@id\":\"https:\/\/footdavant.fr\/actualites\/psg-5-0-inter-un-triomphe-pour-le-talent-artistique-collectif-sur-la-capacite-individuelle-en-finale-de-la-ligue-des-champions\/\",\"url\":\"https:\/\/footdavant.fr\/actualites\/psg-5-0-inter-un-triomphe-pour-le-talent-artistique-collectif-sur-la-capacite-individuelle-en-finale-de-la-ligue-des-champions\/\",\"name\":\"PSG 5-0 Inter: Un triomphe pour le talent artistique collectif sur la capacit\u00e9 individuelle en finale de la Ligue des champions\",\"isPartOf\":{\"@id\":\"https:\/\/footdavant.fr\/actualites\/#website\"},\"datePublished\":\"2025-06-01T00:48:31+00:00\",\"dateModified\":\"2025-06-01T00:48:33+00:00\",\"breadcrumb\":{\"@id\":\"https:\/\/footdavant.fr\/actualites\/psg-5-0-inter-un-triomphe-pour-le-talent-artistique-collectif-sur-la-capacite-individuelle-en-finale-de-la-ligue-des-champions\/#breadcrumb\"},\"inLanguage\":\"fr-FR\",\"potentialAction\":[{\"@type\":\"ReadAction\",\"target\":[\"https:\/\/footdavant.fr\/actualites\/psg-5-0-inter-un-triomphe-pour-le-talent-artistique-collectif-sur-la-capacite-individuelle-en-finale-de-la-ligue-des-champions\/\"]}]},{\"@type\":\"BreadcrumbList\",\"@id\":\"https:\/\/footdavant.fr\/actualites\/psg-5-0-inter-un-triomphe-pour-le-talent-artistique-collectif-sur-la-capacite-individuelle-en-finale-de-la-ligue-des-champions\/#breadcrumb\",\"itemListElement\":[{\"@type\":\"ListItem\",\"position\":1,\"name\":\"Accueil\",\"item\":\"https:\/\/footdavant.fr\/actualites\/\"},{\"@type\":\"ListItem\",\"position\":2,\"name\":\"PSG 5-0 Inter: Un triomphe pour le talent artistique collectif sur la capacit\u00e9 individuelle en finale de la Ligue des champions\"}]},{\"@type\":\"WebSite\",\"@id\":\"https:\/\/footdavant.fr\/actualites\/#website\",\"url\":\"https:\/\/footdavant.fr\/actualites\/\",\"name\":\"Foot d'avant\",\"description\":\"\",\"publisher\":{\"@id\":\"https:\/\/footdavant.fr\/actualites\/#organization\"},\"potentialAction\":[{\"@type\":\"SearchAction\",\"target\":{\"@type\":\"EntryPoint\",\"urlTemplate\":\"https:\/\/footdavant.fr\/actualites\/?s={search_term_string}\"},\"query-input\":\"required name=search_term_string\"}],\"inLanguage\":\"fr-FR\"},{\"@type\":\"Organization\",\"@id\":\"https:\/\/footdavant.fr\/actualites\/#organization\",\"name\":\"Foot d'avant\",\"url\":\"https:\/\/footdavant.fr\/actualites\/\",\"logo\":{\"@type\":\"ImageObject\",\"inLanguage\":\"fr-FR\",\"@id\":\"https:\/\/footdavant.fr\/actualites\/#\/schema\/logo\/image\/\",\"url\":\"https:\/\/footdavant.fr\/actualites\/wp-content\/uploads\/2023\/09\/Copy-of-FootDavant-Logo.png\",\"contentUrl\":\"https:\/\/footdavant.fr\/actualites\/wp-content\/uploads\/2023\/09\/Copy-of-FootDavant-Logo.png\",\"width\":936,\"height\":549,\"caption\":\"Foot d'avant\"},\"image\":{\"@id\":\"https:\/\/footdavant.fr\/actualites\/#\/schema\/logo\/image\/\"},\"sameAs\":[\"https:\/\/www.facebook.com\/Footdavant\/\",\"https:\/\/twitter.com\/FootdavantFr\",\"https:\/\/www.instagram.com\/footdavant.fr\/\"]},{\"@type\":\"Person\",\"@id\":\"https:\/\/footdavant.fr\/actualites\/#\/schema\/person\/bc222566d95871b37e597b3ed3ba5e1d\",\"name\":\"Cl\u00e9ment\",\"image\":{\"@type\":\"ImageObject\",\"inLanguage\":\"fr-FR\",\"@id\":\"https:\/\/footdavant.fr\/actualites\/#\/schema\/person\/image\/\",\"url\":\"https:\/\/secure.gravatar.com\/avatar\/7728b29aac2719421e1a9159b2254c44?s=96&d=mm&r=g\",\"contentUrl\":\"https:\/\/secure.gravatar.com\/avatar\/7728b29aac2719421e1a9159b2254c44?s=96&d=mm&r=g\",\"caption\":\"Cl\u00e9ment\"},\"sameAs\":[\"https:\/\/footdavant.fr\/\"]}]}<\/script>\n<!-- \/ Yoast SEO plugin. -->","yoast_head_json":{"title":"PSG 5-0 Inter: Un triomphe pour le talent artistique collectif sur la capacit\u00e9 individuelle en finale de la Ligue des champions","robots":{"index":"index","follow":"follow","max-snippet":"max-snippet:-1","max-image-preview":"max-image-preview:large","max-video-preview":"max-video-preview:-1"},"canonical":"https:\/\/footdavant.fr\/actualites\/psg-5-0-inter-un-triomphe-pour-le-talent-artistique-collectif-sur-la-capacite-individuelle-en-finale-de-la-ligue-des-champions\/","og_locale":"fr_FR","og_type":"article","og_title":"PSG 5-0 Inter: Un triomphe pour le talent artistique collectif sur la capacit\u00e9 individuelle en finale de la Ligue des champions","og_description":"La victoire \u00e9tonnante de la Ligue des champions de Paris Saint-Germain est un triomphe pour l&#39;art collectif d&#39;une unit\u00e9 coh\u00e9rente sur la capacit\u00e9 individuelle d&#39;un","og_url":"https:\/\/footdavant.fr\/actualites\/psg-5-0-inter-un-triomphe-pour-le-talent-artistique-collectif-sur-la-capacite-individuelle-en-finale-de-la-ligue-des-champions\/","og_site_name":"Foot d&#039;avant","article_publisher":"https:\/\/www.facebook.com\/Footdavant\/","article_published_time":"2025-06-01T00:48:31+00:00","article_modified_time":"2025-06-01T00:48:33+00:00","og_image":[{"width":1280,"height":960,"url":"https:\/\/footdavant.fr\/actualites\/wp-content\/uploads\/2025\/06\/1748738911_PSG-5-0-Inter-Un-triomphe-pour-le-talent-artistique-collectif.jpg","type":"image\/jpeg"}],"author":"Cl\u00e9ment","twitter_card":"summary_large_image","twitter_creator":"@FootdavantFr","twitter_site":"@FootdavantFr","twitter_misc":{"\u00c9crit par":"Cl\u00e9ment","Dur\u00e9e de lecture estim\u00e9e":"5 minutes"},"schema":{"@context":"https:\/\/schema.org","@graph":[{"@type":"Article","@id":"https:\/\/footdavant.fr\/actualites\/psg-5-0-inter-un-triomphe-pour-le-talent-artistique-collectif-sur-la-capacite-individuelle-en-finale-de-la-ligue-des-champions\/#article","isPartOf":{"@id":"https:\/\/footdavant.fr\/actualites\/psg-5-0-inter-un-triomphe-pour-le-talent-artistique-collectif-sur-la-capacite-individuelle-en-finale-de-la-ligue-des-champions\/"},"author":{"name":"Cl\u00e9ment","@id":"https:\/\/footdavant.fr\/actualites\/#\/schema\/person\/bc222566d95871b37e597b3ed3ba5e1d"},"headline":"PSG 5-0 Inter: Un triomphe pour le talent artistique collectif sur la capacit\u00e9 individuelle en finale de la Ligue des champions","datePublished":"2025-06-01T00:48:31+00:00","dateModified":"2025-06-01T00:48:33+00:00","mainEntityOfPage":{"@id":"https:\/\/footdavant.fr\/actualites\/psg-5-0-inter-un-triomphe-pour-le-talent-artistique-collectif-sur-la-capacite-individuelle-en-finale-de-la-ligue-des-champions\/"},"wordCount":1038,"publisher":{"@id":"https:\/\/footdavant.fr\/actualites\/#organization"},"keywords":["artistique","capacit\u00e9","champions","collectif","des","finale","individuelle","Inter","Ligue","pour","PSG","sur","talent","triomphe"],"articleSection":["Champions League"],"inLanguage":"fr-FR"},{"@type":"WebPage","@id":"https:\/\/footdavant.fr\/actualites\/psg-5-0-inter-un-triomphe-pour-le-talent-artistique-collectif-sur-la-capacite-individuelle-en-finale-de-la-ligue-des-champions\/","url":"https:\/\/footdavant.fr\/actualites\/psg-5-0-inter-un-triomphe-pour-le-talent-artistique-collectif-sur-la-capacite-individuelle-en-finale-de-la-ligue-des-champions\/","name":"PSG 5-0 Inter: Un triomphe pour le talent artistique collectif sur la capacit\u00e9 individuelle en finale de la Ligue des champions","isPartOf":{"@id":"https:\/\/footdavant.fr\/actualites\/#website"},"datePublished":"2025-06-01T00:48:31+00:00","dateModified":"2025-06-01T00:48:33+00:00","breadcrumb":{"@id":"https:\/\/footdavant.fr\/actualites\/psg-5-0-inter-un-triomphe-pour-le-talent-artistique-collectif-sur-la-capacite-individuelle-en-finale-de-la-ligue-des-champions\/#breadcrumb"},"inLanguage":"fr-FR","potentialAction":[{"@type":"ReadAction","target":["https:\/\/footdavant.fr\/actualites\/psg-5-0-inter-un-triomphe-pour-le-talent-artistique-collectif-sur-la-capacite-individuelle-en-finale-de-la-ligue-des-champions\/"]}]},{"@type":"BreadcrumbList","@id":"https:\/\/footdavant.fr\/actualites\/psg-5-0-inter-un-triomphe-pour-le-talent-artistique-collectif-sur-la-capacite-individuelle-en-finale-de-la-ligue-des-champions\/#breadcrumb","itemListElement":[{"@type":"ListItem","position":1,"name":"Accueil","item":"https:\/\/footdavant.fr\/actualites\/"},{"@type":"ListItem","position":2,"name":"PSG 5-0 Inter: Un triomphe pour le talent artistique collectif sur la capacit\u00e9 individuelle en finale de la Ligue des champions"}]},{"@type":"WebSite","@id":"https:\/\/footdavant.fr\/actualites\/#website","url":"https:\/\/footdavant.fr\/actualites\/","name":"Foot d'avant","description":"","publisher":{"@id":"https:\/\/footdavant.fr\/actualites\/#organization"},"potentialAction":[{"@type":"SearchAction","target":{"@type":"EntryPoint","urlTemplate":"https:\/\/footdavant.fr\/actualites\/?s={search_term_string}"},"query-input":"required name=search_term_string"}],"inLanguage":"fr-FR"},{"@type":"Organization","@id":"https:\/\/footdavant.fr\/actualites\/#organization","name":"Foot d'avant","url":"https:\/\/footdavant.fr\/actualites\/","logo":{"@type":"ImageObject","inLanguage":"fr-FR","@id":"https:\/\/footdavant.fr\/actualites\/#\/schema\/logo\/image\/","url":"https:\/\/footdavant.fr\/actualites\/wp-content\/uploads\/2023\/09\/Copy-of-FootDavant-Logo.png","contentUrl":"https:\/\/footdavant.fr\/actualites\/wp-content\/uploads\/2023\/09\/Copy-of-FootDavant-Logo.png","width":936,"height":549,"caption":"Foot d'avant"},"image":{"@id":"https:\/\/footdavant.fr\/actualites\/#\/schema\/logo\/image\/"},"sameAs":["https:\/\/www.facebook.com\/Footdavant\/","https:\/\/twitter.com\/FootdavantFr","https:\/\/www.instagram.com\/footdavant.fr\/"]},{"@type":"Person","@id":"https:\/\/footdavant.fr\/actualites\/#\/schema\/person\/bc222566d95871b37e597b3ed3ba5e1d","name":"Cl\u00e9ment","image":{"@type":"ImageObject","inLanguage":"fr-FR","@id":"https:\/\/footdavant.fr\/actualites\/#\/schema\/person\/image\/","url":"https:\/\/secure.gravatar.com\/avatar\/7728b29aac2719421e1a9159b2254c44?s=96&d=mm&r=g","contentUrl":"https:\/\/secure.gravatar.com\/avatar\/7728b29aac2719421e1a9159b2254c44?s=96&d=mm&r=g","caption":"Cl\u00e9ment"},"sameAs":["https:\/\/footdavant.fr\/"]}]}},"_links":{"self":[{"href":"https:\/\/footdavant.fr\/actualites\/wp-json\/wp\/v2\/posts\/24560"}],"collection":[{"href":"https:\/\/footdavant.fr\/actualites\/wp-json\/wp\/v2\/posts"}],"about":[{"href":"https:\/\/footdavant.fr\/actualites\/wp-json\/wp\/v2\/types\/post"}],"author":[{"embeddable":true,"href":"https:\/\/footdavant.fr\/actualites\/wp-json\/wp\/v2\/users\/1"}],"replies":[{"embeddable":true,"href":"https:\/\/footdavant.fr\/actualites\/wp-json\/wp\/v2\/comments?post=24560"}],"version-history":[{"count":1,"href":"https:\/\/footdavant.fr\/actualites\/wp-json\/wp\/v2\/posts\/24560\/revisions"}],"predecessor-version":[{"id":24562,"href":"https:\/\/footdavant.fr\/actualites\/wp-json\/wp\/v2\/posts\/24560\/revisions\/24562"}],"wp:featuredmedia":[{"embeddable":true,"href":"https:\/\/footdavant.fr\/actualites\/wp-json\/wp\/v2\/media\/24561"}],"wp:attachment":[{"href":"https:\/\/footdavant.fr\/actualites\/wp-json\/wp\/v2\/media?parent=24560"}],"wp:term":[{"taxonomy":"category","embeddable":true,"href":"https:\/\/footdavant.fr\/actualites\/wp-json\/wp\/v2\/categories?post=24560"},{"taxonomy":"post_tag","embeddable":true,"href":"https:\/\/footdavant.fr\/actualites\/wp-json\/wp\/v2\/tags?post=24560"}],"curies":[{"name":"wp","href":"https:\/\/api.w.org\/{rel}","templated":true}]}}