{"id":24563,"date":"2025-06-01T03:48:23","date_gmt":"2025-06-01T01:48:23","guid":{"rendered":"https:\/\/footdavant.fr\/actualites\/homme-city-transfer-news-tijjani-reijnders-la-date-de-debut-devient-claire-comme-laccord-conclu-pour-signer-ac-milan-star\/"},"modified":"2025-06-01T03:48:25","modified_gmt":"2025-06-01T01:48:25","slug":"homme-city-transfer-news-tijjani-reijnders-la-date-de-debut-devient-claire-comme-laccord-conclu-pour-signer-ac-milan-star","status":"publish","type":"post","link":"https:\/\/footdavant.fr\/actualites\/homme-city-transfer-news-tijjani-reijnders-la-date-de-debut-devient-claire-comme-laccord-conclu-pour-signer-ac-milan-star\/","title":{"rendered":"Homme City Transfer News: Tijjani Reijnders La date de d\u00e9but devient claire comme \u00abl&#39;accord conclu\u00bb pour signer AC Milan Star"},"content":{"rendered":"<p>Man City aurait conclu un accord avec l&#39;AC Milan pour signer le milieu de terrain Tijjani Reijnders cet \u00e9t\u00e9, et une date pour la conclusion de l&#39;accord est \u00abr\u00e9v\u00e9l\u00e9e\u00bb.<\/p>\n<div id=\"article_body\" itemprop=\"articleBody\">\n<h3 class=\"firstPara\">\n<strong class=\"autotag\">MANCHESTER CITY<\/strong> auraient conclu un accord avec <strong class=\"autotag\">AC Milan<\/strong> pour signer le milieu de terrain <strong class=\"autotag\">Tijjani reijnders<\/strong> cet \u00e9t\u00e9.<\/h3>\n<p>Apr\u00e8s une campagne d\u00e9cevante 2024-25, les citoyens se lancent dans une nouvelle \u00e8re sous la direction de la nouvelle directrice sportive <strong class=\"autotag\">Hugo Viana<\/strong>avec les roues d\u00e9j\u00e0 en mouvement pour que City \u00e0 r\u00e9organiser <strong class=\"autotag\">Pep guodiola<\/strong>Squad.<\/p>\n<p>Pr\u00e9sident <strong class=\"autotag\">Khaldoon al Mubarak<\/strong> a confirm\u00e9 que <strong>Plusieurs objectifs de transfert ont \u00e9t\u00e9 \u00ab\u00a0clairement identifi\u00e9s\u00a0\u00bb<\/strong> Par le club et leur \u00ab\u00a0objectif\u00a0\u00bb est de construire une \u00ab\u00a0nouvelle \u00e9quipe\u00a0\u00bb avant le d\u00e9but de leur campagne de la Coupe du Monde du Monde de la FIFA \u00e0 la mi-juin.<\/p>\n<p>Les citoyens sont cens\u00e9s donner la priorit\u00e9 \u00e0 l&#39;ajout de <strong>Au moins quatre nouveaux joueurs<\/strong> Avant la saison prochaine, avec des renforts de milieu de terrain attendus en tant que l\u00e9gende du club <strong class=\"autotag\">Kevin de Bruyne<\/strong> laisse \u00e0 l&#39;expiration de son contrat en \u00e9t\u00e9.<\/p>\n<p>L&#39;objectif principal de Man City pour la position n \u00b0 8 est les reijnders internationaux des Pays-Bas, qui auraient <strong>D\u00e9j\u00e0 donn\u00e9 le feu vert<\/strong> Pour faire bouger le \u00abr\u00eave\u00bb du c\u00f4t\u00e9 de Guardiola.<\/p>\n<p class=\"imgI\">\n<h2 class=\"k3\">Man City pour confirmer l&#39;arriv\u00e9e des Reijnders au \u00abd\u00e9but de la semaine prochaine\u00bb<\/h2>\n<p>Vendredi, plusieurs rapports ont d\u00e9clar\u00e9 que les n\u00e9gociations ont commenc\u00e9 entre Man City et Milan, avec les Giants de Serie A &#8211; <strong>maintenant g\u00e9r\u00e9 par<\/strong> <strong class=\"autotag\">Massimiliano Allegri<\/strong> &#8211; indiquant qu&#39;ils veulent plus de 60 millions d&#39;euros (50 millions de livres sterling) et des frais plus proches de 70 millions d&#39;euros (59 millions de livres sterling), selon <em>Sky Sports News<\/em>.<\/p>\n<p><em>Dazn<\/em> journaliste <strong class=\"autotag\">Orazio Accomando<\/strong> Les affirmations selon lesquelles un accord a maintenant \u00e9t\u00e9 conclu entre les deux clubs pour le transfert de Reijnders, avec Man City pour payer \u00abenviron 70 millions d&#39;euros au total, y compris les primes.<\/p>\n<p>Accomando ajoute que les d\u00e9tails administratifs finaux doivent encore \u00eatre finalis\u00e9s, mais Man City devrait conclure un accord pour les reijnders au d\u00e9but de la semaine prochaine, avec la fen\u00eatre de transfert d&#39;\u00e9t\u00e9 \u00e0 ouvrir officiellement le 1er juin.<\/p>\n<p>Si cela s&#39;av\u00e9rait \u00eatre le cas, les reijnders seraient disponibles pour faire ses d\u00e9buts pour les citoyens dans leur match de stade de groupe de la Coupe du monde d&#39;ouverture contre la tenue marocaine Wydad AC le 18 juin.<\/p>\n<p class=\"imgI\"><img decoding=\"async\" loading=\"lazy\" class=\"l\" src=\"https:\/\/footdavant.fr\/actualites\/wp-content\/uploads\/2025\/06\/1748742503_994_Homme-City-Transfer-News-Tijjani-Reijnders-La-date-de-debut.jpg\" title=\"Tijjani Reijnders de l&#39;AC Milan le 9 mai 2025\" alt=\"Tijjani Reijnders de l&#39;AC Milan le 9 mai 2025\" width=\"640\" height=\"480\"><\/p>\n<h2 class=\"k3\">Le footballeur \u00ab\u00a0magiquement dou\u00e9\u00a0\u00bb Reijnders pourrait \u00eatre le successeur de Gundogan<\/h2>\n<p>Malgr\u00e9 la signature d&#39;une nouvelle prolongation de contrat de cinq ans \u00e0 San Siro en mars, Reijnders est apparemment pr\u00eat \u00e0 terminer un transfert de d\u00e9claration \u00e0 Man City apr\u00e8s une campagne stellaire 2024-25 en Italie.<\/p>\n<p>Le joueur de 26 ans s&#39;est impos\u00e9 comme un important joueur de premi\u00e8re \u00e9quipe \u00e0 Milan depuis qu&#39;il a rejoint AZ Alkmaar pour 17 millions de livres sterling en 2023, marquant 15 buts et enregistrant cinq passes d\u00e9cisives en 54 apparitions cette saison.<\/p>\n<p>Reijnders a \u00e9t\u00e9 r\u00e9compens\u00e9 pour sa forme impressionnante en 2024-25 comme il a \u00e9t\u00e9 r\u00e9pertori\u00e9 dans l&#39;\u00e9quipe de Serie A de la saison et a \u00e9t\u00e9 nomm\u00e9 milieu de terrain de la division de la saison.<\/p>\n<p>La star de Rossoneri a \u00e9t\u00e9 d\u00e9crite comme un <strong>\u00ab\u00a0footballeur dou\u00e9 par magie\u00a0\u00bb<\/strong> par Man City Expert <strong class=\"autotag\">Steven McInerney<\/strong> depuis <em>Kompany estim\u00e9<\/em> qui a dit <strong>Taupe de sport<\/strong> que le N\u00e9erlandais pouvait \u00ab\u00a0facilement \u00eatre fa\u00e7onn\u00e9\u00a0\u00bb en un \u00ab\u00a0<strong class=\"autotag\">Ilkay Gundogan<\/strong>-Seque Joueur \u00ab\u00a0Sous Guardiola.<\/p>\n<div class=\"author_box\">\n<div class=\"author_box_banner\">\n<img decoding=\"async\" class=\"author_img\" src=\"https:\/\/footdavant.fr\/actualites\/wp-content\/uploads\/2025\/06\/1748742503_641_Homme-City-Transfer-News-Tijjani-Reijnders-La-date-de-debut.jpg\"><\/p>\n<\/div>\n<\/div>\n<\/div>\n","protected":false},"excerpt":{"rendered":"<p>Man City aurait conclu un accord avec l&#39;AC Milan pour signer le milieu de terrain Tijjani Reijnders cet \u00e9t\u00e9, et une date pour la conclusion<\/p>\n","protected":false},"author":1,"featured_media":24564,"comment_status":"closed","ping_status":"","sticky":false,"template":"","format":"standard","meta":{"footnotes":""},"categories":[5],"tags":[27,4855,990,4351,391,481,4215,1245,4350,250,409,51,3812,774,1621,3811,2732],"yoast_head":"<!-- This site is optimized with the Yoast SEO plugin v21.0 - https:\/\/yoast.com\/wordpress\/plugins\/seo\/ -->\n<title>Homme City Transfer News: Tijjani Reijnders La date de d\u00e9but devient claire comme \u00abl&#039;accord conclu\u00bb pour signer AC Milan Star<\/title>\n<meta name=\"robots\" content=\"index, follow, max-snippet:-1, max-image-preview:large, max-video-preview:-1\" \/>\n<link rel=\"canonical\" href=\"https:\/\/footdavant.fr\/actualites\/homme-city-transfer-news-tijjani-reijnders-la-date-de-debut-devient-claire-comme-laccord-conclu-pour-signer-ac-milan-star\/\" \/>\n<meta property=\"og:locale\" content=\"fr_FR\" \/>\n<meta property=\"og:type\" content=\"article\" \/>\n<meta property=\"og:title\" content=\"Homme City Transfer News: Tijjani Reijnders La date de d\u00e9but devient claire comme \u00abl&#039;accord conclu\u00bb pour signer AC Milan Star\" \/>\n<meta property=\"og:description\" content=\"Man City aurait conclu un accord avec l&#039;AC Milan pour signer le milieu de terrain Tijjani Reijnders cet \u00e9t\u00e9, et une date pour la conclusion\" \/>\n<meta property=\"og:url\" content=\"https:\/\/footdavant.fr\/actualites\/homme-city-transfer-news-tijjani-reijnders-la-date-de-debut-devient-claire-comme-laccord-conclu-pour-signer-ac-milan-star\/\" \/>\n<meta property=\"og:site_name\" content=\"Foot d&#039;avant\" \/>\n<meta property=\"article:publisher\" content=\"https:\/\/www.facebook.com\/Footdavant\/\" \/>\n<meta property=\"article:published_time\" content=\"2025-06-01T01:48:23+00:00\" \/>\n<meta property=\"article:modified_time\" content=\"2025-06-01T01:48:25+00:00\" \/>\n<meta property=\"og:image\" content=\"https:\/\/footdavant.fr\/actualites\/wp-content\/uploads\/2025\/06\/Homme-City-Transfer-News-Tijjani-Reijnders-La-date-de-debut.jpg\" \/>\n\t<meta property=\"og:image:width\" content=\"640\" \/>\n\t<meta property=\"og:image:height\" content=\"480\" \/>\n\t<meta property=\"og:image:type\" content=\"image\/jpeg\" \/>\n<meta name=\"author\" content=\"Cl\u00e9ment\" \/>\n<meta name=\"twitter:card\" content=\"summary_large_image\" \/>\n<meta name=\"twitter:creator\" content=\"@FootdavantFr\" \/>\n<meta name=\"twitter:site\" content=\"@FootdavantFr\" \/>\n<meta name=\"twitter:label1\" content=\"\u00c9crit par\" \/>\n\t<meta name=\"twitter:data1\" content=\"Cl\u00e9ment\" \/>\n\t<meta name=\"twitter:label2\" content=\"Dur\u00e9e de lecture estim\u00e9e\" \/>\n\t<meta name=\"twitter:data2\" content=\"3 minutes\" \/>\n<script type=\"application\/ld+json\" class=\"yoast-schema-graph\">{\"@context\":\"https:\/\/schema.org\",\"@graph\":[{\"@type\":\"Article\",\"@id\":\"https:\/\/footdavant.fr\/actualites\/homme-city-transfer-news-tijjani-reijnders-la-date-de-debut-devient-claire-comme-laccord-conclu-pour-signer-ac-milan-star\/#article\",\"isPartOf\":{\"@id\":\"https:\/\/footdavant.fr\/actualites\/homme-city-transfer-news-tijjani-reijnders-la-date-de-debut-devient-claire-comme-laccord-conclu-pour-signer-ac-milan-star\/\"},\"author\":{\"name\":\"Cl\u00e9ment\",\"@id\":\"https:\/\/footdavant.fr\/actualites\/#\/schema\/person\/bc222566d95871b37e597b3ed3ba5e1d\"},\"headline\":\"Homme City Transfer News: Tijjani Reijnders La date de d\u00e9but devient claire comme \u00abl&#39;accord conclu\u00bb pour signer AC Milan Star\",\"datePublished\":\"2025-06-01T01:48:23+00:00\",\"dateModified\":\"2025-06-01T01:48:25+00:00\",\"mainEntityOfPage\":{\"@id\":\"https:\/\/footdavant.fr\/actualites\/homme-city-transfer-news-tijjani-reijnders-la-date-de-debut-devient-claire-comme-laccord-conclu-pour-signer-ac-milan-star\/\"},\"wordCount\":615,\"publisher\":{\"@id\":\"https:\/\/footdavant.fr\/actualites\/#organization\"},\"keywords\":[\"City\",\"claire\",\"comme\",\"conclu\",\"date\",\"d\u00e9but\",\"devient\",\"homme\",\"l39accord\",\"Milan\",\"News\",\"pour\",\"Reijnders\",\"signer\",\"Star\",\"Tijjani\",\"Transfer\"],\"articleSection\":[\"Premier League\"],\"inLanguage\":\"fr-FR\"},{\"@type\":\"WebPage\",\"@id\":\"https:\/\/footdavant.fr\/actualites\/homme-city-transfer-news-tijjani-reijnders-la-date-de-debut-devient-claire-comme-laccord-conclu-pour-signer-ac-milan-star\/\",\"url\":\"https:\/\/footdavant.fr\/actualites\/homme-city-transfer-news-tijjani-reijnders-la-date-de-debut-devient-claire-comme-laccord-conclu-pour-signer-ac-milan-star\/\",\"name\":\"Homme City Transfer News: Tijjani Reijnders La date de d\u00e9but devient claire comme \u00abl&#39;accord conclu\u00bb pour signer AC Milan Star\",\"isPartOf\":{\"@id\":\"https:\/\/footdavant.fr\/actualites\/#website\"},\"datePublished\":\"2025-06-01T01:48:23+00:00\",\"dateModified\":\"2025-06-01T01:48:25+00:00\",\"breadcrumb\":{\"@id\":\"https:\/\/footdavant.fr\/actualites\/homme-city-transfer-news-tijjani-reijnders-la-date-de-debut-devient-claire-comme-laccord-conclu-pour-signer-ac-milan-star\/#breadcrumb\"},\"inLanguage\":\"fr-FR\",\"potentialAction\":[{\"@type\":\"ReadAction\",\"target\":[\"https:\/\/footdavant.fr\/actualites\/homme-city-transfer-news-tijjani-reijnders-la-date-de-debut-devient-claire-comme-laccord-conclu-pour-signer-ac-milan-star\/\"]}]},{\"@type\":\"BreadcrumbList\",\"@id\":\"https:\/\/footdavant.fr\/actualites\/homme-city-transfer-news-tijjani-reijnders-la-date-de-debut-devient-claire-comme-laccord-conclu-pour-signer-ac-milan-star\/#breadcrumb\",\"itemListElement\":[{\"@type\":\"ListItem\",\"position\":1,\"name\":\"Accueil\",\"item\":\"https:\/\/footdavant.fr\/actualites\/\"},{\"@type\":\"ListItem\",\"position\":2,\"name\":\"Homme City Transfer News: Tijjani Reijnders La date de d\u00e9but devient claire comme \u00abl&#39;accord conclu\u00bb pour signer AC Milan Star\"}]},{\"@type\":\"WebSite\",\"@id\":\"https:\/\/footdavant.fr\/actualites\/#website\",\"url\":\"https:\/\/footdavant.fr\/actualites\/\",\"name\":\"Foot d'avant\",\"description\":\"\",\"publisher\":{\"@id\":\"https:\/\/footdavant.fr\/actualites\/#organization\"},\"potentialAction\":[{\"@type\":\"SearchAction\",\"target\":{\"@type\":\"EntryPoint\",\"urlTemplate\":\"https:\/\/footdavant.fr\/actualites\/?s={search_term_string}\"},\"query-input\":\"required name=search_term_string\"}],\"inLanguage\":\"fr-FR\"},{\"@type\":\"Organization\",\"@id\":\"https:\/\/footdavant.fr\/actualites\/#organization\",\"name\":\"Foot d'avant\",\"url\":\"https:\/\/footdavant.fr\/actualites\/\",\"logo\":{\"@type\":\"ImageObject\",\"inLanguage\":\"fr-FR\",\"@id\":\"https:\/\/footdavant.fr\/actualites\/#\/schema\/logo\/image\/\",\"url\":\"https:\/\/footdavant.fr\/actualites\/wp-content\/uploads\/2023\/09\/Copy-of-FootDavant-Logo.png\",\"contentUrl\":\"https:\/\/footdavant.fr\/actualites\/wp-content\/uploads\/2023\/09\/Copy-of-FootDavant-Logo.png\",\"width\":936,\"height\":549,\"caption\":\"Foot d'avant\"},\"image\":{\"@id\":\"https:\/\/footdavant.fr\/actualites\/#\/schema\/logo\/image\/\"},\"sameAs\":[\"https:\/\/www.facebook.com\/Footdavant\/\",\"https:\/\/twitter.com\/FootdavantFr\",\"https:\/\/www.instagram.com\/footdavant.fr\/\"]},{\"@type\":\"Person\",\"@id\":\"https:\/\/footdavant.fr\/actualites\/#\/schema\/person\/bc222566d95871b37e597b3ed3ba5e1d\",\"name\":\"Cl\u00e9ment\",\"image\":{\"@type\":\"ImageObject\",\"inLanguage\":\"fr-FR\",\"@id\":\"https:\/\/footdavant.fr\/actualites\/#\/schema\/person\/image\/\",\"url\":\"https:\/\/secure.gravatar.com\/avatar\/7728b29aac2719421e1a9159b2254c44?s=96&d=mm&r=g\",\"contentUrl\":\"https:\/\/secure.gravatar.com\/avatar\/7728b29aac2719421e1a9159b2254c44?s=96&d=mm&r=g\",\"caption\":\"Cl\u00e9ment\"},\"sameAs\":[\"https:\/\/footdavant.fr\/\"]}]}<\/script>\n<!-- \/ Yoast SEO plugin. -->","yoast_head_json":{"title":"Homme City Transfer News: Tijjani Reijnders La date de d\u00e9but devient claire comme \u00abl&#39;accord conclu\u00bb pour signer AC Milan Star","robots":{"index":"index","follow":"follow","max-snippet":"max-snippet:-1","max-image-preview":"max-image-preview:large","max-video-preview":"max-video-preview:-1"},"canonical":"https:\/\/footdavant.fr\/actualites\/homme-city-transfer-news-tijjani-reijnders-la-date-de-debut-devient-claire-comme-laccord-conclu-pour-signer-ac-milan-star\/","og_locale":"fr_FR","og_type":"article","og_title":"Homme City Transfer News: Tijjani Reijnders La date de d\u00e9but devient claire comme \u00abl&#39;accord conclu\u00bb pour signer AC Milan Star","og_description":"Man City aurait conclu un accord avec l&#39;AC Milan pour signer le milieu de terrain Tijjani Reijnders cet \u00e9t\u00e9, et une date pour la conclusion","og_url":"https:\/\/footdavant.fr\/actualites\/homme-city-transfer-news-tijjani-reijnders-la-date-de-debut-devient-claire-comme-laccord-conclu-pour-signer-ac-milan-star\/","og_site_name":"Foot d&#039;avant","article_publisher":"https:\/\/www.facebook.com\/Footdavant\/","article_published_time":"2025-06-01T01:48:23+00:00","article_modified_time":"2025-06-01T01:48:25+00:00","og_image":[{"width":640,"height":480,"url":"https:\/\/footdavant.fr\/actualites\/wp-content\/uploads\/2025\/06\/Homme-City-Transfer-News-Tijjani-Reijnders-La-date-de-debut.jpg","type":"image\/jpeg"}],"author":"Cl\u00e9ment","twitter_card":"summary_large_image","twitter_creator":"@FootdavantFr","twitter_site":"@FootdavantFr","twitter_misc":{"\u00c9crit par":"Cl\u00e9ment","Dur\u00e9e de lecture estim\u00e9e":"3 minutes"},"schema":{"@context":"https:\/\/schema.org","@graph":[{"@type":"Article","@id":"https:\/\/footdavant.fr\/actualites\/homme-city-transfer-news-tijjani-reijnders-la-date-de-debut-devient-claire-comme-laccord-conclu-pour-signer-ac-milan-star\/#article","isPartOf":{"@id":"https:\/\/footdavant.fr\/actualites\/homme-city-transfer-news-tijjani-reijnders-la-date-de-debut-devient-claire-comme-laccord-conclu-pour-signer-ac-milan-star\/"},"author":{"name":"Cl\u00e9ment","@id":"https:\/\/footdavant.fr\/actualites\/#\/schema\/person\/bc222566d95871b37e597b3ed3ba5e1d"},"headline":"Homme City Transfer News: Tijjani Reijnders La date de d\u00e9but devient claire comme \u00abl&#39;accord conclu\u00bb pour signer AC Milan Star","datePublished":"2025-06-01T01:48:23+00:00","dateModified":"2025-06-01T01:48:25+00:00","mainEntityOfPage":{"@id":"https:\/\/footdavant.fr\/actualites\/homme-city-transfer-news-tijjani-reijnders-la-date-de-debut-devient-claire-comme-laccord-conclu-pour-signer-ac-milan-star\/"},"wordCount":615,"publisher":{"@id":"https:\/\/footdavant.fr\/actualites\/#organization"},"keywords":["City","claire","comme","conclu","date","d\u00e9but","devient","homme","l39accord","Milan","News","pour","Reijnders","signer","Star","Tijjani","Transfer"],"articleSection":["Premier League"],"inLanguage":"fr-FR"},{"@type":"WebPage","@id":"https:\/\/footdavant.fr\/actualites\/homme-city-transfer-news-tijjani-reijnders-la-date-de-debut-devient-claire-comme-laccord-conclu-pour-signer-ac-milan-star\/","url":"https:\/\/footdavant.fr\/actualites\/homme-city-transfer-news-tijjani-reijnders-la-date-de-debut-devient-claire-comme-laccord-conclu-pour-signer-ac-milan-star\/","name":"Homme City Transfer News: Tijjani Reijnders La date de d\u00e9but devient claire comme \u00abl&#39;accord conclu\u00bb pour signer AC Milan Star","isPartOf":{"@id":"https:\/\/footdavant.fr\/actualites\/#website"},"datePublished":"2025-06-01T01:48:23+00:00","dateModified":"2025-06-01T01:48:25+00:00","breadcrumb":{"@id":"https:\/\/footdavant.fr\/actualites\/homme-city-transfer-news-tijjani-reijnders-la-date-de-debut-devient-claire-comme-laccord-conclu-pour-signer-ac-milan-star\/#breadcrumb"},"inLanguage":"fr-FR","potentialAction":[{"@type":"ReadAction","target":["https:\/\/footdavant.fr\/actualites\/homme-city-transfer-news-tijjani-reijnders-la-date-de-debut-devient-claire-comme-laccord-conclu-pour-signer-ac-milan-star\/"]}]},{"@type":"BreadcrumbList","@id":"https:\/\/footdavant.fr\/actualites\/homme-city-transfer-news-tijjani-reijnders-la-date-de-debut-devient-claire-comme-laccord-conclu-pour-signer-ac-milan-star\/#breadcrumb","itemListElement":[{"@type":"ListItem","position":1,"name":"Accueil","item":"https:\/\/footdavant.fr\/actualites\/"},{"@type":"ListItem","position":2,"name":"Homme City Transfer News: Tijjani Reijnders La date de d\u00e9but devient claire comme \u00abl&#39;accord conclu\u00bb pour signer AC Milan Star"}]},{"@type":"WebSite","@id":"https:\/\/footdavant.fr\/actualites\/#website","url":"https:\/\/footdavant.fr\/actualites\/","name":"Foot d'avant","description":"","publisher":{"@id":"https:\/\/footdavant.fr\/actualites\/#organization"},"potentialAction":[{"@type":"SearchAction","target":{"@type":"EntryPoint","urlTemplate":"https:\/\/footdavant.fr\/actualites\/?s={search_term_string}"},"query-input":"required name=search_term_string"}],"inLanguage":"fr-FR"},{"@type":"Organization","@id":"https:\/\/footdavant.fr\/actualites\/#organization","name":"Foot d'avant","url":"https:\/\/footdavant.fr\/actualites\/","logo":{"@type":"ImageObject","inLanguage":"fr-FR","@id":"https:\/\/footdavant.fr\/actualites\/#\/schema\/logo\/image\/","url":"https:\/\/footdavant.fr\/actualites\/wp-content\/uploads\/2023\/09\/Copy-of-FootDavant-Logo.png","contentUrl":"https:\/\/footdavant.fr\/actualites\/wp-content\/uploads\/2023\/09\/Copy-of-FootDavant-Logo.png","width":936,"height":549,"caption":"Foot d'avant"},"image":{"@id":"https:\/\/footdavant.fr\/actualites\/#\/schema\/logo\/image\/"},"sameAs":["https:\/\/www.facebook.com\/Footdavant\/","https:\/\/twitter.com\/FootdavantFr","https:\/\/www.instagram.com\/footdavant.fr\/"]},{"@type":"Person","@id":"https:\/\/footdavant.fr\/actualites\/#\/schema\/person\/bc222566d95871b37e597b3ed3ba5e1d","name":"Cl\u00e9ment","image":{"@type":"ImageObject","inLanguage":"fr-FR","@id":"https:\/\/footdavant.fr\/actualites\/#\/schema\/person\/image\/","url":"https:\/\/secure.gravatar.com\/avatar\/7728b29aac2719421e1a9159b2254c44?s=96&d=mm&r=g","contentUrl":"https:\/\/secure.gravatar.com\/avatar\/7728b29aac2719421e1a9159b2254c44?s=96&d=mm&r=g","caption":"Cl\u00e9ment"},"sameAs":["https:\/\/footdavant.fr\/"]}]}},"_links":{"self":[{"href":"https:\/\/footdavant.fr\/actualites\/wp-json\/wp\/v2\/posts\/24563"}],"collection":[{"href":"https:\/\/footdavant.fr\/actualites\/wp-json\/wp\/v2\/posts"}],"about":[{"href":"https:\/\/footdavant.fr\/actualites\/wp-json\/wp\/v2\/types\/post"}],"author":[{"embeddable":true,"href":"https:\/\/footdavant.fr\/actualites\/wp-json\/wp\/v2\/users\/1"}],"replies":[{"embeddable":true,"href":"https:\/\/footdavant.fr\/actualites\/wp-json\/wp\/v2\/comments?post=24563"}],"version-history":[{"count":1,"href":"https:\/\/footdavant.fr\/actualites\/wp-json\/wp\/v2\/posts\/24563\/revisions"}],"predecessor-version":[{"id":24565,"href":"https:\/\/footdavant.fr\/actualites\/wp-json\/wp\/v2\/posts\/24563\/revisions\/24565"}],"wp:featuredmedia":[{"embeddable":true,"href":"https:\/\/footdavant.fr\/actualites\/wp-json\/wp\/v2\/media\/24564"}],"wp:attachment":[{"href":"https:\/\/footdavant.fr\/actualites\/wp-json\/wp\/v2\/media?parent=24563"}],"wp:term":[{"taxonomy":"category","embeddable":true,"href":"https:\/\/footdavant.fr\/actualites\/wp-json\/wp\/v2\/categories?post=24563"},{"taxonomy":"post_tag","embeddable":true,"href":"https:\/\/footdavant.fr\/actualites\/wp-json\/wp\/v2\/tags?post=24563"}],"curies":[{"name":"wp","href":"https:\/\/api.w.org\/{rel}","templated":true}]}}