{"id":24566,"date":"2025-06-01T05:48:26","date_gmt":"2025-06-01T03:48:26","guid":{"rendered":"https:\/\/footdavant.fr\/actualites\/jermall-charlo-revient-et-veut-se-battre-contre-canelo-apres-lusine-de-caleb\/"},"modified":"2025-06-01T05:48:27","modified_gmt":"2025-06-01T03:48:27","slug":"jermall-charlo-revient-et-veut-se-battre-contre-canelo-apres-lusine-de-caleb","status":"publish","type":"post","link":"https:\/\/footdavant.fr\/actualites\/jermall-charlo-revient-et-veut-se-battre-contre-canelo-apres-lusine-de-caleb\/","title":{"rendered":"Jermall Charlo revient et veut se battre contre Canelo apr\u00e8s l&#39;usine de Caleb"},"content":{"rendered":"<div>\n<h2>Jermall Charlo revient contre Thomas LaManna le 31 mai<\/h2>\n<p>Le 31 mai \u00e0 Las Vegas marque le retour de l&#39;ancien champion du monde \u00e0 deux division Jermall Charlo.<\/p>\n<p>\u00ab\u00a0 Hit Man &#39;&#39; n&#39;a combattu une seule fois au cours des quatre derni\u00e8res ann\u00e9es, mais devrait retourner sur le ring ce week-end alors qu&#39;il regarde d&#39;\u00e9normes affrontements \u00e0 l&#39;avenir dans la division des poids mi-moyens.<\/p>\n<p>Charlo, qui a remport\u00e9 des titres mondiaux \u00e0 154 livres et plus \u00e0 Middleweight, fera campagne \u00e0 168 livres \u00e0 l&#39;avenir.<\/p>\n<p>Le combattant am\u00e9ricain 33-0, qui a \u00e9galement 22 knockouts \u00e0 son nom, a fi\u00e8rement annonc\u00e9 lors de l&#39;entra\u00eenement ouvert de cette semaine \u00ab\u00a0I&#39;m Back Baby!\u00a0\u00bb Charlo a subi des probl\u00e8mes de sant\u00e9 mentale en dehors des cordes, d&#39;o\u00f9 sa longue p\u00e9riode d&#39;inactivit\u00e9 ces derni\u00e8res ann\u00e9es.<\/p>\n<p>Cependant, il est de retour une fois pour toutes et dit qu&#39;il se sent mieux que jamais. Le fr\u00e8re jumeau de Jermell Charlo vise \u00e0 remporter son 34e combat contre Thomas Lamanna le 31 mai \u00e0 la Michelob Ultra Arena \u00e0 Las Vegas.<\/p>\n<p>Le prochain combat de Jermall Charlo contre LaManna est celui qu&#39;il devrait gagner confortablement. Son adversaire, originaire du New Jersey, poss\u00e8de 39 victoires de ses 45 combinaisons. Malgr\u00e9 son solide record, il ne devrait pas \u00eatre \u00e0 la hauteur de Charlo s&#39;il est \u00e0 son meilleur.<\/p>\n<p>  a d\u00e9clar\u00e9 Charlo lors de l&#39;entra\u00eenement public avant le combat.<\/p>\n<\/p>\n<h2>Jermall Charlo Chasing &#39;Canelo&#39; Fight<\/h2>\n<p>S&#39;il faisait un retour r\u00e9ussi le 31 mai contre Thomas LaManna, toutes les routes pourraient conduire \u00e0 un super combat avec Saul &#39;Canelo&#39; Alvarez l&#39;ann\u00e9e prochaine pour Jermall Charlo.<\/p>\n<p>Le Mexican est actuellement le King Super-Minderse-poids incontest\u00e9, tout en \u00e9tant la plus grande star du sport. Sans parler du fait qu&#39;il reste l&#39;un des meilleurs combattants de livre pour livre de la plan\u00e8te.<\/p>\n<p>Maintenant, \u00abCanelo\u00bb a \u00e9t\u00e9 cibl\u00e9 par Jermall Charlo, le fr\u00e8re de Jermell que le Mexicain battait auparavant.<\/p>\n<p>S&#39;il faisait un retour r\u00e9ussi sur le ring apr\u00e8s deux ans, \u00ab\u00a0 Hit Man &#39;&#39; a r\u00e9v\u00e9l\u00e9 son d\u00e9sir de se venger de son fr\u00e8re jumeau et de battre &#39;Canelo&#39; avant de raccrocher ses gants.<\/p>\n<p>Au cours de la semaine de combat, Charlo a d\u00e9clar\u00e9 aux m\u00e9dias les plans qu&#39;il avait pour son retour, qui consiste \u00e0 gagner contre Lamna ce week-end, \u00e0 combattre Caleb Plant ensuite, puis \u00e0 faire face \u00e0 \u00abCanelo\u00bb avant de prendre sa retraite:<\/p>\n<p>  a r\u00e9v\u00e9l\u00e9 l&#39;homme de 35 ans.<\/p>\n<p>Le prochain combat de Canelo a \u00e9t\u00e9 confirm\u00e9 pour septembre contre Terence Crawford. S&#39;il gagne cela, une confrontation avec Charlo pourrait vraiment se produire \u00e0 un moment donn\u00e9 en 2026.<\/p>\n<p>Il y a bien s\u00fbr beaucoup de sites, mais mais maybes \u00e0 traverser avant, mais Canelo vs Charlo est une v\u00e9ritable possibilit\u00e9. Le temps nous dira si ce combat se concr\u00e9tise ou non.<\/p>\n<h3>&#39;Hit Man&#39; veut la confrontation de l&#39;usine Caleb ensuite<\/h3>\n<p>En plus de poursuivre un \u00e9norme combat avec le King Saul Saul \u00abCanelo\u00bb Alvarez, Jermall Charlo, Jermall Charlo, souhaite une \u00e9preuve de force avec une autre usine am\u00e9ricaine de Caleb.<\/p>\n<p>Plant, qui d\u00e9tenait auparavant le titre mondial de IBF World-Middleweights, tire en tire de la carte sur laquelle Charlo revient \u00e0 Las Vegas le 31 mai.<\/p>\n<p>\u00abSweet Hands\u00bb devrait \u00e9galement gagner son combat avec une relative facilit\u00e9, ce qui pourrait \u00e0 son tour mettre en place un \u00e9norme combat avec Charlo.<\/p>\n<p>Cela correspond \u00e0 ce que \u00ab\u00a0 Hit Man &#39;&#39; a d\u00e9clar\u00e9 avant le combat sur la victoire ce week-end, avant de monter sur le ring avec une plante, puis le grand Saul &#39;Canelo&#39; Alvarez.<\/p>\n<p>Il reste \u00e0 voir que ce plan fonctionne ou non. Cependant, le fait que Plant et Charlo figurent tous deux sur la m\u00eame carte dans la m\u00eame division de poids est certainement pr\u00e9-m\u00e9dit\u00e9.<\/p>\n<p>Les fans de boxe sont frustr\u00e9s que la conf\u00e9rence de presse du coup d&#39;envoi de Canelo vs Crawford ait \u00e9t\u00e9 pr\u00eate pour l&#39;Arabie saoudite, mais une confrontation contre Charlo, \u00e0 condition qu&#39;il bat \u00e0 la fois Lamanna et Plant, un fans allaitant dans les 12-18 prochains mois.<\/p>\n<p>Les doigts ont travers\u00e9 les deux hommes remportent leurs combats respectifs et nous obtenons ensuite Jermall Charlo contre Caleb, avant la confrontation potentielle de Charlo, s&#39;il battait l&#39;usine, contre \u00abCanelo\u00bb apr\u00e8s cela.<\/p>\n<\/p><\/div>\n","protected":false},"excerpt":{"rendered":"<p>Jermall Charlo revient contre Thomas LaManna le 31 mai Le 31 mai \u00e0 Las Vegas marque le retour de l&#39;ancien champion du monde \u00e0 deux<\/p>\n","protected":false},"author":1,"featured_media":24567,"comment_status":"closed","ping_status":"","sticky":false,"template":"","format":"standard","meta":{"footnotes":""},"categories":[3],"tags":[25,540,1992,9402,9401,20,9400,9403,518,600],"yoast_head":"<!-- This site is optimized with the Yoast SEO plugin v21.0 - https:\/\/yoast.com\/wordpress\/plugins\/seo\/ -->\n<title>Jermall Charlo revient et veut se battre contre Canelo apr\u00e8s l&#039;usine de Caleb<\/title>\n<meta name=\"robots\" content=\"index, follow, max-snippet:-1, max-image-preview:large, max-video-preview:-1\" \/>\n<link rel=\"canonical\" href=\"https:\/\/footdavant.fr\/actualites\/jermall-charlo-revient-et-veut-se-battre-contre-canelo-apres-lusine-de-caleb\/\" \/>\n<meta property=\"og:locale\" content=\"fr_FR\" \/>\n<meta property=\"og:type\" content=\"article\" \/>\n<meta property=\"og:title\" content=\"Jermall Charlo revient et veut se battre contre Canelo apr\u00e8s l&#039;usine de Caleb\" \/>\n<meta property=\"og:description\" content=\"Jermall Charlo revient contre Thomas LaManna le 31 mai Le 31 mai \u00e0 Las Vegas marque le retour de l&#039;ancien champion du monde \u00e0 deux\" \/>\n<meta property=\"og:url\" content=\"https:\/\/footdavant.fr\/actualites\/jermall-charlo-revient-et-veut-se-battre-contre-canelo-apres-lusine-de-caleb\/\" \/>\n<meta property=\"og:site_name\" content=\"Foot d&#039;avant\" \/>\n<meta property=\"article:publisher\" content=\"https:\/\/www.facebook.com\/Footdavant\/\" \/>\n<meta property=\"article:published_time\" content=\"2025-06-01T03:48:26+00:00\" \/>\n<meta property=\"article:modified_time\" content=\"2025-06-01T03:48:27+00:00\" \/>\n<meta property=\"og:image\" content=\"https:\/\/footdavant.fr\/actualites\/wp-content\/uploads\/2025\/06\/Jermall-Charlo-revient-et-veut-se-battre-contre-Canelo-apres.jpg\" \/>\n\t<meta property=\"og:image:width\" content=\"696\" \/>\n\t<meta property=\"og:image:height\" content=\"402\" \/>\n\t<meta property=\"og:image:type\" content=\"image\/jpeg\" \/>\n<meta name=\"author\" content=\"Cl\u00e9ment\" \/>\n<meta name=\"twitter:card\" content=\"summary_large_image\" \/>\n<meta name=\"twitter:creator\" content=\"@FootdavantFr\" \/>\n<meta name=\"twitter:site\" content=\"@FootdavantFr\" \/>\n<meta name=\"twitter:label1\" content=\"\u00c9crit par\" \/>\n\t<meta name=\"twitter:data1\" content=\"Cl\u00e9ment\" \/>\n\t<meta name=\"twitter:label2\" content=\"Dur\u00e9e de lecture estim\u00e9e\" \/>\n\t<meta name=\"twitter:data2\" content=\"4 minutes\" \/>\n<script type=\"application\/ld+json\" class=\"yoast-schema-graph\">{\"@context\":\"https:\/\/schema.org\",\"@graph\":[{\"@type\":\"Article\",\"@id\":\"https:\/\/footdavant.fr\/actualites\/jermall-charlo-revient-et-veut-se-battre-contre-canelo-apres-lusine-de-caleb\/#article\",\"isPartOf\":{\"@id\":\"https:\/\/footdavant.fr\/actualites\/jermall-charlo-revient-et-veut-se-battre-contre-canelo-apres-lusine-de-caleb\/\"},\"author\":{\"name\":\"Cl\u00e9ment\",\"@id\":\"https:\/\/footdavant.fr\/actualites\/#\/schema\/person\/bc222566d95871b37e597b3ed3ba5e1d\"},\"headline\":\"Jermall Charlo revient et veut se battre contre Canelo apr\u00e8s l&#39;usine de Caleb\",\"datePublished\":\"2025-06-01T03:48:26+00:00\",\"dateModified\":\"2025-06-01T03:48:27+00:00\",\"mainEntityOfPage\":{\"@id\":\"https:\/\/footdavant.fr\/actualites\/jermall-charlo-revient-et-veut-se-battre-contre-canelo-apres-lusine-de-caleb\/\"},\"wordCount\":737,\"publisher\":{\"@id\":\"https:\/\/footdavant.fr\/actualites\/#organization\"},\"keywords\":[\"apr\u00e8s\",\"battre\",\"Caleb\",\"Canelo\",\"Charlo\",\"contre\",\"Jermall\",\"l39usine\",\"revient\",\"veut\"],\"articleSection\":[\"Football\"],\"inLanguage\":\"fr-FR\"},{\"@type\":\"WebPage\",\"@id\":\"https:\/\/footdavant.fr\/actualites\/jermall-charlo-revient-et-veut-se-battre-contre-canelo-apres-lusine-de-caleb\/\",\"url\":\"https:\/\/footdavant.fr\/actualites\/jermall-charlo-revient-et-veut-se-battre-contre-canelo-apres-lusine-de-caleb\/\",\"name\":\"Jermall Charlo revient et veut se battre contre Canelo apr\u00e8s l&#39;usine de Caleb\",\"isPartOf\":{\"@id\":\"https:\/\/footdavant.fr\/actualites\/#website\"},\"datePublished\":\"2025-06-01T03:48:26+00:00\",\"dateModified\":\"2025-06-01T03:48:27+00:00\",\"breadcrumb\":{\"@id\":\"https:\/\/footdavant.fr\/actualites\/jermall-charlo-revient-et-veut-se-battre-contre-canelo-apres-lusine-de-caleb\/#breadcrumb\"},\"inLanguage\":\"fr-FR\",\"potentialAction\":[{\"@type\":\"ReadAction\",\"target\":[\"https:\/\/footdavant.fr\/actualites\/jermall-charlo-revient-et-veut-se-battre-contre-canelo-apres-lusine-de-caleb\/\"]}]},{\"@type\":\"BreadcrumbList\",\"@id\":\"https:\/\/footdavant.fr\/actualites\/jermall-charlo-revient-et-veut-se-battre-contre-canelo-apres-lusine-de-caleb\/#breadcrumb\",\"itemListElement\":[{\"@type\":\"ListItem\",\"position\":1,\"name\":\"Accueil\",\"item\":\"https:\/\/footdavant.fr\/actualites\/\"},{\"@type\":\"ListItem\",\"position\":2,\"name\":\"Jermall Charlo revient et veut se battre contre Canelo apr\u00e8s l&#39;usine de Caleb\"}]},{\"@type\":\"WebSite\",\"@id\":\"https:\/\/footdavant.fr\/actualites\/#website\",\"url\":\"https:\/\/footdavant.fr\/actualites\/\",\"name\":\"Foot d'avant\",\"description\":\"\",\"publisher\":{\"@id\":\"https:\/\/footdavant.fr\/actualites\/#organization\"},\"potentialAction\":[{\"@type\":\"SearchAction\",\"target\":{\"@type\":\"EntryPoint\",\"urlTemplate\":\"https:\/\/footdavant.fr\/actualites\/?s={search_term_string}\"},\"query-input\":\"required name=search_term_string\"}],\"inLanguage\":\"fr-FR\"},{\"@type\":\"Organization\",\"@id\":\"https:\/\/footdavant.fr\/actualites\/#organization\",\"name\":\"Foot d'avant\",\"url\":\"https:\/\/footdavant.fr\/actualites\/\",\"logo\":{\"@type\":\"ImageObject\",\"inLanguage\":\"fr-FR\",\"@id\":\"https:\/\/footdavant.fr\/actualites\/#\/schema\/logo\/image\/\",\"url\":\"https:\/\/footdavant.fr\/actualites\/wp-content\/uploads\/2023\/09\/Copy-of-FootDavant-Logo.png\",\"contentUrl\":\"https:\/\/footdavant.fr\/actualites\/wp-content\/uploads\/2023\/09\/Copy-of-FootDavant-Logo.png\",\"width\":936,\"height\":549,\"caption\":\"Foot d'avant\"},\"image\":{\"@id\":\"https:\/\/footdavant.fr\/actualites\/#\/schema\/logo\/image\/\"},\"sameAs\":[\"https:\/\/www.facebook.com\/Footdavant\/\",\"https:\/\/twitter.com\/FootdavantFr\",\"https:\/\/www.instagram.com\/footdavant.fr\/\"]},{\"@type\":\"Person\",\"@id\":\"https:\/\/footdavant.fr\/actualites\/#\/schema\/person\/bc222566d95871b37e597b3ed3ba5e1d\",\"name\":\"Cl\u00e9ment\",\"image\":{\"@type\":\"ImageObject\",\"inLanguage\":\"fr-FR\",\"@id\":\"https:\/\/footdavant.fr\/actualites\/#\/schema\/person\/image\/\",\"url\":\"https:\/\/secure.gravatar.com\/avatar\/7728b29aac2719421e1a9159b2254c44?s=96&d=mm&r=g\",\"contentUrl\":\"https:\/\/secure.gravatar.com\/avatar\/7728b29aac2719421e1a9159b2254c44?s=96&d=mm&r=g\",\"caption\":\"Cl\u00e9ment\"},\"sameAs\":[\"https:\/\/footdavant.fr\/\"]}]}<\/script>\n<!-- \/ Yoast SEO plugin. -->","yoast_head_json":{"title":"Jermall Charlo revient et veut se battre contre Canelo apr\u00e8s l&#39;usine de Caleb","robots":{"index":"index","follow":"follow","max-snippet":"max-snippet:-1","max-image-preview":"max-image-preview:large","max-video-preview":"max-video-preview:-1"},"canonical":"https:\/\/footdavant.fr\/actualites\/jermall-charlo-revient-et-veut-se-battre-contre-canelo-apres-lusine-de-caleb\/","og_locale":"fr_FR","og_type":"article","og_title":"Jermall Charlo revient et veut se battre contre Canelo apr\u00e8s l&#39;usine de Caleb","og_description":"Jermall Charlo revient contre Thomas LaManna le 31 mai Le 31 mai \u00e0 Las Vegas marque le retour de l&#39;ancien champion du monde \u00e0 deux","og_url":"https:\/\/footdavant.fr\/actualites\/jermall-charlo-revient-et-veut-se-battre-contre-canelo-apres-lusine-de-caleb\/","og_site_name":"Foot d&#039;avant","article_publisher":"https:\/\/www.facebook.com\/Footdavant\/","article_published_time":"2025-06-01T03:48:26+00:00","article_modified_time":"2025-06-01T03:48:27+00:00","og_image":[{"width":696,"height":402,"url":"https:\/\/footdavant.fr\/actualites\/wp-content\/uploads\/2025\/06\/Jermall-Charlo-revient-et-veut-se-battre-contre-Canelo-apres.jpg","type":"image\/jpeg"}],"author":"Cl\u00e9ment","twitter_card":"summary_large_image","twitter_creator":"@FootdavantFr","twitter_site":"@FootdavantFr","twitter_misc":{"\u00c9crit par":"Cl\u00e9ment","Dur\u00e9e de lecture estim\u00e9e":"4 minutes"},"schema":{"@context":"https:\/\/schema.org","@graph":[{"@type":"Article","@id":"https:\/\/footdavant.fr\/actualites\/jermall-charlo-revient-et-veut-se-battre-contre-canelo-apres-lusine-de-caleb\/#article","isPartOf":{"@id":"https:\/\/footdavant.fr\/actualites\/jermall-charlo-revient-et-veut-se-battre-contre-canelo-apres-lusine-de-caleb\/"},"author":{"name":"Cl\u00e9ment","@id":"https:\/\/footdavant.fr\/actualites\/#\/schema\/person\/bc222566d95871b37e597b3ed3ba5e1d"},"headline":"Jermall Charlo revient et veut se battre contre Canelo apr\u00e8s l&#39;usine de Caleb","datePublished":"2025-06-01T03:48:26+00:00","dateModified":"2025-06-01T03:48:27+00:00","mainEntityOfPage":{"@id":"https:\/\/footdavant.fr\/actualites\/jermall-charlo-revient-et-veut-se-battre-contre-canelo-apres-lusine-de-caleb\/"},"wordCount":737,"publisher":{"@id":"https:\/\/footdavant.fr\/actualites\/#organization"},"keywords":["apr\u00e8s","battre","Caleb","Canelo","Charlo","contre","Jermall","l39usine","revient","veut"],"articleSection":["Football"],"inLanguage":"fr-FR"},{"@type":"WebPage","@id":"https:\/\/footdavant.fr\/actualites\/jermall-charlo-revient-et-veut-se-battre-contre-canelo-apres-lusine-de-caleb\/","url":"https:\/\/footdavant.fr\/actualites\/jermall-charlo-revient-et-veut-se-battre-contre-canelo-apres-lusine-de-caleb\/","name":"Jermall Charlo revient et veut se battre contre Canelo apr\u00e8s l&#39;usine de Caleb","isPartOf":{"@id":"https:\/\/footdavant.fr\/actualites\/#website"},"datePublished":"2025-06-01T03:48:26+00:00","dateModified":"2025-06-01T03:48:27+00:00","breadcrumb":{"@id":"https:\/\/footdavant.fr\/actualites\/jermall-charlo-revient-et-veut-se-battre-contre-canelo-apres-lusine-de-caleb\/#breadcrumb"},"inLanguage":"fr-FR","potentialAction":[{"@type":"ReadAction","target":["https:\/\/footdavant.fr\/actualites\/jermall-charlo-revient-et-veut-se-battre-contre-canelo-apres-lusine-de-caleb\/"]}]},{"@type":"BreadcrumbList","@id":"https:\/\/footdavant.fr\/actualites\/jermall-charlo-revient-et-veut-se-battre-contre-canelo-apres-lusine-de-caleb\/#breadcrumb","itemListElement":[{"@type":"ListItem","position":1,"name":"Accueil","item":"https:\/\/footdavant.fr\/actualites\/"},{"@type":"ListItem","position":2,"name":"Jermall Charlo revient et veut se battre contre Canelo apr\u00e8s l&#39;usine de Caleb"}]},{"@type":"WebSite","@id":"https:\/\/footdavant.fr\/actualites\/#website","url":"https:\/\/footdavant.fr\/actualites\/","name":"Foot d'avant","description":"","publisher":{"@id":"https:\/\/footdavant.fr\/actualites\/#organization"},"potentialAction":[{"@type":"SearchAction","target":{"@type":"EntryPoint","urlTemplate":"https:\/\/footdavant.fr\/actualites\/?s={search_term_string}"},"query-input":"required name=search_term_string"}],"inLanguage":"fr-FR"},{"@type":"Organization","@id":"https:\/\/footdavant.fr\/actualites\/#organization","name":"Foot d'avant","url":"https:\/\/footdavant.fr\/actualites\/","logo":{"@type":"ImageObject","inLanguage":"fr-FR","@id":"https:\/\/footdavant.fr\/actualites\/#\/schema\/logo\/image\/","url":"https:\/\/footdavant.fr\/actualites\/wp-content\/uploads\/2023\/09\/Copy-of-FootDavant-Logo.png","contentUrl":"https:\/\/footdavant.fr\/actualites\/wp-content\/uploads\/2023\/09\/Copy-of-FootDavant-Logo.png","width":936,"height":549,"caption":"Foot d'avant"},"image":{"@id":"https:\/\/footdavant.fr\/actualites\/#\/schema\/logo\/image\/"},"sameAs":["https:\/\/www.facebook.com\/Footdavant\/","https:\/\/twitter.com\/FootdavantFr","https:\/\/www.instagram.com\/footdavant.fr\/"]},{"@type":"Person","@id":"https:\/\/footdavant.fr\/actualites\/#\/schema\/person\/bc222566d95871b37e597b3ed3ba5e1d","name":"Cl\u00e9ment","image":{"@type":"ImageObject","inLanguage":"fr-FR","@id":"https:\/\/footdavant.fr\/actualites\/#\/schema\/person\/image\/","url":"https:\/\/secure.gravatar.com\/avatar\/7728b29aac2719421e1a9159b2254c44?s=96&d=mm&r=g","contentUrl":"https:\/\/secure.gravatar.com\/avatar\/7728b29aac2719421e1a9159b2254c44?s=96&d=mm&r=g","caption":"Cl\u00e9ment"},"sameAs":["https:\/\/footdavant.fr\/"]}]}},"_links":{"self":[{"href":"https:\/\/footdavant.fr\/actualites\/wp-json\/wp\/v2\/posts\/24566"}],"collection":[{"href":"https:\/\/footdavant.fr\/actualites\/wp-json\/wp\/v2\/posts"}],"about":[{"href":"https:\/\/footdavant.fr\/actualites\/wp-json\/wp\/v2\/types\/post"}],"author":[{"embeddable":true,"href":"https:\/\/footdavant.fr\/actualites\/wp-json\/wp\/v2\/users\/1"}],"replies":[{"embeddable":true,"href":"https:\/\/footdavant.fr\/actualites\/wp-json\/wp\/v2\/comments?post=24566"}],"version-history":[{"count":1,"href":"https:\/\/footdavant.fr\/actualites\/wp-json\/wp\/v2\/posts\/24566\/revisions"}],"predecessor-version":[{"id":24568,"href":"https:\/\/footdavant.fr\/actualites\/wp-json\/wp\/v2\/posts\/24566\/revisions\/24568"}],"wp:featuredmedia":[{"embeddable":true,"href":"https:\/\/footdavant.fr\/actualites\/wp-json\/wp\/v2\/media\/24567"}],"wp:attachment":[{"href":"https:\/\/footdavant.fr\/actualites\/wp-json\/wp\/v2\/media?parent=24566"}],"wp:term":[{"taxonomy":"category","embeddable":true,"href":"https:\/\/footdavant.fr\/actualites\/wp-json\/wp\/v2\/categories?post=24566"},{"taxonomy":"post_tag","embeddable":true,"href":"https:\/\/footdavant.fr\/actualites\/wp-json\/wp\/v2\/tags?post=24566"}],"curies":[{"name":"wp","href":"https:\/\/api.w.org\/{rel}","templated":true}]}}