{"id":2464,"date":"2023-12-14T10:49:03","date_gmt":"2023-12-14T09:49:03","guid":{"rendered":"https:\/\/footdavant.fr\/actualites\/brentford-identifie-t-il-kyogo-furuhashi-du-celtic-comme-remplacant-divan-toney\/"},"modified":"2023-12-14T10:49:03","modified_gmt":"2023-12-14T09:49:03","slug":"brentford-identifie-t-il-kyogo-furuhashi-du-celtic-comme-remplacant-divan-toney","status":"publish","type":"post","link":"https:\/\/footdavant.fr\/actualites\/brentford-identifie-t-il-kyogo-furuhashi-du-celtic-comme-remplacant-divan-toney\/","title":{"rendered":"Brentford identifie-t-il Kyogo Furuhashi du Celtic comme rempla\u00e7ant d&rsquo;Ivan Toney ?"},"content":{"rendered":"<p>Brentford aurait identifi\u00e9 l&rsquo;attaquant du Celtic Kyogo Furuhashi comme rempla\u00e7ant potentiel d&rsquo;Ivan Toney.<\/p>\n<div id=\"article_body\" itemprop=\"articleBody\">\n<h3 class=\"firstPara\">\n<strong class=\"autotag\">Brentford<\/strong> auraient identifi\u00e9 <strong class=\"autotag\">Kyogo Furuhashi<\/strong> en remplacement potentiel de <strong class=\"autotag\">Ivan Toney<\/strong>.<\/h3>\n<p>L&rsquo;international anglais est entr\u00e9 dans la phase finale d&rsquo;une interdiction de parier de huit mois qui le maintient hors de combat depuis mai.<\/p>\n<p>L&rsquo;interdiction de Toney devant expirer \u00e0 la mi-janvier, son avenir devrait devenir un sujet de discussion majeur lors de la fen\u00eatre de transfert hivernale.<\/p>\n<p>Des joueurs comme Arsenal, Chelsea et Manchester United sont tous li\u00e9s \u00e0 l&rsquo;attaquant de Brentford, dont le contrat court jusqu&rsquo;en juin 2025.<\/p>\n<p>Bien que les Bees soient r\u00e9ticents \u00e0 se s\u00e9parer de Toney dans la fen\u00eatre de janvier, ils \u00e9valuent toujours des cibles potentielles au cas o\u00f9 le joueur de 28 ans partirait au cours de la nouvelle ann\u00e9e.<\/p>\n<p class=\"imgI\">\n<p>Selon <em>Discussion en \u00e9quipe<\/em>Brentford envisage <strong class=\"autotag\">celtique<\/strong>Furuhashi de est l&rsquo;une des trois options avanc\u00e9es possibles pour la fen\u00eatre de janvier.<\/p>\n<p>L&rsquo;international japonais a fait 23 apparitions en comp\u00e9tition pour <strong class=\"autotag\">Brendan Rodgers<\/strong>cette saison, marquant huit buts et fournissant trois passes d\u00e9cisives. <\/p>\n<p>Au total, Furuhashi a marqu\u00e9 62 fois et contribu\u00e9 13 passes d\u00e9cisives en 106 matches depuis qu&rsquo;il a rejoint le Celtic en provenance du Vissel Kobe en 2021.<\/p>\n<p>Alors que Brentford a identifi\u00e9 Furuhashi comme une personne d&rsquo;int\u00e9r\u00eat, les exigences financi\u00e8res du Celtic pourraient s&rsquo;av\u00e9rer \u00eatre une pierre d&rsquo;achoppement.<\/p>\n<p>Les champions \u00e9cossais fixeront probablement un prix demand\u00e9 important, l\u2019attaquant \u00e9tant sous contrat jusqu\u2019\u00e0 l\u2019\u00e9t\u00e9 2027.<\/p>\n<p class=\"imgI\"><img decoding=\"async\" loading=\"lazy\" class=\"l\" src=\"https:\/\/footdavant.fr\/actualites\/wp-content\/uploads\/2023\/12\/1702547343_159_Brentford-identifie-t-il-Kyogo-Furuhashi-du-Celtic-comme-remplacant-dIvan-Toney.jpg\" title=\"Le manager de Brentford, Thomas Frank, c\u00e9l\u00e8bre apr\u00e8s le match du 21 octobre 2023\" alt=\"Le manager de Brentford, Thomas Frank, c\u00e9l\u00e8bre apr\u00e8s le match du 21 octobre 2023\" width=\"640\" height=\"480\"><\/p>\n<p>En plus de Furuhashi, <strong class=\"autotag\">Thomas Franck<\/strong>du c\u00f4t\u00e9 de gardent \u00e9galement un \u0153il sur <strong class=\"autotag\">V\u00e9lez Sarsfield<\/strong>l&rsquo;attaquant de 19 ans, <strong class=\"autotag\">Santiago Castro<\/strong>.<\/p>\n<p>Castro n&rsquo;est pas consid\u00e9r\u00e9 comme un rempla\u00e7ant direct de Toney en raison de son jeune \u00e2ge, mais les Bees pensent qu&rsquo;il pourrait offrir un meilleur rapport qualit\u00e9-prix que Furuhashi en raison de son potentiel.<\/p>\n<p>Pendant ce temps, Brentford manifeste \u00e9galement son int\u00e9r\u00eat pour <strong class=\"autotag\">Rome<\/strong>c&rsquo;est <strong class=\"autotag\">Andrea Belotti<\/strong>qui pourrait \u00eatre \u00e0 la recherche de plus de temps de jeu.<\/p>\n<p>Avec le patron de Rome <strong class=\"autotag\">Jos\u00e9 Mourinho<\/strong> favorisant <strong class=\"autotag\">Romelu Lukaku<\/strong> En tant qu&rsquo;attaquant de premier choix, Belotti n&rsquo;a d\u00fb se contenter que de quatre titularisations en Serie A cette saison. <\/p>\n<p>On pense que Belotti pourrait \u00eatre disponible pour aussi peu que 10 millions de livres sterling avec moins de deux ans restant sur son contrat avec la Roma.<\/p>\n<\/div>\n","protected":false},"excerpt":{"rendered":"<p>Brentford aurait identifi\u00e9 l&rsquo;attaquant du Celtic Kyogo Furuhashi comme rempla\u00e7ant potentiel d&rsquo;Ivan Toney. Brentford auraient identifi\u00e9 Kyogo Furuhashi en remplacement potentiel de Ivan Toney. L&rsquo;international<\/p>\n","protected":false},"author":1,"featured_media":2465,"comment_status":"closed","ping_status":"","sticky":false,"template":"","format":"standard","meta":{"footnotes":""},"categories":[5],"tags":[52,413,990,2216,2215,2213,2214,1352,77],"yoast_head":"<!-- This site is optimized with the Yoast SEO plugin v21.0 - https:\/\/yoast.com\/wordpress\/plugins\/seo\/ -->\n<title>Brentford identifie-t-il Kyogo Furuhashi du Celtic comme rempla\u00e7ant d&#039;Ivan Toney ?<\/title>\n<meta name=\"robots\" content=\"index, follow, max-snippet:-1, max-image-preview:large, max-video-preview:-1\" \/>\n<link rel=\"canonical\" href=\"https:\/\/footdavant.fr\/actualites\/brentford-identifie-t-il-kyogo-furuhashi-du-celtic-comme-remplacant-divan-toney\/\" \/>\n<meta property=\"og:locale\" content=\"fr_FR\" \/>\n<meta property=\"og:type\" content=\"article\" \/>\n<meta property=\"og:title\" content=\"Brentford identifie-t-il Kyogo Furuhashi du Celtic comme rempla\u00e7ant d&#039;Ivan Toney ?\" \/>\n<meta property=\"og:description\" content=\"Brentford aurait identifi\u00e9 l&rsquo;attaquant du Celtic Kyogo Furuhashi comme rempla\u00e7ant potentiel d&rsquo;Ivan Toney. Brentford auraient identifi\u00e9 Kyogo Furuhashi en remplacement potentiel de Ivan Toney. L&rsquo;international\" \/>\n<meta property=\"og:url\" content=\"https:\/\/footdavant.fr\/actualites\/brentford-identifie-t-il-kyogo-furuhashi-du-celtic-comme-remplacant-divan-toney\/\" \/>\n<meta property=\"og:site_name\" content=\"Foot d&#039;avant\" \/>\n<meta property=\"article:publisher\" content=\"https:\/\/www.facebook.com\/Footdavant\/\" \/>\n<meta property=\"article:published_time\" content=\"2023-12-14T09:49:03+00:00\" \/>\n<meta property=\"og:image\" content=\"https:\/\/footdavant.fr\/actualites\/wp-content\/uploads\/2023\/12\/Brentford-identifie-t-il-Kyogo-Furuhashi-du-Celtic-comme-remplacant-dIvan-Toney.jpg\" \/>\n\t<meta property=\"og:image:width\" content=\"640\" \/>\n\t<meta property=\"og:image:height\" content=\"480\" \/>\n\t<meta property=\"og:image:type\" content=\"image\/jpeg\" \/>\n<meta name=\"author\" content=\"Cl\u00e9ment\" \/>\n<meta name=\"twitter:card\" content=\"summary_large_image\" \/>\n<meta name=\"twitter:creator\" content=\"@FootdavantFr\" \/>\n<meta name=\"twitter:site\" content=\"@FootdavantFr\" \/>\n<meta name=\"twitter:label1\" content=\"\u00c9crit par\" \/>\n\t<meta name=\"twitter:data1\" content=\"Cl\u00e9ment\" \/>\n\t<meta name=\"twitter:label2\" content=\"Dur\u00e9e de lecture estim\u00e9e\" \/>\n\t<meta name=\"twitter:data2\" content=\"2 minutes\" \/>\n<script type=\"application\/ld+json\" class=\"yoast-schema-graph\">{\"@context\":\"https:\/\/schema.org\",\"@graph\":[{\"@type\":\"Article\",\"@id\":\"https:\/\/footdavant.fr\/actualites\/brentford-identifie-t-il-kyogo-furuhashi-du-celtic-comme-remplacant-divan-toney\/#article\",\"isPartOf\":{\"@id\":\"https:\/\/footdavant.fr\/actualites\/brentford-identifie-t-il-kyogo-furuhashi-du-celtic-comme-remplacant-divan-toney\/\"},\"author\":{\"name\":\"Cl\u00e9ment\",\"@id\":\"https:\/\/footdavant.fr\/actualites\/#\/schema\/person\/bc222566d95871b37e597b3ed3ba5e1d\"},\"headline\":\"Brentford identifie-t-il Kyogo Furuhashi du Celtic comme rempla\u00e7ant d&rsquo;Ivan Toney ?\",\"datePublished\":\"2023-12-14T09:49:03+00:00\",\"dateModified\":\"2023-12-14T09:49:03+00:00\",\"mainEntityOfPage\":{\"@id\":\"https:\/\/footdavant.fr\/actualites\/brentford-identifie-t-il-kyogo-furuhashi-du-celtic-comme-remplacant-divan-toney\/\"},\"wordCount\":391,\"publisher\":{\"@id\":\"https:\/\/footdavant.fr\/actualites\/#organization\"},\"keywords\":[\"Brentford\",\"Celtic\",\"comme\",\"dIvan\",\"Furuhashi\",\"identifietil\",\"Kyogo\",\"rempla\u00e7ant\",\"Toney\"],\"articleSection\":[\"Premier League\"],\"inLanguage\":\"fr-FR\"},{\"@type\":\"WebPage\",\"@id\":\"https:\/\/footdavant.fr\/actualites\/brentford-identifie-t-il-kyogo-furuhashi-du-celtic-comme-remplacant-divan-toney\/\",\"url\":\"https:\/\/footdavant.fr\/actualites\/brentford-identifie-t-il-kyogo-furuhashi-du-celtic-comme-remplacant-divan-toney\/\",\"name\":\"Brentford identifie-t-il Kyogo Furuhashi du Celtic comme rempla\u00e7ant d'Ivan Toney ?\",\"isPartOf\":{\"@id\":\"https:\/\/footdavant.fr\/actualites\/#website\"},\"datePublished\":\"2023-12-14T09:49:03+00:00\",\"dateModified\":\"2023-12-14T09:49:03+00:00\",\"breadcrumb\":{\"@id\":\"https:\/\/footdavant.fr\/actualites\/brentford-identifie-t-il-kyogo-furuhashi-du-celtic-comme-remplacant-divan-toney\/#breadcrumb\"},\"inLanguage\":\"fr-FR\",\"potentialAction\":[{\"@type\":\"ReadAction\",\"target\":[\"https:\/\/footdavant.fr\/actualites\/brentford-identifie-t-il-kyogo-furuhashi-du-celtic-comme-remplacant-divan-toney\/\"]}]},{\"@type\":\"BreadcrumbList\",\"@id\":\"https:\/\/footdavant.fr\/actualites\/brentford-identifie-t-il-kyogo-furuhashi-du-celtic-comme-remplacant-divan-toney\/#breadcrumb\",\"itemListElement\":[{\"@type\":\"ListItem\",\"position\":1,\"name\":\"Accueil\",\"item\":\"https:\/\/footdavant.fr\/actualites\/\"},{\"@type\":\"ListItem\",\"position\":2,\"name\":\"Brentford identifie-t-il Kyogo Furuhashi du Celtic comme rempla\u00e7ant d&rsquo;Ivan Toney ?\"}]},{\"@type\":\"WebSite\",\"@id\":\"https:\/\/footdavant.fr\/actualites\/#website\",\"url\":\"https:\/\/footdavant.fr\/actualites\/\",\"name\":\"Foot d'avant\",\"description\":\"\",\"publisher\":{\"@id\":\"https:\/\/footdavant.fr\/actualites\/#organization\"},\"potentialAction\":[{\"@type\":\"SearchAction\",\"target\":{\"@type\":\"EntryPoint\",\"urlTemplate\":\"https:\/\/footdavant.fr\/actualites\/?s={search_term_string}\"},\"query-input\":\"required name=search_term_string\"}],\"inLanguage\":\"fr-FR\"},{\"@type\":\"Organization\",\"@id\":\"https:\/\/footdavant.fr\/actualites\/#organization\",\"name\":\"Foot d'avant\",\"url\":\"https:\/\/footdavant.fr\/actualites\/\",\"logo\":{\"@type\":\"ImageObject\",\"inLanguage\":\"fr-FR\",\"@id\":\"https:\/\/footdavant.fr\/actualites\/#\/schema\/logo\/image\/\",\"url\":\"https:\/\/footdavant.fr\/actualites\/wp-content\/uploads\/2023\/09\/Copy-of-FootDavant-Logo.png\",\"contentUrl\":\"https:\/\/footdavant.fr\/actualites\/wp-content\/uploads\/2023\/09\/Copy-of-FootDavant-Logo.png\",\"width\":936,\"height\":549,\"caption\":\"Foot d'avant\"},\"image\":{\"@id\":\"https:\/\/footdavant.fr\/actualites\/#\/schema\/logo\/image\/\"},\"sameAs\":[\"https:\/\/www.facebook.com\/Footdavant\/\",\"https:\/\/twitter.com\/FootdavantFr\",\"https:\/\/www.instagram.com\/footdavant.fr\/\"]},{\"@type\":\"Person\",\"@id\":\"https:\/\/footdavant.fr\/actualites\/#\/schema\/person\/bc222566d95871b37e597b3ed3ba5e1d\",\"name\":\"Cl\u00e9ment\",\"image\":{\"@type\":\"ImageObject\",\"inLanguage\":\"fr-FR\",\"@id\":\"https:\/\/footdavant.fr\/actualites\/#\/schema\/person\/image\/\",\"url\":\"https:\/\/secure.gravatar.com\/avatar\/7728b29aac2719421e1a9159b2254c44?s=96&d=mm&r=g\",\"contentUrl\":\"https:\/\/secure.gravatar.com\/avatar\/7728b29aac2719421e1a9159b2254c44?s=96&d=mm&r=g\",\"caption\":\"Cl\u00e9ment\"},\"sameAs\":[\"https:\/\/footdavant.fr\/\"]}]}<\/script>\n<!-- \/ Yoast SEO plugin. -->","yoast_head_json":{"title":"Brentford identifie-t-il Kyogo Furuhashi du Celtic comme rempla\u00e7ant d'Ivan Toney ?","robots":{"index":"index","follow":"follow","max-snippet":"max-snippet:-1","max-image-preview":"max-image-preview:large","max-video-preview":"max-video-preview:-1"},"canonical":"https:\/\/footdavant.fr\/actualites\/brentford-identifie-t-il-kyogo-furuhashi-du-celtic-comme-remplacant-divan-toney\/","og_locale":"fr_FR","og_type":"article","og_title":"Brentford identifie-t-il Kyogo Furuhashi du Celtic comme rempla\u00e7ant d'Ivan Toney ?","og_description":"Brentford aurait identifi\u00e9 l&rsquo;attaquant du Celtic Kyogo Furuhashi comme rempla\u00e7ant potentiel d&rsquo;Ivan Toney. Brentford auraient identifi\u00e9 Kyogo Furuhashi en remplacement potentiel de Ivan Toney. L&rsquo;international","og_url":"https:\/\/footdavant.fr\/actualites\/brentford-identifie-t-il-kyogo-furuhashi-du-celtic-comme-remplacant-divan-toney\/","og_site_name":"Foot d&#039;avant","article_publisher":"https:\/\/www.facebook.com\/Footdavant\/","article_published_time":"2023-12-14T09:49:03+00:00","og_image":[{"width":640,"height":480,"url":"https:\/\/footdavant.fr\/actualites\/wp-content\/uploads\/2023\/12\/Brentford-identifie-t-il-Kyogo-Furuhashi-du-Celtic-comme-remplacant-dIvan-Toney.jpg","type":"image\/jpeg"}],"author":"Cl\u00e9ment","twitter_card":"summary_large_image","twitter_creator":"@FootdavantFr","twitter_site":"@FootdavantFr","twitter_misc":{"\u00c9crit par":"Cl\u00e9ment","Dur\u00e9e de lecture estim\u00e9e":"2 minutes"},"schema":{"@context":"https:\/\/schema.org","@graph":[{"@type":"Article","@id":"https:\/\/footdavant.fr\/actualites\/brentford-identifie-t-il-kyogo-furuhashi-du-celtic-comme-remplacant-divan-toney\/#article","isPartOf":{"@id":"https:\/\/footdavant.fr\/actualites\/brentford-identifie-t-il-kyogo-furuhashi-du-celtic-comme-remplacant-divan-toney\/"},"author":{"name":"Cl\u00e9ment","@id":"https:\/\/footdavant.fr\/actualites\/#\/schema\/person\/bc222566d95871b37e597b3ed3ba5e1d"},"headline":"Brentford identifie-t-il Kyogo Furuhashi du Celtic comme rempla\u00e7ant d&rsquo;Ivan Toney ?","datePublished":"2023-12-14T09:49:03+00:00","dateModified":"2023-12-14T09:49:03+00:00","mainEntityOfPage":{"@id":"https:\/\/footdavant.fr\/actualites\/brentford-identifie-t-il-kyogo-furuhashi-du-celtic-comme-remplacant-divan-toney\/"},"wordCount":391,"publisher":{"@id":"https:\/\/footdavant.fr\/actualites\/#organization"},"keywords":["Brentford","Celtic","comme","dIvan","Furuhashi","identifietil","Kyogo","rempla\u00e7ant","Toney"],"articleSection":["Premier League"],"inLanguage":"fr-FR"},{"@type":"WebPage","@id":"https:\/\/footdavant.fr\/actualites\/brentford-identifie-t-il-kyogo-furuhashi-du-celtic-comme-remplacant-divan-toney\/","url":"https:\/\/footdavant.fr\/actualites\/brentford-identifie-t-il-kyogo-furuhashi-du-celtic-comme-remplacant-divan-toney\/","name":"Brentford identifie-t-il Kyogo Furuhashi du Celtic comme rempla\u00e7ant d'Ivan Toney ?","isPartOf":{"@id":"https:\/\/footdavant.fr\/actualites\/#website"},"datePublished":"2023-12-14T09:49:03+00:00","dateModified":"2023-12-14T09:49:03+00:00","breadcrumb":{"@id":"https:\/\/footdavant.fr\/actualites\/brentford-identifie-t-il-kyogo-furuhashi-du-celtic-comme-remplacant-divan-toney\/#breadcrumb"},"inLanguage":"fr-FR","potentialAction":[{"@type":"ReadAction","target":["https:\/\/footdavant.fr\/actualites\/brentford-identifie-t-il-kyogo-furuhashi-du-celtic-comme-remplacant-divan-toney\/"]}]},{"@type":"BreadcrumbList","@id":"https:\/\/footdavant.fr\/actualites\/brentford-identifie-t-il-kyogo-furuhashi-du-celtic-comme-remplacant-divan-toney\/#breadcrumb","itemListElement":[{"@type":"ListItem","position":1,"name":"Accueil","item":"https:\/\/footdavant.fr\/actualites\/"},{"@type":"ListItem","position":2,"name":"Brentford identifie-t-il Kyogo Furuhashi du Celtic comme rempla\u00e7ant d&rsquo;Ivan Toney ?"}]},{"@type":"WebSite","@id":"https:\/\/footdavant.fr\/actualites\/#website","url":"https:\/\/footdavant.fr\/actualites\/","name":"Foot d'avant","description":"","publisher":{"@id":"https:\/\/footdavant.fr\/actualites\/#organization"},"potentialAction":[{"@type":"SearchAction","target":{"@type":"EntryPoint","urlTemplate":"https:\/\/footdavant.fr\/actualites\/?s={search_term_string}"},"query-input":"required name=search_term_string"}],"inLanguage":"fr-FR"},{"@type":"Organization","@id":"https:\/\/footdavant.fr\/actualites\/#organization","name":"Foot d'avant","url":"https:\/\/footdavant.fr\/actualites\/","logo":{"@type":"ImageObject","inLanguage":"fr-FR","@id":"https:\/\/footdavant.fr\/actualites\/#\/schema\/logo\/image\/","url":"https:\/\/footdavant.fr\/actualites\/wp-content\/uploads\/2023\/09\/Copy-of-FootDavant-Logo.png","contentUrl":"https:\/\/footdavant.fr\/actualites\/wp-content\/uploads\/2023\/09\/Copy-of-FootDavant-Logo.png","width":936,"height":549,"caption":"Foot d'avant"},"image":{"@id":"https:\/\/footdavant.fr\/actualites\/#\/schema\/logo\/image\/"},"sameAs":["https:\/\/www.facebook.com\/Footdavant\/","https:\/\/twitter.com\/FootdavantFr","https:\/\/www.instagram.com\/footdavant.fr\/"]},{"@type":"Person","@id":"https:\/\/footdavant.fr\/actualites\/#\/schema\/person\/bc222566d95871b37e597b3ed3ba5e1d","name":"Cl\u00e9ment","image":{"@type":"ImageObject","inLanguage":"fr-FR","@id":"https:\/\/footdavant.fr\/actualites\/#\/schema\/person\/image\/","url":"https:\/\/secure.gravatar.com\/avatar\/7728b29aac2719421e1a9159b2254c44?s=96&d=mm&r=g","contentUrl":"https:\/\/secure.gravatar.com\/avatar\/7728b29aac2719421e1a9159b2254c44?s=96&d=mm&r=g","caption":"Cl\u00e9ment"},"sameAs":["https:\/\/footdavant.fr\/"]}]}},"_links":{"self":[{"href":"https:\/\/footdavant.fr\/actualites\/wp-json\/wp\/v2\/posts\/2464"}],"collection":[{"href":"https:\/\/footdavant.fr\/actualites\/wp-json\/wp\/v2\/posts"}],"about":[{"href":"https:\/\/footdavant.fr\/actualites\/wp-json\/wp\/v2\/types\/post"}],"author":[{"embeddable":true,"href":"https:\/\/footdavant.fr\/actualites\/wp-json\/wp\/v2\/users\/1"}],"replies":[{"embeddable":true,"href":"https:\/\/footdavant.fr\/actualites\/wp-json\/wp\/v2\/comments?post=2464"}],"version-history":[{"count":1,"href":"https:\/\/footdavant.fr\/actualites\/wp-json\/wp\/v2\/posts\/2464\/revisions"}],"predecessor-version":[{"id":2466,"href":"https:\/\/footdavant.fr\/actualites\/wp-json\/wp\/v2\/posts\/2464\/revisions\/2466"}],"wp:featuredmedia":[{"embeddable":true,"href":"https:\/\/footdavant.fr\/actualites\/wp-json\/wp\/v2\/media\/2465"}],"wp:attachment":[{"href":"https:\/\/footdavant.fr\/actualites\/wp-json\/wp\/v2\/media?parent=2464"}],"wp:term":[{"taxonomy":"category","embeddable":true,"href":"https:\/\/footdavant.fr\/actualites\/wp-json\/wp\/v2\/categories?post=2464"},{"taxonomy":"post_tag","embeddable":true,"href":"https:\/\/footdavant.fr\/actualites\/wp-json\/wp\/v2\/tags?post=2464"}],"curies":[{"name":"wp","href":"https:\/\/api.w.org\/{rel}","templated":true}]}}