{"id":24649,"date":"2025-06-03T07:50:21","date_gmt":"2025-06-03T05:50:21","guid":{"rendered":"https:\/\/footdavant.fr\/actualites\/jadon-sancho-enzo-maresca-de-chelsea-commente-les-commentaires-sur-future-of-man-united-apres-la-victoire-de-la-ligue-de-conference\/"},"modified":"2025-06-03T07:50:22","modified_gmt":"2025-06-03T05:50:22","slug":"jadon-sancho-enzo-maresca-de-chelsea-commente-les-commentaires-sur-future-of-man-united-apres-la-victoire-de-la-ligue-de-conference","status":"publish","type":"post","link":"https:\/\/footdavant.fr\/actualites\/jadon-sancho-enzo-maresca-de-chelsea-commente-les-commentaires-sur-future-of-man-united-apres-la-victoire-de-la-ligue-de-conference\/","title":{"rendered":"Jadon Sancho: Enzo Maresca de Chelsea commente les commentaires sur Future of Man United apr\u00e8s la victoire de la ligue de conf\u00e9rence"},"content":{"rendered":"<p>L&#39;entra\u00eeneur-chef de Chelsea, Enzo Maresca, offre une nouvelle mise \u00e0 jour sur l&#39;avenir du pr\u00eat\u00e9 de Manchester United Jadon Sancho apr\u00e8s le triomphe de la ligue de la conf\u00e9rence de mercredi sur le vrai Betis en finale.<\/p>\n<div id=\"article_body\" itemprop=\"articleBody\">\n<h3 class=\"firstPara\">\n<strong class=\"autotag\">Enzo Maresca<\/strong> a sugg\u00e9r\u00e9 que <strong class=\"autotag\">Ch\u00e9lat<\/strong> peut maintenant se concentrer sur la prise de d\u00e9cision sur l&#39;avenir de <strong class=\"autotag\">Jadon Sancho<\/strong> apr\u00e8s <strong>battre le vrai betis 4-1<\/strong> dans le <strong class=\"autotag\">Ligue de conf\u00e9rence<\/strong> Final le mercredi soir.<\/h3>\n<p>Les Blues ont \u00e9t\u00e9 forc\u00e9s de venir de derri\u00e8re avec moins de la moiti\u00e9 d&#39;une heure \u00e0 Wroclaw pour devenir le premier club de l&#39;histoire \u00e0 remporter les cinq comp\u00e9titions masculines de l&#39;UEFA, ayant obtenu un succ\u00e8s en Ligue des champions, en Ligue Europa, UEFA Super Cup, UEFA Cup Winners &#39;Cup et maintenant la ligue de conf\u00e9rence.<\/p>\n<p>Sancho est sorti du banc des rempla\u00e7ants pour marquer un superbe but de sept minutes de temps, la troisi\u00e8me de Chelsea sur la nuit entre les gr\u00e8ves de <strong class=\"autotag\">Enzo Fernandez<\/strong>, <strong class=\"autotag\">Nicolas Jackson<\/strong> et <strong class=\"autotag\">Moises Caicedo<\/strong>.<\/p>\n<p>Le joueur de 25 ans a fait un certain nombre de contributions cl\u00e9s \u00e0 Chelsea pendant son sort de pr\u00eat <strong class=\"autotag\">Manchester United<\/strong>enregistrant cinq buts et 10 passes d\u00e9cisives au total sur 41 apparitions pour les Blues dans toutes les comp\u00e9titions.<\/p>\n<p>Sancho fait maintenant face \u00e0 un avenir incertain; Chelsea est actuellement oblig\u00e9 de signer l&#39;ailier pour 25 millions de livres sterling plus tard cet \u00e9t\u00e9, mais ils poss\u00e8dent \u00e9galement la possibilit\u00e9 d&#39;annuler leur accord avec Man United en leur payant 5 millions de livres sterling de compensation.<\/p>\n<p>Maresca a d\u00e9clar\u00e9 avant la finale qu&#39;il n&#39;\u00e9tait pas s\u00fbr de l&#39;avenir de Sancho \u00e0 Stamford Bridge et qu&#39;il \u00e9tait rest\u00e9 serr\u00e9 lorsqu&#39;il a fourni une nouvelle mise \u00e0 jour au lendemain de la victoire de mercredi.<\/p>\n<p class=\"imgI\">\n<h2 class=\"k3\">Sancho restera-t-il \u00e0 Chelsea la saison prochaine?<\/h2>\n<p>Parler \u00e0 <em>TNT Sports<\/em> \u00c0 propos de Sancho apr\u00e8s le match, Maresca a d\u00e9clar\u00e9: \u00ab\u00a0\u00c0 partir de maintenant, nous nous asseyons avec le club et d\u00e9cidons de l&#39;ann\u00e9e prochaine.<\/p>\n<p>\u00ab\u00a0Jadon Sancho, si nous terminions quatri\u00e8mement, c&#39;est \u00e0 cause de Jadon, si nous gagnions ce soir, c&#39;est \u00e0 cause de Jadon. C&#39;est aussi \u00e0 cause de <strong class=\"autotag\">Robert Sanchez<\/strong> &#8211; Au cours de la saison, tout le monde est un peu de haut en bas, cela fait partie du jeu. \u00ab\u00a0<\/p>\n<p>Ancien milieu de terrain de Chelsea <strong class=\"autotag\">Joe Cole<\/strong> J&#39;aimerais voir Sancho terminer un d\u00e9m\u00e9nagement permanent vers les Blues, ajoutant: \u00ab\u00a0Je pense que Jadon est un tr\u00e8s grand joueur et je pense qu&#39;il a bien fait.<\/p>\n<p>\u00ab\u00a0Il a \u00e9t\u00e9 un peu tourn\u00e9, mais je veux voir Jadon jouer. Vous voulez un joueur comme \u00e7a dans votre \u00e9quipe. Cela reviendra \u00e0 une d\u00e9cision financi\u00e8re que j&#39;imagine mais je l&#39;aime vraiment.\u00a0\u00bb<\/p>\n<p>Lorsqu&#39;on lui a demand\u00e9 si l&#39;international anglais avait fait assez pour gagner un d\u00e9m\u00e9nagement permanent \u00e0 Chelsea, Cole a d\u00e9clar\u00e9: \u00ab\u00a0Oui, je le fais.<\/p>\n<p>\u00ab\u00a0C&#39;est un enfant qui est all\u00e9 \u00e0 Dortmund et qui \u00e9tait une superstar quand elle ne fonctionnait pas \u00e0 Man United mais il a bien fait, il a remis sa carri\u00e8re sur Chelsea. Je pense qu&#39;il y a plus \u00e0 venir de lui aussi.\u00a0\u00bb<\/p>\n<p>Entra\u00eeneur-chef de Man United <strong class=\"autotag\">Ruben Amorim<\/strong> a r\u00e9cemment r\u00e9v\u00e9l\u00e9 que les Red Devils <strong>\u00abSachez ce qu&#39;ils veulent faire\u00bb<\/strong> Pendant la fen\u00eatre de transfert d&#39;\u00e9t\u00e9, apr\u00e8s une saison d\u00e9sastreuse de 2024-25, mais s&#39;ils sont ouverts \u00e0 r\u00e9int\u00e9grer Sancho dans le pli de l&#39;\u00e9quipe premi\u00e8re reste \u00e0 voir.<\/p>\n<div class=\"author_box\">\n<div class=\"author_box_banner\">\n<img decoding=\"async\" class=\"author_img\" src=\"https:\/\/footdavant.fr\/actualites\/wp-content\/uploads\/2025\/06\/1748929821_964_Jadon-Sancho-Enzo-Maresca-de-Chelsea-commente-les-commentaires-sur.jpg\"><\/p>\n<\/div>\n<\/div>\n<\/div>\n","protected":false},"excerpt":{"rendered":"<p>L&#39;entra\u00eeneur-chef de Chelsea, Enzo Maresca, offre une nouvelle mise \u00e0 jour sur l&#39;avenir du pr\u00eat\u00e9 de Manchester United Jadon Sancho apr\u00e8s le triomphe de la<\/p>\n","protected":false},"author":1,"featured_media":24650,"comment_status":"closed","ping_status":"","sticky":false,"template":"","format":"standard","meta":{"footnotes":""},"categories":[5],"tags":[25,171,716,3833,1531,1806,1600,353,93,30,24,5107,354,103,13,26],"yoast_head":"<!-- This site is optimized with the Yoast SEO plugin v21.0 - https:\/\/yoast.com\/wordpress\/plugins\/seo\/ -->\n<title>Jadon Sancho: Enzo Maresca de Chelsea commente les commentaires sur Future of Man United apr\u00e8s la victoire de la ligue de conf\u00e9rence<\/title>\n<meta name=\"robots\" content=\"index, follow, max-snippet:-1, max-image-preview:large, max-video-preview:-1\" \/>\n<link rel=\"canonical\" href=\"https:\/\/footdavant.fr\/actualites\/jadon-sancho-enzo-maresca-de-chelsea-commente-les-commentaires-sur-future-of-man-united-apres-la-victoire-de-la-ligue-de-conference\/\" \/>\n<meta property=\"og:locale\" content=\"fr_FR\" \/>\n<meta property=\"og:type\" content=\"article\" \/>\n<meta property=\"og:title\" content=\"Jadon Sancho: Enzo Maresca de Chelsea commente les commentaires sur Future of Man United apr\u00e8s la victoire de la ligue de conf\u00e9rence\" \/>\n<meta property=\"og:description\" content=\"L&#039;entra\u00eeneur-chef de Chelsea, Enzo Maresca, offre une nouvelle mise \u00e0 jour sur l&#039;avenir du pr\u00eat\u00e9 de Manchester United Jadon Sancho apr\u00e8s le triomphe de la\" \/>\n<meta property=\"og:url\" content=\"https:\/\/footdavant.fr\/actualites\/jadon-sancho-enzo-maresca-de-chelsea-commente-les-commentaires-sur-future-of-man-united-apres-la-victoire-de-la-ligue-de-conference\/\" \/>\n<meta property=\"og:site_name\" content=\"Foot d&#039;avant\" \/>\n<meta property=\"article:publisher\" content=\"https:\/\/www.facebook.com\/Footdavant\/\" \/>\n<meta property=\"article:published_time\" content=\"2025-06-03T05:50:21+00:00\" \/>\n<meta property=\"article:modified_time\" content=\"2025-06-03T05:50:22+00:00\" \/>\n<meta property=\"og:image\" content=\"https:\/\/footdavant.fr\/actualites\/wp-content\/uploads\/2025\/06\/Jadon-Sancho-Enzo-Maresca-de-Chelsea-commente-les-commentaires-sur.jpg\" \/>\n\t<meta property=\"og:image:width\" content=\"640\" \/>\n\t<meta property=\"og:image:height\" content=\"480\" \/>\n\t<meta property=\"og:image:type\" content=\"image\/jpeg\" \/>\n<meta name=\"author\" content=\"Cl\u00e9ment\" \/>\n<meta name=\"twitter:card\" content=\"summary_large_image\" \/>\n<meta name=\"twitter:creator\" content=\"@FootdavantFr\" \/>\n<meta name=\"twitter:site\" content=\"@FootdavantFr\" \/>\n<meta name=\"twitter:label1\" content=\"\u00c9crit par\" \/>\n\t<meta name=\"twitter:data1\" content=\"Cl\u00e9ment\" \/>\n\t<meta name=\"twitter:label2\" content=\"Dur\u00e9e de lecture estim\u00e9e\" \/>\n\t<meta name=\"twitter:data2\" content=\"3 minutes\" \/>\n<script type=\"application\/ld+json\" class=\"yoast-schema-graph\">{\"@context\":\"https:\/\/schema.org\",\"@graph\":[{\"@type\":\"Article\",\"@id\":\"https:\/\/footdavant.fr\/actualites\/jadon-sancho-enzo-maresca-de-chelsea-commente-les-commentaires-sur-future-of-man-united-apres-la-victoire-de-la-ligue-de-conference\/#article\",\"isPartOf\":{\"@id\":\"https:\/\/footdavant.fr\/actualites\/jadon-sancho-enzo-maresca-de-chelsea-commente-les-commentaires-sur-future-of-man-united-apres-la-victoire-de-la-ligue-de-conference\/\"},\"author\":{\"name\":\"Cl\u00e9ment\",\"@id\":\"https:\/\/footdavant.fr\/actualites\/#\/schema\/person\/bc222566d95871b37e597b3ed3ba5e1d\"},\"headline\":\"Jadon Sancho: Enzo Maresca de Chelsea commente les commentaires sur Future of Man United apr\u00e8s la victoire de la ligue de conf\u00e9rence\",\"datePublished\":\"2025-06-03T05:50:21+00:00\",\"dateModified\":\"2025-06-03T05:50:22+00:00\",\"mainEntityOfPage\":{\"@id\":\"https:\/\/footdavant.fr\/actualites\/jadon-sancho-enzo-maresca-de-chelsea-commente-les-commentaires-sur-future-of-man-united-apres-la-victoire-de-la-ligue-de-conference\/\"},\"wordCount\":630,\"publisher\":{\"@id\":\"https:\/\/footdavant.fr\/actualites\/#organization\"},\"keywords\":[\"apr\u00e8s\",\"Chelsea\",\"commentaires\",\"commente\",\"conf\u00e9rence\",\"Enzo\",\"future\",\"Jadon\",\"les\",\"Ligue\",\"Man\",\"Maresca\",\"Sancho\",\"sur\",\"United\",\"victoire\"],\"articleSection\":[\"Premier League\"],\"inLanguage\":\"fr-FR\"},{\"@type\":\"WebPage\",\"@id\":\"https:\/\/footdavant.fr\/actualites\/jadon-sancho-enzo-maresca-de-chelsea-commente-les-commentaires-sur-future-of-man-united-apres-la-victoire-de-la-ligue-de-conference\/\",\"url\":\"https:\/\/footdavant.fr\/actualites\/jadon-sancho-enzo-maresca-de-chelsea-commente-les-commentaires-sur-future-of-man-united-apres-la-victoire-de-la-ligue-de-conference\/\",\"name\":\"Jadon Sancho: Enzo Maresca de Chelsea commente les commentaires sur Future of Man United apr\u00e8s la victoire de la ligue de conf\u00e9rence\",\"isPartOf\":{\"@id\":\"https:\/\/footdavant.fr\/actualites\/#website\"},\"datePublished\":\"2025-06-03T05:50:21+00:00\",\"dateModified\":\"2025-06-03T05:50:22+00:00\",\"breadcrumb\":{\"@id\":\"https:\/\/footdavant.fr\/actualites\/jadon-sancho-enzo-maresca-de-chelsea-commente-les-commentaires-sur-future-of-man-united-apres-la-victoire-de-la-ligue-de-conference\/#breadcrumb\"},\"inLanguage\":\"fr-FR\",\"potentialAction\":[{\"@type\":\"ReadAction\",\"target\":[\"https:\/\/footdavant.fr\/actualites\/jadon-sancho-enzo-maresca-de-chelsea-commente-les-commentaires-sur-future-of-man-united-apres-la-victoire-de-la-ligue-de-conference\/\"]}]},{\"@type\":\"BreadcrumbList\",\"@id\":\"https:\/\/footdavant.fr\/actualites\/jadon-sancho-enzo-maresca-de-chelsea-commente-les-commentaires-sur-future-of-man-united-apres-la-victoire-de-la-ligue-de-conference\/#breadcrumb\",\"itemListElement\":[{\"@type\":\"ListItem\",\"position\":1,\"name\":\"Accueil\",\"item\":\"https:\/\/footdavant.fr\/actualites\/\"},{\"@type\":\"ListItem\",\"position\":2,\"name\":\"Jadon Sancho: Enzo Maresca de Chelsea commente les commentaires sur Future of Man United apr\u00e8s la victoire de la ligue de conf\u00e9rence\"}]},{\"@type\":\"WebSite\",\"@id\":\"https:\/\/footdavant.fr\/actualites\/#website\",\"url\":\"https:\/\/footdavant.fr\/actualites\/\",\"name\":\"Foot d'avant\",\"description\":\"\",\"publisher\":{\"@id\":\"https:\/\/footdavant.fr\/actualites\/#organization\"},\"potentialAction\":[{\"@type\":\"SearchAction\",\"target\":{\"@type\":\"EntryPoint\",\"urlTemplate\":\"https:\/\/footdavant.fr\/actualites\/?s={search_term_string}\"},\"query-input\":\"required name=search_term_string\"}],\"inLanguage\":\"fr-FR\"},{\"@type\":\"Organization\",\"@id\":\"https:\/\/footdavant.fr\/actualites\/#organization\",\"name\":\"Foot d'avant\",\"url\":\"https:\/\/footdavant.fr\/actualites\/\",\"logo\":{\"@type\":\"ImageObject\",\"inLanguage\":\"fr-FR\",\"@id\":\"https:\/\/footdavant.fr\/actualites\/#\/schema\/logo\/image\/\",\"url\":\"https:\/\/footdavant.fr\/actualites\/wp-content\/uploads\/2023\/09\/Copy-of-FootDavant-Logo.png\",\"contentUrl\":\"https:\/\/footdavant.fr\/actualites\/wp-content\/uploads\/2023\/09\/Copy-of-FootDavant-Logo.png\",\"width\":936,\"height\":549,\"caption\":\"Foot d'avant\"},\"image\":{\"@id\":\"https:\/\/footdavant.fr\/actualites\/#\/schema\/logo\/image\/\"},\"sameAs\":[\"https:\/\/www.facebook.com\/Footdavant\/\",\"https:\/\/twitter.com\/FootdavantFr\",\"https:\/\/www.instagram.com\/footdavant.fr\/\"]},{\"@type\":\"Person\",\"@id\":\"https:\/\/footdavant.fr\/actualites\/#\/schema\/person\/bc222566d95871b37e597b3ed3ba5e1d\",\"name\":\"Cl\u00e9ment\",\"image\":{\"@type\":\"ImageObject\",\"inLanguage\":\"fr-FR\",\"@id\":\"https:\/\/footdavant.fr\/actualites\/#\/schema\/person\/image\/\",\"url\":\"https:\/\/secure.gravatar.com\/avatar\/7728b29aac2719421e1a9159b2254c44?s=96&d=mm&r=g\",\"contentUrl\":\"https:\/\/secure.gravatar.com\/avatar\/7728b29aac2719421e1a9159b2254c44?s=96&d=mm&r=g\",\"caption\":\"Cl\u00e9ment\"},\"sameAs\":[\"https:\/\/footdavant.fr\/\"]}]}<\/script>\n<!-- \/ Yoast SEO plugin. -->","yoast_head_json":{"title":"Jadon Sancho: Enzo Maresca de Chelsea commente les commentaires sur Future of Man United apr\u00e8s la victoire de la ligue de conf\u00e9rence","robots":{"index":"index","follow":"follow","max-snippet":"max-snippet:-1","max-image-preview":"max-image-preview:large","max-video-preview":"max-video-preview:-1"},"canonical":"https:\/\/footdavant.fr\/actualites\/jadon-sancho-enzo-maresca-de-chelsea-commente-les-commentaires-sur-future-of-man-united-apres-la-victoire-de-la-ligue-de-conference\/","og_locale":"fr_FR","og_type":"article","og_title":"Jadon Sancho: Enzo Maresca de Chelsea commente les commentaires sur Future of Man United apr\u00e8s la victoire de la ligue de conf\u00e9rence","og_description":"L&#39;entra\u00eeneur-chef de Chelsea, Enzo Maresca, offre une nouvelle mise \u00e0 jour sur l&#39;avenir du pr\u00eat\u00e9 de Manchester United Jadon Sancho apr\u00e8s le triomphe de la","og_url":"https:\/\/footdavant.fr\/actualites\/jadon-sancho-enzo-maresca-de-chelsea-commente-les-commentaires-sur-future-of-man-united-apres-la-victoire-de-la-ligue-de-conference\/","og_site_name":"Foot d&#039;avant","article_publisher":"https:\/\/www.facebook.com\/Footdavant\/","article_published_time":"2025-06-03T05:50:21+00:00","article_modified_time":"2025-06-03T05:50:22+00:00","og_image":[{"width":640,"height":480,"url":"https:\/\/footdavant.fr\/actualites\/wp-content\/uploads\/2025\/06\/Jadon-Sancho-Enzo-Maresca-de-Chelsea-commente-les-commentaires-sur.jpg","type":"image\/jpeg"}],"author":"Cl\u00e9ment","twitter_card":"summary_large_image","twitter_creator":"@FootdavantFr","twitter_site":"@FootdavantFr","twitter_misc":{"\u00c9crit par":"Cl\u00e9ment","Dur\u00e9e de lecture estim\u00e9e":"3 minutes"},"schema":{"@context":"https:\/\/schema.org","@graph":[{"@type":"Article","@id":"https:\/\/footdavant.fr\/actualites\/jadon-sancho-enzo-maresca-de-chelsea-commente-les-commentaires-sur-future-of-man-united-apres-la-victoire-de-la-ligue-de-conference\/#article","isPartOf":{"@id":"https:\/\/footdavant.fr\/actualites\/jadon-sancho-enzo-maresca-de-chelsea-commente-les-commentaires-sur-future-of-man-united-apres-la-victoire-de-la-ligue-de-conference\/"},"author":{"name":"Cl\u00e9ment","@id":"https:\/\/footdavant.fr\/actualites\/#\/schema\/person\/bc222566d95871b37e597b3ed3ba5e1d"},"headline":"Jadon Sancho: Enzo Maresca de Chelsea commente les commentaires sur Future of Man United apr\u00e8s la victoire de la ligue de conf\u00e9rence","datePublished":"2025-06-03T05:50:21+00:00","dateModified":"2025-06-03T05:50:22+00:00","mainEntityOfPage":{"@id":"https:\/\/footdavant.fr\/actualites\/jadon-sancho-enzo-maresca-de-chelsea-commente-les-commentaires-sur-future-of-man-united-apres-la-victoire-de-la-ligue-de-conference\/"},"wordCount":630,"publisher":{"@id":"https:\/\/footdavant.fr\/actualites\/#organization"},"keywords":["apr\u00e8s","Chelsea","commentaires","commente","conf\u00e9rence","Enzo","future","Jadon","les","Ligue","Man","Maresca","Sancho","sur","United","victoire"],"articleSection":["Premier League"],"inLanguage":"fr-FR"},{"@type":"WebPage","@id":"https:\/\/footdavant.fr\/actualites\/jadon-sancho-enzo-maresca-de-chelsea-commente-les-commentaires-sur-future-of-man-united-apres-la-victoire-de-la-ligue-de-conference\/","url":"https:\/\/footdavant.fr\/actualites\/jadon-sancho-enzo-maresca-de-chelsea-commente-les-commentaires-sur-future-of-man-united-apres-la-victoire-de-la-ligue-de-conference\/","name":"Jadon Sancho: Enzo Maresca de Chelsea commente les commentaires sur Future of Man United apr\u00e8s la victoire de la ligue de conf\u00e9rence","isPartOf":{"@id":"https:\/\/footdavant.fr\/actualites\/#website"},"datePublished":"2025-06-03T05:50:21+00:00","dateModified":"2025-06-03T05:50:22+00:00","breadcrumb":{"@id":"https:\/\/footdavant.fr\/actualites\/jadon-sancho-enzo-maresca-de-chelsea-commente-les-commentaires-sur-future-of-man-united-apres-la-victoire-de-la-ligue-de-conference\/#breadcrumb"},"inLanguage":"fr-FR","potentialAction":[{"@type":"ReadAction","target":["https:\/\/footdavant.fr\/actualites\/jadon-sancho-enzo-maresca-de-chelsea-commente-les-commentaires-sur-future-of-man-united-apres-la-victoire-de-la-ligue-de-conference\/"]}]},{"@type":"BreadcrumbList","@id":"https:\/\/footdavant.fr\/actualites\/jadon-sancho-enzo-maresca-de-chelsea-commente-les-commentaires-sur-future-of-man-united-apres-la-victoire-de-la-ligue-de-conference\/#breadcrumb","itemListElement":[{"@type":"ListItem","position":1,"name":"Accueil","item":"https:\/\/footdavant.fr\/actualites\/"},{"@type":"ListItem","position":2,"name":"Jadon Sancho: Enzo Maresca de Chelsea commente les commentaires sur Future of Man United apr\u00e8s la victoire de la ligue de conf\u00e9rence"}]},{"@type":"WebSite","@id":"https:\/\/footdavant.fr\/actualites\/#website","url":"https:\/\/footdavant.fr\/actualites\/","name":"Foot d'avant","description":"","publisher":{"@id":"https:\/\/footdavant.fr\/actualites\/#organization"},"potentialAction":[{"@type":"SearchAction","target":{"@type":"EntryPoint","urlTemplate":"https:\/\/footdavant.fr\/actualites\/?s={search_term_string}"},"query-input":"required name=search_term_string"}],"inLanguage":"fr-FR"},{"@type":"Organization","@id":"https:\/\/footdavant.fr\/actualites\/#organization","name":"Foot d'avant","url":"https:\/\/footdavant.fr\/actualites\/","logo":{"@type":"ImageObject","inLanguage":"fr-FR","@id":"https:\/\/footdavant.fr\/actualites\/#\/schema\/logo\/image\/","url":"https:\/\/footdavant.fr\/actualites\/wp-content\/uploads\/2023\/09\/Copy-of-FootDavant-Logo.png","contentUrl":"https:\/\/footdavant.fr\/actualites\/wp-content\/uploads\/2023\/09\/Copy-of-FootDavant-Logo.png","width":936,"height":549,"caption":"Foot d'avant"},"image":{"@id":"https:\/\/footdavant.fr\/actualites\/#\/schema\/logo\/image\/"},"sameAs":["https:\/\/www.facebook.com\/Footdavant\/","https:\/\/twitter.com\/FootdavantFr","https:\/\/www.instagram.com\/footdavant.fr\/"]},{"@type":"Person","@id":"https:\/\/footdavant.fr\/actualites\/#\/schema\/person\/bc222566d95871b37e597b3ed3ba5e1d","name":"Cl\u00e9ment","image":{"@type":"ImageObject","inLanguage":"fr-FR","@id":"https:\/\/footdavant.fr\/actualites\/#\/schema\/person\/image\/","url":"https:\/\/secure.gravatar.com\/avatar\/7728b29aac2719421e1a9159b2254c44?s=96&d=mm&r=g","contentUrl":"https:\/\/secure.gravatar.com\/avatar\/7728b29aac2719421e1a9159b2254c44?s=96&d=mm&r=g","caption":"Cl\u00e9ment"},"sameAs":["https:\/\/footdavant.fr\/"]}]}},"_links":{"self":[{"href":"https:\/\/footdavant.fr\/actualites\/wp-json\/wp\/v2\/posts\/24649"}],"collection":[{"href":"https:\/\/footdavant.fr\/actualites\/wp-json\/wp\/v2\/posts"}],"about":[{"href":"https:\/\/footdavant.fr\/actualites\/wp-json\/wp\/v2\/types\/post"}],"author":[{"embeddable":true,"href":"https:\/\/footdavant.fr\/actualites\/wp-json\/wp\/v2\/users\/1"}],"replies":[{"embeddable":true,"href":"https:\/\/footdavant.fr\/actualites\/wp-json\/wp\/v2\/comments?post=24649"}],"version-history":[{"count":1,"href":"https:\/\/footdavant.fr\/actualites\/wp-json\/wp\/v2\/posts\/24649\/revisions"}],"predecessor-version":[{"id":24651,"href":"https:\/\/footdavant.fr\/actualites\/wp-json\/wp\/v2\/posts\/24649\/revisions\/24651"}],"wp:featuredmedia":[{"embeddable":true,"href":"https:\/\/footdavant.fr\/actualites\/wp-json\/wp\/v2\/media\/24650"}],"wp:attachment":[{"href":"https:\/\/footdavant.fr\/actualites\/wp-json\/wp\/v2\/media?parent=24649"}],"wp:term":[{"taxonomy":"category","embeddable":true,"href":"https:\/\/footdavant.fr\/actualites\/wp-json\/wp\/v2\/categories?post=24649"},{"taxonomy":"post_tag","embeddable":true,"href":"https:\/\/footdavant.fr\/actualites\/wp-json\/wp\/v2\/tags?post=24649"}],"curies":[{"name":"wp","href":"https:\/\/api.w.org\/{rel}","templated":true}]}}