{"id":24655,"date":"2025-06-03T11:49:06","date_gmt":"2025-06-03T09:49:06","guid":{"rendered":"https:\/\/footdavant.fr\/actualites\/wolves-en-regardant-de-21-ans-attaquant-de-la-premier-league-avant-le-depart-de-matheus-cunha\/"},"modified":"2025-06-03T11:49:07","modified_gmt":"2025-06-03T09:49:07","slug":"wolves-en-regardant-de-21-ans-attaquant-de-la-premier-league-avant-le-depart-de-matheus-cunha","status":"publish","type":"post","link":"https:\/\/footdavant.fr\/actualites\/wolves-en-regardant-de-21-ans-attaquant-de-la-premier-league-avant-le-depart-de-matheus-cunha\/","title":{"rendered":"Wolves \u00ab\u00a0 En regardant &#39;&#39; de 21 ans attaquant de la Premier League, avant le d\u00e9part de Matheus Cunha"},"content":{"rendered":"<p>Wolverhampton Wanderers et Arsenal auraient envie de signer l&#39;attaquant de Leicester City, Bilal El Khannous, pendant la fen\u00eatre de transfert d&#39;\u00e9t\u00e9.<\/p>\n<div id=\"article_body\" itemprop=\"articleBody\">\n<h3 class=\"firstPara\">\n<strong class=\"autotag\">Wolverhampton Wanderers<\/strong> seraient int\u00e9ress\u00e9s \u00e0 signer <strong class=\"autotag\">Ville de Leicester<\/strong> attaquant <strong class=\"autotag\">Bilal el khannous<\/strong>.<\/h3>\n<p>Le joueur de 21 ans a \u00e9t\u00e9 l&#39;une des seules \u00e9tincelles brillantes d&#39;un mandat lugubre en 2024-25 pour les Foxes, qui se pr\u00e9parent maintenant \u00e0 la vie dans le championnat.<\/p>\n<p>El Khannous a jou\u00e9 les 90 minutes compl\u00e8tes lorsque Leicester a battu Ipswich Town 2-0 le 18 mai, mais s&#39;est \u00e9loign\u00e9 du <strong>d\u00e9faite finale \u00e0 Bournemouth<\/strong> le week-end.<\/p>\n<p>Tout au long d&#39;un terme difficile, le Morrocan a disput\u00e9 32 matches de Premier League, marquant deux fois et a fourni des passes d\u00e9cisives \u00e0 trois reprises.<\/p>\n<p><strong class=\"autotag\">Ruud van Nistelrooy<\/strong> est toujours dans un emploi \u00e0 Filbert Way, bien que Leicester devrait se s\u00e9parer de leur entra\u00eeneur-chef actuel avant le nouveau mandat.<\/p>\n<p class=\"imgI\">\n<h2 class=\"k3\">Les loups veulent que Leicester Man El Khannous?<\/h2>\n<p>Selon <em>Givemesport<\/em>La star de Leicester, El Khannous, pourrait se faire remettre une bou\u00e9e de sauvetage en Premier League par un rival des Midlands par la fen\u00eatre d&#39;\u00e9t\u00e9.<\/p>\n<p>Le rapport affirme que Black Country Outfit Wolves tient \u00e0 assurer les services de la femme de 21 ans des renards li\u00e9s au championnat.<\/p>\n<p>Il est entendu que les Wolves Boss <strong class=\"autotag\">Vitor Pereira<\/strong> vues El Khannous comme un remplacement id\u00e9al pour Talisman <strong class=\"autotag\">Matheus cunha<\/strong>qui devrait rejoindre Manchester United pour 62,5 millions de livres sterling.<\/p>\n<p>Se r\u00e9v\u00e9lant comme une option de haut vol cette saison, l&#39;attaquant a \u00e9t\u00e9 \u00e9valu\u00e9 \u00e0 22 millions de livres sterling par les champions de Premier League 2015-2016 avant la fen\u00eatre de transfert.<\/p>\n<p>Les loups pourraient \u00eatre plac\u00e9s pour une concurrence rigide dans la course \u00e0 la signature d&#39;El Khannous, avec <strong class=\"autotag\">Arsenal<\/strong> Aussi a fait plaisir au joueur.<\/p>\n<p class=\"imgI\"><img decoding=\"async\" loading=\"lazy\" class=\"l\" src=\"https:\/\/footdavant.fr\/actualites\/wp-content\/uploads\/2025\/06\/1748944146_675_Wolves-En-regardant-3939-de-21-ans-attaquant-de.jpg\" title=\"Le meneur de jeu de Leicester City Bilal El Khannous en d\u00e9cembre 2024.\" alt=\"Le meneur de jeu de Leicester City Bilal El Khannous en d\u00e9cembre 2024.\" width=\"640\" height=\"480\"><\/p>\n<h2 class=\"k3\">El Khannous dans le championnat?<\/h2>\n<p>Apr\u00e8s avoir brill\u00e9 pour Leicester \u00e0 la table sup\u00e9rieure du football anglais, il est difficile d&#39;imaginer que El Khannous se d\u00e9roule dans le championnat en ao\u00fbt.<\/p>\n<p>Le jeune a \u00e9galement un pedigree international relatif \u00e0 son nom, en vedette \u00e0 19 reprises pour les puissances africaines du Maroc depuis ses d\u00e9buts seniors en novembre 2022.<\/p>\n<p>El Khannous serait un ajout bienvenu aux rangs des Wolves, qui seront certainement bless\u00e9s par la sortie imminente de Star Man Cunha \u00e0 Man United.<\/p>\n<div class=\"author_box\">\n<div class=\"author_box_banner\">\n<img decoding=\"async\" class=\"author_img\" src=\"https:\/\/footdavant.fr\/actualites\/wp-content\/uploads\/2025\/06\/1748944146_307_Wolves-En-regardant-3939-de-21-ans-attaquant-de.jpg\"><\/p>\n<\/div>\n<\/div>\n<\/div>\n","protected":false},"excerpt":{"rendered":"<p>Wolverhampton Wanderers et Arsenal auraient envie de signer l&#39;attaquant de Leicester City, Bilal El Khannous, pendant la fen\u00eatre de transfert d&#39;\u00e9t\u00e9. Wolverhampton Wanderers seraient int\u00e9ress\u00e9s<\/p>\n","protected":false},"author":1,"featured_media":24656,"comment_status":"closed","ping_status":"","sticky":false,"template":"","format":"standard","meta":{"footnotes":""},"categories":[5],"tags":[209,778,491,2092,560,202,769,201,2779,1454],"yoast_head":"<!-- This site is optimized with the Yoast SEO plugin v21.0 - https:\/\/yoast.com\/wordpress\/plugins\/seo\/ -->\n<title>Wolves `` En regardant &#039;&#039; de 21 ans attaquant de la Premier League, avant le d\u00e9part de Matheus Cunha<\/title>\n<meta name=\"robots\" content=\"index, follow, max-snippet:-1, max-image-preview:large, max-video-preview:-1\" \/>\n<link rel=\"canonical\" href=\"https:\/\/footdavant.fr\/actualites\/wolves-en-regardant-de-21-ans-attaquant-de-la-premier-league-avant-le-depart-de-matheus-cunha\/\" \/>\n<meta property=\"og:locale\" content=\"fr_FR\" \/>\n<meta property=\"og:type\" content=\"article\" \/>\n<meta property=\"og:title\" content=\"Wolves `` En regardant &#039;&#039; de 21 ans attaquant de la Premier League, avant le d\u00e9part de Matheus Cunha\" \/>\n<meta property=\"og:description\" content=\"Wolverhampton Wanderers et Arsenal auraient envie de signer l&#039;attaquant de Leicester City, Bilal El Khannous, pendant la fen\u00eatre de transfert d&#039;\u00e9t\u00e9. Wolverhampton Wanderers seraient int\u00e9ress\u00e9s\" \/>\n<meta property=\"og:url\" content=\"https:\/\/footdavant.fr\/actualites\/wolves-en-regardant-de-21-ans-attaquant-de-la-premier-league-avant-le-depart-de-matheus-cunha\/\" \/>\n<meta property=\"og:site_name\" content=\"Foot d&#039;avant\" \/>\n<meta property=\"article:publisher\" content=\"https:\/\/www.facebook.com\/Footdavant\/\" \/>\n<meta property=\"article:published_time\" content=\"2025-06-03T09:49:06+00:00\" \/>\n<meta property=\"article:modified_time\" content=\"2025-06-03T09:49:07+00:00\" \/>\n<meta property=\"og:image\" content=\"https:\/\/footdavant.fr\/actualites\/wp-content\/uploads\/2025\/06\/Wolves-En-regardant-3939-de-21-ans-attaquant-de.jpg\" \/>\n\t<meta property=\"og:image:width\" content=\"640\" \/>\n\t<meta property=\"og:image:height\" content=\"480\" \/>\n\t<meta property=\"og:image:type\" content=\"image\/jpeg\" \/>\n<meta name=\"author\" content=\"Cl\u00e9ment\" \/>\n<meta name=\"twitter:card\" content=\"summary_large_image\" \/>\n<meta name=\"twitter:creator\" content=\"@FootdavantFr\" \/>\n<meta name=\"twitter:site\" content=\"@FootdavantFr\" \/>\n<meta name=\"twitter:label1\" content=\"\u00c9crit par\" \/>\n\t<meta name=\"twitter:data1\" content=\"Cl\u00e9ment\" \/>\n\t<meta name=\"twitter:label2\" content=\"Dur\u00e9e de lecture estim\u00e9e\" \/>\n\t<meta name=\"twitter:data2\" content=\"2 minutes\" \/>\n<script type=\"application\/ld+json\" class=\"yoast-schema-graph\">{\"@context\":\"https:\/\/schema.org\",\"@graph\":[{\"@type\":\"Article\",\"@id\":\"https:\/\/footdavant.fr\/actualites\/wolves-en-regardant-de-21-ans-attaquant-de-la-premier-league-avant-le-depart-de-matheus-cunha\/#article\",\"isPartOf\":{\"@id\":\"https:\/\/footdavant.fr\/actualites\/wolves-en-regardant-de-21-ans-attaquant-de-la-premier-league-avant-le-depart-de-matheus-cunha\/\"},\"author\":{\"name\":\"Cl\u00e9ment\",\"@id\":\"https:\/\/footdavant.fr\/actualites\/#\/schema\/person\/bc222566d95871b37e597b3ed3ba5e1d\"},\"headline\":\"Wolves \u00ab\u00a0 En regardant &#39;&#39; de 21 ans attaquant de la Premier League, avant le d\u00e9part de Matheus Cunha\",\"datePublished\":\"2025-06-03T09:49:06+00:00\",\"dateModified\":\"2025-06-03T09:49:07+00:00\",\"mainEntityOfPage\":{\"@id\":\"https:\/\/footdavant.fr\/actualites\/wolves-en-regardant-de-21-ans-attaquant-de-la-premier-league-avant-le-depart-de-matheus-cunha\/\"},\"wordCount\":404,\"publisher\":{\"@id\":\"https:\/\/footdavant.fr\/actualites\/#organization\"},\"keywords\":[\"ans\",\"attaquant\",\"avant\",\"Cunha\",\"d\u00e9part\",\"League\",\"Matheus\",\"Premier\",\"regardant\",\"Wolves\"],\"articleSection\":[\"Premier League\"],\"inLanguage\":\"fr-FR\"},{\"@type\":\"WebPage\",\"@id\":\"https:\/\/footdavant.fr\/actualites\/wolves-en-regardant-de-21-ans-attaquant-de-la-premier-league-avant-le-depart-de-matheus-cunha\/\",\"url\":\"https:\/\/footdavant.fr\/actualites\/wolves-en-regardant-de-21-ans-attaquant-de-la-premier-league-avant-le-depart-de-matheus-cunha\/\",\"name\":\"Wolves `` En regardant &#39;&#39; de 21 ans attaquant de la Premier League, avant le d\u00e9part de Matheus Cunha\",\"isPartOf\":{\"@id\":\"https:\/\/footdavant.fr\/actualites\/#website\"},\"datePublished\":\"2025-06-03T09:49:06+00:00\",\"dateModified\":\"2025-06-03T09:49:07+00:00\",\"breadcrumb\":{\"@id\":\"https:\/\/footdavant.fr\/actualites\/wolves-en-regardant-de-21-ans-attaquant-de-la-premier-league-avant-le-depart-de-matheus-cunha\/#breadcrumb\"},\"inLanguage\":\"fr-FR\",\"potentialAction\":[{\"@type\":\"ReadAction\",\"target\":[\"https:\/\/footdavant.fr\/actualites\/wolves-en-regardant-de-21-ans-attaquant-de-la-premier-league-avant-le-depart-de-matheus-cunha\/\"]}]},{\"@type\":\"BreadcrumbList\",\"@id\":\"https:\/\/footdavant.fr\/actualites\/wolves-en-regardant-de-21-ans-attaquant-de-la-premier-league-avant-le-depart-de-matheus-cunha\/#breadcrumb\",\"itemListElement\":[{\"@type\":\"ListItem\",\"position\":1,\"name\":\"Accueil\",\"item\":\"https:\/\/footdavant.fr\/actualites\/\"},{\"@type\":\"ListItem\",\"position\":2,\"name\":\"Wolves \u00ab\u00a0 En regardant &#39;&#39; de 21 ans attaquant de la Premier League, avant le d\u00e9part de Matheus Cunha\"}]},{\"@type\":\"WebSite\",\"@id\":\"https:\/\/footdavant.fr\/actualites\/#website\",\"url\":\"https:\/\/footdavant.fr\/actualites\/\",\"name\":\"Foot d'avant\",\"description\":\"\",\"publisher\":{\"@id\":\"https:\/\/footdavant.fr\/actualites\/#organization\"},\"potentialAction\":[{\"@type\":\"SearchAction\",\"target\":{\"@type\":\"EntryPoint\",\"urlTemplate\":\"https:\/\/footdavant.fr\/actualites\/?s={search_term_string}\"},\"query-input\":\"required name=search_term_string\"}],\"inLanguage\":\"fr-FR\"},{\"@type\":\"Organization\",\"@id\":\"https:\/\/footdavant.fr\/actualites\/#organization\",\"name\":\"Foot d'avant\",\"url\":\"https:\/\/footdavant.fr\/actualites\/\",\"logo\":{\"@type\":\"ImageObject\",\"inLanguage\":\"fr-FR\",\"@id\":\"https:\/\/footdavant.fr\/actualites\/#\/schema\/logo\/image\/\",\"url\":\"https:\/\/footdavant.fr\/actualites\/wp-content\/uploads\/2023\/09\/Copy-of-FootDavant-Logo.png\",\"contentUrl\":\"https:\/\/footdavant.fr\/actualites\/wp-content\/uploads\/2023\/09\/Copy-of-FootDavant-Logo.png\",\"width\":936,\"height\":549,\"caption\":\"Foot d'avant\"},\"image\":{\"@id\":\"https:\/\/footdavant.fr\/actualites\/#\/schema\/logo\/image\/\"},\"sameAs\":[\"https:\/\/www.facebook.com\/Footdavant\/\",\"https:\/\/twitter.com\/FootdavantFr\",\"https:\/\/www.instagram.com\/footdavant.fr\/\"]},{\"@type\":\"Person\",\"@id\":\"https:\/\/footdavant.fr\/actualites\/#\/schema\/person\/bc222566d95871b37e597b3ed3ba5e1d\",\"name\":\"Cl\u00e9ment\",\"image\":{\"@type\":\"ImageObject\",\"inLanguage\":\"fr-FR\",\"@id\":\"https:\/\/footdavant.fr\/actualites\/#\/schema\/person\/image\/\",\"url\":\"https:\/\/secure.gravatar.com\/avatar\/7728b29aac2719421e1a9159b2254c44?s=96&d=mm&r=g\",\"contentUrl\":\"https:\/\/secure.gravatar.com\/avatar\/7728b29aac2719421e1a9159b2254c44?s=96&d=mm&r=g\",\"caption\":\"Cl\u00e9ment\"},\"sameAs\":[\"https:\/\/footdavant.fr\/\"]}]}<\/script>\n<!-- \/ Yoast SEO plugin. -->","yoast_head_json":{"title":"Wolves `` En regardant &#39;&#39; de 21 ans attaquant de la Premier League, avant le d\u00e9part de Matheus Cunha","robots":{"index":"index","follow":"follow","max-snippet":"max-snippet:-1","max-image-preview":"max-image-preview:large","max-video-preview":"max-video-preview:-1"},"canonical":"https:\/\/footdavant.fr\/actualites\/wolves-en-regardant-de-21-ans-attaquant-de-la-premier-league-avant-le-depart-de-matheus-cunha\/","og_locale":"fr_FR","og_type":"article","og_title":"Wolves `` En regardant &#39;&#39; de 21 ans attaquant de la Premier League, avant le d\u00e9part de Matheus Cunha","og_description":"Wolverhampton Wanderers et Arsenal auraient envie de signer l&#39;attaquant de Leicester City, Bilal El Khannous, pendant la fen\u00eatre de transfert d&#39;\u00e9t\u00e9. Wolverhampton Wanderers seraient int\u00e9ress\u00e9s","og_url":"https:\/\/footdavant.fr\/actualites\/wolves-en-regardant-de-21-ans-attaquant-de-la-premier-league-avant-le-depart-de-matheus-cunha\/","og_site_name":"Foot d&#039;avant","article_publisher":"https:\/\/www.facebook.com\/Footdavant\/","article_published_time":"2025-06-03T09:49:06+00:00","article_modified_time":"2025-06-03T09:49:07+00:00","og_image":[{"width":640,"height":480,"url":"https:\/\/footdavant.fr\/actualites\/wp-content\/uploads\/2025\/06\/Wolves-En-regardant-3939-de-21-ans-attaquant-de.jpg","type":"image\/jpeg"}],"author":"Cl\u00e9ment","twitter_card":"summary_large_image","twitter_creator":"@FootdavantFr","twitter_site":"@FootdavantFr","twitter_misc":{"\u00c9crit par":"Cl\u00e9ment","Dur\u00e9e de lecture estim\u00e9e":"2 minutes"},"schema":{"@context":"https:\/\/schema.org","@graph":[{"@type":"Article","@id":"https:\/\/footdavant.fr\/actualites\/wolves-en-regardant-de-21-ans-attaquant-de-la-premier-league-avant-le-depart-de-matheus-cunha\/#article","isPartOf":{"@id":"https:\/\/footdavant.fr\/actualites\/wolves-en-regardant-de-21-ans-attaquant-de-la-premier-league-avant-le-depart-de-matheus-cunha\/"},"author":{"name":"Cl\u00e9ment","@id":"https:\/\/footdavant.fr\/actualites\/#\/schema\/person\/bc222566d95871b37e597b3ed3ba5e1d"},"headline":"Wolves \u00ab\u00a0 En regardant &#39;&#39; de 21 ans attaquant de la Premier League, avant le d\u00e9part de Matheus Cunha","datePublished":"2025-06-03T09:49:06+00:00","dateModified":"2025-06-03T09:49:07+00:00","mainEntityOfPage":{"@id":"https:\/\/footdavant.fr\/actualites\/wolves-en-regardant-de-21-ans-attaquant-de-la-premier-league-avant-le-depart-de-matheus-cunha\/"},"wordCount":404,"publisher":{"@id":"https:\/\/footdavant.fr\/actualites\/#organization"},"keywords":["ans","attaquant","avant","Cunha","d\u00e9part","League","Matheus","Premier","regardant","Wolves"],"articleSection":["Premier League"],"inLanguage":"fr-FR"},{"@type":"WebPage","@id":"https:\/\/footdavant.fr\/actualites\/wolves-en-regardant-de-21-ans-attaquant-de-la-premier-league-avant-le-depart-de-matheus-cunha\/","url":"https:\/\/footdavant.fr\/actualites\/wolves-en-regardant-de-21-ans-attaquant-de-la-premier-league-avant-le-depart-de-matheus-cunha\/","name":"Wolves `` En regardant &#39;&#39; de 21 ans attaquant de la Premier League, avant le d\u00e9part de Matheus Cunha","isPartOf":{"@id":"https:\/\/footdavant.fr\/actualites\/#website"},"datePublished":"2025-06-03T09:49:06+00:00","dateModified":"2025-06-03T09:49:07+00:00","breadcrumb":{"@id":"https:\/\/footdavant.fr\/actualites\/wolves-en-regardant-de-21-ans-attaquant-de-la-premier-league-avant-le-depart-de-matheus-cunha\/#breadcrumb"},"inLanguage":"fr-FR","potentialAction":[{"@type":"ReadAction","target":["https:\/\/footdavant.fr\/actualites\/wolves-en-regardant-de-21-ans-attaquant-de-la-premier-league-avant-le-depart-de-matheus-cunha\/"]}]},{"@type":"BreadcrumbList","@id":"https:\/\/footdavant.fr\/actualites\/wolves-en-regardant-de-21-ans-attaquant-de-la-premier-league-avant-le-depart-de-matheus-cunha\/#breadcrumb","itemListElement":[{"@type":"ListItem","position":1,"name":"Accueil","item":"https:\/\/footdavant.fr\/actualites\/"},{"@type":"ListItem","position":2,"name":"Wolves \u00ab\u00a0 En regardant &#39;&#39; de 21 ans attaquant de la Premier League, avant le d\u00e9part de Matheus Cunha"}]},{"@type":"WebSite","@id":"https:\/\/footdavant.fr\/actualites\/#website","url":"https:\/\/footdavant.fr\/actualites\/","name":"Foot d'avant","description":"","publisher":{"@id":"https:\/\/footdavant.fr\/actualites\/#organization"},"potentialAction":[{"@type":"SearchAction","target":{"@type":"EntryPoint","urlTemplate":"https:\/\/footdavant.fr\/actualites\/?s={search_term_string}"},"query-input":"required name=search_term_string"}],"inLanguage":"fr-FR"},{"@type":"Organization","@id":"https:\/\/footdavant.fr\/actualites\/#organization","name":"Foot d'avant","url":"https:\/\/footdavant.fr\/actualites\/","logo":{"@type":"ImageObject","inLanguage":"fr-FR","@id":"https:\/\/footdavant.fr\/actualites\/#\/schema\/logo\/image\/","url":"https:\/\/footdavant.fr\/actualites\/wp-content\/uploads\/2023\/09\/Copy-of-FootDavant-Logo.png","contentUrl":"https:\/\/footdavant.fr\/actualites\/wp-content\/uploads\/2023\/09\/Copy-of-FootDavant-Logo.png","width":936,"height":549,"caption":"Foot d'avant"},"image":{"@id":"https:\/\/footdavant.fr\/actualites\/#\/schema\/logo\/image\/"},"sameAs":["https:\/\/www.facebook.com\/Footdavant\/","https:\/\/twitter.com\/FootdavantFr","https:\/\/www.instagram.com\/footdavant.fr\/"]},{"@type":"Person","@id":"https:\/\/footdavant.fr\/actualites\/#\/schema\/person\/bc222566d95871b37e597b3ed3ba5e1d","name":"Cl\u00e9ment","image":{"@type":"ImageObject","inLanguage":"fr-FR","@id":"https:\/\/footdavant.fr\/actualites\/#\/schema\/person\/image\/","url":"https:\/\/secure.gravatar.com\/avatar\/7728b29aac2719421e1a9159b2254c44?s=96&d=mm&r=g","contentUrl":"https:\/\/secure.gravatar.com\/avatar\/7728b29aac2719421e1a9159b2254c44?s=96&d=mm&r=g","caption":"Cl\u00e9ment"},"sameAs":["https:\/\/footdavant.fr\/"]}]}},"_links":{"self":[{"href":"https:\/\/footdavant.fr\/actualites\/wp-json\/wp\/v2\/posts\/24655"}],"collection":[{"href":"https:\/\/footdavant.fr\/actualites\/wp-json\/wp\/v2\/posts"}],"about":[{"href":"https:\/\/footdavant.fr\/actualites\/wp-json\/wp\/v2\/types\/post"}],"author":[{"embeddable":true,"href":"https:\/\/footdavant.fr\/actualites\/wp-json\/wp\/v2\/users\/1"}],"replies":[{"embeddable":true,"href":"https:\/\/footdavant.fr\/actualites\/wp-json\/wp\/v2\/comments?post=24655"}],"version-history":[{"count":1,"href":"https:\/\/footdavant.fr\/actualites\/wp-json\/wp\/v2\/posts\/24655\/revisions"}],"predecessor-version":[{"id":24657,"href":"https:\/\/footdavant.fr\/actualites\/wp-json\/wp\/v2\/posts\/24655\/revisions\/24657"}],"wp:featuredmedia":[{"embeddable":true,"href":"https:\/\/footdavant.fr\/actualites\/wp-json\/wp\/v2\/media\/24656"}],"wp:attachment":[{"href":"https:\/\/footdavant.fr\/actualites\/wp-json\/wp\/v2\/media?parent=24655"}],"wp:term":[{"taxonomy":"category","embeddable":true,"href":"https:\/\/footdavant.fr\/actualites\/wp-json\/wp\/v2\/categories?post=24655"},{"taxonomy":"post_tag","embeddable":true,"href":"https:\/\/footdavant.fr\/actualites\/wp-json\/wp\/v2\/tags?post=24655"}],"curies":[{"name":"wp","href":"https:\/\/api.w.org\/{rel}","templated":true}]}}