{"id":24658,"date":"2025-06-03T13:48:32","date_gmt":"2025-06-03T11:48:32","guid":{"rendered":"https:\/\/footdavant.fr\/actualites\/pas-de-repos-pour-les-chances-mechantes-mais-importantes-pour-chelsea-de-prendre-de-lelan\/"},"modified":"2025-06-03T13:48:32","modified_gmt":"2025-06-03T11:48:32","slug":"pas-de-repos-pour-les-chances-mechantes-mais-importantes-pour-chelsea-de-prendre-de-lelan","status":"publish","type":"post","link":"https:\/\/footdavant.fr\/actualites\/pas-de-repos-pour-les-chances-mechantes-mais-importantes-pour-chelsea-de-prendre-de-lelan\/","title":{"rendered":"Pas de repos pour les chances m\u00e9chantes mais importantes pour Chelsea de prendre de l&#39;\u00e9lan"},"content":{"rendered":"<div>\n<p>Il y aura tr\u00e8s peu de repos pour les joueurs de Chelsea en raison de la Coupe du monde de club nouvellement adapt\u00e9e controvers\u00e9e cet \u00e9t\u00e9.<\/p>\n<p>Le premier match de Chelsea est le 16 juin, donnant \u00e0 nos joueurs et entra\u00eeneurs tr\u00e8s peu de temps libre avant lui. Et puis m\u00eame apr\u00e8s, la pr\u00e9-saison commencera donc il y a litt\u00e9ralement, pas de repos pour les m\u00e9chants.<\/p>\n<p>Je suis plut\u00f4t divis\u00e9. Cela nous apporte beaucoup d&#39;argent, ce qui est g\u00e9nial. Je peux \u00e9galement voir l&#39;excitation autour de tout cela. Mais la r\u00e9alit\u00e9 est que ces gars-l\u00e0 ont besoin de toutes les opportunit\u00e9s pour avoir une pause dans le jeu, c&#39;est si important mentalement et physiquement. Ils jouent d\u00e9j\u00e0 suffisamment en \u00e9t\u00e9 avec des comp\u00e9titions internationales tous les deux ans, donc ajouter une comp\u00e9tition nationale suppl\u00e9mentaire et longue pour moi est une simple exag\u00e9ration et une cupidit\u00e9. Les riches deviendront plus riches, qui est le monde dans lequel nous vivons.<\/p>\n<p>Mais, enlevant tout cela, je suis \u00e9videmment ravi de regarder Chelsea jouer dans cette Coupe du monde Summers Club, laissant de c\u00f4t\u00e9 le c\u00f4t\u00e9 laid de tout cela.<\/p>\n<p>Chelsea a \u00e9videmment remport\u00e9 la comp\u00e9tition en 2022, et ce fut un moment passionnant et une autre chance de gagner de l&#39;argenterie.<\/p>\n<p>Notre groupe pour le concours de cette ann\u00e9e a maintenant \u00e9t\u00e9 officiellement confirm\u00e9.<\/p>\n<p>Coupe du monde du monde de la FIFA Groupe D:<\/p>\n<p>1. Chelsea FC (Angleterre) \ud83c\udff4\udb40\udc67\udb40\udc62\udb40\udc65\udb40\udc6e\udb40\udc67\udb40\udc7f<\/p>\n<p>2. Flamengo (Br\u00e9sil) \ud83c\udde7\ud83c\uddf7<\/p>\n<p>3. Esp\u00e9rance Sportive (Tunisie) \ud83c\uddf9\ud83c\uddf3<\/p>\n<p>4. Los Angeles FC (Am\u00e9rique) \ud83c\uddfa\ud83c\uddf2\ud83c\udd95<\/p>\n<p>Ainsi, en regardant ce groupe, Chelsea devrait \u00eatre plus que capable de progresser dans la comp\u00e9tition pour affronter certains des bien meilleurs parties.<\/p>\n<p>Flamengo est un c\u00f4t\u00e9 d\u00e9cent, mais il ne devrait pas vraiment y avoir autre chose ici que quelques peaux de banane possibles. Mais Chelsea n&#39;a eu aucun probl\u00e8me avec les skins de banane dans la ligue de la conf\u00e9rence cette saison, gagnant cela facilement.<\/p>\n<p>Ceci est une liste compl\u00e8te des clubs participants:<\/p>\n<div class=\"captioned-image-container\">\n<figure>\n<div class=\"image2-inset\"><img loading=\"lazy\" decoding=\"async\" class=\"sizing-normal\" src=\"https:\/\/footdavant.fr\/actualites\/wp-content\/uploads\/2025\/06\/Pas-de-repos-pour-les-chances-mechantes-mais-importantes-pour.jpeg\" alt=\"\" width=\"1089\" height=\"676\" data-attrs='{\"src\":\"https:\/\/substack-post-media.s3.amazonaws.com\/public\/images\/507b3b74-6062-4ae4-996e-0f2582562153_1089x676.png\",\"srcNoWatermark\":null,\"fullscreen\":null,\"imageSize\":null,\"height\":676,\"width\":1089,\"resizeWidth\":null,\"bytes\":150010,\"alt\":null,\"title\":null,\"type\":\"image\/png\",\"href\":null,\"belowTheFold\":true,\"topImage\":false,\"internalRedirect\":\"https:\/\/siphillipstalkschelsea.substack.com\/i\/164920512?img=https%3A%2F%2Fsubstack-post-media.s3.amazonaws.com%2Fpublic%2Fimages%2F507b3b74-6062-4ae4-996e-0f2582562153_1089x676.png\",\"isProcessing\":false,\"align\":null}'><\/p>\n<\/div>\n<\/figure>\n<\/div>\n<p>De toute \u00e9vidence, c&#39;est le FC confirm\u00e9 sur Club America.<\/p>\n<p>La NEW-Look Club World Cup mettra en vedette 32 \u00e9quipes et se jouera tous les quatre ans \u00e0 partir de l&#39;\u00e9t\u00e9 2025. Il s&#39;agit d&#39;une expansion de la version pr\u00e9c\u00e9dente du tournoi, qui a eu lieu chaque ann\u00e9e et n&#39;a impliqu\u00e9 que sept \u00e9quipes du monde entier.<\/p>\n<p>Pour remplacer la comp\u00e9tition annuelle, une coupe intercontinentale se jouera chaque ann\u00e9e et que le vainqueur de la Ligue des champions jouant en finale contre une \u00e9quipe qui passe par des \u00e9liminatoires intercontinentaux.<\/p>\n<p>Cette CWC commence, la finale se d\u00e9roulant.<\/p>\n<p>La Coupe du monde du club 2025 a lieu aux \u00c9tats-Unis dans 12 stades:<\/p>\n<p>&#8211; Mercedes-Benz Stadium (Atlanta)<\/p>\n<p>&#8211; Bank of America Stadium (Charlotte)<\/p>\n<p>&#8211; TQL Stadium (Cincinnati)<\/p>\n<p>&#8211; Rose Bowl Stadium (Los Angeles)<\/p>\n<p>&#8211; Hard Rock Stadium (Miami)<\/p>\n<p>&#8211; Geodis Park (Nashville)<\/p>\n<p>&#8211; Camping World Stadium (Orlando)<\/p>\n<p>&#8211; Inter &#038; Co Stadium (Orlando)<\/p>\n<p>&#8211; Lincoln Financial Field (Philadelphie)<\/p>\n<p>&#8211; Field Lumen (Seattle)<\/p>\n<p>&#8211; Audi Field (Washington, DC)<\/p>\n<p>Je suis s\u00fbr qu&#39;une partie de notre communaut\u00e9 ici ira \u00e0 certains jeux, faites-le nous savoir dans les commentaires si vous allez ou pr\u00e9voyez d&#39;y aller! C&#39;est une excellente occasion pour les fans am\u00e9ricains de Chelsea de regarder un match en direct, qui est le c\u00f4t\u00e9 sp\u00e9cial non-ouest d&#39;une telle comp\u00e9tition.<\/p>\n<p>Oh diable, je vais aller de l&#39;avant et commander mon tableau mural alors! Oh, et la ch\u00e8vre sera l\u00e0 aussi\u2026.<\/p>\n<div class=\"captioned-image-container\">\n<figure>\n<div class=\"image2-inset\"><img loading=\"lazy\" decoding=\"async\" class=\"sizing-normal\" title=\"Lionel Messi marque \u00e0 nouveau alors que Inter Miami avance aux ligues Cup Final | CNN\" src=\"https:\/\/footdavant.fr\/actualites\/wp-content\/uploads\/2025\/06\/1748951312_379_Pas-de-repos-pour-les-chances-mechantes-mais-importantes-pour.jpeg\" alt=\"Lionel Messi marque \u00e0 nouveau alors que Inter Miami avance aux ligues Cup Final | CNN\" width=\"1456\" height=\"1016\" data-attrs='{\"src\":\"https:\/\/substack-post-media.s3.amazonaws.com\/public\/images\/1e35a41f-6242-4bf0-8e90-c5cb63506947_1600x1117.jpeg\",\"srcNoWatermark\":null,\"fullscreen\":null,\"imageSize\":null,\"height\":1016,\"width\":1456,\"resizeWidth\":null,\"bytes\":null,\"alt\":\"Lionel Messi scores again as Inter Miami advances to Leagues Cup Final | CNN\",\"title\":null,\"type\":null,\"href\":null,\"belowTheFold\":true,\"topImage\":false,\"internalRedirect\":null,\"isProcessing\":false,\"align\":null}'><\/div>\n<\/figure>\n<\/div><\/div>\n","protected":false},"excerpt":{"rendered":"<p>Il y aura tr\u00e8s peu de repos pour les joueurs de Chelsea en raison de la Coupe du monde de club nouvellement adapt\u00e9e controvers\u00e9e cet<\/p>\n","protected":false},"author":1,"featured_media":0,"comment_status":"","ping_status":"","sticky":false,"template":"","format":"standard","meta":{"footnotes":""},"categories":[3],"tags":[1036,171,9430,9431,93,365,9429,71,51,2354,2111],"yoast_head":"<!-- This site is optimized with the Yoast SEO plugin v21.0 - https:\/\/yoast.com\/wordpress\/plugins\/seo\/ -->\n<title>Pas de repos pour les chances m\u00e9chantes mais importantes pour Chelsea de prendre de l&#039;\u00e9lan<\/title>\n<meta name=\"robots\" content=\"index, follow, max-snippet:-1, max-image-preview:large, max-video-preview:-1\" \/>\n<link rel=\"canonical\" href=\"https:\/\/footdavant.fr\/actualites\/pas-de-repos-pour-les-chances-mechantes-mais-importantes-pour-chelsea-de-prendre-de-lelan\/\" \/>\n<meta property=\"og:locale\" content=\"fr_FR\" \/>\n<meta property=\"og:type\" content=\"article\" \/>\n<meta property=\"og:title\" content=\"Pas de repos pour les chances m\u00e9chantes mais importantes pour Chelsea de prendre de l&#039;\u00e9lan\" \/>\n<meta property=\"og:description\" content=\"Il y aura tr\u00e8s peu de repos pour les joueurs de Chelsea en raison de la Coupe du monde de club nouvellement adapt\u00e9e controvers\u00e9e cet\" \/>\n<meta property=\"og:url\" content=\"https:\/\/footdavant.fr\/actualites\/pas-de-repos-pour-les-chances-mechantes-mais-importantes-pour-chelsea-de-prendre-de-lelan\/\" \/>\n<meta property=\"og:site_name\" content=\"Foot d&#039;avant\" \/>\n<meta property=\"article:publisher\" content=\"https:\/\/www.facebook.com\/Footdavant\/\" \/>\n<meta property=\"article:published_time\" content=\"2025-06-03T11:48:32+00:00\" \/>\n<meta property=\"og:image\" content=\"https:\/\/footdavant.fr\/actualites\/wp-content\/uploads\/2025\/06\/Pas-de-repos-pour-les-chances-mechantes-mais-importantes-pour.jpeg\" \/>\n<meta name=\"author\" content=\"Cl\u00e9ment\" \/>\n<meta name=\"twitter:card\" content=\"summary_large_image\" \/>\n<meta name=\"twitter:creator\" content=\"@FootdavantFr\" \/>\n<meta name=\"twitter:site\" content=\"@FootdavantFr\" \/>\n<meta name=\"twitter:label1\" content=\"\u00c9crit par\" \/>\n\t<meta name=\"twitter:data1\" content=\"Cl\u00e9ment\" \/>\n\t<meta name=\"twitter:label2\" content=\"Dur\u00e9e de lecture estim\u00e9e\" \/>\n\t<meta name=\"twitter:data2\" content=\"3 minutes\" \/>\n<script type=\"application\/ld+json\" class=\"yoast-schema-graph\">{\"@context\":\"https:\/\/schema.org\",\"@graph\":[{\"@type\":\"Article\",\"@id\":\"https:\/\/footdavant.fr\/actualites\/pas-de-repos-pour-les-chances-mechantes-mais-importantes-pour-chelsea-de-prendre-de-lelan\/#article\",\"isPartOf\":{\"@id\":\"https:\/\/footdavant.fr\/actualites\/pas-de-repos-pour-les-chances-mechantes-mais-importantes-pour-chelsea-de-prendre-de-lelan\/\"},\"author\":{\"name\":\"Cl\u00e9ment\",\"@id\":\"https:\/\/footdavant.fr\/actualites\/#\/schema\/person\/bc222566d95871b37e597b3ed3ba5e1d\"},\"headline\":\"Pas de repos pour les chances m\u00e9chantes mais importantes pour Chelsea de prendre de l&#39;\u00e9lan\",\"datePublished\":\"2025-06-03T11:48:32+00:00\",\"dateModified\":\"2025-06-03T11:48:32+00:00\",\"mainEntityOfPage\":{\"@id\":\"https:\/\/footdavant.fr\/actualites\/pas-de-repos-pour-les-chances-mechantes-mais-importantes-pour-chelsea-de-prendre-de-lelan\/\"},\"wordCount\":621,\"publisher\":{\"@id\":\"https:\/\/footdavant.fr\/actualites\/#organization\"},\"keywords\":[\"chances\",\"Chelsea\",\"importantes\",\"l39\u00e9lan\",\"les\",\"mais\",\"m\u00e9chantes\",\"pas\",\"pour\",\"prendre\",\"repos\"],\"articleSection\":[\"Football\"],\"inLanguage\":\"fr-FR\"},{\"@type\":\"WebPage\",\"@id\":\"https:\/\/footdavant.fr\/actualites\/pas-de-repos-pour-les-chances-mechantes-mais-importantes-pour-chelsea-de-prendre-de-lelan\/\",\"url\":\"https:\/\/footdavant.fr\/actualites\/pas-de-repos-pour-les-chances-mechantes-mais-importantes-pour-chelsea-de-prendre-de-lelan\/\",\"name\":\"Pas de repos pour les chances m\u00e9chantes mais importantes pour Chelsea de prendre de l&#39;\u00e9lan\",\"isPartOf\":{\"@id\":\"https:\/\/footdavant.fr\/actualites\/#website\"},\"datePublished\":\"2025-06-03T11:48:32+00:00\",\"dateModified\":\"2025-06-03T11:48:32+00:00\",\"breadcrumb\":{\"@id\":\"https:\/\/footdavant.fr\/actualites\/pas-de-repos-pour-les-chances-mechantes-mais-importantes-pour-chelsea-de-prendre-de-lelan\/#breadcrumb\"},\"inLanguage\":\"fr-FR\",\"potentialAction\":[{\"@type\":\"ReadAction\",\"target\":[\"https:\/\/footdavant.fr\/actualites\/pas-de-repos-pour-les-chances-mechantes-mais-importantes-pour-chelsea-de-prendre-de-lelan\/\"]}]},{\"@type\":\"BreadcrumbList\",\"@id\":\"https:\/\/footdavant.fr\/actualites\/pas-de-repos-pour-les-chances-mechantes-mais-importantes-pour-chelsea-de-prendre-de-lelan\/#breadcrumb\",\"itemListElement\":[{\"@type\":\"ListItem\",\"position\":1,\"name\":\"Accueil\",\"item\":\"https:\/\/footdavant.fr\/actualites\/\"},{\"@type\":\"ListItem\",\"position\":2,\"name\":\"Pas de repos pour les chances m\u00e9chantes mais importantes pour Chelsea de prendre de l&#39;\u00e9lan\"}]},{\"@type\":\"WebSite\",\"@id\":\"https:\/\/footdavant.fr\/actualites\/#website\",\"url\":\"https:\/\/footdavant.fr\/actualites\/\",\"name\":\"Foot d'avant\",\"description\":\"\",\"publisher\":{\"@id\":\"https:\/\/footdavant.fr\/actualites\/#organization\"},\"potentialAction\":[{\"@type\":\"SearchAction\",\"target\":{\"@type\":\"EntryPoint\",\"urlTemplate\":\"https:\/\/footdavant.fr\/actualites\/?s={search_term_string}\"},\"query-input\":\"required name=search_term_string\"}],\"inLanguage\":\"fr-FR\"},{\"@type\":\"Organization\",\"@id\":\"https:\/\/footdavant.fr\/actualites\/#organization\",\"name\":\"Foot d'avant\",\"url\":\"https:\/\/footdavant.fr\/actualites\/\",\"logo\":{\"@type\":\"ImageObject\",\"inLanguage\":\"fr-FR\",\"@id\":\"https:\/\/footdavant.fr\/actualites\/#\/schema\/logo\/image\/\",\"url\":\"https:\/\/footdavant.fr\/actualites\/wp-content\/uploads\/2023\/09\/Copy-of-FootDavant-Logo.png\",\"contentUrl\":\"https:\/\/footdavant.fr\/actualites\/wp-content\/uploads\/2023\/09\/Copy-of-FootDavant-Logo.png\",\"width\":936,\"height\":549,\"caption\":\"Foot d'avant\"},\"image\":{\"@id\":\"https:\/\/footdavant.fr\/actualites\/#\/schema\/logo\/image\/\"},\"sameAs\":[\"https:\/\/www.facebook.com\/Footdavant\/\",\"https:\/\/twitter.com\/FootdavantFr\",\"https:\/\/www.instagram.com\/footdavant.fr\/\"]},{\"@type\":\"Person\",\"@id\":\"https:\/\/footdavant.fr\/actualites\/#\/schema\/person\/bc222566d95871b37e597b3ed3ba5e1d\",\"name\":\"Cl\u00e9ment\",\"image\":{\"@type\":\"ImageObject\",\"inLanguage\":\"fr-FR\",\"@id\":\"https:\/\/footdavant.fr\/actualites\/#\/schema\/person\/image\/\",\"url\":\"https:\/\/secure.gravatar.com\/avatar\/7728b29aac2719421e1a9159b2254c44?s=96&d=mm&r=g\",\"contentUrl\":\"https:\/\/secure.gravatar.com\/avatar\/7728b29aac2719421e1a9159b2254c44?s=96&d=mm&r=g\",\"caption\":\"Cl\u00e9ment\"},\"sameAs\":[\"https:\/\/footdavant.fr\/\"]}]}<\/script>\n<!-- \/ Yoast SEO plugin. -->","yoast_head_json":{"title":"Pas de repos pour les chances m\u00e9chantes mais importantes pour Chelsea de prendre de l&#39;\u00e9lan","robots":{"index":"index","follow":"follow","max-snippet":"max-snippet:-1","max-image-preview":"max-image-preview:large","max-video-preview":"max-video-preview:-1"},"canonical":"https:\/\/footdavant.fr\/actualites\/pas-de-repos-pour-les-chances-mechantes-mais-importantes-pour-chelsea-de-prendre-de-lelan\/","og_locale":"fr_FR","og_type":"article","og_title":"Pas de repos pour les chances m\u00e9chantes mais importantes pour Chelsea de prendre de l&#39;\u00e9lan","og_description":"Il y aura tr\u00e8s peu de repos pour les joueurs de Chelsea en raison de la Coupe du monde de club nouvellement adapt\u00e9e controvers\u00e9e cet","og_url":"https:\/\/footdavant.fr\/actualites\/pas-de-repos-pour-les-chances-mechantes-mais-importantes-pour-chelsea-de-prendre-de-lelan\/","og_site_name":"Foot d&#039;avant","article_publisher":"https:\/\/www.facebook.com\/Footdavant\/","article_published_time":"2025-06-03T11:48:32+00:00","og_image":[{"url":"https:\/\/footdavant.fr\/actualites\/wp-content\/uploads\/2025\/06\/Pas-de-repos-pour-les-chances-mechantes-mais-importantes-pour.jpeg"}],"author":"Cl\u00e9ment","twitter_card":"summary_large_image","twitter_creator":"@FootdavantFr","twitter_site":"@FootdavantFr","twitter_misc":{"\u00c9crit par":"Cl\u00e9ment","Dur\u00e9e de lecture estim\u00e9e":"3 minutes"},"schema":{"@context":"https:\/\/schema.org","@graph":[{"@type":"Article","@id":"https:\/\/footdavant.fr\/actualites\/pas-de-repos-pour-les-chances-mechantes-mais-importantes-pour-chelsea-de-prendre-de-lelan\/#article","isPartOf":{"@id":"https:\/\/footdavant.fr\/actualites\/pas-de-repos-pour-les-chances-mechantes-mais-importantes-pour-chelsea-de-prendre-de-lelan\/"},"author":{"name":"Cl\u00e9ment","@id":"https:\/\/footdavant.fr\/actualites\/#\/schema\/person\/bc222566d95871b37e597b3ed3ba5e1d"},"headline":"Pas de repos pour les chances m\u00e9chantes mais importantes pour Chelsea de prendre de l&#39;\u00e9lan","datePublished":"2025-06-03T11:48:32+00:00","dateModified":"2025-06-03T11:48:32+00:00","mainEntityOfPage":{"@id":"https:\/\/footdavant.fr\/actualites\/pas-de-repos-pour-les-chances-mechantes-mais-importantes-pour-chelsea-de-prendre-de-lelan\/"},"wordCount":621,"publisher":{"@id":"https:\/\/footdavant.fr\/actualites\/#organization"},"keywords":["chances","Chelsea","importantes","l39\u00e9lan","les","mais","m\u00e9chantes","pas","pour","prendre","repos"],"articleSection":["Football"],"inLanguage":"fr-FR"},{"@type":"WebPage","@id":"https:\/\/footdavant.fr\/actualites\/pas-de-repos-pour-les-chances-mechantes-mais-importantes-pour-chelsea-de-prendre-de-lelan\/","url":"https:\/\/footdavant.fr\/actualites\/pas-de-repos-pour-les-chances-mechantes-mais-importantes-pour-chelsea-de-prendre-de-lelan\/","name":"Pas de repos pour les chances m\u00e9chantes mais importantes pour Chelsea de prendre de l&#39;\u00e9lan","isPartOf":{"@id":"https:\/\/footdavant.fr\/actualites\/#website"},"datePublished":"2025-06-03T11:48:32+00:00","dateModified":"2025-06-03T11:48:32+00:00","breadcrumb":{"@id":"https:\/\/footdavant.fr\/actualites\/pas-de-repos-pour-les-chances-mechantes-mais-importantes-pour-chelsea-de-prendre-de-lelan\/#breadcrumb"},"inLanguage":"fr-FR","potentialAction":[{"@type":"ReadAction","target":["https:\/\/footdavant.fr\/actualites\/pas-de-repos-pour-les-chances-mechantes-mais-importantes-pour-chelsea-de-prendre-de-lelan\/"]}]},{"@type":"BreadcrumbList","@id":"https:\/\/footdavant.fr\/actualites\/pas-de-repos-pour-les-chances-mechantes-mais-importantes-pour-chelsea-de-prendre-de-lelan\/#breadcrumb","itemListElement":[{"@type":"ListItem","position":1,"name":"Accueil","item":"https:\/\/footdavant.fr\/actualites\/"},{"@type":"ListItem","position":2,"name":"Pas de repos pour les chances m\u00e9chantes mais importantes pour Chelsea de prendre de l&#39;\u00e9lan"}]},{"@type":"WebSite","@id":"https:\/\/footdavant.fr\/actualites\/#website","url":"https:\/\/footdavant.fr\/actualites\/","name":"Foot d'avant","description":"","publisher":{"@id":"https:\/\/footdavant.fr\/actualites\/#organization"},"potentialAction":[{"@type":"SearchAction","target":{"@type":"EntryPoint","urlTemplate":"https:\/\/footdavant.fr\/actualites\/?s={search_term_string}"},"query-input":"required name=search_term_string"}],"inLanguage":"fr-FR"},{"@type":"Organization","@id":"https:\/\/footdavant.fr\/actualites\/#organization","name":"Foot d'avant","url":"https:\/\/footdavant.fr\/actualites\/","logo":{"@type":"ImageObject","inLanguage":"fr-FR","@id":"https:\/\/footdavant.fr\/actualites\/#\/schema\/logo\/image\/","url":"https:\/\/footdavant.fr\/actualites\/wp-content\/uploads\/2023\/09\/Copy-of-FootDavant-Logo.png","contentUrl":"https:\/\/footdavant.fr\/actualites\/wp-content\/uploads\/2023\/09\/Copy-of-FootDavant-Logo.png","width":936,"height":549,"caption":"Foot d'avant"},"image":{"@id":"https:\/\/footdavant.fr\/actualites\/#\/schema\/logo\/image\/"},"sameAs":["https:\/\/www.facebook.com\/Footdavant\/","https:\/\/twitter.com\/FootdavantFr","https:\/\/www.instagram.com\/footdavant.fr\/"]},{"@type":"Person","@id":"https:\/\/footdavant.fr\/actualites\/#\/schema\/person\/bc222566d95871b37e597b3ed3ba5e1d","name":"Cl\u00e9ment","image":{"@type":"ImageObject","inLanguage":"fr-FR","@id":"https:\/\/footdavant.fr\/actualites\/#\/schema\/person\/image\/","url":"https:\/\/secure.gravatar.com\/avatar\/7728b29aac2719421e1a9159b2254c44?s=96&d=mm&r=g","contentUrl":"https:\/\/secure.gravatar.com\/avatar\/7728b29aac2719421e1a9159b2254c44?s=96&d=mm&r=g","caption":"Cl\u00e9ment"},"sameAs":["https:\/\/footdavant.fr\/"]}]}},"_links":{"self":[{"href":"https:\/\/footdavant.fr\/actualites\/wp-json\/wp\/v2\/posts\/24658"}],"collection":[{"href":"https:\/\/footdavant.fr\/actualites\/wp-json\/wp\/v2\/posts"}],"about":[{"href":"https:\/\/footdavant.fr\/actualites\/wp-json\/wp\/v2\/types\/post"}],"author":[{"embeddable":true,"href":"https:\/\/footdavant.fr\/actualites\/wp-json\/wp\/v2\/users\/1"}],"replies":[{"embeddable":true,"href":"https:\/\/footdavant.fr\/actualites\/wp-json\/wp\/v2\/comments?post=24658"}],"version-history":[{"count":0,"href":"https:\/\/footdavant.fr\/actualites\/wp-json\/wp\/v2\/posts\/24658\/revisions"}],"wp:attachment":[{"href":"https:\/\/footdavant.fr\/actualites\/wp-json\/wp\/v2\/media?parent=24658"}],"wp:term":[{"taxonomy":"category","embeddable":true,"href":"https:\/\/footdavant.fr\/actualites\/wp-json\/wp\/v2\/categories?post=24658"},{"taxonomy":"post_tag","embeddable":true,"href":"https:\/\/footdavant.fr\/actualites\/wp-json\/wp\/v2\/tags?post=24658"}],"curies":[{"name":"wp","href":"https:\/\/api.w.org\/{rel}","templated":true}]}}