{"id":24659,"date":"2025-06-03T15:48:12","date_gmt":"2025-06-03T13:48:12","guid":{"rendered":"https:\/\/footdavant.fr\/actualites\/transfert-roundup-mark-flekken-a-bayer-leverkusen-carlos-alcaraz-a-everton\/"},"modified":"2025-06-03T15:48:13","modified_gmt":"2025-06-03T13:48:13","slug":"transfert-roundup-mark-flekken-a-bayer-leverkusen-carlos-alcaraz-a-everton","status":"publish","type":"post","link":"https:\/\/footdavant.fr\/actualites\/transfert-roundup-mark-flekken-a-bayer-leverkusen-carlos-alcaraz-a-everton\/","title":{"rendered":"Transfert Roundup: Mark Flekken \u00e0 Bayer Leverkusen, Carlos Alcaraz \u00e0 Everton"},"content":{"rendered":"<p>Sports Mole rassemble les derni\u00e8res nouvelles et rumeurs de transfert, notamment Mark Flekken \u00e0 Bayer Leverkusen et Carlos Alcaraz \u00e0 Everton pour un accord permanent.<\/p>\n<div id=\"article_body\" itemprop=\"articleBody\">\n<h3 class=\"firstPara\">\n<strong class=\"autotag\">Brentford<\/strong> auraient rejet\u00e9 une offre de 7,6 millions de livres sterling <strong class=\"autotag\">Bayer Leverkusen<\/strong> pour le gardien de but <strong class=\"autotag\">Mark Flekken<\/strong>.<\/h3>\n<p>L&#39;homme de 31 ans a rejoint les abeilles de la tenue de Bundesliga Freiburg pendant l&#39;\u00e9t\u00e9 2023, faisant des erreurs de haut niveau lors de sa premi\u00e8re campagne en Premier League.<\/p>\n<p>Cependant, Flekken a connu un deuxi\u00e8me mandat plus stable dans le jeu anglais, avec 37 matchs de haut vol pour <strong class=\"autotag\">Thomas Frank<\/strong>Le c\u00f4t\u00e9, gardant sept feuilles propres.<\/p>\n<p>\u00c0 31 ans, le N\u00e9erlandais est l&#39;un des joueurs les plus exp\u00e9riment\u00e9s du Brentford Start XI, qui contient des superstars telles que <strong class=\"autotag\">Yoane Wissa<\/strong> et Newcastle United-Linked <strong class=\"autotag\">Bryan Mbeumo<\/strong>.<\/p>\n<p>Selon <em>L&#39;athl\u00e9tisme<\/em>Le s\u00e9jour de Flekken au GTECH Community Stadium pourrait approcher sa fin apr\u00e8s seulement deux campagnes compl\u00e8tes \u00e0 Londres.<\/p>\n<p>Le rapport affirme que les g\u00e9ants de Bundesliga, Bayer Leverkusen, souhaitent obtenir les services de l&#39;homme de 31 ans, soumettant une offre initiale pour le coup de tir. <\/p>\n<p>Cependant, il est entendu que Brentford a rejet\u00e9 une premi\u00e8re approche totalisant environ 7,6 millions de livres sterling, les abeilles cherchant \u00e0 empocher au moins 10,9 millions de livres sterling de la vente du gardien de but.<\/p>\n<p>Si Flekken se lie \u00e0 la partie allemande cet \u00e9t\u00e9, on pense que les hommes de Frank se d\u00e9placeront rapidement pour s\u00e9curiser la signature de Liverpool Hero <strong class=\"autotag\">Caoimhin Kelleher<\/strong>.<\/p>\n<p class=\"imgI\">\n<h2 class=\"k3\">\n<strong class=\"autotag\">Everton<\/strong> Activer la clause d&#39;achat dans le contrat Alcaraz?<\/h2>\n<p>Se concentrer sur un joueur qui devrait rester en Premier League la saison prochaine, <strong class=\"autotag\">Carlos Alcaraz<\/strong> a impressionn\u00e9 massivement pendant son pr\u00eat \u00e0 Everton <strong class=\"autotag\">Flammengo<\/strong>.<\/p>\n<p>Le joueur de 22 ans a marqu\u00e9 deux fois et a fourni trois passes d\u00e9cisives sur 16 matchs de haut vol, aidant <strong class=\"autotag\">David Moyes<\/strong>Le c\u00f4t\u00e9 de l&#39;\u00e9quipe profite d&#39;une fin sans stress \u00e0 la campagne.<\/p>\n<p>Alcaraz a commenc\u00e9 le mandat 2024-25 \u00e0 Southampton, qui allait subir une rel\u00e9gation au championnat apr\u00e8s avoir collect\u00e9 seulement 12 points.<\/p>\n<p>Selon le sp\u00e9cialiste du transfert <strong class=\"autotag\">Fabrizio Romano<\/strong>Everton a activ\u00e9 l&#39;option d&#39;achat dans le contrat temporaire d&#39;Alcaraz aupr\u00e8s des g\u00e9ants br\u00e9siliens Flamengo.<\/p>\n<p>Les Toffees d\u00e9bourseront soi-disant 15 millions d&#39;euros (12,6 millions de livres sterling) pour le plaisir de signer de fa\u00e7on permanente l&#39;Argentin, ainsi que 3 millions d&#39;euros (2,5 millions de livres sterling) en modules compl\u00e9mentaires.<\/p>\n<p>Cet accord n&#39;a pas encore \u00e9t\u00e9 scell\u00e9, bien que le processus devrait \u00eatre une formalit\u00e9 due \u00e0 la clause d&#39;achat dans les termes actuels de 22 ans sur le Merseyside.<\/p>\n<p class=\"imgI\"><img decoding=\"async\" loading=\"lazy\" class=\"l\" src=\"https:\/\/footdavant.fr\/actualites\/wp-content\/uploads\/2025\/06\/1748958492_765_Transfert-Roundup-Mark-Flekken-a-Bayer-Leverkusen-Carlos-Alcaraz-a.jpg\" title=\"Adrien Truffert de Rennes en action le 15 f\u00e9vrier 2024\" alt=\"Adrien Truffert de Rennes en action le 15 f\u00e9vrier 2024\" width=\"640\" height=\"480\"><\/p>\n<h2 class=\"k3\">Villa, <strong class=\"autotag\">Marseille<\/strong> se battre pour l&#39;arri\u00e8re fran\u00e7ais?<\/h2>\n<p>Ailleurs en Premier League, <strong class=\"autotag\">Aston Villa<\/strong> sont toujours sous le choc de leur d\u00e9faite de la derni\u00e8re journ\u00e9e \u00e0 Manchester United, ce qui leur a co\u00fbt\u00e9 le football en Ligue des champions.<\/p>\n<p><strong class=\"autotag\">Unai Emery<\/strong>Les hommes de l&#39;Europa seront les hommes l&#39;ann\u00e9e prochaine, et leurs plans de transfert ont \u00e9t\u00e9 r\u00e9trograd\u00e9s \u00e0 la suite de leur \u00e9chec parmi les cinq premiers.<\/p>\n<p>Selon <em>L&#39;\u00e9quipe<\/em>les villans visent un swoop d&#39;\u00e9t\u00e9 pour <strong class=\"autotag\">Rennes<\/strong> arri\u00e8re gauche <strong class=\"autotag\">Adrien Truffert<\/strong>qui a pass\u00e9 l&#39;int\u00e9gralit\u00e9 de sa carri\u00e8re senior \u00e0 ce jour \u00e0 Roazhon Park.<\/p>\n<p>Le deuxi\u00e8me club de la ville fait face \u00e0 une forte comp\u00e9tition dans la course \u00e0 ses services, cependant, avec les g\u00e9ants fran\u00e7ais Marseille envisageant un d\u00e9m\u00e9nagement pour le joueur de 23 ans.<\/p>\n<p>On pense que Les Olympiens ne feront pousser que pour la signature de Truffert si Bournemouth a \u00e9t\u00e9 li\u00e9 \u00e0 Bournemouth <strong class=\"autotag\">Quentin Merlin<\/strong> transf\u00e9rer cet \u00e9t\u00e9.<\/p>\n<div class=\"author_box\">\n<div class=\"author_box_banner\">\n<img decoding=\"async\" class=\"author_img\" src=\"https:\/\/footdavant.fr\/actualites\/wp-content\/uploads\/2025\/06\/1748958492_286_Transfert-Roundup-Mark-Flekken-a-Bayer-Leverkusen-Carlos-Alcaraz-a.jpg\"><\/p>\n<\/div>\n<\/div>\n<\/div>\n","protected":false},"excerpt":{"rendered":"<p>Sports Mole rassemble les derni\u00e8res nouvelles et rumeurs de transfert, notamment Mark Flekken \u00e0 Bayer Leverkusen et Carlos Alcaraz \u00e0 Everton pour un accord permanent.<\/p>\n","protected":false},"author":1,"featured_media":24660,"comment_status":"closed","ping_status":"","sticky":false,"template":"","format":"standard","meta":{"footnotes":""},"categories":[5],"tags":[5197,981,867,310,9432,982,4609,8122,700],"yoast_head":"<!-- This site is optimized with the Yoast SEO plugin v21.0 - https:\/\/yoast.com\/wordpress\/plugins\/seo\/ -->\n<title>Transfert Roundup: Mark Flekken \u00e0 Bayer Leverkusen, Carlos Alcaraz \u00e0 Everton<\/title>\n<meta name=\"robots\" content=\"index, follow, max-snippet:-1, max-image-preview:large, max-video-preview:-1\" \/>\n<link rel=\"canonical\" href=\"https:\/\/footdavant.fr\/actualites\/transfert-roundup-mark-flekken-a-bayer-leverkusen-carlos-alcaraz-a-everton\/\" \/>\n<meta property=\"og:locale\" content=\"fr_FR\" \/>\n<meta property=\"og:type\" content=\"article\" \/>\n<meta property=\"og:title\" content=\"Transfert Roundup: Mark Flekken \u00e0 Bayer Leverkusen, Carlos Alcaraz \u00e0 Everton\" \/>\n<meta property=\"og:description\" content=\"Sports Mole rassemble les derni\u00e8res nouvelles et rumeurs de transfert, notamment Mark Flekken \u00e0 Bayer Leverkusen et Carlos Alcaraz \u00e0 Everton pour un accord permanent.\" \/>\n<meta property=\"og:url\" content=\"https:\/\/footdavant.fr\/actualites\/transfert-roundup-mark-flekken-a-bayer-leverkusen-carlos-alcaraz-a-everton\/\" \/>\n<meta property=\"og:site_name\" content=\"Foot d&#039;avant\" \/>\n<meta property=\"article:publisher\" content=\"https:\/\/www.facebook.com\/Footdavant\/\" \/>\n<meta property=\"article:published_time\" content=\"2025-06-03T13:48:12+00:00\" \/>\n<meta property=\"article:modified_time\" content=\"2025-06-03T13:48:13+00:00\" \/>\n<meta property=\"og:image\" content=\"https:\/\/footdavant.fr\/actualites\/wp-content\/uploads\/2025\/06\/Transfert-Roundup-Mark-Flekken-a-Bayer-Leverkusen-Carlos-Alcaraz-a.jpg\" \/>\n\t<meta property=\"og:image:width\" content=\"640\" \/>\n\t<meta property=\"og:image:height\" content=\"480\" \/>\n\t<meta property=\"og:image:type\" content=\"image\/jpeg\" \/>\n<meta name=\"author\" content=\"Cl\u00e9ment\" \/>\n<meta name=\"twitter:card\" content=\"summary_large_image\" \/>\n<meta name=\"twitter:creator\" content=\"@FootdavantFr\" \/>\n<meta name=\"twitter:site\" content=\"@FootdavantFr\" \/>\n<meta name=\"twitter:label1\" content=\"\u00c9crit par\" \/>\n\t<meta name=\"twitter:data1\" content=\"Cl\u00e9ment\" \/>\n\t<meta name=\"twitter:label2\" content=\"Dur\u00e9e de lecture estim\u00e9e\" \/>\n\t<meta name=\"twitter:data2\" content=\"3 minutes\" \/>\n<script type=\"application\/ld+json\" class=\"yoast-schema-graph\">{\"@context\":\"https:\/\/schema.org\",\"@graph\":[{\"@type\":\"Article\",\"@id\":\"https:\/\/footdavant.fr\/actualites\/transfert-roundup-mark-flekken-a-bayer-leverkusen-carlos-alcaraz-a-everton\/#article\",\"isPartOf\":{\"@id\":\"https:\/\/footdavant.fr\/actualites\/transfert-roundup-mark-flekken-a-bayer-leverkusen-carlos-alcaraz-a-everton\/\"},\"author\":{\"name\":\"Cl\u00e9ment\",\"@id\":\"https:\/\/footdavant.fr\/actualites\/#\/schema\/person\/bc222566d95871b37e597b3ed3ba5e1d\"},\"headline\":\"Transfert Roundup: Mark Flekken \u00e0 Bayer Leverkusen, Carlos Alcaraz \u00e0 Everton\",\"datePublished\":\"2025-06-03T13:48:12+00:00\",\"dateModified\":\"2025-06-03T13:48:13+00:00\",\"mainEntityOfPage\":{\"@id\":\"https:\/\/footdavant.fr\/actualites\/transfert-roundup-mark-flekken-a-bayer-leverkusen-carlos-alcaraz-a-everton\/\"},\"wordCount\":616,\"publisher\":{\"@id\":\"https:\/\/footdavant.fr\/actualites\/#organization\"},\"keywords\":[\"Alcaraz\",\"Bayer\",\"Carlos\",\"Everton\",\"Flekken\",\"Leverkusen\",\"Mark\",\"Roundup\",\"transfert\"],\"articleSection\":[\"Premier League\"],\"inLanguage\":\"fr-FR\"},{\"@type\":\"WebPage\",\"@id\":\"https:\/\/footdavant.fr\/actualites\/transfert-roundup-mark-flekken-a-bayer-leverkusen-carlos-alcaraz-a-everton\/\",\"url\":\"https:\/\/footdavant.fr\/actualites\/transfert-roundup-mark-flekken-a-bayer-leverkusen-carlos-alcaraz-a-everton\/\",\"name\":\"Transfert Roundup: Mark Flekken \u00e0 Bayer Leverkusen, Carlos Alcaraz \u00e0 Everton\",\"isPartOf\":{\"@id\":\"https:\/\/footdavant.fr\/actualites\/#website\"},\"datePublished\":\"2025-06-03T13:48:12+00:00\",\"dateModified\":\"2025-06-03T13:48:13+00:00\",\"breadcrumb\":{\"@id\":\"https:\/\/footdavant.fr\/actualites\/transfert-roundup-mark-flekken-a-bayer-leverkusen-carlos-alcaraz-a-everton\/#breadcrumb\"},\"inLanguage\":\"fr-FR\",\"potentialAction\":[{\"@type\":\"ReadAction\",\"target\":[\"https:\/\/footdavant.fr\/actualites\/transfert-roundup-mark-flekken-a-bayer-leverkusen-carlos-alcaraz-a-everton\/\"]}]},{\"@type\":\"BreadcrumbList\",\"@id\":\"https:\/\/footdavant.fr\/actualites\/transfert-roundup-mark-flekken-a-bayer-leverkusen-carlos-alcaraz-a-everton\/#breadcrumb\",\"itemListElement\":[{\"@type\":\"ListItem\",\"position\":1,\"name\":\"Accueil\",\"item\":\"https:\/\/footdavant.fr\/actualites\/\"},{\"@type\":\"ListItem\",\"position\":2,\"name\":\"Transfert Roundup: Mark Flekken \u00e0 Bayer Leverkusen, Carlos Alcaraz \u00e0 Everton\"}]},{\"@type\":\"WebSite\",\"@id\":\"https:\/\/footdavant.fr\/actualites\/#website\",\"url\":\"https:\/\/footdavant.fr\/actualites\/\",\"name\":\"Foot d'avant\",\"description\":\"\",\"publisher\":{\"@id\":\"https:\/\/footdavant.fr\/actualites\/#organization\"},\"potentialAction\":[{\"@type\":\"SearchAction\",\"target\":{\"@type\":\"EntryPoint\",\"urlTemplate\":\"https:\/\/footdavant.fr\/actualites\/?s={search_term_string}\"},\"query-input\":\"required name=search_term_string\"}],\"inLanguage\":\"fr-FR\"},{\"@type\":\"Organization\",\"@id\":\"https:\/\/footdavant.fr\/actualites\/#organization\",\"name\":\"Foot d'avant\",\"url\":\"https:\/\/footdavant.fr\/actualites\/\",\"logo\":{\"@type\":\"ImageObject\",\"inLanguage\":\"fr-FR\",\"@id\":\"https:\/\/footdavant.fr\/actualites\/#\/schema\/logo\/image\/\",\"url\":\"https:\/\/footdavant.fr\/actualites\/wp-content\/uploads\/2023\/09\/Copy-of-FootDavant-Logo.png\",\"contentUrl\":\"https:\/\/footdavant.fr\/actualites\/wp-content\/uploads\/2023\/09\/Copy-of-FootDavant-Logo.png\",\"width\":936,\"height\":549,\"caption\":\"Foot d'avant\"},\"image\":{\"@id\":\"https:\/\/footdavant.fr\/actualites\/#\/schema\/logo\/image\/\"},\"sameAs\":[\"https:\/\/www.facebook.com\/Footdavant\/\",\"https:\/\/twitter.com\/FootdavantFr\",\"https:\/\/www.instagram.com\/footdavant.fr\/\"]},{\"@type\":\"Person\",\"@id\":\"https:\/\/footdavant.fr\/actualites\/#\/schema\/person\/bc222566d95871b37e597b3ed3ba5e1d\",\"name\":\"Cl\u00e9ment\",\"image\":{\"@type\":\"ImageObject\",\"inLanguage\":\"fr-FR\",\"@id\":\"https:\/\/footdavant.fr\/actualites\/#\/schema\/person\/image\/\",\"url\":\"https:\/\/secure.gravatar.com\/avatar\/7728b29aac2719421e1a9159b2254c44?s=96&d=mm&r=g\",\"contentUrl\":\"https:\/\/secure.gravatar.com\/avatar\/7728b29aac2719421e1a9159b2254c44?s=96&d=mm&r=g\",\"caption\":\"Cl\u00e9ment\"},\"sameAs\":[\"https:\/\/footdavant.fr\/\"]}]}<\/script>\n<!-- \/ Yoast SEO plugin. -->","yoast_head_json":{"title":"Transfert Roundup: Mark Flekken \u00e0 Bayer Leverkusen, Carlos Alcaraz \u00e0 Everton","robots":{"index":"index","follow":"follow","max-snippet":"max-snippet:-1","max-image-preview":"max-image-preview:large","max-video-preview":"max-video-preview:-1"},"canonical":"https:\/\/footdavant.fr\/actualites\/transfert-roundup-mark-flekken-a-bayer-leverkusen-carlos-alcaraz-a-everton\/","og_locale":"fr_FR","og_type":"article","og_title":"Transfert Roundup: Mark Flekken \u00e0 Bayer Leverkusen, Carlos Alcaraz \u00e0 Everton","og_description":"Sports Mole rassemble les derni\u00e8res nouvelles et rumeurs de transfert, notamment Mark Flekken \u00e0 Bayer Leverkusen et Carlos Alcaraz \u00e0 Everton pour un accord permanent.","og_url":"https:\/\/footdavant.fr\/actualites\/transfert-roundup-mark-flekken-a-bayer-leverkusen-carlos-alcaraz-a-everton\/","og_site_name":"Foot d&#039;avant","article_publisher":"https:\/\/www.facebook.com\/Footdavant\/","article_published_time":"2025-06-03T13:48:12+00:00","article_modified_time":"2025-06-03T13:48:13+00:00","og_image":[{"width":640,"height":480,"url":"https:\/\/footdavant.fr\/actualites\/wp-content\/uploads\/2025\/06\/Transfert-Roundup-Mark-Flekken-a-Bayer-Leverkusen-Carlos-Alcaraz-a.jpg","type":"image\/jpeg"}],"author":"Cl\u00e9ment","twitter_card":"summary_large_image","twitter_creator":"@FootdavantFr","twitter_site":"@FootdavantFr","twitter_misc":{"\u00c9crit par":"Cl\u00e9ment","Dur\u00e9e de lecture estim\u00e9e":"3 minutes"},"schema":{"@context":"https:\/\/schema.org","@graph":[{"@type":"Article","@id":"https:\/\/footdavant.fr\/actualites\/transfert-roundup-mark-flekken-a-bayer-leverkusen-carlos-alcaraz-a-everton\/#article","isPartOf":{"@id":"https:\/\/footdavant.fr\/actualites\/transfert-roundup-mark-flekken-a-bayer-leverkusen-carlos-alcaraz-a-everton\/"},"author":{"name":"Cl\u00e9ment","@id":"https:\/\/footdavant.fr\/actualites\/#\/schema\/person\/bc222566d95871b37e597b3ed3ba5e1d"},"headline":"Transfert Roundup: Mark Flekken \u00e0 Bayer Leverkusen, Carlos Alcaraz \u00e0 Everton","datePublished":"2025-06-03T13:48:12+00:00","dateModified":"2025-06-03T13:48:13+00:00","mainEntityOfPage":{"@id":"https:\/\/footdavant.fr\/actualites\/transfert-roundup-mark-flekken-a-bayer-leverkusen-carlos-alcaraz-a-everton\/"},"wordCount":616,"publisher":{"@id":"https:\/\/footdavant.fr\/actualites\/#organization"},"keywords":["Alcaraz","Bayer","Carlos","Everton","Flekken","Leverkusen","Mark","Roundup","transfert"],"articleSection":["Premier League"],"inLanguage":"fr-FR"},{"@type":"WebPage","@id":"https:\/\/footdavant.fr\/actualites\/transfert-roundup-mark-flekken-a-bayer-leverkusen-carlos-alcaraz-a-everton\/","url":"https:\/\/footdavant.fr\/actualites\/transfert-roundup-mark-flekken-a-bayer-leverkusen-carlos-alcaraz-a-everton\/","name":"Transfert Roundup: Mark Flekken \u00e0 Bayer Leverkusen, Carlos Alcaraz \u00e0 Everton","isPartOf":{"@id":"https:\/\/footdavant.fr\/actualites\/#website"},"datePublished":"2025-06-03T13:48:12+00:00","dateModified":"2025-06-03T13:48:13+00:00","breadcrumb":{"@id":"https:\/\/footdavant.fr\/actualites\/transfert-roundup-mark-flekken-a-bayer-leverkusen-carlos-alcaraz-a-everton\/#breadcrumb"},"inLanguage":"fr-FR","potentialAction":[{"@type":"ReadAction","target":["https:\/\/footdavant.fr\/actualites\/transfert-roundup-mark-flekken-a-bayer-leverkusen-carlos-alcaraz-a-everton\/"]}]},{"@type":"BreadcrumbList","@id":"https:\/\/footdavant.fr\/actualites\/transfert-roundup-mark-flekken-a-bayer-leverkusen-carlos-alcaraz-a-everton\/#breadcrumb","itemListElement":[{"@type":"ListItem","position":1,"name":"Accueil","item":"https:\/\/footdavant.fr\/actualites\/"},{"@type":"ListItem","position":2,"name":"Transfert Roundup: Mark Flekken \u00e0 Bayer Leverkusen, Carlos Alcaraz \u00e0 Everton"}]},{"@type":"WebSite","@id":"https:\/\/footdavant.fr\/actualites\/#website","url":"https:\/\/footdavant.fr\/actualites\/","name":"Foot d'avant","description":"","publisher":{"@id":"https:\/\/footdavant.fr\/actualites\/#organization"},"potentialAction":[{"@type":"SearchAction","target":{"@type":"EntryPoint","urlTemplate":"https:\/\/footdavant.fr\/actualites\/?s={search_term_string}"},"query-input":"required name=search_term_string"}],"inLanguage":"fr-FR"},{"@type":"Organization","@id":"https:\/\/footdavant.fr\/actualites\/#organization","name":"Foot d'avant","url":"https:\/\/footdavant.fr\/actualites\/","logo":{"@type":"ImageObject","inLanguage":"fr-FR","@id":"https:\/\/footdavant.fr\/actualites\/#\/schema\/logo\/image\/","url":"https:\/\/footdavant.fr\/actualites\/wp-content\/uploads\/2023\/09\/Copy-of-FootDavant-Logo.png","contentUrl":"https:\/\/footdavant.fr\/actualites\/wp-content\/uploads\/2023\/09\/Copy-of-FootDavant-Logo.png","width":936,"height":549,"caption":"Foot d'avant"},"image":{"@id":"https:\/\/footdavant.fr\/actualites\/#\/schema\/logo\/image\/"},"sameAs":["https:\/\/www.facebook.com\/Footdavant\/","https:\/\/twitter.com\/FootdavantFr","https:\/\/www.instagram.com\/footdavant.fr\/"]},{"@type":"Person","@id":"https:\/\/footdavant.fr\/actualites\/#\/schema\/person\/bc222566d95871b37e597b3ed3ba5e1d","name":"Cl\u00e9ment","image":{"@type":"ImageObject","inLanguage":"fr-FR","@id":"https:\/\/footdavant.fr\/actualites\/#\/schema\/person\/image\/","url":"https:\/\/secure.gravatar.com\/avatar\/7728b29aac2719421e1a9159b2254c44?s=96&d=mm&r=g","contentUrl":"https:\/\/secure.gravatar.com\/avatar\/7728b29aac2719421e1a9159b2254c44?s=96&d=mm&r=g","caption":"Cl\u00e9ment"},"sameAs":["https:\/\/footdavant.fr\/"]}]}},"_links":{"self":[{"href":"https:\/\/footdavant.fr\/actualites\/wp-json\/wp\/v2\/posts\/24659"}],"collection":[{"href":"https:\/\/footdavant.fr\/actualites\/wp-json\/wp\/v2\/posts"}],"about":[{"href":"https:\/\/footdavant.fr\/actualites\/wp-json\/wp\/v2\/types\/post"}],"author":[{"embeddable":true,"href":"https:\/\/footdavant.fr\/actualites\/wp-json\/wp\/v2\/users\/1"}],"replies":[{"embeddable":true,"href":"https:\/\/footdavant.fr\/actualites\/wp-json\/wp\/v2\/comments?post=24659"}],"version-history":[{"count":1,"href":"https:\/\/footdavant.fr\/actualites\/wp-json\/wp\/v2\/posts\/24659\/revisions"}],"predecessor-version":[{"id":24661,"href":"https:\/\/footdavant.fr\/actualites\/wp-json\/wp\/v2\/posts\/24659\/revisions\/24661"}],"wp:featuredmedia":[{"embeddable":true,"href":"https:\/\/footdavant.fr\/actualites\/wp-json\/wp\/v2\/media\/24660"}],"wp:attachment":[{"href":"https:\/\/footdavant.fr\/actualites\/wp-json\/wp\/v2\/media?parent=24659"}],"wp:term":[{"taxonomy":"category","embeddable":true,"href":"https:\/\/footdavant.fr\/actualites\/wp-json\/wp\/v2\/categories?post=24659"},{"taxonomy":"post_tag","embeddable":true,"href":"https:\/\/footdavant.fr\/actualites\/wp-json\/wp\/v2\/tags?post=24659"}],"curies":[{"name":"wp","href":"https:\/\/api.w.org\/{rel}","templated":true}]}}