{"id":24662,"date":"2025-06-03T17:50:17","date_gmt":"2025-06-03T15:50:17","guid":{"rendered":"https:\/\/footdavant.fr\/actualites\/la-fenetre-qui-nous-rend-folle\/"},"modified":"2025-06-03T17:50:19","modified_gmt":"2025-06-03T15:50:19","slug":"la-fenetre-qui-nous-rend-folle","status":"publish","type":"post","link":"https:\/\/footdavant.fr\/actualites\/la-fenetre-qui-nous-rend-folle\/","title":{"rendered":"La fen\u00eatre qui nous rend folle"},"content":{"rendered":"<div>\n<p>Matin tout.<\/p>\n<p>Je soup\u00e7onne que l&#39;un des d\u00e9fis auxquels les fans d&#39;Arsenal pourraient faire face dans les semaines \u00e0 venir est de voir d&#39;autres clubs faire affaire alors que nous n&#39;avons pas encore sorti le ch\u00e9quier. Par exemple, Man Utd a sign\u00e9 Matheus Cunha de Wolves, un joueur avec lequel nous \u00e9tions li\u00e9s en janvier lorsque notre besoin d&#39;un attaquant faisait pression, et hier David Ornstein a rapport\u00e9 que Bryan Mbeumo &#8211; un autre joueur avec lequel nous avons d\u00e9j\u00e0 \u00e9t\u00e9 li\u00e9s cet \u00e9t\u00e9 &#8211; avait d\u00e9cid\u00e9 que Old Trafford \u00e9tait l\u00e0 o\u00f9 il voulait aller.<\/p>\n<p>Je suppose que ce que nous pouvons glaner de ces deux offres (un fait, un pas encore), c&#39;est que malgr\u00e9 la gestion du club comme une maison pauvre, tirant des centaines de personnel et exploitant une soupe litt\u00e9rale, Man Utd lance beaucoup d&#39;argent pour faire venir de nouveaux joueurs. Ce ne sera pas seulement les frais de transfert qu&#39;ils paient, mais les salaires \/ bonus pour les joueurs eux-m\u00eames, et j&#39;imagine aussi des frais d&#39;incitations \/ agents consid\u00e9rables.<\/p>\n<p>Cunha et Mbeumo sont assez bons pour avoir fait des d\u00e9m\u00e9nagements dans les clubs avec le football europ\u00e9en, et ils rejoignent un club qui a \u00e9t\u00e9 une pagaille sur et hors du terrain. La seule raison pour laquelle vous faites cela est de l&#39;argent. Ce qui est bien, au fait. Mais ne pr\u00e9tendons pas qu&#39;ils sont convaincus qu&#39;il y a un grand projet sain pour qu&#39;ils se joignent lorsque nous avons tous des yeux et que ce n&#39;est pas le cas. L&#39;essentiel, je suppose, est que ce sont deux joueurs qui am\u00e9liorent cette \u00e9quipe, quelle que soit la quantit\u00e9 de liquidit\u00e9s unis pour les inciter \u00e0 \u00e9viter de meilleures options.<\/p>\n<p>Pourtant, alors que nous attendons la d\u00e9cision d&#39;Arsenal sur une signature d&#39;attaquant &#8211; sera-ce Sesko ou Gyokerres? Ce ne sera certainement pas les deux! &#8211; D&#39;autres clubs faisant des choses que cela ne vous d\u00e9rangerait pas de voir Arsenal faire peut augmenter un peu le niveau d&#39;anxi\u00e9t\u00e9. J&#39;ai mentionn\u00e9 MBEUMO hier et j&#39;ai dit comment cela n&#39;avait pas beaucoup de sens pour nous parce que nous avons Bukayo Saka qui joue dans cette position, mais c&#39;est un bon joueur et vous pr\u00e9f\u00e9rez qu&#39;il n&#39;y soit pas all\u00e9. J&#39;ai m\u00eame vu une histoire sur Man City signer Rayan Ait-Nouri de Wolves et devenu un peu col\u00e8re, m\u00eame si l&#39;arri\u00e8re gauche est fondamentalement le dernier endroit o\u00f9 nous devons faire une signature. J&#39;aime ce joueur, je sais que nous n&#39;avons pas besoin de lui, mais quand m\u00eame.<\/p>\n<p>Ce sont des trucs de fen\u00eatre de transfert classiques. Pour moi, la chose la plus importante est qu&#39;Arsenal fait les bonnes affaires pendant cette fen\u00eatre et, esp\u00e9rons-le, faites tout cela avant le d\u00e9but de la saison afin que nous puissions entrer dans la nouvelle campagne aussi pr\u00eate et install\u00e9e que possible. Si cela signifie que nous passons en juin sans faire de signature (sans dire que ce sera le cas, BTW, juste une hypoth\u00e9tique), et que tout cela fait dans une vague de juillet &#8211; je serai d&#39;accord avec cela (en juillet!).<\/p>\n<p>Mais il est difficile de ne pas d\u00e9couvrir la fen\u00eatre de transfert \u00e0 travers le prisme de ce que font les autres clubs, m\u00eame si pour la plupart, il n&#39;est pas particuli\u00e8rement pertinent pour notre situation. Il y a quelques \u00e9t\u00e9s, nous avions ce sc\u00e9nario de Declan Rice o\u00f9 nous esp\u00e9rions qu&#39;il signerait pour Arsenal, mais avec Man City int\u00e9ress\u00e9 aussi, il y avait un doute quant \u00e0 savoir si nous pouvions obtenir cette affaire sur la ligne. S&#39;il les avait choisis, vous l&#39;auriez pleinement compris, mais nous lui avons pr\u00e9sent\u00e9 un projet convaincant pour rejoindre (et beaucoup d&#39;argent), et il a rejet\u00e9 le mal. Bon pour lui.<\/p>\n<p>Je ne pense pas qu&#39;il y ait quelqu&#39;un que nous recherchons cet \u00e9t\u00e9 o\u00f9 ce genre de \u00ab\u00a0Va-t-il, n&#39;est-ce pas?\u00a0\u00bb La d\u00e9cision est en jeu. Du moins pas pour l&#39;instant. D&#39;autres clubs en Europe veulent des attaquants, et peu importe qui nous finissons par repulper entre Big Vik et Big Ben, l&#39;autre sera plus que probablement en mouvement ailleurs. Il est probablement n\u00e9cessaire de prendre une d\u00e9cision sur celui-ci le plus t\u00f4t possible, donc votre processus, tel qu&#39;il est, n&#39;est pas compliqu\u00e9 par l&#39;arriv\u00e9e d&#39;autres parties int\u00e9ress\u00e9es qui pourraient finir par vous faire du gazon, mais en ce moment, cela ne semble pas faire partie de l&#39;\u00e9quation.<\/p>\n<p>Et pourtant, quand un autre club fait une signature, il y a cette affectation de \u00abOh, regardez ce qu&#39;ils font!\u00bb. Je ne suppose pas que c&#39;est compl\u00e8tement irrationnel. Ma forte pr\u00e9f\u00e9rence est que tous les autres clubs de la Premier League re\u00e7oivent une interdiction de transfert pendant que nous pouvons aller acheter des joueurs avec Gay Abandon, mais que, malheureusement, n&#39;est pas ainsi que cela fonctionne. Donc, mon conseil est de trouver un m\u00e9canisme d&#39;adaptation, comme:<\/p>\n<ul>\n<li>Exercices de respiration<\/li>\n<li>D\u00e9sactiver les m\u00e9dias sociaux<\/li>\n<li>Sortir<\/li>\n<li>Toucher l&#39;herbe (comme disent les enfants)<\/li>\n<li>M\u00e9ditation<\/li>\n<li>Regarder de vieux films que vous n&#39;avez pas vus depuis un moment<\/li>\n<li>Service communautaire (volontaire, pas mandat\u00e9 par le tribunal)<\/li>\n<li>Drogues hardcore<\/li>\n<li>Vous frapper dans les noix (ou autres bits)<\/li>\n<li>Projets de bricolage, qui ne vous garderont pas calme (pourquoi reste-je des dot ?!)<\/li>\n<li>Lire les nouvelles\u2026 en fait, supprimer celui-l\u00e0.<\/li>\n<\/ul>\n<p>Il existe donc des moyens de garder ces angoisses de transfert \u00e0 distance. Faites de votre mieux pour ignorer le petit diable transf\u00e9r\u00e9 assis sur votre \u00e9paule, vous gazonnant avec un accent italien. \u00abNous voici un goooooo!\u00bb<\/p>\n<p>Ce n&#39;est peut-\u00eatre pas facile, mais c&#39;est probablement bon pour vous. Je pense. Et puis, lorsque nous signe un enfant de 32 ans en pr\u00eat de Chelsea, nous \u00e9mettons!<\/p>\n<p>En avoir un bon. Le nouvel arscast suppl\u00e9mentaire est ci-dessous.<\/p>\n<p><iframe loading=\"lazy\" src=\"https:\/\/embed.acast.com\/a1a58121-6fb4-43cf-8156-8d6df6fc312f\/683d85fb2780b226c7880831\" width=\"100%\" height=\"300px\" frameborder=\"0\"><\/iframe><\/p>\n<h4>T\u00e9l\u00e9charger &#8211; iTunes &#8211; Spotify &#8211; ACast &#8211; RSS <\/h4>\n<\/div>\n","protected":false},"excerpt":{"rendered":"<p>Matin tout. Je soup\u00e7onne que l&#39;un des d\u00e9fis auxquels les fans d&#39;Arsenal pourraient faire face dans les semaines \u00e0 venir est de voir d&#39;autres clubs<\/p>\n","protected":false},"author":1,"featured_media":24663,"comment_status":"closed","ping_status":"","sticky":false,"template":"","format":"standard","meta":{"footnotes":""},"categories":[3],"tags":[2446,1787,762,243,2763],"yoast_head":"<!-- This site is optimized with the Yoast SEO plugin v21.0 - https:\/\/yoast.com\/wordpress\/plugins\/seo\/ -->\n<title>La fen\u00eatre qui nous rend folle<\/title>\n<meta name=\"robots\" content=\"index, follow, max-snippet:-1, max-image-preview:large, max-video-preview:-1\" \/>\n<link rel=\"canonical\" href=\"https:\/\/footdavant.fr\/actualites\/la-fenetre-qui-nous-rend-folle\/\" \/>\n<meta property=\"og:locale\" content=\"fr_FR\" \/>\n<meta property=\"og:type\" content=\"article\" \/>\n<meta property=\"og:title\" content=\"La fen\u00eatre qui nous rend folle\" \/>\n<meta property=\"og:description\" content=\"Matin tout. Je soup\u00e7onne que l&#039;un des d\u00e9fis auxquels les fans d&#039;Arsenal pourraient faire face dans les semaines \u00e0 venir est de voir d&#039;autres clubs\" \/>\n<meta property=\"og:url\" content=\"https:\/\/footdavant.fr\/actualites\/la-fenetre-qui-nous-rend-folle\/\" \/>\n<meta property=\"og:site_name\" content=\"Foot d&#039;avant\" \/>\n<meta property=\"article:publisher\" content=\"https:\/\/www.facebook.com\/Footdavant\/\" \/>\n<meta property=\"article:published_time\" content=\"2025-06-03T15:50:17+00:00\" \/>\n<meta property=\"article:modified_time\" content=\"2025-06-03T15:50:19+00:00\" \/>\n<meta property=\"og:image\" content=\"https:\/\/footdavant.fr\/actualites\/wp-content\/uploads\/2025\/06\/La-fenetre-qui-nous-rend-folle.jpg\" \/>\n\t<meta property=\"og:image:width\" content=\"1500\" \/>\n\t<meta property=\"og:image:height\" content=\"750\" \/>\n\t<meta property=\"og:image:type\" content=\"image\/jpeg\" \/>\n<meta name=\"author\" content=\"Cl\u00e9ment\" \/>\n<meta name=\"twitter:card\" content=\"summary_large_image\" \/>\n<meta name=\"twitter:creator\" content=\"@FootdavantFr\" \/>\n<meta name=\"twitter:site\" content=\"@FootdavantFr\" \/>\n<meta name=\"twitter:label1\" content=\"\u00c9crit par\" \/>\n\t<meta name=\"twitter:data1\" content=\"Cl\u00e9ment\" \/>\n\t<meta name=\"twitter:label2\" content=\"Dur\u00e9e de lecture estim\u00e9e\" \/>\n\t<meta name=\"twitter:data2\" content=\"5 minutes\" \/>\n<script type=\"application\/ld+json\" class=\"yoast-schema-graph\">{\"@context\":\"https:\/\/schema.org\",\"@graph\":[{\"@type\":\"Article\",\"@id\":\"https:\/\/footdavant.fr\/actualites\/la-fenetre-qui-nous-rend-folle\/#article\",\"isPartOf\":{\"@id\":\"https:\/\/footdavant.fr\/actualites\/la-fenetre-qui-nous-rend-folle\/\"},\"author\":{\"name\":\"Cl\u00e9ment\",\"@id\":\"https:\/\/footdavant.fr\/actualites\/#\/schema\/person\/bc222566d95871b37e597b3ed3ba5e1d\"},\"headline\":\"La fen\u00eatre qui nous rend folle\",\"datePublished\":\"2025-06-03T15:50:17+00:00\",\"dateModified\":\"2025-06-03T15:50:19+00:00\",\"mainEntityOfPage\":{\"@id\":\"https:\/\/footdavant.fr\/actualites\/la-fenetre-qui-nous-rend-folle\/\"},\"wordCount\":1070,\"publisher\":{\"@id\":\"https:\/\/footdavant.fr\/actualites\/#organization\"},\"keywords\":[\"fen\u00eatre\",\"folle\",\"nous\",\"qui\",\"rend\"],\"articleSection\":[\"Football\"],\"inLanguage\":\"fr-FR\"},{\"@type\":\"WebPage\",\"@id\":\"https:\/\/footdavant.fr\/actualites\/la-fenetre-qui-nous-rend-folle\/\",\"url\":\"https:\/\/footdavant.fr\/actualites\/la-fenetre-qui-nous-rend-folle\/\",\"name\":\"La fen\u00eatre qui nous rend folle\",\"isPartOf\":{\"@id\":\"https:\/\/footdavant.fr\/actualites\/#website\"},\"datePublished\":\"2025-06-03T15:50:17+00:00\",\"dateModified\":\"2025-06-03T15:50:19+00:00\",\"breadcrumb\":{\"@id\":\"https:\/\/footdavant.fr\/actualites\/la-fenetre-qui-nous-rend-folle\/#breadcrumb\"},\"inLanguage\":\"fr-FR\",\"potentialAction\":[{\"@type\":\"ReadAction\",\"target\":[\"https:\/\/footdavant.fr\/actualites\/la-fenetre-qui-nous-rend-folle\/\"]}]},{\"@type\":\"BreadcrumbList\",\"@id\":\"https:\/\/footdavant.fr\/actualites\/la-fenetre-qui-nous-rend-folle\/#breadcrumb\",\"itemListElement\":[{\"@type\":\"ListItem\",\"position\":1,\"name\":\"Accueil\",\"item\":\"https:\/\/footdavant.fr\/actualites\/\"},{\"@type\":\"ListItem\",\"position\":2,\"name\":\"La fen\u00eatre qui nous rend folle\"}]},{\"@type\":\"WebSite\",\"@id\":\"https:\/\/footdavant.fr\/actualites\/#website\",\"url\":\"https:\/\/footdavant.fr\/actualites\/\",\"name\":\"Foot d'avant\",\"description\":\"\",\"publisher\":{\"@id\":\"https:\/\/footdavant.fr\/actualites\/#organization\"},\"potentialAction\":[{\"@type\":\"SearchAction\",\"target\":{\"@type\":\"EntryPoint\",\"urlTemplate\":\"https:\/\/footdavant.fr\/actualites\/?s={search_term_string}\"},\"query-input\":\"required name=search_term_string\"}],\"inLanguage\":\"fr-FR\"},{\"@type\":\"Organization\",\"@id\":\"https:\/\/footdavant.fr\/actualites\/#organization\",\"name\":\"Foot d'avant\",\"url\":\"https:\/\/footdavant.fr\/actualites\/\",\"logo\":{\"@type\":\"ImageObject\",\"inLanguage\":\"fr-FR\",\"@id\":\"https:\/\/footdavant.fr\/actualites\/#\/schema\/logo\/image\/\",\"url\":\"https:\/\/footdavant.fr\/actualites\/wp-content\/uploads\/2023\/09\/Copy-of-FootDavant-Logo.png\",\"contentUrl\":\"https:\/\/footdavant.fr\/actualites\/wp-content\/uploads\/2023\/09\/Copy-of-FootDavant-Logo.png\",\"width\":936,\"height\":549,\"caption\":\"Foot d'avant\"},\"image\":{\"@id\":\"https:\/\/footdavant.fr\/actualites\/#\/schema\/logo\/image\/\"},\"sameAs\":[\"https:\/\/www.facebook.com\/Footdavant\/\",\"https:\/\/twitter.com\/FootdavantFr\",\"https:\/\/www.instagram.com\/footdavant.fr\/\"]},{\"@type\":\"Person\",\"@id\":\"https:\/\/footdavant.fr\/actualites\/#\/schema\/person\/bc222566d95871b37e597b3ed3ba5e1d\",\"name\":\"Cl\u00e9ment\",\"image\":{\"@type\":\"ImageObject\",\"inLanguage\":\"fr-FR\",\"@id\":\"https:\/\/footdavant.fr\/actualites\/#\/schema\/person\/image\/\",\"url\":\"https:\/\/secure.gravatar.com\/avatar\/7728b29aac2719421e1a9159b2254c44?s=96&d=mm&r=g\",\"contentUrl\":\"https:\/\/secure.gravatar.com\/avatar\/7728b29aac2719421e1a9159b2254c44?s=96&d=mm&r=g\",\"caption\":\"Cl\u00e9ment\"},\"sameAs\":[\"https:\/\/footdavant.fr\/\"]}]}<\/script>\n<!-- \/ Yoast SEO plugin. -->","yoast_head_json":{"title":"La fen\u00eatre qui nous rend folle","robots":{"index":"index","follow":"follow","max-snippet":"max-snippet:-1","max-image-preview":"max-image-preview:large","max-video-preview":"max-video-preview:-1"},"canonical":"https:\/\/footdavant.fr\/actualites\/la-fenetre-qui-nous-rend-folle\/","og_locale":"fr_FR","og_type":"article","og_title":"La fen\u00eatre qui nous rend folle","og_description":"Matin tout. Je soup\u00e7onne que l&#39;un des d\u00e9fis auxquels les fans d&#39;Arsenal pourraient faire face dans les semaines \u00e0 venir est de voir d&#39;autres clubs","og_url":"https:\/\/footdavant.fr\/actualites\/la-fenetre-qui-nous-rend-folle\/","og_site_name":"Foot d&#039;avant","article_publisher":"https:\/\/www.facebook.com\/Footdavant\/","article_published_time":"2025-06-03T15:50:17+00:00","article_modified_time":"2025-06-03T15:50:19+00:00","og_image":[{"width":1500,"height":750,"url":"https:\/\/footdavant.fr\/actualites\/wp-content\/uploads\/2025\/06\/La-fenetre-qui-nous-rend-folle.jpg","type":"image\/jpeg"}],"author":"Cl\u00e9ment","twitter_card":"summary_large_image","twitter_creator":"@FootdavantFr","twitter_site":"@FootdavantFr","twitter_misc":{"\u00c9crit par":"Cl\u00e9ment","Dur\u00e9e de lecture estim\u00e9e":"5 minutes"},"schema":{"@context":"https:\/\/schema.org","@graph":[{"@type":"Article","@id":"https:\/\/footdavant.fr\/actualites\/la-fenetre-qui-nous-rend-folle\/#article","isPartOf":{"@id":"https:\/\/footdavant.fr\/actualites\/la-fenetre-qui-nous-rend-folle\/"},"author":{"name":"Cl\u00e9ment","@id":"https:\/\/footdavant.fr\/actualites\/#\/schema\/person\/bc222566d95871b37e597b3ed3ba5e1d"},"headline":"La fen\u00eatre qui nous rend folle","datePublished":"2025-06-03T15:50:17+00:00","dateModified":"2025-06-03T15:50:19+00:00","mainEntityOfPage":{"@id":"https:\/\/footdavant.fr\/actualites\/la-fenetre-qui-nous-rend-folle\/"},"wordCount":1070,"publisher":{"@id":"https:\/\/footdavant.fr\/actualites\/#organization"},"keywords":["fen\u00eatre","folle","nous","qui","rend"],"articleSection":["Football"],"inLanguage":"fr-FR"},{"@type":"WebPage","@id":"https:\/\/footdavant.fr\/actualites\/la-fenetre-qui-nous-rend-folle\/","url":"https:\/\/footdavant.fr\/actualites\/la-fenetre-qui-nous-rend-folle\/","name":"La fen\u00eatre qui nous rend folle","isPartOf":{"@id":"https:\/\/footdavant.fr\/actualites\/#website"},"datePublished":"2025-06-03T15:50:17+00:00","dateModified":"2025-06-03T15:50:19+00:00","breadcrumb":{"@id":"https:\/\/footdavant.fr\/actualites\/la-fenetre-qui-nous-rend-folle\/#breadcrumb"},"inLanguage":"fr-FR","potentialAction":[{"@type":"ReadAction","target":["https:\/\/footdavant.fr\/actualites\/la-fenetre-qui-nous-rend-folle\/"]}]},{"@type":"BreadcrumbList","@id":"https:\/\/footdavant.fr\/actualites\/la-fenetre-qui-nous-rend-folle\/#breadcrumb","itemListElement":[{"@type":"ListItem","position":1,"name":"Accueil","item":"https:\/\/footdavant.fr\/actualites\/"},{"@type":"ListItem","position":2,"name":"La fen\u00eatre qui nous rend folle"}]},{"@type":"WebSite","@id":"https:\/\/footdavant.fr\/actualites\/#website","url":"https:\/\/footdavant.fr\/actualites\/","name":"Foot d'avant","description":"","publisher":{"@id":"https:\/\/footdavant.fr\/actualites\/#organization"},"potentialAction":[{"@type":"SearchAction","target":{"@type":"EntryPoint","urlTemplate":"https:\/\/footdavant.fr\/actualites\/?s={search_term_string}"},"query-input":"required name=search_term_string"}],"inLanguage":"fr-FR"},{"@type":"Organization","@id":"https:\/\/footdavant.fr\/actualites\/#organization","name":"Foot d'avant","url":"https:\/\/footdavant.fr\/actualites\/","logo":{"@type":"ImageObject","inLanguage":"fr-FR","@id":"https:\/\/footdavant.fr\/actualites\/#\/schema\/logo\/image\/","url":"https:\/\/footdavant.fr\/actualites\/wp-content\/uploads\/2023\/09\/Copy-of-FootDavant-Logo.png","contentUrl":"https:\/\/footdavant.fr\/actualites\/wp-content\/uploads\/2023\/09\/Copy-of-FootDavant-Logo.png","width":936,"height":549,"caption":"Foot d'avant"},"image":{"@id":"https:\/\/footdavant.fr\/actualites\/#\/schema\/logo\/image\/"},"sameAs":["https:\/\/www.facebook.com\/Footdavant\/","https:\/\/twitter.com\/FootdavantFr","https:\/\/www.instagram.com\/footdavant.fr\/"]},{"@type":"Person","@id":"https:\/\/footdavant.fr\/actualites\/#\/schema\/person\/bc222566d95871b37e597b3ed3ba5e1d","name":"Cl\u00e9ment","image":{"@type":"ImageObject","inLanguage":"fr-FR","@id":"https:\/\/footdavant.fr\/actualites\/#\/schema\/person\/image\/","url":"https:\/\/secure.gravatar.com\/avatar\/7728b29aac2719421e1a9159b2254c44?s=96&d=mm&r=g","contentUrl":"https:\/\/secure.gravatar.com\/avatar\/7728b29aac2719421e1a9159b2254c44?s=96&d=mm&r=g","caption":"Cl\u00e9ment"},"sameAs":["https:\/\/footdavant.fr\/"]}]}},"_links":{"self":[{"href":"https:\/\/footdavant.fr\/actualites\/wp-json\/wp\/v2\/posts\/24662"}],"collection":[{"href":"https:\/\/footdavant.fr\/actualites\/wp-json\/wp\/v2\/posts"}],"about":[{"href":"https:\/\/footdavant.fr\/actualites\/wp-json\/wp\/v2\/types\/post"}],"author":[{"embeddable":true,"href":"https:\/\/footdavant.fr\/actualites\/wp-json\/wp\/v2\/users\/1"}],"replies":[{"embeddable":true,"href":"https:\/\/footdavant.fr\/actualites\/wp-json\/wp\/v2\/comments?post=24662"}],"version-history":[{"count":1,"href":"https:\/\/footdavant.fr\/actualites\/wp-json\/wp\/v2\/posts\/24662\/revisions"}],"predecessor-version":[{"id":24664,"href":"https:\/\/footdavant.fr\/actualites\/wp-json\/wp\/v2\/posts\/24662\/revisions\/24664"}],"wp:featuredmedia":[{"embeddable":true,"href":"https:\/\/footdavant.fr\/actualites\/wp-json\/wp\/v2\/media\/24663"}],"wp:attachment":[{"href":"https:\/\/footdavant.fr\/actualites\/wp-json\/wp\/v2\/media?parent=24662"}],"wp:term":[{"taxonomy":"category","embeddable":true,"href":"https:\/\/footdavant.fr\/actualites\/wp-json\/wp\/v2\/categories?post=24662"},{"taxonomy":"post_tag","embeddable":true,"href":"https:\/\/footdavant.fr\/actualites\/wp-json\/wp\/v2\/tags?post=24662"}],"curies":[{"name":"wp","href":"https:\/\/api.w.org\/{rel}","templated":true}]}}