{"id":24665,"date":"2025-06-03T18:48:38","date_gmt":"2025-06-03T16:48:38","guid":{"rendered":"https:\/\/footdavant.fr\/actualites\/equipe-de-la-ligue-des-champions-du-tournoi-lamine-yamal-ousmane-dembele-raphinha\/"},"modified":"2025-06-03T18:48:40","modified_gmt":"2025-06-03T16:48:40","slug":"equipe-de-la-ligue-des-champions-du-tournoi-lamine-yamal-ousmane-dembele-raphinha","status":"publish","type":"post","link":"https:\/\/footdavant.fr\/actualites\/equipe-de-la-ligue-des-champions-du-tournoi-lamine-yamal-ousmane-dembele-raphinha\/","title":{"rendered":"\u00c9quipe de la Ligue des champions du tournoi: Lamine Yamal, Ousmane Dembele, Raphinha"},"content":{"rendered":"<p>Sports Mole s\u00e9lectionne son \u00e9quipe de Ligue des champions du tournoi de l&#39;\u00e9dition 2024-25, dont Lamine Yamal, Ousmane Dembele et Raphinha.<\/p>\n<div id=\"article_body\" itemprop=\"articleBody\">\n<p class=\"firstPara\">Une mal\u00e9diction continentale tortueuse a \u00e9t\u00e9 bannie lors d&#39;un emploi de d\u00e9molition de 90 minutes samedi soir, lorsqu&#39;une irr\u00e9sistible <strong class=\"autotag\">Paris Saint-Germain<\/strong> L&#39;unit\u00e9 a rugi \u00e0 la plus grande victoire jamais vue dans une Coupe d&#39;Europe ou <strong class=\"autotag\">Ligue des champions<\/strong> final.<\/p>\n<p>Apr\u00e8s des ann\u00e9es \u00e0 essayer et \u00e0 ne pas atteindre le summum du jeu europ\u00e9en, les champions perp\u00e9tuels de la Ligue 1 <strong>5-0<\/strong> de <strong class=\"autotag\">Inter Milan<\/strong> \u00e0 l&#39;Allianz Arena pour gravir leur nom sur le troph\u00e9e pour la premi\u00e8re fois.<\/p>\n<p>Dans le sillage du triomphe record du PSG en Allemagne, il ne sera pas surprenant d&#39;apprendre que <strong class=\"autotag\">Luis Enrique<\/strong>Les hommes dominent \u00e9galement notre \u00e9quipe de la Ligue des champions du tournoi, mais nous avons r\u00e9sist\u00e9 \u00e0 l&#39;envie de simplement choisir 11 h\u00e9ros v\u00eatus de marine.<\/p>\n<p>Ici, <strong>Taupe de sport<\/strong> S\u00e9lectionne ses 11 meilleurs joueurs de la saison de la Ligue des champions 2024-25 dans une formation classique 4-4-2.<\/p>\n<hr>\n<h2 class=\"k3\">D\u00c9FENSE<\/h2>\n<p class=\"imgI\">\n<p><strong class=\"autotag\">Yann Sommer<\/strong> \u00c9tait le mar\u00e9chal d&#39;une ligne de ligne interne qui n&#39;\u00e9tait que de seulement 1,2% du temps en Ligue des champions avant la finale, mais le tir suisse ne se couvrait pas de gloire \u00e0 son poste proche quand cela comptait le plus \u00e0 Munich. <strong class=\"autotag\">Gianluigi Donnarumma<\/strong> n&#39;\u00e9tait gu\u00e8re plus qu&#39;un spectateur le 31 mai, mais gr\u00e2ce \u00e0 une s\u00e9rie de sauvegardes sensationnelles et \u00e0 deux arr\u00eats cruciaux contre Liverpool, l&#39;italien garde nos b\u00e2tons.<\/p>\n<p>Donnarumma pouvait se permettre de monter les pieds dans la premi\u00e8re moiti\u00e9 de la finale, o\u00f9 <strong class=\"autotag\">Achraf Hakimi<\/strong> a pris la position d&#39;un braconnier pour ouvrir le score, sa neuvi\u00e8me contribution de but du tournoi &#8211; aucun d\u00e9fenseur n&#39;a jamais eu plus dans une \u00e9dition. De plus, les 77 actions de cr\u00e9ation de tir du Maroc \u00e9taient la deuxi\u00e8me la plus dans la comp\u00e9tition, tandis qu&#39;il a d\u00e9pass\u00e9 les charts des blocs avec 25, le m\u00eame nombre que <strong class=\"autotag\">Barcelone<\/strong>&#39;s <strong class=\"autotag\">Peintre<\/strong> g\u00e9r\u00e9.<\/p>\n<p>Malgr\u00e9 avoir \u00e0 regarder les autres soulever le troph\u00e9e en altitude pendant plus d&#39;une d\u00e9cennie, le skipper du PSG <strong class=\"autotag\">Marquinhos<\/strong> Jamais perdu la croyance. Rien de moins que Captain Fantastic tout au long de la comp\u00e9tition, le Br\u00e9silien a fait beaucoup plus d&#39;autorisations que tout autre joueur &#8211; un 98 stup\u00e9fiant &#8211; et il y a peu plus de m\u00e9daille de vainqueurs pr\u00e9cieux.<\/p>\n<p>Cependant, il est maintenant temps d&#39;\u00e9changer le bleu marine contre le noir et le bleu. La ligne de fond normalement fiable d&#39;Inter a peut-\u00eatre \u00e9t\u00e9 an\u00e9anti \u00e0 Munich, mais <strong class=\"autotag\">Alessandro Bastoni<\/strong> a attir\u00e9 l&#39;attention, puis certains pendant la course de Nerazzurri \u00e0 la finale, pr\u00e9sentant sa d\u00e9fense obstin\u00e9e et son merveilleux passage progressiste dans une \u00e9gale mesure.<\/p>\n<p>Sur l&#39;un des rares hommes \u00e0 empocher <strong class=\"autotag\">Mohamed Salah<\/strong> Cette saison, l&#39;arri\u00e8re gauche en maraude du PSG <strong class=\"autotag\">Nuno Mendes<\/strong> a mis fin \u00e0 la Ligue des champions 2024-25 apr\u00e8s avoir abord\u00e9 plus de dribbleurs que quiconque (28), et \u00e9tiqueter l&#39;arri\u00e8re gauche portugais, une machine gagnante de balle ne serait pas du tout inexacte.<\/p>\n<hr>\n<h2 class=\"k3\">Milieu de terrain<\/h2>\n<p class=\"imgI\">\n<p>Plusieurs joueurs ont marqu\u00e9 plus de buts que lui. Plusieurs joueurs ont enregistr\u00e9 plus d&#39;aide que lui. Mais aucun d&#39;eux ne pouvait faire quoi <strong class=\"autotag\">Lamine Yamal<\/strong> fait \u00e0 seulement 17 ans; Non seulement il a g\u00e9r\u00e9 cinq frappes et quatre aides, mais il a termin\u00e9 56 prises in\u00e9gal\u00e9es dans le tournoi &#8211; \u00e0 titre de comparaison, deuxi\u00e8me <strong class=\"autotag\">Rafael Leao<\/strong> avait 17 derri\u00e8re avec 39.<\/p>\n<p>Tout aussi d\u00e9vastateur de l&#39;autre c\u00f4t\u00e9 de l&#39;attaque de Barcelone, <strong class=\"autotag\">Raphinha<\/strong> a mis en place des objectifs et des passes d\u00e9cisives plus combin\u00e9s que tout autre homme de l&#39;\u00e9dition 2024-25 avec un record de 21, 13 de ses propres passes d\u00e9cisives. <strong class=\"autotag\">Lionel Messi<\/strong> Je n&#39;ai jamais r\u00e9ussi autant dans une campagne, <strong class=\"autotag\">Cristiano Ronaldo<\/strong> a fait une fois en 2013-2014, mais les Portugais doivent d\u00e9sormais partager ce meilleur temps avec le br\u00e9silien Barnstorming.<\/p>\n<p>Sur un autre leader statistique, le maestro du milieu de terrain durs du PSG <strong class=\"autotag\">Joao Neves<\/strong> \u00e9tait un autre joueur pour d\u00e9fier ses 20 ans, alors que l&#39;ancien prot\u00e9g\u00e9 de Benfica a remport\u00e9 le plus de d\u00e9fis de la Ligue des champions 2024-25 avec un 38 sans pr\u00e9c\u00e9dent. Naturellement, il a \u00e9galement commis plus de fautes que tout autre homme, mais c&#39;est trivial.<\/p>\n<p>L&#39;avenir du milieu de terrain portugais est certainement entre des mains s\u00fbres avec neves et <strong class=\"autotag\">Vitinha<\/strong>ce dernier n&#39;\u00e9tait rien de moins qu&#39;un ma\u00eetre de passe tout au long du tournoi. Sans surprise sans surprise par l&#39;ampleur de l&#39;occasion samedi, le joueur de 25 ans a jou\u00e9 un pouce parfait \u00e0 travers le ballon dans les pieds de <strong class=\"autotag\">D\u00e9sir Doue<\/strong> Pour le troisi\u00e8me du PSG, les fans de Wolverhampton Wanderers doivent toujours \u00eatre incr\u00e9dules sur le joueur qu&#39;il est devenu.<\/p>\n<hr>\n<h2 class=\"k3\">ATTAQUE<\/h2>\n<p class=\"imgI\">\n<p>Doue devenir le tout premier joueur \u00e0 avoir contribu\u00e9 \u00e0 trois buts en finale de la Ligue des champions aurait \u00e9t\u00e9 digne d&#39;une place \u00e0 part enti\u00e8re, mais nous sommes rest\u00e9s au vrai sens de l&#39;\u00e9quipe du \u00abtournoi\u00bb. Tout ce qui manquait <strong class=\"autotag\">Ousmane Dembele<\/strong>La derni\u00e8re carte de bingo \u00e9tait un objectif, mais il a n\u00e9anmoins impos\u00e9 deux passes d\u00e9cisives pour mettre fin \u00e0 la comp\u00e9tition avec 14 participations de 15 matchs. Ballon d&#39;Or en attente?<\/p>\n<p>D&#39;un ancien <strong class=\"autotag\">Borussia Dortmund<\/strong> Le ph\u00e9nom\u00e8ne d&#39;un braconnier BVB actuel, de Serhou Guirassy et Raphinha a divis\u00e9 la botte d&#39;or en deux ans cette ann\u00e9e avec un formidable 13 frappes chacune. Cinq des buts de l&#39;ancien peuvent provenir du point de p\u00e9nalit\u00e9, mais huit frappes non-p\u00e9nalty \u00e9taient toujours la deuxi\u00e8me plus la plus la plus la plus importante de la comp\u00e9tition, et cinq de ses efforts sont venus contre Barcelone.<\/p>\n<p>Faut-il en dire plus? Pourquoi pas. Guirassy a remport\u00e9 un but ou une aide dans chacune de ses neuf premi\u00e8res apparitions de la Ligue des champions 2024-25 &#8211; y compris chaque match en phase de ligue &#8211; et a marqu\u00e9 de mani\u00e8re cruciale les deux buts de BVB lors de sa victoire de 2-1 \u00e0 la deuxi\u00e8me jambe en derni\u00e8re-16 contre Lille. Approuv\u00e9.<\/p>\n<hr>\n<h2 class=\"k3\">L&#39;\u00e9quipe de la Ligue des champions de Sports Mole du tournoi<\/h2>\n<p><strong>L&#39;\u00e9quipe de la Ligue des champions de Sports Mole du tournoi (4-4-2):<\/strong> Donnarumma; Hakimi, Marquinhos, Bastoni, Mendes; Yamal, Nevs, Vititinha, Raphinha; Dembele, Guirassy<\/p>\n<hr>\n<div class=\"author_box\">\n<div class=\"author_box_banner\">\n<\/div>\n<\/div>\n<\/div>\n","protected":false},"excerpt":{"rendered":"<p>Sports Mole s\u00e9lectionne son \u00e9quipe de Ligue des champions du tournoi de l&#39;\u00e9dition 2024-25, dont Lamine Yamal, Ousmane Dembele et Raphinha. Une mal\u00e9diction continentale tortueuse<\/p>\n","protected":false},"author":1,"featured_media":24666,"comment_status":"closed","ping_status":"","sticky":false,"template":"","format":"standard","meta":{"footnotes":""},"categories":[4],"tags":[31,7923,12,28,4088,30,2900,3496,2087,4089],"yoast_head":"<!-- This site is optimized with the Yoast SEO plugin v21.0 - https:\/\/yoast.com\/wordpress\/plugins\/seo\/ -->\n<title>\u00c9quipe de la Ligue des champions du tournoi: Lamine Yamal, Ousmane Dembele, Raphinha<\/title>\n<meta name=\"robots\" content=\"index, follow, max-snippet:-1, max-image-preview:large, max-video-preview:-1\" \/>\n<link rel=\"canonical\" href=\"https:\/\/footdavant.fr\/actualites\/equipe-de-la-ligue-des-champions-du-tournoi-lamine-yamal-ousmane-dembele-raphinha\/\" \/>\n<meta property=\"og:locale\" content=\"fr_FR\" \/>\n<meta property=\"og:type\" content=\"article\" \/>\n<meta property=\"og:title\" content=\"\u00c9quipe de la Ligue des champions du tournoi: Lamine Yamal, Ousmane Dembele, Raphinha\" \/>\n<meta property=\"og:description\" content=\"Sports Mole s\u00e9lectionne son \u00e9quipe de Ligue des champions du tournoi de l&#039;\u00e9dition 2024-25, dont Lamine Yamal, Ousmane Dembele et Raphinha. Une mal\u00e9diction continentale tortueuse\" \/>\n<meta property=\"og:url\" content=\"https:\/\/footdavant.fr\/actualites\/equipe-de-la-ligue-des-champions-du-tournoi-lamine-yamal-ousmane-dembele-raphinha\/\" \/>\n<meta property=\"og:site_name\" content=\"Foot d&#039;avant\" \/>\n<meta property=\"article:publisher\" content=\"https:\/\/www.facebook.com\/Footdavant\/\" \/>\n<meta property=\"article:published_time\" content=\"2025-06-03T16:48:38+00:00\" \/>\n<meta property=\"article:modified_time\" content=\"2025-06-03T16:48:40+00:00\" \/>\n<meta property=\"og:image\" content=\"https:\/\/footdavant.fr\/actualites\/wp-content\/uploads\/2025\/06\/1748969319_Equipe-de-la-Ligue-des-champions-du-tournoi-Lamine-Yamal.jpg\" \/>\n\t<meta property=\"og:image:width\" content=\"1280\" \/>\n\t<meta property=\"og:image:height\" content=\"960\" \/>\n\t<meta property=\"og:image:type\" content=\"image\/jpeg\" \/>\n<meta name=\"author\" content=\"Cl\u00e9ment\" \/>\n<meta name=\"twitter:card\" content=\"summary_large_image\" \/>\n<meta name=\"twitter:creator\" content=\"@FootdavantFr\" \/>\n<meta name=\"twitter:site\" content=\"@FootdavantFr\" \/>\n<meta name=\"twitter:label1\" content=\"\u00c9crit par\" \/>\n\t<meta name=\"twitter:data1\" content=\"Cl\u00e9ment\" \/>\n\t<meta name=\"twitter:label2\" content=\"Dur\u00e9e de lecture estim\u00e9e\" \/>\n\t<meta name=\"twitter:data2\" content=\"6 minutes\" \/>\n<script type=\"application\/ld+json\" class=\"yoast-schema-graph\">{\"@context\":\"https:\/\/schema.org\",\"@graph\":[{\"@type\":\"Article\",\"@id\":\"https:\/\/footdavant.fr\/actualites\/equipe-de-la-ligue-des-champions-du-tournoi-lamine-yamal-ousmane-dembele-raphinha\/#article\",\"isPartOf\":{\"@id\":\"https:\/\/footdavant.fr\/actualites\/equipe-de-la-ligue-des-champions-du-tournoi-lamine-yamal-ousmane-dembele-raphinha\/\"},\"author\":{\"name\":\"Cl\u00e9ment\",\"@id\":\"https:\/\/footdavant.fr\/actualites\/#\/schema\/person\/bc222566d95871b37e597b3ed3ba5e1d\"},\"headline\":\"\u00c9quipe de la Ligue des champions du tournoi: Lamine Yamal, Ousmane Dembele, Raphinha\",\"datePublished\":\"2025-06-03T16:48:38+00:00\",\"dateModified\":\"2025-06-03T16:48:40+00:00\",\"mainEntityOfPage\":{\"@id\":\"https:\/\/footdavant.fr\/actualites\/equipe-de-la-ligue-des-champions-du-tournoi-lamine-yamal-ousmane-dembele-raphinha\/\"},\"wordCount\":1127,\"publisher\":{\"@id\":\"https:\/\/footdavant.fr\/actualites\/#organization\"},\"keywords\":[\"champions\",\"Dembele\",\"des\",\"\u00c9quipe\",\"Lamine\",\"Ligue\",\"Ousmane\",\"Raphinha\",\"tournoi\",\"Yamal\"],\"articleSection\":[\"Champions League\"],\"inLanguage\":\"fr-FR\"},{\"@type\":\"WebPage\",\"@id\":\"https:\/\/footdavant.fr\/actualites\/equipe-de-la-ligue-des-champions-du-tournoi-lamine-yamal-ousmane-dembele-raphinha\/\",\"url\":\"https:\/\/footdavant.fr\/actualites\/equipe-de-la-ligue-des-champions-du-tournoi-lamine-yamal-ousmane-dembele-raphinha\/\",\"name\":\"\u00c9quipe de la Ligue des champions du tournoi: Lamine Yamal, Ousmane Dembele, Raphinha\",\"isPartOf\":{\"@id\":\"https:\/\/footdavant.fr\/actualites\/#website\"},\"datePublished\":\"2025-06-03T16:48:38+00:00\",\"dateModified\":\"2025-06-03T16:48:40+00:00\",\"breadcrumb\":{\"@id\":\"https:\/\/footdavant.fr\/actualites\/equipe-de-la-ligue-des-champions-du-tournoi-lamine-yamal-ousmane-dembele-raphinha\/#breadcrumb\"},\"inLanguage\":\"fr-FR\",\"potentialAction\":[{\"@type\":\"ReadAction\",\"target\":[\"https:\/\/footdavant.fr\/actualites\/equipe-de-la-ligue-des-champions-du-tournoi-lamine-yamal-ousmane-dembele-raphinha\/\"]}]},{\"@type\":\"BreadcrumbList\",\"@id\":\"https:\/\/footdavant.fr\/actualites\/equipe-de-la-ligue-des-champions-du-tournoi-lamine-yamal-ousmane-dembele-raphinha\/#breadcrumb\",\"itemListElement\":[{\"@type\":\"ListItem\",\"position\":1,\"name\":\"Accueil\",\"item\":\"https:\/\/footdavant.fr\/actualites\/\"},{\"@type\":\"ListItem\",\"position\":2,\"name\":\"\u00c9quipe de la Ligue des champions du tournoi: Lamine Yamal, Ousmane Dembele, Raphinha\"}]},{\"@type\":\"WebSite\",\"@id\":\"https:\/\/footdavant.fr\/actualites\/#website\",\"url\":\"https:\/\/footdavant.fr\/actualites\/\",\"name\":\"Foot d'avant\",\"description\":\"\",\"publisher\":{\"@id\":\"https:\/\/footdavant.fr\/actualites\/#organization\"},\"potentialAction\":[{\"@type\":\"SearchAction\",\"target\":{\"@type\":\"EntryPoint\",\"urlTemplate\":\"https:\/\/footdavant.fr\/actualites\/?s={search_term_string}\"},\"query-input\":\"required name=search_term_string\"}],\"inLanguage\":\"fr-FR\"},{\"@type\":\"Organization\",\"@id\":\"https:\/\/footdavant.fr\/actualites\/#organization\",\"name\":\"Foot d'avant\",\"url\":\"https:\/\/footdavant.fr\/actualites\/\",\"logo\":{\"@type\":\"ImageObject\",\"inLanguage\":\"fr-FR\",\"@id\":\"https:\/\/footdavant.fr\/actualites\/#\/schema\/logo\/image\/\",\"url\":\"https:\/\/footdavant.fr\/actualites\/wp-content\/uploads\/2023\/09\/Copy-of-FootDavant-Logo.png\",\"contentUrl\":\"https:\/\/footdavant.fr\/actualites\/wp-content\/uploads\/2023\/09\/Copy-of-FootDavant-Logo.png\",\"width\":936,\"height\":549,\"caption\":\"Foot d'avant\"},\"image\":{\"@id\":\"https:\/\/footdavant.fr\/actualites\/#\/schema\/logo\/image\/\"},\"sameAs\":[\"https:\/\/www.facebook.com\/Footdavant\/\",\"https:\/\/twitter.com\/FootdavantFr\",\"https:\/\/www.instagram.com\/footdavant.fr\/\"]},{\"@type\":\"Person\",\"@id\":\"https:\/\/footdavant.fr\/actualites\/#\/schema\/person\/bc222566d95871b37e597b3ed3ba5e1d\",\"name\":\"Cl\u00e9ment\",\"image\":{\"@type\":\"ImageObject\",\"inLanguage\":\"fr-FR\",\"@id\":\"https:\/\/footdavant.fr\/actualites\/#\/schema\/person\/image\/\",\"url\":\"https:\/\/secure.gravatar.com\/avatar\/7728b29aac2719421e1a9159b2254c44?s=96&d=mm&r=g\",\"contentUrl\":\"https:\/\/secure.gravatar.com\/avatar\/7728b29aac2719421e1a9159b2254c44?s=96&d=mm&r=g\",\"caption\":\"Cl\u00e9ment\"},\"sameAs\":[\"https:\/\/footdavant.fr\/\"]}]}<\/script>\n<!-- \/ Yoast SEO plugin. -->","yoast_head_json":{"title":"\u00c9quipe de la Ligue des champions du tournoi: Lamine Yamal, Ousmane Dembele, Raphinha","robots":{"index":"index","follow":"follow","max-snippet":"max-snippet:-1","max-image-preview":"max-image-preview:large","max-video-preview":"max-video-preview:-1"},"canonical":"https:\/\/footdavant.fr\/actualites\/equipe-de-la-ligue-des-champions-du-tournoi-lamine-yamal-ousmane-dembele-raphinha\/","og_locale":"fr_FR","og_type":"article","og_title":"\u00c9quipe de la Ligue des champions du tournoi: Lamine Yamal, Ousmane Dembele, Raphinha","og_description":"Sports Mole s\u00e9lectionne son \u00e9quipe de Ligue des champions du tournoi de l&#39;\u00e9dition 2024-25, dont Lamine Yamal, Ousmane Dembele et Raphinha. Une mal\u00e9diction continentale tortueuse","og_url":"https:\/\/footdavant.fr\/actualites\/equipe-de-la-ligue-des-champions-du-tournoi-lamine-yamal-ousmane-dembele-raphinha\/","og_site_name":"Foot d&#039;avant","article_publisher":"https:\/\/www.facebook.com\/Footdavant\/","article_published_time":"2025-06-03T16:48:38+00:00","article_modified_time":"2025-06-03T16:48:40+00:00","og_image":[{"width":1280,"height":960,"url":"https:\/\/footdavant.fr\/actualites\/wp-content\/uploads\/2025\/06\/1748969319_Equipe-de-la-Ligue-des-champions-du-tournoi-Lamine-Yamal.jpg","type":"image\/jpeg"}],"author":"Cl\u00e9ment","twitter_card":"summary_large_image","twitter_creator":"@FootdavantFr","twitter_site":"@FootdavantFr","twitter_misc":{"\u00c9crit par":"Cl\u00e9ment","Dur\u00e9e de lecture estim\u00e9e":"6 minutes"},"schema":{"@context":"https:\/\/schema.org","@graph":[{"@type":"Article","@id":"https:\/\/footdavant.fr\/actualites\/equipe-de-la-ligue-des-champions-du-tournoi-lamine-yamal-ousmane-dembele-raphinha\/#article","isPartOf":{"@id":"https:\/\/footdavant.fr\/actualites\/equipe-de-la-ligue-des-champions-du-tournoi-lamine-yamal-ousmane-dembele-raphinha\/"},"author":{"name":"Cl\u00e9ment","@id":"https:\/\/footdavant.fr\/actualites\/#\/schema\/person\/bc222566d95871b37e597b3ed3ba5e1d"},"headline":"\u00c9quipe de la Ligue des champions du tournoi: Lamine Yamal, Ousmane Dembele, Raphinha","datePublished":"2025-06-03T16:48:38+00:00","dateModified":"2025-06-03T16:48:40+00:00","mainEntityOfPage":{"@id":"https:\/\/footdavant.fr\/actualites\/equipe-de-la-ligue-des-champions-du-tournoi-lamine-yamal-ousmane-dembele-raphinha\/"},"wordCount":1127,"publisher":{"@id":"https:\/\/footdavant.fr\/actualites\/#organization"},"keywords":["champions","Dembele","des","\u00c9quipe","Lamine","Ligue","Ousmane","Raphinha","tournoi","Yamal"],"articleSection":["Champions League"],"inLanguage":"fr-FR"},{"@type":"WebPage","@id":"https:\/\/footdavant.fr\/actualites\/equipe-de-la-ligue-des-champions-du-tournoi-lamine-yamal-ousmane-dembele-raphinha\/","url":"https:\/\/footdavant.fr\/actualites\/equipe-de-la-ligue-des-champions-du-tournoi-lamine-yamal-ousmane-dembele-raphinha\/","name":"\u00c9quipe de la Ligue des champions du tournoi: Lamine Yamal, Ousmane Dembele, Raphinha","isPartOf":{"@id":"https:\/\/footdavant.fr\/actualites\/#website"},"datePublished":"2025-06-03T16:48:38+00:00","dateModified":"2025-06-03T16:48:40+00:00","breadcrumb":{"@id":"https:\/\/footdavant.fr\/actualites\/equipe-de-la-ligue-des-champions-du-tournoi-lamine-yamal-ousmane-dembele-raphinha\/#breadcrumb"},"inLanguage":"fr-FR","potentialAction":[{"@type":"ReadAction","target":["https:\/\/footdavant.fr\/actualites\/equipe-de-la-ligue-des-champions-du-tournoi-lamine-yamal-ousmane-dembele-raphinha\/"]}]},{"@type":"BreadcrumbList","@id":"https:\/\/footdavant.fr\/actualites\/equipe-de-la-ligue-des-champions-du-tournoi-lamine-yamal-ousmane-dembele-raphinha\/#breadcrumb","itemListElement":[{"@type":"ListItem","position":1,"name":"Accueil","item":"https:\/\/footdavant.fr\/actualites\/"},{"@type":"ListItem","position":2,"name":"\u00c9quipe de la Ligue des champions du tournoi: Lamine Yamal, Ousmane Dembele, Raphinha"}]},{"@type":"WebSite","@id":"https:\/\/footdavant.fr\/actualites\/#website","url":"https:\/\/footdavant.fr\/actualites\/","name":"Foot d'avant","description":"","publisher":{"@id":"https:\/\/footdavant.fr\/actualites\/#organization"},"potentialAction":[{"@type":"SearchAction","target":{"@type":"EntryPoint","urlTemplate":"https:\/\/footdavant.fr\/actualites\/?s={search_term_string}"},"query-input":"required name=search_term_string"}],"inLanguage":"fr-FR"},{"@type":"Organization","@id":"https:\/\/footdavant.fr\/actualites\/#organization","name":"Foot d'avant","url":"https:\/\/footdavant.fr\/actualites\/","logo":{"@type":"ImageObject","inLanguage":"fr-FR","@id":"https:\/\/footdavant.fr\/actualites\/#\/schema\/logo\/image\/","url":"https:\/\/footdavant.fr\/actualites\/wp-content\/uploads\/2023\/09\/Copy-of-FootDavant-Logo.png","contentUrl":"https:\/\/footdavant.fr\/actualites\/wp-content\/uploads\/2023\/09\/Copy-of-FootDavant-Logo.png","width":936,"height":549,"caption":"Foot d'avant"},"image":{"@id":"https:\/\/footdavant.fr\/actualites\/#\/schema\/logo\/image\/"},"sameAs":["https:\/\/www.facebook.com\/Footdavant\/","https:\/\/twitter.com\/FootdavantFr","https:\/\/www.instagram.com\/footdavant.fr\/"]},{"@type":"Person","@id":"https:\/\/footdavant.fr\/actualites\/#\/schema\/person\/bc222566d95871b37e597b3ed3ba5e1d","name":"Cl\u00e9ment","image":{"@type":"ImageObject","inLanguage":"fr-FR","@id":"https:\/\/footdavant.fr\/actualites\/#\/schema\/person\/image\/","url":"https:\/\/secure.gravatar.com\/avatar\/7728b29aac2719421e1a9159b2254c44?s=96&d=mm&r=g","contentUrl":"https:\/\/secure.gravatar.com\/avatar\/7728b29aac2719421e1a9159b2254c44?s=96&d=mm&r=g","caption":"Cl\u00e9ment"},"sameAs":["https:\/\/footdavant.fr\/"]}]}},"_links":{"self":[{"href":"https:\/\/footdavant.fr\/actualites\/wp-json\/wp\/v2\/posts\/24665"}],"collection":[{"href":"https:\/\/footdavant.fr\/actualites\/wp-json\/wp\/v2\/posts"}],"about":[{"href":"https:\/\/footdavant.fr\/actualites\/wp-json\/wp\/v2\/types\/post"}],"author":[{"embeddable":true,"href":"https:\/\/footdavant.fr\/actualites\/wp-json\/wp\/v2\/users\/1"}],"replies":[{"embeddable":true,"href":"https:\/\/footdavant.fr\/actualites\/wp-json\/wp\/v2\/comments?post=24665"}],"version-history":[{"count":1,"href":"https:\/\/footdavant.fr\/actualites\/wp-json\/wp\/v2\/posts\/24665\/revisions"}],"predecessor-version":[{"id":24667,"href":"https:\/\/footdavant.fr\/actualites\/wp-json\/wp\/v2\/posts\/24665\/revisions\/24667"}],"wp:featuredmedia":[{"embeddable":true,"href":"https:\/\/footdavant.fr\/actualites\/wp-json\/wp\/v2\/media\/24666"}],"wp:attachment":[{"href":"https:\/\/footdavant.fr\/actualites\/wp-json\/wp\/v2\/media?parent=24665"}],"wp:term":[{"taxonomy":"category","embeddable":true,"href":"https:\/\/footdavant.fr\/actualites\/wp-json\/wp\/v2\/categories?post=24665"},{"taxonomy":"post_tag","embeddable":true,"href":"https:\/\/footdavant.fr\/actualites\/wp-json\/wp\/v2\/tags?post=24665"}],"curies":[{"name":"wp","href":"https:\/\/api.w.org\/{rel}","templated":true}]}}