{"id":24668,"date":"2025-06-03T19:48:04","date_gmt":"2025-06-03T17:48:04","guid":{"rendered":"https:\/\/footdavant.fr\/actualites\/news-transfer-news-vitor-pereira-revele-la-nationalite-des-cibles-dete-potentielles\/"},"modified":"2025-06-03T19:48:05","modified_gmt":"2025-06-03T17:48:05","slug":"news-transfer-news-vitor-pereira-revele-la-nationalite-des-cibles-dete-potentielles","status":"publish","type":"post","link":"https:\/\/footdavant.fr\/actualites\/news-transfer-news-vitor-pereira-revele-la-nationalite-des-cibles-dete-potentielles\/","title":{"rendered":"News Transfer News: Vitor Pereira r\u00e9v\u00e8le la nationalit\u00e9 des cibles d&#39;\u00e9t\u00e9 potentielles"},"content":{"rendered":"<p>L&#39;entra\u00eeneur-chef de Wolverhampton Wanderers, Vitor Pereira, sugg\u00e8re que lui et le club viseront les joueurs d&#39;une certaine nationalit\u00e9 pendant la fen\u00eatre de transfert d&#39;\u00e9t\u00e9.<\/p>\n<div id=\"article_body\" itemprop=\"articleBody\">\n<h3 class=\"firstPara\">\n<strong class=\"autotag\">Wolverhampton Wanderers<\/strong> entra\u00eeneur-chef <strong class=\"autotag\">Vitor Pereira<\/strong> a r\u00e9v\u00e9l\u00e9 que \u00ab\u00a0de nombreux\u00a0\u00bb joueurs d&#39;un pays sp\u00e9cifique ont \u00e9t\u00e9 identifi\u00e9s comme des objectifs potentiels de transfert d&#39;\u00e9t\u00e9.<\/h3>\n<p>\u00c0 l&#39;arri\u00e8re de leur 16e place en Premier League, les Wolves se concentrent d\u00e9sormais sur le renforcement consid\u00e9rablement de leur \u00e9quipe une fois que le march\u00e9 rouvrit en juin.<\/p>\n<p>Avec <strong class=\"autotag\">Nelson Semedo<\/strong>, <strong class=\"autotag\">Pablo Sarabia<\/strong> et <strong class=\"autotag\">Matheus cunha<\/strong> Tout en ligne \u00e0 <strong>D\u00e9part de Molineux<\/strong>la tenue des West Midlands g\u00e9n\u00e9rera des fonds et un espace substantiels sur leur facture salariale.<\/p>\n<p>En tant que telles, les attentes sont \u00e9lev\u00e9es que Pereira puisse assembler une \u00e9quipe capable de terminer dans les positions de la table \u00e0 mi-table et au-del\u00e0 pendant la morte-saison.<\/p>\n<p>Pereira a r\u00e9cemment donn\u00e9 une interview qui a \u00e9t\u00e9 publi\u00e9e par <em>Un bola<\/em> qui a donn\u00e9 un aper\u00e7u d&#39;une zone que les loups ciblent.<\/p>\n<p class=\"imgI\">\n<h2 class=\"k3\">\u00c0 quel march\u00e9 les loups entreront-ils?<\/h2>\n<p>Depuis 2017, les Wolves n&#39;ont pas \u00e9t\u00e9 \u00e9trangers \u00e0 l&#39;acquisition de talents du Portugal, et Pereira a admis qu&#39;il \u00e9tait pr\u00e9par\u00e9 davantage de ses compatriotes \u00e0 son \u00e9quipe.<\/p>\n<p>Il a d\u00e9clar\u00e9: \u00ab\u00a0Nous sommes un petit pays, mais nous produisons beaucoup de qualit\u00e9. Les joueurs et les entra\u00eeneurs, c&#39;est donc toujours un march\u00e9 qui est sur le radar. <\/p>\n<p>\u00ab\u00a0Nous avons d\u00e9j\u00e0 identifi\u00e9 beaucoup, beaucoup, mais les joueurs portugais sont chers (rires).\u00a0\u00bb<\/p>\n<p><strong class=\"autotag\">Jose SA<\/strong>, <strong class=\"autotag\">Toti Gomes<\/strong> et <strong class=\"autotag\">Rodrigo Gomes<\/strong> semblent actuellement les plus susceptibles de rester du contingent portugais avant la saison prochaine.<\/p>\n<p>Ainsi qu&#39;une sortie probable pour Semedo, <strong class=\"autotag\">Carlos Forbs<\/strong> reviendra au Parent Club Ajax, tandis que <strong class=\"autotag\">Goncalo Guedes<\/strong> devrait susciter l&#39;int\u00e9r\u00eat du continent.<\/p>\n<p class=\"imgI\"><img decoding=\"async\" loading=\"lazy\" class=\"l\" src=\"https:\/\/footdavant.fr\/actualites\/wp-content\/uploads\/2025\/06\/1748972884_390_News-Transfer-News-Vitor-Pereira-revele-la-nationalite-des-cibles.jpg\" title=\"L&#39;attaquant des Wolverhampton Wanderers Rodrigo Gomes c\u00e9l\u00e8bre le score contre Leicester City, le 22 d\u00e9cembre 2024\" alt=\"L&#39;attaquant des Wolverhampton Wanderers Rodrigo Gomes c\u00e9l\u00e8bre le score contre Leicester City, le 22 d\u00e9cembre 2024\" width=\"640\" height=\"480\"><\/p>\n<h2 class=\"k3\">Pourquoi le Portugal est-il une cible importante?<\/h2>\n<p>Lorsque Cunha part dans un accord de 62,5 millions de livres sterling, vraisemblablement \u00e0 Manchester United, les Wolves auront encore trois joueurs br\u00e9siliens &#8211; tous les portugais &#8211; dans leur \u00e9quipe.<\/p>\n<p>Enfant <strong class=\"autotag\">Pedro Lima<\/strong> et les internationaux br\u00e9siliens <strong class=\"autotag\">Andre<\/strong> et <strong class=\"autotag\">Joao Gomes<\/strong> sont tous consid\u00e9r\u00e9s comme des joueurs importants pour le pr\u00e9sent et l&#39;avenir.<\/p>\n<p>Avec la majorit\u00e9 de l&#39;\u00e9quipe actuelle de l&#39;\u00e9quipe nationale actuelle du Portugal d\u00e9j\u00e0 chez les g\u00e9ants europ\u00e9ens, il est difficile de pr\u00e9dire qui peut cibler les loups.<\/p>\n<div class=\"author_box\">\n<div class=\"author_box_banner\">\n<img decoding=\"async\" class=\"author_img\" src=\"https:\/\/footdavant.fr\/actualites\/wp-content\/uploads\/2025\/06\/1748972884_957_News-Transfer-News-Vitor-Pereira-revele-la-nationalite-des-cibles.jpg\"><\/p>\n<\/div>\n<\/div>\n<\/div>\n","protected":false},"excerpt":{"rendered":"<p>L&#39;entra\u00eeneur-chef de Wolverhampton Wanderers, Vitor Pereira, sugg\u00e8re que lui et le club viseront les joueurs d&#39;une certaine nationalit\u00e9 pendant la fen\u00eatre de transfert d&#39;\u00e9t\u00e9. Wolverhampton<\/p>\n","protected":false},"author":1,"featured_media":24669,"comment_status":"closed","ping_status":"","sticky":false,"template":"","format":"standard","meta":{"footnotes":""},"categories":[5],"tags":[3703,4968,12,9433,409,6262,5604,415,2732,7457],"yoast_head":"<!-- This site is optimized with the Yoast SEO plugin v21.0 - https:\/\/yoast.com\/wordpress\/plugins\/seo\/ -->\n<title>News Transfer News: Vitor Pereira r\u00e9v\u00e8le la nationalit\u00e9 des cibles d&#039;\u00e9t\u00e9 potentielles<\/title>\n<meta name=\"robots\" content=\"index, follow, max-snippet:-1, max-image-preview:large, max-video-preview:-1\" \/>\n<link rel=\"canonical\" href=\"https:\/\/footdavant.fr\/actualites\/news-transfer-news-vitor-pereira-revele-la-nationalite-des-cibles-dete-potentielles\/\" \/>\n<meta property=\"og:locale\" content=\"fr_FR\" \/>\n<meta property=\"og:type\" content=\"article\" \/>\n<meta property=\"og:title\" content=\"News Transfer News: Vitor Pereira r\u00e9v\u00e8le la nationalit\u00e9 des cibles d&#039;\u00e9t\u00e9 potentielles\" \/>\n<meta property=\"og:description\" content=\"L&#039;entra\u00eeneur-chef de Wolverhampton Wanderers, Vitor Pereira, sugg\u00e8re que lui et le club viseront les joueurs d&#039;une certaine nationalit\u00e9 pendant la fen\u00eatre de transfert d&#039;\u00e9t\u00e9. Wolverhampton\" \/>\n<meta property=\"og:url\" content=\"https:\/\/footdavant.fr\/actualites\/news-transfer-news-vitor-pereira-revele-la-nationalite-des-cibles-dete-potentielles\/\" \/>\n<meta property=\"og:site_name\" content=\"Foot d&#039;avant\" \/>\n<meta property=\"article:publisher\" content=\"https:\/\/www.facebook.com\/Footdavant\/\" \/>\n<meta property=\"article:published_time\" content=\"2025-06-03T17:48:04+00:00\" \/>\n<meta property=\"article:modified_time\" content=\"2025-06-03T17:48:05+00:00\" \/>\n<meta property=\"og:image\" content=\"https:\/\/footdavant.fr\/actualites\/wp-content\/uploads\/2025\/06\/News-Transfer-News-Vitor-Pereira-revele-la-nationalite-des-cibles.jpg\" \/>\n\t<meta property=\"og:image:width\" content=\"640\" \/>\n\t<meta property=\"og:image:height\" content=\"480\" \/>\n\t<meta property=\"og:image:type\" content=\"image\/jpeg\" \/>\n<meta name=\"author\" content=\"Cl\u00e9ment\" \/>\n<meta name=\"twitter:card\" content=\"summary_large_image\" \/>\n<meta name=\"twitter:creator\" content=\"@FootdavantFr\" \/>\n<meta name=\"twitter:site\" content=\"@FootdavantFr\" \/>\n<meta name=\"twitter:label1\" content=\"\u00c9crit par\" \/>\n\t<meta name=\"twitter:data1\" content=\"Cl\u00e9ment\" \/>\n\t<meta name=\"twitter:label2\" content=\"Dur\u00e9e de lecture estim\u00e9e\" \/>\n\t<meta name=\"twitter:data2\" content=\"2 minutes\" \/>\n<script type=\"application\/ld+json\" class=\"yoast-schema-graph\">{\"@context\":\"https:\/\/schema.org\",\"@graph\":[{\"@type\":\"Article\",\"@id\":\"https:\/\/footdavant.fr\/actualites\/news-transfer-news-vitor-pereira-revele-la-nationalite-des-cibles-dete-potentielles\/#article\",\"isPartOf\":{\"@id\":\"https:\/\/footdavant.fr\/actualites\/news-transfer-news-vitor-pereira-revele-la-nationalite-des-cibles-dete-potentielles\/\"},\"author\":{\"name\":\"Cl\u00e9ment\",\"@id\":\"https:\/\/footdavant.fr\/actualites\/#\/schema\/person\/bc222566d95871b37e597b3ed3ba5e1d\"},\"headline\":\"News Transfer News: Vitor Pereira r\u00e9v\u00e8le la nationalit\u00e9 des cibles d&#39;\u00e9t\u00e9 potentielles\",\"datePublished\":\"2025-06-03T17:48:04+00:00\",\"dateModified\":\"2025-06-03T17:48:05+00:00\",\"mainEntityOfPage\":{\"@id\":\"https:\/\/footdavant.fr\/actualites\/news-transfer-news-vitor-pereira-revele-la-nationalite-des-cibles-dete-potentielles\/\"},\"wordCount\":423,\"publisher\":{\"@id\":\"https:\/\/footdavant.fr\/actualites\/#organization\"},\"keywords\":[\"cibles\",\"d39\u00e9t\u00e9\",\"des\",\"nationalit\u00e9\",\"News\",\"Pereira\",\"potentielles\",\"r\u00e9v\u00e8le\",\"Transfer\",\"Vitor\"],\"articleSection\":[\"Premier League\"],\"inLanguage\":\"fr-FR\"},{\"@type\":\"WebPage\",\"@id\":\"https:\/\/footdavant.fr\/actualites\/news-transfer-news-vitor-pereira-revele-la-nationalite-des-cibles-dete-potentielles\/\",\"url\":\"https:\/\/footdavant.fr\/actualites\/news-transfer-news-vitor-pereira-revele-la-nationalite-des-cibles-dete-potentielles\/\",\"name\":\"News Transfer News: Vitor Pereira r\u00e9v\u00e8le la nationalit\u00e9 des cibles d&#39;\u00e9t\u00e9 potentielles\",\"isPartOf\":{\"@id\":\"https:\/\/footdavant.fr\/actualites\/#website\"},\"datePublished\":\"2025-06-03T17:48:04+00:00\",\"dateModified\":\"2025-06-03T17:48:05+00:00\",\"breadcrumb\":{\"@id\":\"https:\/\/footdavant.fr\/actualites\/news-transfer-news-vitor-pereira-revele-la-nationalite-des-cibles-dete-potentielles\/#breadcrumb\"},\"inLanguage\":\"fr-FR\",\"potentialAction\":[{\"@type\":\"ReadAction\",\"target\":[\"https:\/\/footdavant.fr\/actualites\/news-transfer-news-vitor-pereira-revele-la-nationalite-des-cibles-dete-potentielles\/\"]}]},{\"@type\":\"BreadcrumbList\",\"@id\":\"https:\/\/footdavant.fr\/actualites\/news-transfer-news-vitor-pereira-revele-la-nationalite-des-cibles-dete-potentielles\/#breadcrumb\",\"itemListElement\":[{\"@type\":\"ListItem\",\"position\":1,\"name\":\"Accueil\",\"item\":\"https:\/\/footdavant.fr\/actualites\/\"},{\"@type\":\"ListItem\",\"position\":2,\"name\":\"News Transfer News: Vitor Pereira r\u00e9v\u00e8le la nationalit\u00e9 des cibles d&#39;\u00e9t\u00e9 potentielles\"}]},{\"@type\":\"WebSite\",\"@id\":\"https:\/\/footdavant.fr\/actualites\/#website\",\"url\":\"https:\/\/footdavant.fr\/actualites\/\",\"name\":\"Foot d'avant\",\"description\":\"\",\"publisher\":{\"@id\":\"https:\/\/footdavant.fr\/actualites\/#organization\"},\"potentialAction\":[{\"@type\":\"SearchAction\",\"target\":{\"@type\":\"EntryPoint\",\"urlTemplate\":\"https:\/\/footdavant.fr\/actualites\/?s={search_term_string}\"},\"query-input\":\"required name=search_term_string\"}],\"inLanguage\":\"fr-FR\"},{\"@type\":\"Organization\",\"@id\":\"https:\/\/footdavant.fr\/actualites\/#organization\",\"name\":\"Foot d'avant\",\"url\":\"https:\/\/footdavant.fr\/actualites\/\",\"logo\":{\"@type\":\"ImageObject\",\"inLanguage\":\"fr-FR\",\"@id\":\"https:\/\/footdavant.fr\/actualites\/#\/schema\/logo\/image\/\",\"url\":\"https:\/\/footdavant.fr\/actualites\/wp-content\/uploads\/2023\/09\/Copy-of-FootDavant-Logo.png\",\"contentUrl\":\"https:\/\/footdavant.fr\/actualites\/wp-content\/uploads\/2023\/09\/Copy-of-FootDavant-Logo.png\",\"width\":936,\"height\":549,\"caption\":\"Foot d'avant\"},\"image\":{\"@id\":\"https:\/\/footdavant.fr\/actualites\/#\/schema\/logo\/image\/\"},\"sameAs\":[\"https:\/\/www.facebook.com\/Footdavant\/\",\"https:\/\/twitter.com\/FootdavantFr\",\"https:\/\/www.instagram.com\/footdavant.fr\/\"]},{\"@type\":\"Person\",\"@id\":\"https:\/\/footdavant.fr\/actualites\/#\/schema\/person\/bc222566d95871b37e597b3ed3ba5e1d\",\"name\":\"Cl\u00e9ment\",\"image\":{\"@type\":\"ImageObject\",\"inLanguage\":\"fr-FR\",\"@id\":\"https:\/\/footdavant.fr\/actualites\/#\/schema\/person\/image\/\",\"url\":\"https:\/\/secure.gravatar.com\/avatar\/7728b29aac2719421e1a9159b2254c44?s=96&d=mm&r=g\",\"contentUrl\":\"https:\/\/secure.gravatar.com\/avatar\/7728b29aac2719421e1a9159b2254c44?s=96&d=mm&r=g\",\"caption\":\"Cl\u00e9ment\"},\"sameAs\":[\"https:\/\/footdavant.fr\/\"]}]}<\/script>\n<!-- \/ Yoast SEO plugin. -->","yoast_head_json":{"title":"News Transfer News: Vitor Pereira r\u00e9v\u00e8le la nationalit\u00e9 des cibles d&#39;\u00e9t\u00e9 potentielles","robots":{"index":"index","follow":"follow","max-snippet":"max-snippet:-1","max-image-preview":"max-image-preview:large","max-video-preview":"max-video-preview:-1"},"canonical":"https:\/\/footdavant.fr\/actualites\/news-transfer-news-vitor-pereira-revele-la-nationalite-des-cibles-dete-potentielles\/","og_locale":"fr_FR","og_type":"article","og_title":"News Transfer News: Vitor Pereira r\u00e9v\u00e8le la nationalit\u00e9 des cibles d&#39;\u00e9t\u00e9 potentielles","og_description":"L&#39;entra\u00eeneur-chef de Wolverhampton Wanderers, Vitor Pereira, sugg\u00e8re que lui et le club viseront les joueurs d&#39;une certaine nationalit\u00e9 pendant la fen\u00eatre de transfert d&#39;\u00e9t\u00e9. Wolverhampton","og_url":"https:\/\/footdavant.fr\/actualites\/news-transfer-news-vitor-pereira-revele-la-nationalite-des-cibles-dete-potentielles\/","og_site_name":"Foot d&#039;avant","article_publisher":"https:\/\/www.facebook.com\/Footdavant\/","article_published_time":"2025-06-03T17:48:04+00:00","article_modified_time":"2025-06-03T17:48:05+00:00","og_image":[{"width":640,"height":480,"url":"https:\/\/footdavant.fr\/actualites\/wp-content\/uploads\/2025\/06\/News-Transfer-News-Vitor-Pereira-revele-la-nationalite-des-cibles.jpg","type":"image\/jpeg"}],"author":"Cl\u00e9ment","twitter_card":"summary_large_image","twitter_creator":"@FootdavantFr","twitter_site":"@FootdavantFr","twitter_misc":{"\u00c9crit par":"Cl\u00e9ment","Dur\u00e9e de lecture estim\u00e9e":"2 minutes"},"schema":{"@context":"https:\/\/schema.org","@graph":[{"@type":"Article","@id":"https:\/\/footdavant.fr\/actualites\/news-transfer-news-vitor-pereira-revele-la-nationalite-des-cibles-dete-potentielles\/#article","isPartOf":{"@id":"https:\/\/footdavant.fr\/actualites\/news-transfer-news-vitor-pereira-revele-la-nationalite-des-cibles-dete-potentielles\/"},"author":{"name":"Cl\u00e9ment","@id":"https:\/\/footdavant.fr\/actualites\/#\/schema\/person\/bc222566d95871b37e597b3ed3ba5e1d"},"headline":"News Transfer News: Vitor Pereira r\u00e9v\u00e8le la nationalit\u00e9 des cibles d&#39;\u00e9t\u00e9 potentielles","datePublished":"2025-06-03T17:48:04+00:00","dateModified":"2025-06-03T17:48:05+00:00","mainEntityOfPage":{"@id":"https:\/\/footdavant.fr\/actualites\/news-transfer-news-vitor-pereira-revele-la-nationalite-des-cibles-dete-potentielles\/"},"wordCount":423,"publisher":{"@id":"https:\/\/footdavant.fr\/actualites\/#organization"},"keywords":["cibles","d39\u00e9t\u00e9","des","nationalit\u00e9","News","Pereira","potentielles","r\u00e9v\u00e8le","Transfer","Vitor"],"articleSection":["Premier League"],"inLanguage":"fr-FR"},{"@type":"WebPage","@id":"https:\/\/footdavant.fr\/actualites\/news-transfer-news-vitor-pereira-revele-la-nationalite-des-cibles-dete-potentielles\/","url":"https:\/\/footdavant.fr\/actualites\/news-transfer-news-vitor-pereira-revele-la-nationalite-des-cibles-dete-potentielles\/","name":"News Transfer News: Vitor Pereira r\u00e9v\u00e8le la nationalit\u00e9 des cibles d&#39;\u00e9t\u00e9 potentielles","isPartOf":{"@id":"https:\/\/footdavant.fr\/actualites\/#website"},"datePublished":"2025-06-03T17:48:04+00:00","dateModified":"2025-06-03T17:48:05+00:00","breadcrumb":{"@id":"https:\/\/footdavant.fr\/actualites\/news-transfer-news-vitor-pereira-revele-la-nationalite-des-cibles-dete-potentielles\/#breadcrumb"},"inLanguage":"fr-FR","potentialAction":[{"@type":"ReadAction","target":["https:\/\/footdavant.fr\/actualites\/news-transfer-news-vitor-pereira-revele-la-nationalite-des-cibles-dete-potentielles\/"]}]},{"@type":"BreadcrumbList","@id":"https:\/\/footdavant.fr\/actualites\/news-transfer-news-vitor-pereira-revele-la-nationalite-des-cibles-dete-potentielles\/#breadcrumb","itemListElement":[{"@type":"ListItem","position":1,"name":"Accueil","item":"https:\/\/footdavant.fr\/actualites\/"},{"@type":"ListItem","position":2,"name":"News Transfer News: Vitor Pereira r\u00e9v\u00e8le la nationalit\u00e9 des cibles d&#39;\u00e9t\u00e9 potentielles"}]},{"@type":"WebSite","@id":"https:\/\/footdavant.fr\/actualites\/#website","url":"https:\/\/footdavant.fr\/actualites\/","name":"Foot d'avant","description":"","publisher":{"@id":"https:\/\/footdavant.fr\/actualites\/#organization"},"potentialAction":[{"@type":"SearchAction","target":{"@type":"EntryPoint","urlTemplate":"https:\/\/footdavant.fr\/actualites\/?s={search_term_string}"},"query-input":"required name=search_term_string"}],"inLanguage":"fr-FR"},{"@type":"Organization","@id":"https:\/\/footdavant.fr\/actualites\/#organization","name":"Foot d'avant","url":"https:\/\/footdavant.fr\/actualites\/","logo":{"@type":"ImageObject","inLanguage":"fr-FR","@id":"https:\/\/footdavant.fr\/actualites\/#\/schema\/logo\/image\/","url":"https:\/\/footdavant.fr\/actualites\/wp-content\/uploads\/2023\/09\/Copy-of-FootDavant-Logo.png","contentUrl":"https:\/\/footdavant.fr\/actualites\/wp-content\/uploads\/2023\/09\/Copy-of-FootDavant-Logo.png","width":936,"height":549,"caption":"Foot d'avant"},"image":{"@id":"https:\/\/footdavant.fr\/actualites\/#\/schema\/logo\/image\/"},"sameAs":["https:\/\/www.facebook.com\/Footdavant\/","https:\/\/twitter.com\/FootdavantFr","https:\/\/www.instagram.com\/footdavant.fr\/"]},{"@type":"Person","@id":"https:\/\/footdavant.fr\/actualites\/#\/schema\/person\/bc222566d95871b37e597b3ed3ba5e1d","name":"Cl\u00e9ment","image":{"@type":"ImageObject","inLanguage":"fr-FR","@id":"https:\/\/footdavant.fr\/actualites\/#\/schema\/person\/image\/","url":"https:\/\/secure.gravatar.com\/avatar\/7728b29aac2719421e1a9159b2254c44?s=96&d=mm&r=g","contentUrl":"https:\/\/secure.gravatar.com\/avatar\/7728b29aac2719421e1a9159b2254c44?s=96&d=mm&r=g","caption":"Cl\u00e9ment"},"sameAs":["https:\/\/footdavant.fr\/"]}]}},"_links":{"self":[{"href":"https:\/\/footdavant.fr\/actualites\/wp-json\/wp\/v2\/posts\/24668"}],"collection":[{"href":"https:\/\/footdavant.fr\/actualites\/wp-json\/wp\/v2\/posts"}],"about":[{"href":"https:\/\/footdavant.fr\/actualites\/wp-json\/wp\/v2\/types\/post"}],"author":[{"embeddable":true,"href":"https:\/\/footdavant.fr\/actualites\/wp-json\/wp\/v2\/users\/1"}],"replies":[{"embeddable":true,"href":"https:\/\/footdavant.fr\/actualites\/wp-json\/wp\/v2\/comments?post=24668"}],"version-history":[{"count":1,"href":"https:\/\/footdavant.fr\/actualites\/wp-json\/wp\/v2\/posts\/24668\/revisions"}],"predecessor-version":[{"id":24670,"href":"https:\/\/footdavant.fr\/actualites\/wp-json\/wp\/v2\/posts\/24668\/revisions\/24670"}],"wp:featuredmedia":[{"embeddable":true,"href":"https:\/\/footdavant.fr\/actualites\/wp-json\/wp\/v2\/media\/24669"}],"wp:attachment":[{"href":"https:\/\/footdavant.fr\/actualites\/wp-json\/wp\/v2\/media?parent=24668"}],"wp:term":[{"taxonomy":"category","embeddable":true,"href":"https:\/\/footdavant.fr\/actualites\/wp-json\/wp\/v2\/categories?post=24668"},{"taxonomy":"post_tag","embeddable":true,"href":"https:\/\/footdavant.fr\/actualites\/wp-json\/wp\/v2\/tags?post=24668"}],"curies":[{"name":"wp","href":"https:\/\/api.w.org\/{rel}","templated":true}]}}