{"id":24671,"date":"2025-06-03T21:48:14","date_gmt":"2025-06-03T19:48:14","guid":{"rendered":"https:\/\/footdavant.fr\/actualites\/video-steven-gerrard-a-son-mot-a-dire-sur-le-transfert-imminent-de-florian-wirtz\/"},"modified":"2025-06-03T21:48:15","modified_gmt":"2025-06-03T19:48:15","slug":"video-steven-gerrard-a-son-mot-a-dire-sur-le-transfert-imminent-de-florian-wirtz","status":"publish","type":"post","link":"https:\/\/footdavant.fr\/actualites\/video-steven-gerrard-a-son-mot-a-dire-sur-le-transfert-imminent-de-florian-wirtz\/","title":{"rendered":"(Vid\u00e9o) Steven Gerrard a son mot \u00e0 dire sur le transfert imminent de Florian Wirtz"},"content":{"rendered":"<p><\/p>\n<div id=\"article-body\">\n<!-- Article Start --><\/p>\n<p>Steven Gerrard est confiant que Liverpool &#39;sera l&#39;\u00e9quipe pour attraper la saison prochaine &#8211; surtout si son ancienne \u00e9quipe peut compl\u00e9ter la signature de Florian Wirtz.<\/p>\n<p>Le Bayer Leverkusen Ace a \u00e9t\u00e9 fortement li\u00e9 \u00e0 un passage aux champions de Premier League cet \u00e9t\u00e9 dans un accord qui pourrait co\u00fbter aux Reds plus de 126 millions de livres sterling.<\/p>\n<p>Wirtz a finalement confirm\u00e9 qu&#39;il rejoignait l&#39;\u00e9quipe d&#39;Arne Slot lors de la fen\u00eatre actuelle avec un post Instagram Shock mardi soir et la l\u00e9gende de Liverpool Gerrard a admis qu&#39;il \u00e9tait excit\u00e9 par ce qu&#39;il a vu du \u00ab\u00a0 grand talent &#39;&#39;.<\/p>\n<p>L&#39;international allemand a enregistr\u00e9 16 buts et 15 passes d\u00e9cisives en 45 apparitions ce trimestre (toutes les comp\u00e9titions) et a \u00e9t\u00e9 un \u00e9l\u00e9ment cl\u00e9 de l&#39;\u00e9quipe gagnante du titre de Xabi Alonso au cours de la campagne 2023\/24.<\/p>\n<h2><\/h2>\n<p>Avec la signature de Jeremie Frimpong (\u00e9galement de Leverkusen) d\u00e9j\u00e0 confirm\u00e9e et Slot and Co. se rapprochant \u00e9galement en un pas pour l&#39;arri\u00e8re Milos Kerkez de Bournemouth, il n&#39;y a aucune raison pour que Liverpool ne puisse pas rivaliser sur les quatre fronts suivants.<\/p>\n<p>Nous aurons besoin de chance avec des blessures, comme toutes les parties le font tout au long de la campagne, mais notre entra\u00eeneur-chef n\u00e9erlandais ajoute des pi\u00e8ces tr\u00e8s importantes \u00e0 sa scie sauteuse qui, esp\u00e9rons-le, nous verra un d\u00e9fi pour les honneurs majeurs pour les ann\u00e9es \u00e0 venir.<\/p>\n<p>Jamie Carragher pense qu&#39;un nouvel attaquant central devrait \u00eatre le prochain sur le radar de Liverpool si les transferts Wirtz et Kerkez sont termin\u00e9s &#8211; mais il reste \u00e0 voir ce que pr\u00e9voient notre entra\u00eeneur-chef n\u00e9erlandais.<\/p>\n<\/p>\n<blockquote class=\"twitter-lazy tweet-img lazyload\" data-width=\"500\" data-dnt=\"true\">\n<p lang=\"en\" dir=\"ltr\">Cr\u00e9dit <a rel=\"nofollow\" href=\"https:\/\/twitter.com\/footballontnt?ref_src=twsrc%5Etfw\">@footballontnt<\/a> \ud83c\udfa5 https:\/\/t.co\/agxb6sccju <a rel=\"nofollow\" href=\"https:\/\/t.co\/pobi6c3X40\">pic.twitter.com\/pobi6c3x40<\/a><\/p>\n<p>&#8211; Slotoholic (@slotoholic) <a rel=\"nofollow\" href=\"https:\/\/twitter.com\/Slotoholic\/status\/1929935374622531657?ref_src=twsrc%5Etfw\">3 juin 2025<\/a><\/p>\n<\/blockquote>\n<p><!-- Article End -->\t\t\t\t<\/div>\n<p><script async src=\"https:\/\/platform.twitter.com\/widgets.js\" charset=\"utf-8\"><\/script><\/p>\n","protected":false},"excerpt":{"rendered":"<p>Steven Gerrard est confiant que Liverpool &#39;sera l&#39;\u00e9quipe pour attraper la saison prochaine &#8211; surtout si son ancienne \u00e9quipe peut compl\u00e9ter la signature de Florian<\/p>\n","protected":false},"author":1,"featured_media":24672,"comment_status":"closed","ping_status":"","sticky":false,"template":"","format":"standard","meta":{"footnotes":""},"categories":[3],"tags":[1228,718,1234,2863,9434,86,5127,103,700,575,719],"yoast_head":"<!-- This site is optimized with the Yoast SEO plugin v21.0 - https:\/\/yoast.com\/wordpress\/plugins\/seo\/ -->\n<title>(Vid\u00e9o) Steven Gerrard a son mot \u00e0 dire sur le transfert imminent de Florian Wirtz<\/title>\n<meta name=\"robots\" content=\"index, follow, max-snippet:-1, max-image-preview:large, max-video-preview:-1\" \/>\n<link rel=\"canonical\" href=\"https:\/\/footdavant.fr\/actualites\/video-steven-gerrard-a-son-mot-a-dire-sur-le-transfert-imminent-de-florian-wirtz\/\" \/>\n<meta property=\"og:locale\" content=\"fr_FR\" \/>\n<meta property=\"og:type\" content=\"article\" \/>\n<meta property=\"og:title\" content=\"(Vid\u00e9o) Steven Gerrard a son mot \u00e0 dire sur le transfert imminent de Florian Wirtz\" \/>\n<meta property=\"og:description\" content=\"Steven Gerrard est confiant que Liverpool &#039;sera l&#039;\u00e9quipe pour attraper la saison prochaine &#8211; surtout si son ancienne \u00e9quipe peut compl\u00e9ter la signature de Florian\" \/>\n<meta property=\"og:url\" content=\"https:\/\/footdavant.fr\/actualites\/video-steven-gerrard-a-son-mot-a-dire-sur-le-transfert-imminent-de-florian-wirtz\/\" \/>\n<meta property=\"og:site_name\" content=\"Foot d&#039;avant\" \/>\n<meta property=\"article:publisher\" content=\"https:\/\/www.facebook.com\/Footdavant\/\" \/>\n<meta property=\"article:published_time\" content=\"2025-06-03T19:48:14+00:00\" \/>\n<meta property=\"article:modified_time\" content=\"2025-06-03T19:48:15+00:00\" \/>\n<meta property=\"og:image\" content=\"https:\/\/footdavant.fr\/actualites\/wp-content\/uploads\/2025\/06\/Video-Steven-Gerrard-a-son-mot-a-dire-sur-le.jpg\" \/>\n\t<meta property=\"og:image:width\" content=\"1024\" \/>\n\t<meta property=\"og:image:height\" content=\"720\" \/>\n\t<meta property=\"og:image:type\" content=\"image\/jpeg\" \/>\n<meta name=\"author\" content=\"Cl\u00e9ment\" \/>\n<meta name=\"twitter:card\" content=\"summary_large_image\" \/>\n<meta name=\"twitter:creator\" content=\"@FootdavantFr\" \/>\n<meta name=\"twitter:site\" content=\"@FootdavantFr\" \/>\n<meta name=\"twitter:label1\" content=\"\u00c9crit par\" \/>\n\t<meta name=\"twitter:data1\" content=\"Cl\u00e9ment\" \/>\n\t<meta name=\"twitter:label2\" content=\"Dur\u00e9e de lecture estim\u00e9e\" \/>\n\t<meta name=\"twitter:data2\" content=\"2 minutes\" \/>\n<script type=\"application\/ld+json\" class=\"yoast-schema-graph\">{\"@context\":\"https:\/\/schema.org\",\"@graph\":[{\"@type\":\"Article\",\"@id\":\"https:\/\/footdavant.fr\/actualites\/video-steven-gerrard-a-son-mot-a-dire-sur-le-transfert-imminent-de-florian-wirtz\/#article\",\"isPartOf\":{\"@id\":\"https:\/\/footdavant.fr\/actualites\/video-steven-gerrard-a-son-mot-a-dire-sur-le-transfert-imminent-de-florian-wirtz\/\"},\"author\":{\"name\":\"Cl\u00e9ment\",\"@id\":\"https:\/\/footdavant.fr\/actualites\/#\/schema\/person\/bc222566d95871b37e597b3ed3ba5e1d\"},\"headline\":\"(Vid\u00e9o) Steven Gerrard a son mot \u00e0 dire sur le transfert imminent de Florian Wirtz\",\"datePublished\":\"2025-06-03T19:48:14+00:00\",\"dateModified\":\"2025-06-03T19:48:15+00:00\",\"mainEntityOfPage\":{\"@id\":\"https:\/\/footdavant.fr\/actualites\/video-steven-gerrard-a-son-mot-a-dire-sur-le-transfert-imminent-de-florian-wirtz\/\"},\"wordCount\":321,\"publisher\":{\"@id\":\"https:\/\/footdavant.fr\/actualites\/#organization\"},\"keywords\":[\"dire\",\"Florian\",\"Gerrard\",\"imminent\",\"mot\",\"son\",\"Steven\",\"sur\",\"transfert\",\"Vid\u00e9o\",\"Wirtz\"],\"articleSection\":[\"Football\"],\"inLanguage\":\"fr-FR\"},{\"@type\":\"WebPage\",\"@id\":\"https:\/\/footdavant.fr\/actualites\/video-steven-gerrard-a-son-mot-a-dire-sur-le-transfert-imminent-de-florian-wirtz\/\",\"url\":\"https:\/\/footdavant.fr\/actualites\/video-steven-gerrard-a-son-mot-a-dire-sur-le-transfert-imminent-de-florian-wirtz\/\",\"name\":\"(Vid\u00e9o) Steven Gerrard a son mot \u00e0 dire sur le transfert imminent de Florian Wirtz\",\"isPartOf\":{\"@id\":\"https:\/\/footdavant.fr\/actualites\/#website\"},\"datePublished\":\"2025-06-03T19:48:14+00:00\",\"dateModified\":\"2025-06-03T19:48:15+00:00\",\"breadcrumb\":{\"@id\":\"https:\/\/footdavant.fr\/actualites\/video-steven-gerrard-a-son-mot-a-dire-sur-le-transfert-imminent-de-florian-wirtz\/#breadcrumb\"},\"inLanguage\":\"fr-FR\",\"potentialAction\":[{\"@type\":\"ReadAction\",\"target\":[\"https:\/\/footdavant.fr\/actualites\/video-steven-gerrard-a-son-mot-a-dire-sur-le-transfert-imminent-de-florian-wirtz\/\"]}]},{\"@type\":\"BreadcrumbList\",\"@id\":\"https:\/\/footdavant.fr\/actualites\/video-steven-gerrard-a-son-mot-a-dire-sur-le-transfert-imminent-de-florian-wirtz\/#breadcrumb\",\"itemListElement\":[{\"@type\":\"ListItem\",\"position\":1,\"name\":\"Accueil\",\"item\":\"https:\/\/footdavant.fr\/actualites\/\"},{\"@type\":\"ListItem\",\"position\":2,\"name\":\"(Vid\u00e9o) Steven Gerrard a son mot \u00e0 dire sur le transfert imminent de Florian Wirtz\"}]},{\"@type\":\"WebSite\",\"@id\":\"https:\/\/footdavant.fr\/actualites\/#website\",\"url\":\"https:\/\/footdavant.fr\/actualites\/\",\"name\":\"Foot d'avant\",\"description\":\"\",\"publisher\":{\"@id\":\"https:\/\/footdavant.fr\/actualites\/#organization\"},\"potentialAction\":[{\"@type\":\"SearchAction\",\"target\":{\"@type\":\"EntryPoint\",\"urlTemplate\":\"https:\/\/footdavant.fr\/actualites\/?s={search_term_string}\"},\"query-input\":\"required name=search_term_string\"}],\"inLanguage\":\"fr-FR\"},{\"@type\":\"Organization\",\"@id\":\"https:\/\/footdavant.fr\/actualites\/#organization\",\"name\":\"Foot d'avant\",\"url\":\"https:\/\/footdavant.fr\/actualites\/\",\"logo\":{\"@type\":\"ImageObject\",\"inLanguage\":\"fr-FR\",\"@id\":\"https:\/\/footdavant.fr\/actualites\/#\/schema\/logo\/image\/\",\"url\":\"https:\/\/footdavant.fr\/actualites\/wp-content\/uploads\/2023\/09\/Copy-of-FootDavant-Logo.png\",\"contentUrl\":\"https:\/\/footdavant.fr\/actualites\/wp-content\/uploads\/2023\/09\/Copy-of-FootDavant-Logo.png\",\"width\":936,\"height\":549,\"caption\":\"Foot d'avant\"},\"image\":{\"@id\":\"https:\/\/footdavant.fr\/actualites\/#\/schema\/logo\/image\/\"},\"sameAs\":[\"https:\/\/www.facebook.com\/Footdavant\/\",\"https:\/\/twitter.com\/FootdavantFr\",\"https:\/\/www.instagram.com\/footdavant.fr\/\"]},{\"@type\":\"Person\",\"@id\":\"https:\/\/footdavant.fr\/actualites\/#\/schema\/person\/bc222566d95871b37e597b3ed3ba5e1d\",\"name\":\"Cl\u00e9ment\",\"image\":{\"@type\":\"ImageObject\",\"inLanguage\":\"fr-FR\",\"@id\":\"https:\/\/footdavant.fr\/actualites\/#\/schema\/person\/image\/\",\"url\":\"https:\/\/secure.gravatar.com\/avatar\/7728b29aac2719421e1a9159b2254c44?s=96&d=mm&r=g\",\"contentUrl\":\"https:\/\/secure.gravatar.com\/avatar\/7728b29aac2719421e1a9159b2254c44?s=96&d=mm&r=g\",\"caption\":\"Cl\u00e9ment\"},\"sameAs\":[\"https:\/\/footdavant.fr\/\"]}]}<\/script>\n<!-- \/ Yoast SEO plugin. -->","yoast_head_json":{"title":"(Vid\u00e9o) Steven Gerrard a son mot \u00e0 dire sur le transfert imminent de Florian Wirtz","robots":{"index":"index","follow":"follow","max-snippet":"max-snippet:-1","max-image-preview":"max-image-preview:large","max-video-preview":"max-video-preview:-1"},"canonical":"https:\/\/footdavant.fr\/actualites\/video-steven-gerrard-a-son-mot-a-dire-sur-le-transfert-imminent-de-florian-wirtz\/","og_locale":"fr_FR","og_type":"article","og_title":"(Vid\u00e9o) Steven Gerrard a son mot \u00e0 dire sur le transfert imminent de Florian Wirtz","og_description":"Steven Gerrard est confiant que Liverpool &#39;sera l&#39;\u00e9quipe pour attraper la saison prochaine &#8211; surtout si son ancienne \u00e9quipe peut compl\u00e9ter la signature de Florian","og_url":"https:\/\/footdavant.fr\/actualites\/video-steven-gerrard-a-son-mot-a-dire-sur-le-transfert-imminent-de-florian-wirtz\/","og_site_name":"Foot d&#039;avant","article_publisher":"https:\/\/www.facebook.com\/Footdavant\/","article_published_time":"2025-06-03T19:48:14+00:00","article_modified_time":"2025-06-03T19:48:15+00:00","og_image":[{"width":1024,"height":720,"url":"https:\/\/footdavant.fr\/actualites\/wp-content\/uploads\/2025\/06\/Video-Steven-Gerrard-a-son-mot-a-dire-sur-le.jpg","type":"image\/jpeg"}],"author":"Cl\u00e9ment","twitter_card":"summary_large_image","twitter_creator":"@FootdavantFr","twitter_site":"@FootdavantFr","twitter_misc":{"\u00c9crit par":"Cl\u00e9ment","Dur\u00e9e de lecture estim\u00e9e":"2 minutes"},"schema":{"@context":"https:\/\/schema.org","@graph":[{"@type":"Article","@id":"https:\/\/footdavant.fr\/actualites\/video-steven-gerrard-a-son-mot-a-dire-sur-le-transfert-imminent-de-florian-wirtz\/#article","isPartOf":{"@id":"https:\/\/footdavant.fr\/actualites\/video-steven-gerrard-a-son-mot-a-dire-sur-le-transfert-imminent-de-florian-wirtz\/"},"author":{"name":"Cl\u00e9ment","@id":"https:\/\/footdavant.fr\/actualites\/#\/schema\/person\/bc222566d95871b37e597b3ed3ba5e1d"},"headline":"(Vid\u00e9o) Steven Gerrard a son mot \u00e0 dire sur le transfert imminent de Florian Wirtz","datePublished":"2025-06-03T19:48:14+00:00","dateModified":"2025-06-03T19:48:15+00:00","mainEntityOfPage":{"@id":"https:\/\/footdavant.fr\/actualites\/video-steven-gerrard-a-son-mot-a-dire-sur-le-transfert-imminent-de-florian-wirtz\/"},"wordCount":321,"publisher":{"@id":"https:\/\/footdavant.fr\/actualites\/#organization"},"keywords":["dire","Florian","Gerrard","imminent","mot","son","Steven","sur","transfert","Vid\u00e9o","Wirtz"],"articleSection":["Football"],"inLanguage":"fr-FR"},{"@type":"WebPage","@id":"https:\/\/footdavant.fr\/actualites\/video-steven-gerrard-a-son-mot-a-dire-sur-le-transfert-imminent-de-florian-wirtz\/","url":"https:\/\/footdavant.fr\/actualites\/video-steven-gerrard-a-son-mot-a-dire-sur-le-transfert-imminent-de-florian-wirtz\/","name":"(Vid\u00e9o) Steven Gerrard a son mot \u00e0 dire sur le transfert imminent de Florian Wirtz","isPartOf":{"@id":"https:\/\/footdavant.fr\/actualites\/#website"},"datePublished":"2025-06-03T19:48:14+00:00","dateModified":"2025-06-03T19:48:15+00:00","breadcrumb":{"@id":"https:\/\/footdavant.fr\/actualites\/video-steven-gerrard-a-son-mot-a-dire-sur-le-transfert-imminent-de-florian-wirtz\/#breadcrumb"},"inLanguage":"fr-FR","potentialAction":[{"@type":"ReadAction","target":["https:\/\/footdavant.fr\/actualites\/video-steven-gerrard-a-son-mot-a-dire-sur-le-transfert-imminent-de-florian-wirtz\/"]}]},{"@type":"BreadcrumbList","@id":"https:\/\/footdavant.fr\/actualites\/video-steven-gerrard-a-son-mot-a-dire-sur-le-transfert-imminent-de-florian-wirtz\/#breadcrumb","itemListElement":[{"@type":"ListItem","position":1,"name":"Accueil","item":"https:\/\/footdavant.fr\/actualites\/"},{"@type":"ListItem","position":2,"name":"(Vid\u00e9o) Steven Gerrard a son mot \u00e0 dire sur le transfert imminent de Florian Wirtz"}]},{"@type":"WebSite","@id":"https:\/\/footdavant.fr\/actualites\/#website","url":"https:\/\/footdavant.fr\/actualites\/","name":"Foot d'avant","description":"","publisher":{"@id":"https:\/\/footdavant.fr\/actualites\/#organization"},"potentialAction":[{"@type":"SearchAction","target":{"@type":"EntryPoint","urlTemplate":"https:\/\/footdavant.fr\/actualites\/?s={search_term_string}"},"query-input":"required name=search_term_string"}],"inLanguage":"fr-FR"},{"@type":"Organization","@id":"https:\/\/footdavant.fr\/actualites\/#organization","name":"Foot d'avant","url":"https:\/\/footdavant.fr\/actualites\/","logo":{"@type":"ImageObject","inLanguage":"fr-FR","@id":"https:\/\/footdavant.fr\/actualites\/#\/schema\/logo\/image\/","url":"https:\/\/footdavant.fr\/actualites\/wp-content\/uploads\/2023\/09\/Copy-of-FootDavant-Logo.png","contentUrl":"https:\/\/footdavant.fr\/actualites\/wp-content\/uploads\/2023\/09\/Copy-of-FootDavant-Logo.png","width":936,"height":549,"caption":"Foot d'avant"},"image":{"@id":"https:\/\/footdavant.fr\/actualites\/#\/schema\/logo\/image\/"},"sameAs":["https:\/\/www.facebook.com\/Footdavant\/","https:\/\/twitter.com\/FootdavantFr","https:\/\/www.instagram.com\/footdavant.fr\/"]},{"@type":"Person","@id":"https:\/\/footdavant.fr\/actualites\/#\/schema\/person\/bc222566d95871b37e597b3ed3ba5e1d","name":"Cl\u00e9ment","image":{"@type":"ImageObject","inLanguage":"fr-FR","@id":"https:\/\/footdavant.fr\/actualites\/#\/schema\/person\/image\/","url":"https:\/\/secure.gravatar.com\/avatar\/7728b29aac2719421e1a9159b2254c44?s=96&d=mm&r=g","contentUrl":"https:\/\/secure.gravatar.com\/avatar\/7728b29aac2719421e1a9159b2254c44?s=96&d=mm&r=g","caption":"Cl\u00e9ment"},"sameAs":["https:\/\/footdavant.fr\/"]}]}},"_links":{"self":[{"href":"https:\/\/footdavant.fr\/actualites\/wp-json\/wp\/v2\/posts\/24671"}],"collection":[{"href":"https:\/\/footdavant.fr\/actualites\/wp-json\/wp\/v2\/posts"}],"about":[{"href":"https:\/\/footdavant.fr\/actualites\/wp-json\/wp\/v2\/types\/post"}],"author":[{"embeddable":true,"href":"https:\/\/footdavant.fr\/actualites\/wp-json\/wp\/v2\/users\/1"}],"replies":[{"embeddable":true,"href":"https:\/\/footdavant.fr\/actualites\/wp-json\/wp\/v2\/comments?post=24671"}],"version-history":[{"count":1,"href":"https:\/\/footdavant.fr\/actualites\/wp-json\/wp\/v2\/posts\/24671\/revisions"}],"predecessor-version":[{"id":24673,"href":"https:\/\/footdavant.fr\/actualites\/wp-json\/wp\/v2\/posts\/24671\/revisions\/24673"}],"wp:featuredmedia":[{"embeddable":true,"href":"https:\/\/footdavant.fr\/actualites\/wp-json\/wp\/v2\/media\/24672"}],"wp:attachment":[{"href":"https:\/\/footdavant.fr\/actualites\/wp-json\/wp\/v2\/media?parent=24671"}],"wp:term":[{"taxonomy":"category","embeddable":true,"href":"https:\/\/footdavant.fr\/actualites\/wp-json\/wp\/v2\/categories?post=24671"},{"taxonomy":"post_tag","embeddable":true,"href":"https:\/\/footdavant.fr\/actualites\/wp-json\/wp\/v2\/tags?post=24671"}],"curies":[{"name":"wp","href":"https:\/\/api.w.org\/{rel}","templated":true}]}}