{"id":24674,"date":"2025-06-03T23:48:19","date_gmt":"2025-06-03T21:48:19","guid":{"rendered":"https:\/\/footdavant.fr\/actualites\/florian-wirtz-le-pire-nightmare-de-liverpool-pourrait-devenir-realite-alors-que-lancien-rouge-lance-le-transfert-hijack\/"},"modified":"2025-06-03T23:48:20","modified_gmt":"2025-06-03T21:48:20","slug":"florian-wirtz-le-pire-nightmare-de-liverpool-pourrait-devenir-realite-alors-que-lancien-rouge-lance-le-transfert-hijack","status":"publish","type":"post","link":"https:\/\/footdavant.fr\/actualites\/florian-wirtz-le-pire-nightmare-de-liverpool-pourrait-devenir-realite-alors-que-lancien-rouge-lance-le-transfert-hijack\/","title":{"rendered":"Florian Wirtz: Le \u00ab\u00a0 Pire Nightmare &#39;&#39; de Liverpool pourrait devenir r\u00e9alit\u00e9 alors que l&#39;ancien rouge \u00ab\u00a0 lance le transfert Hijack &#39;&#39;"},"content":{"rendered":"<p>Liverpool serait en danger de perdre contre un rival europ\u00e9en dans la course \u00e0 la star de Bayer Leverkusen, Florian Wirtz cet \u00e9t\u00e9.<\/p>\n<div id=\"article_body\" itemprop=\"articleBody\">\n<h3 class=\"firstPara\">\n<strong class=\"autotag\">Liverpool<\/strong> seraient en danger de perdre contre un rival europ\u00e9en dans la course pour <strong class=\"autotag\">Bayer Leverkusen<\/strong> \u00e9toile <strong class=\"autotag\">Florian Wirtz<\/strong> cet \u00e9t\u00e9.<\/h3>\n<p>Les champions de Premier League auraient intensifi\u00e9 leur qu\u00eate de 22 ans tr\u00e8s class\u00e9 ces derni\u00e8res semaines, apr\u00e8s <strong class=\"autotag\">MANCHESTER CITY<\/strong>la d\u00e9cision de pr\u00e9tendument <strong>retirer leur int\u00e9r\u00eat.<\/strong><\/p>\n<p><strong class=\"autotag\">Pep guodiola<\/strong>Le c\u00f4t\u00e9 \u00e9tait fortement li\u00e9 \u00e0 Wirtz qui \u00e9tait consid\u00e9r\u00e9 par beaucoup comme un successeur id\u00e9al pour <strong class=\"autotag\">Kevin de Bruyne<\/strong>mais il est entendu que leur d\u00e9cision de rafra\u00eechir leur int\u00e9r\u00eat est due \u00e0 la flamb\u00e9e des co\u00fbts de tout accord propos\u00e9.<\/p>\n<p>Champions de Bundesliga <strong class=\"autotag\">Bayern Munich<\/strong> ont \u00e9galement un vif int\u00e9r\u00eat pour Wirtz pendant un certain temps, mais le membre du conseil d&#39;administration du club allemand pour Sport, <strong class=\"autotag\">Max Eberl<\/strong>a \u00e9t\u00e9 inform\u00e9 que \u00ab\u00a0Wirtz se penche probablement vers Liverpool\u00a0\u00bb.<\/p>\n<p>Les Reds ont par la suite test\u00e9 les eaux en d\u00e9crochant leur <strong>Premi\u00e8re offre officielle<\/strong> Pour Wirtz, avec toute offre potentielle pour le milieu de terrain attaquant &#8211; d&#39;une valeur de 150 millions d&#39;euros (125,5 millions de livres sterling) &#8211; devrait \u00e9clipser les frais de transfert britanniques de 115 millions de livres <strong class=\"autotag\">Moises Caicedo<\/strong> en 2023.<\/p>\n<p class=\"imgI\">\n<h2 class=\"k3\">\n<strong class=\"autotag\">Real Madrid<\/strong> Tercer pour d\u00e9tourner le mouvement de Liverpool pour Wirtz<\/h2>\n<p>L&#39;acquisition de Wirtz par Liverpool repr\u00e9senterait une signature de d\u00e9claration pour l&#39;entra\u00eeneur-chef <strong class=\"autotag\">Slot arne<\/strong>mais il semble maintenant qu&#39;ils feront face \u00e0 une comp\u00e9tition s\u00e9v\u00e8re pour sa signature cet \u00e9t\u00e9, et pourraient m\u00eame prendre du retard dans la course.<\/p>\n<p>Selon les rapports de l&#39;espagnol News Out <em>COMME<\/em>il y a \u00abencore un jeu de lutte contre la guerre \u00e0 jouer\u00ab sur Wirtz, avec le Real Madrid \u00abloin de jeter l&#39;\u00e9ponge\u00bb.<\/p>\n<p>Los Blancos a maintenant un as dans leur manche car ils ont r\u00e9cemment confirm\u00e9 la nomination de l&#39;ancien milieu de terrain de Liverpool <strong class=\"autotag\">Xabi Alonso<\/strong> En tant que nouvel entra\u00eeneur-chef, ayant auparavant travaill\u00e9 avec Wirtz \u00e0 Leverkusen, l&#39;aidant \u00e0 se transformer en l&#39;un des produits les plus chauds de l&#39;Europe.<\/p>\n<p>Alors que Liverpool aurait pris les devants dans la course pour signer Wirtz, le Real Madrid esp\u00e8re qu&#39;ils pourront d\u00e9tourner avec succ\u00e8s leur d\u00e9m\u00e9nagement et attirer l&#39;allemand \u00e0 Santiago Bernabeu cet \u00e9t\u00e9.<\/p>\n<p class=\"imgI\"><img decoding=\"async\" loading=\"lazy\" class=\"l\" src=\"https:\/\/footdavant.fr\/actualites\/wp-content\/uploads\/2025\/06\/1748987299_157_Florian-Wirtz-Le-Pire-Nightmare-3939-de-Liverpool-pourrait.jpg\" title=\"L&#39;attaquant de Bayer Leverkusen, Florian Wirtz, c\u00e9l\u00e8bre le score lors du match de son \u00e9quipe contre Wolfsburg le 22 septembre 2024\" alt=\"L&#39;attaquant de Bayer Leverkusen, Florian Wirtz, c\u00e9l\u00e8bre le score lors du match de son \u00e9quipe contre Wolfsburg le 22 septembre 2024\" width=\"640\" height=\"480\"><\/p>\n<h2 class=\"k3\">Pourquoi Wirtz est-il en demande cet \u00e9t\u00e9?<\/h2>\n<p>Wirtz, qui a r\u00e9cemment admis qu&#39;il \u00e9tait \u00ab\u00a0assez chanceux d&#39;avoir autant d&#39;excellents clubs \u00e0 ma porte\u00a0\u00bb, s&#39;est \u00e9tabli comme un joueur vedette \u00e0 Leverkusen et dans la Bundesliga au cours des derni\u00e8res saisons.<\/p>\n<p>L&#39;attaquant polyvalent a \u00e9t\u00e9 nomm\u00e9 joueur de la saison de Bundesliga 2023-24 apr\u00e8s avoir contribu\u00e9 \u00e0 11 buts et 12 passes d\u00e9cisives en 32 apparitions en championnat pour aider \u00e0 Leverkusen avec leur tout premier titre de haut vol allemand et \u00e0 toute campagne nationale invaincue.<\/p>\n<p>Wirtz n&#39;a eu que 22 ans plus t\u00f4t ce mois-ci, mais il a d\u00e9j\u00e0 fait un total de 197 apparitions pour Leverkusen dans toutes les comp\u00e9titions, marquant 57 buts et enregistrant 65 passes d\u00e9cisives.<\/p>\n<p>L&#39;international allemand de 29 cols n&#39;a pas pu relever l&#39;argenterie en 2024-25, mais il a tout de m\u00eame connu une excellente campagne individuelle, enregistrant 15 buts et 16 passes d\u00e9cisives en 45 matchs, dont 26 buts (10 buts, 13 passes d\u00e9cisives) en 31 matchs de Bundesliga.<\/p>\n<p>Il est entendu que la course pour Wirtz reste grande ouverte et que le joueur lui-m\u00eame d\u00e9cidera finalement quel club qu&#39;il souhaite rejoindre s&#39;il &#8211; comme pr\u00e9vu &#8211; opt \u00e0 quitter Leverkusen.<\/p>\n<div class=\"author_box\">\n<div class=\"author_box_banner\">\n<img decoding=\"async\" class=\"author_img\" src=\"https:\/\/footdavant.fr\/actualites\/wp-content\/uploads\/2025\/06\/1748987299_969_Florian-Wirtz-Le-Pire-Nightmare-3939-de-Liverpool-pourrait.jpg\"><\/p>\n<\/div>\n<\/div>\n<\/div>\n","protected":false},"excerpt":{"rendered":"<p>Liverpool serait en danger de perdre contre un rival europ\u00e9en dans la course \u00e0 la star de Bayer Leverkusen, Florian Wirtz cet \u00e9t\u00e9. Liverpool seraient<\/p>\n","protected":false},"author":1,"featured_media":24675,"comment_status":"closed","ping_status":"","sticky":false,"template":"","format":"standard","meta":{"footnotes":""},"categories":[5],"tags":[318,2903,718,8378,4404,4464,53,8853,1320,269,5949,436,700,719],"yoast_head":"<!-- This site is optimized with the Yoast SEO plugin v21.0 - https:\/\/yoast.com\/wordpress\/plugins\/seo\/ -->\n<title>Florian Wirtz: Le `` Pire Nightmare &#039;&#039; de Liverpool pourrait devenir r\u00e9alit\u00e9 alors que l&#039;ancien rouge `` lance le transfert Hijack &#039;&#039;<\/title>\n<meta name=\"robots\" content=\"index, follow, max-snippet:-1, max-image-preview:large, max-video-preview:-1\" \/>\n<link rel=\"canonical\" href=\"https:\/\/footdavant.fr\/actualites\/florian-wirtz-le-pire-nightmare-de-liverpool-pourrait-devenir-realite-alors-que-lancien-rouge-lance-le-transfert-hijack\/\" \/>\n<meta property=\"og:locale\" content=\"fr_FR\" \/>\n<meta property=\"og:type\" content=\"article\" \/>\n<meta property=\"og:title\" content=\"Florian Wirtz: Le `` Pire Nightmare &#039;&#039; de Liverpool pourrait devenir r\u00e9alit\u00e9 alors que l&#039;ancien rouge `` lance le transfert Hijack &#039;&#039;\" \/>\n<meta property=\"og:description\" content=\"Liverpool serait en danger de perdre contre un rival europ\u00e9en dans la course \u00e0 la star de Bayer Leverkusen, Florian Wirtz cet \u00e9t\u00e9. Liverpool seraient\" \/>\n<meta property=\"og:url\" content=\"https:\/\/footdavant.fr\/actualites\/florian-wirtz-le-pire-nightmare-de-liverpool-pourrait-devenir-realite-alors-que-lancien-rouge-lance-le-transfert-hijack\/\" \/>\n<meta property=\"og:site_name\" content=\"Foot d&#039;avant\" \/>\n<meta property=\"article:publisher\" content=\"https:\/\/www.facebook.com\/Footdavant\/\" \/>\n<meta property=\"article:published_time\" content=\"2025-06-03T21:48:19+00:00\" \/>\n<meta property=\"article:modified_time\" content=\"2025-06-03T21:48:20+00:00\" \/>\n<meta property=\"og:image\" content=\"https:\/\/footdavant.fr\/actualites\/wp-content\/uploads\/2025\/06\/Florian-Wirtz-Le-Pire-Nightmare-3939-de-Liverpool-pourrait.jpg\" \/>\n\t<meta property=\"og:image:width\" content=\"640\" \/>\n\t<meta property=\"og:image:height\" content=\"480\" \/>\n\t<meta property=\"og:image:type\" content=\"image\/jpeg\" \/>\n<meta name=\"author\" content=\"Cl\u00e9ment\" \/>\n<meta name=\"twitter:card\" content=\"summary_large_image\" \/>\n<meta name=\"twitter:creator\" content=\"@FootdavantFr\" \/>\n<meta name=\"twitter:site\" content=\"@FootdavantFr\" \/>\n<meta name=\"twitter:label1\" content=\"\u00c9crit par\" \/>\n\t<meta name=\"twitter:data1\" content=\"Cl\u00e9ment\" \/>\n\t<meta name=\"twitter:label2\" content=\"Dur\u00e9e de lecture estim\u00e9e\" \/>\n\t<meta name=\"twitter:data2\" content=\"3 minutes\" \/>\n<script type=\"application\/ld+json\" class=\"yoast-schema-graph\">{\"@context\":\"https:\/\/schema.org\",\"@graph\":[{\"@type\":\"Article\",\"@id\":\"https:\/\/footdavant.fr\/actualites\/florian-wirtz-le-pire-nightmare-de-liverpool-pourrait-devenir-realite-alors-que-lancien-rouge-lance-le-transfert-hijack\/#article\",\"isPartOf\":{\"@id\":\"https:\/\/footdavant.fr\/actualites\/florian-wirtz-le-pire-nightmare-de-liverpool-pourrait-devenir-realite-alors-que-lancien-rouge-lance-le-transfert-hijack\/\"},\"author\":{\"name\":\"Cl\u00e9ment\",\"@id\":\"https:\/\/footdavant.fr\/actualites\/#\/schema\/person\/bc222566d95871b37e597b3ed3ba5e1d\"},\"headline\":\"Florian Wirtz: Le \u00ab\u00a0 Pire Nightmare &#39;&#39; de Liverpool pourrait devenir r\u00e9alit\u00e9 alors que l&#39;ancien rouge \u00ab\u00a0 lance le transfert Hijack &#39;&#39;\",\"datePublished\":\"2025-06-03T21:48:19+00:00\",\"dateModified\":\"2025-06-03T21:48:20+00:00\",\"mainEntityOfPage\":{\"@id\":\"https:\/\/footdavant.fr\/actualites\/florian-wirtz-le-pire-nightmare-de-liverpool-pourrait-devenir-realite-alors-que-lancien-rouge-lance-le-transfert-hijack\/\"},\"wordCount\":628,\"publisher\":{\"@id\":\"https:\/\/footdavant.fr\/actualites\/#organization\"},\"keywords\":[\"alors\",\"devenir\",\"Florian\",\"Hijack\",\"l39ancien\",\"lance\",\"Liverpool\",\"Nightmare\",\"pire\",\"pourrait\",\"r\u00e9alit\u00e9\",\"rouge\",\"transfert\",\"Wirtz\"],\"articleSection\":[\"Premier League\"],\"inLanguage\":\"fr-FR\"},{\"@type\":\"WebPage\",\"@id\":\"https:\/\/footdavant.fr\/actualites\/florian-wirtz-le-pire-nightmare-de-liverpool-pourrait-devenir-realite-alors-que-lancien-rouge-lance-le-transfert-hijack\/\",\"url\":\"https:\/\/footdavant.fr\/actualites\/florian-wirtz-le-pire-nightmare-de-liverpool-pourrait-devenir-realite-alors-que-lancien-rouge-lance-le-transfert-hijack\/\",\"name\":\"Florian Wirtz: Le `` Pire Nightmare &#39;&#39; de Liverpool pourrait devenir r\u00e9alit\u00e9 alors que l&#39;ancien rouge `` lance le transfert Hijack &#39;&#39;\",\"isPartOf\":{\"@id\":\"https:\/\/footdavant.fr\/actualites\/#website\"},\"datePublished\":\"2025-06-03T21:48:19+00:00\",\"dateModified\":\"2025-06-03T21:48:20+00:00\",\"breadcrumb\":{\"@id\":\"https:\/\/footdavant.fr\/actualites\/florian-wirtz-le-pire-nightmare-de-liverpool-pourrait-devenir-realite-alors-que-lancien-rouge-lance-le-transfert-hijack\/#breadcrumb\"},\"inLanguage\":\"fr-FR\",\"potentialAction\":[{\"@type\":\"ReadAction\",\"target\":[\"https:\/\/footdavant.fr\/actualites\/florian-wirtz-le-pire-nightmare-de-liverpool-pourrait-devenir-realite-alors-que-lancien-rouge-lance-le-transfert-hijack\/\"]}]},{\"@type\":\"BreadcrumbList\",\"@id\":\"https:\/\/footdavant.fr\/actualites\/florian-wirtz-le-pire-nightmare-de-liverpool-pourrait-devenir-realite-alors-que-lancien-rouge-lance-le-transfert-hijack\/#breadcrumb\",\"itemListElement\":[{\"@type\":\"ListItem\",\"position\":1,\"name\":\"Accueil\",\"item\":\"https:\/\/footdavant.fr\/actualites\/\"},{\"@type\":\"ListItem\",\"position\":2,\"name\":\"Florian Wirtz: Le \u00ab\u00a0 Pire Nightmare &#39;&#39; de Liverpool pourrait devenir r\u00e9alit\u00e9 alors que l&#39;ancien rouge \u00ab\u00a0 lance le transfert Hijack &#39;&#39;\"}]},{\"@type\":\"WebSite\",\"@id\":\"https:\/\/footdavant.fr\/actualites\/#website\",\"url\":\"https:\/\/footdavant.fr\/actualites\/\",\"name\":\"Foot d'avant\",\"description\":\"\",\"publisher\":{\"@id\":\"https:\/\/footdavant.fr\/actualites\/#organization\"},\"potentialAction\":[{\"@type\":\"SearchAction\",\"target\":{\"@type\":\"EntryPoint\",\"urlTemplate\":\"https:\/\/footdavant.fr\/actualites\/?s={search_term_string}\"},\"query-input\":\"required name=search_term_string\"}],\"inLanguage\":\"fr-FR\"},{\"@type\":\"Organization\",\"@id\":\"https:\/\/footdavant.fr\/actualites\/#organization\",\"name\":\"Foot d'avant\",\"url\":\"https:\/\/footdavant.fr\/actualites\/\",\"logo\":{\"@type\":\"ImageObject\",\"inLanguage\":\"fr-FR\",\"@id\":\"https:\/\/footdavant.fr\/actualites\/#\/schema\/logo\/image\/\",\"url\":\"https:\/\/footdavant.fr\/actualites\/wp-content\/uploads\/2023\/09\/Copy-of-FootDavant-Logo.png\",\"contentUrl\":\"https:\/\/footdavant.fr\/actualites\/wp-content\/uploads\/2023\/09\/Copy-of-FootDavant-Logo.png\",\"width\":936,\"height\":549,\"caption\":\"Foot d'avant\"},\"image\":{\"@id\":\"https:\/\/footdavant.fr\/actualites\/#\/schema\/logo\/image\/\"},\"sameAs\":[\"https:\/\/www.facebook.com\/Footdavant\/\",\"https:\/\/twitter.com\/FootdavantFr\",\"https:\/\/www.instagram.com\/footdavant.fr\/\"]},{\"@type\":\"Person\",\"@id\":\"https:\/\/footdavant.fr\/actualites\/#\/schema\/person\/bc222566d95871b37e597b3ed3ba5e1d\",\"name\":\"Cl\u00e9ment\",\"image\":{\"@type\":\"ImageObject\",\"inLanguage\":\"fr-FR\",\"@id\":\"https:\/\/footdavant.fr\/actualites\/#\/schema\/person\/image\/\",\"url\":\"https:\/\/secure.gravatar.com\/avatar\/7728b29aac2719421e1a9159b2254c44?s=96&d=mm&r=g\",\"contentUrl\":\"https:\/\/secure.gravatar.com\/avatar\/7728b29aac2719421e1a9159b2254c44?s=96&d=mm&r=g\",\"caption\":\"Cl\u00e9ment\"},\"sameAs\":[\"https:\/\/footdavant.fr\/\"]}]}<\/script>\n<!-- \/ Yoast SEO plugin. -->","yoast_head_json":{"title":"Florian Wirtz: Le `` Pire Nightmare &#39;&#39; de Liverpool pourrait devenir r\u00e9alit\u00e9 alors que l&#39;ancien rouge `` lance le transfert Hijack &#39;&#39;","robots":{"index":"index","follow":"follow","max-snippet":"max-snippet:-1","max-image-preview":"max-image-preview:large","max-video-preview":"max-video-preview:-1"},"canonical":"https:\/\/footdavant.fr\/actualites\/florian-wirtz-le-pire-nightmare-de-liverpool-pourrait-devenir-realite-alors-que-lancien-rouge-lance-le-transfert-hijack\/","og_locale":"fr_FR","og_type":"article","og_title":"Florian Wirtz: Le `` Pire Nightmare &#39;&#39; de Liverpool pourrait devenir r\u00e9alit\u00e9 alors que l&#39;ancien rouge `` lance le transfert Hijack &#39;&#39;","og_description":"Liverpool serait en danger de perdre contre un rival europ\u00e9en dans la course \u00e0 la star de Bayer Leverkusen, Florian Wirtz cet \u00e9t\u00e9. Liverpool seraient","og_url":"https:\/\/footdavant.fr\/actualites\/florian-wirtz-le-pire-nightmare-de-liverpool-pourrait-devenir-realite-alors-que-lancien-rouge-lance-le-transfert-hijack\/","og_site_name":"Foot d&#039;avant","article_publisher":"https:\/\/www.facebook.com\/Footdavant\/","article_published_time":"2025-06-03T21:48:19+00:00","article_modified_time":"2025-06-03T21:48:20+00:00","og_image":[{"width":640,"height":480,"url":"https:\/\/footdavant.fr\/actualites\/wp-content\/uploads\/2025\/06\/Florian-Wirtz-Le-Pire-Nightmare-3939-de-Liverpool-pourrait.jpg","type":"image\/jpeg"}],"author":"Cl\u00e9ment","twitter_card":"summary_large_image","twitter_creator":"@FootdavantFr","twitter_site":"@FootdavantFr","twitter_misc":{"\u00c9crit par":"Cl\u00e9ment","Dur\u00e9e de lecture estim\u00e9e":"3 minutes"},"schema":{"@context":"https:\/\/schema.org","@graph":[{"@type":"Article","@id":"https:\/\/footdavant.fr\/actualites\/florian-wirtz-le-pire-nightmare-de-liverpool-pourrait-devenir-realite-alors-que-lancien-rouge-lance-le-transfert-hijack\/#article","isPartOf":{"@id":"https:\/\/footdavant.fr\/actualites\/florian-wirtz-le-pire-nightmare-de-liverpool-pourrait-devenir-realite-alors-que-lancien-rouge-lance-le-transfert-hijack\/"},"author":{"name":"Cl\u00e9ment","@id":"https:\/\/footdavant.fr\/actualites\/#\/schema\/person\/bc222566d95871b37e597b3ed3ba5e1d"},"headline":"Florian Wirtz: Le \u00ab\u00a0 Pire Nightmare &#39;&#39; de Liverpool pourrait devenir r\u00e9alit\u00e9 alors que l&#39;ancien rouge \u00ab\u00a0 lance le transfert Hijack &#39;&#39;","datePublished":"2025-06-03T21:48:19+00:00","dateModified":"2025-06-03T21:48:20+00:00","mainEntityOfPage":{"@id":"https:\/\/footdavant.fr\/actualites\/florian-wirtz-le-pire-nightmare-de-liverpool-pourrait-devenir-realite-alors-que-lancien-rouge-lance-le-transfert-hijack\/"},"wordCount":628,"publisher":{"@id":"https:\/\/footdavant.fr\/actualites\/#organization"},"keywords":["alors","devenir","Florian","Hijack","l39ancien","lance","Liverpool","Nightmare","pire","pourrait","r\u00e9alit\u00e9","rouge","transfert","Wirtz"],"articleSection":["Premier League"],"inLanguage":"fr-FR"},{"@type":"WebPage","@id":"https:\/\/footdavant.fr\/actualites\/florian-wirtz-le-pire-nightmare-de-liverpool-pourrait-devenir-realite-alors-que-lancien-rouge-lance-le-transfert-hijack\/","url":"https:\/\/footdavant.fr\/actualites\/florian-wirtz-le-pire-nightmare-de-liverpool-pourrait-devenir-realite-alors-que-lancien-rouge-lance-le-transfert-hijack\/","name":"Florian Wirtz: Le `` Pire Nightmare &#39;&#39; de Liverpool pourrait devenir r\u00e9alit\u00e9 alors que l&#39;ancien rouge `` lance le transfert Hijack &#39;&#39;","isPartOf":{"@id":"https:\/\/footdavant.fr\/actualites\/#website"},"datePublished":"2025-06-03T21:48:19+00:00","dateModified":"2025-06-03T21:48:20+00:00","breadcrumb":{"@id":"https:\/\/footdavant.fr\/actualites\/florian-wirtz-le-pire-nightmare-de-liverpool-pourrait-devenir-realite-alors-que-lancien-rouge-lance-le-transfert-hijack\/#breadcrumb"},"inLanguage":"fr-FR","potentialAction":[{"@type":"ReadAction","target":["https:\/\/footdavant.fr\/actualites\/florian-wirtz-le-pire-nightmare-de-liverpool-pourrait-devenir-realite-alors-que-lancien-rouge-lance-le-transfert-hijack\/"]}]},{"@type":"BreadcrumbList","@id":"https:\/\/footdavant.fr\/actualites\/florian-wirtz-le-pire-nightmare-de-liverpool-pourrait-devenir-realite-alors-que-lancien-rouge-lance-le-transfert-hijack\/#breadcrumb","itemListElement":[{"@type":"ListItem","position":1,"name":"Accueil","item":"https:\/\/footdavant.fr\/actualites\/"},{"@type":"ListItem","position":2,"name":"Florian Wirtz: Le \u00ab\u00a0 Pire Nightmare &#39;&#39; de Liverpool pourrait devenir r\u00e9alit\u00e9 alors que l&#39;ancien rouge \u00ab\u00a0 lance le transfert Hijack &#39;&#39;"}]},{"@type":"WebSite","@id":"https:\/\/footdavant.fr\/actualites\/#website","url":"https:\/\/footdavant.fr\/actualites\/","name":"Foot d'avant","description":"","publisher":{"@id":"https:\/\/footdavant.fr\/actualites\/#organization"},"potentialAction":[{"@type":"SearchAction","target":{"@type":"EntryPoint","urlTemplate":"https:\/\/footdavant.fr\/actualites\/?s={search_term_string}"},"query-input":"required name=search_term_string"}],"inLanguage":"fr-FR"},{"@type":"Organization","@id":"https:\/\/footdavant.fr\/actualites\/#organization","name":"Foot d'avant","url":"https:\/\/footdavant.fr\/actualites\/","logo":{"@type":"ImageObject","inLanguage":"fr-FR","@id":"https:\/\/footdavant.fr\/actualites\/#\/schema\/logo\/image\/","url":"https:\/\/footdavant.fr\/actualites\/wp-content\/uploads\/2023\/09\/Copy-of-FootDavant-Logo.png","contentUrl":"https:\/\/footdavant.fr\/actualites\/wp-content\/uploads\/2023\/09\/Copy-of-FootDavant-Logo.png","width":936,"height":549,"caption":"Foot d'avant"},"image":{"@id":"https:\/\/footdavant.fr\/actualites\/#\/schema\/logo\/image\/"},"sameAs":["https:\/\/www.facebook.com\/Footdavant\/","https:\/\/twitter.com\/FootdavantFr","https:\/\/www.instagram.com\/footdavant.fr\/"]},{"@type":"Person","@id":"https:\/\/footdavant.fr\/actualites\/#\/schema\/person\/bc222566d95871b37e597b3ed3ba5e1d","name":"Cl\u00e9ment","image":{"@type":"ImageObject","inLanguage":"fr-FR","@id":"https:\/\/footdavant.fr\/actualites\/#\/schema\/person\/image\/","url":"https:\/\/secure.gravatar.com\/avatar\/7728b29aac2719421e1a9159b2254c44?s=96&d=mm&r=g","contentUrl":"https:\/\/secure.gravatar.com\/avatar\/7728b29aac2719421e1a9159b2254c44?s=96&d=mm&r=g","caption":"Cl\u00e9ment"},"sameAs":["https:\/\/footdavant.fr\/"]}]}},"_links":{"self":[{"href":"https:\/\/footdavant.fr\/actualites\/wp-json\/wp\/v2\/posts\/24674"}],"collection":[{"href":"https:\/\/footdavant.fr\/actualites\/wp-json\/wp\/v2\/posts"}],"about":[{"href":"https:\/\/footdavant.fr\/actualites\/wp-json\/wp\/v2\/types\/post"}],"author":[{"embeddable":true,"href":"https:\/\/footdavant.fr\/actualites\/wp-json\/wp\/v2\/users\/1"}],"replies":[{"embeddable":true,"href":"https:\/\/footdavant.fr\/actualites\/wp-json\/wp\/v2\/comments?post=24674"}],"version-history":[{"count":1,"href":"https:\/\/footdavant.fr\/actualites\/wp-json\/wp\/v2\/posts\/24674\/revisions"}],"predecessor-version":[{"id":24676,"href":"https:\/\/footdavant.fr\/actualites\/wp-json\/wp\/v2\/posts\/24674\/revisions\/24676"}],"wp:featuredmedia":[{"embeddable":true,"href":"https:\/\/footdavant.fr\/actualites\/wp-json\/wp\/v2\/media\/24675"}],"wp:attachment":[{"href":"https:\/\/footdavant.fr\/actualites\/wp-json\/wp\/v2\/media?parent=24674"}],"wp:term":[{"taxonomy":"category","embeddable":true,"href":"https:\/\/footdavant.fr\/actualites\/wp-json\/wp\/v2\/categories?post=24674"},{"taxonomy":"post_tag","embeddable":true,"href":"https:\/\/footdavant.fr\/actualites\/wp-json\/wp\/v2\/tags?post=24674"}],"curies":[{"name":"wp","href":"https:\/\/api.w.org\/{rel}","templated":true}]}}