{"id":24677,"date":"2025-06-04T01:48:37","date_gmt":"2025-06-03T23:48:37","guid":{"rendered":"https:\/\/footdavant.fr\/actualites\/les-lakers-de-los-angeles-seraient-interesses-par-le-centre-de-nets-nic-claxton-cette-intersaison\/"},"modified":"2025-06-04T01:48:38","modified_gmt":"2025-06-03T23:48:38","slug":"les-lakers-de-los-angeles-seraient-interesses-par-le-centre-de-nets-nic-claxton-cette-intersaison","status":"publish","type":"post","link":"https:\/\/footdavant.fr\/actualites\/les-lakers-de-los-angeles-seraient-interesses-par-le-centre-de-nets-nic-claxton-cette-intersaison\/","title":{"rendered":"Les Lakers de Los Angeles seraient int\u00e9ress\u00e9s par le centre de Nets Nic Claxton cette intersaison"},"content":{"rendered":"<div>\n<p>Nous avons vu Doncic prosp\u00e9rer \u00e0 Dallas, pr\u00e9parant ses grands hommes pour des dunks faciles. Cependant, les Lakers n&#39;avaient pas ce type de joueur lorsqu&#39;ils ont \u00e9chang\u00e9 pour lui. Le mieux qu&#39;ils avaient \u00e9tait Jaxson Hayes, et il \u00e9tait incoh\u00e9rent. L&#39;initi\u00e9 de la NBA, Matt Moore, a rapport\u00e9 que Los Angeles s&#39;int\u00e9ressait \u00e0 Nic Claxton de Brooklyn. Les Nets et Lakers ont fait plusieurs m\u00e9tiers dans le pass\u00e9.<\/p>\n<h2>Le NETS Trade Center sera-t-il NIC CLAXTON?<\/h2>\n<blockquote class=\"twitter-tweet\">\n<p dir=\"ltr\" lang=\"en\">Les Lakers ont \u00e9t\u00e9 li\u00e9s \u00e0 Nic Claxton, par <a rel=\"nofollow\" href=\"https:\/\/twitter.com\/HPbasketball?ref_src=twsrc%5Etfw\">@Hpbasketball<\/a><\/p>\n<p>\u00abPlusieurs points de vente des Lakers ont rendu compte des m\u00e9tiers\u00ab th\u00e9oriques \u00bbimpliquant le centre de nets Nic Claxton, et ce n&#39;est pas une co\u00efncidence. Claxton fournit un coureur de plancher v\u00e9t\u00e9ran sportif qui peut changer pour mettre \u00e0 c\u00f4t\u00e9 de Luka,\u2026 <a rel=\"nofollow\" href=\"https:\/\/t.co\/M2Z74owRSA\">pic.twitter.com\/m2z74owrsa<\/a><\/p>\n<p>&#8211; nbacentral (@thedunkcentral) <a rel=\"nofollow\" href=\"https:\/\/twitter.com\/TheDunkCentral\/status\/1929906428531102101?ref_src=twsrc%5Etfw\">3 juin 2025<\/a><\/p>\n<\/blockquote>\n<p>Avec le 31e choix dans le rep\u00eachage de la NBA 2019, le Big Man a s\u00e9lectionn\u00e9 le grand homme Nic Claxton de G\u00e9orgie. Il a jou\u00e9 six saisons pour Brooklyn, et les trois derniers ont \u00e9t\u00e9 un d\u00e9marreur. Le joueur de 26 ans n&#39;est pas un grand homme moderne qui espace le sol et peut tirer. Claxton est plut\u00f4t un grand homme traditionnel qui joue au-dessus du bord. En 2022-23, Claxton a men\u00e9 la NBA en pourcentage de buts sur le terrain (0,705). Il est limit\u00e9 offensivement mais peut prosp\u00e9rer s&#39;il en est donn\u00e9 la bonne opportunit\u00e9.<\/p>\n<p>L&#39;initi\u00e9 de la NBA, Matt Moore, a not\u00e9 que plusieurs points de vente des Lakers ont rendu compte d&#39;un commerce \u00abth\u00e9orique\u00bb entre les filets et les lakers pour Nic Claxton. Los Angeles a besoin d&#39;un grand homme athl\u00e9tique qui peut jouer aux c\u00f4t\u00e9s de Luka Doncic. Claxton correspond \u00e0 la facture de Los Angeles. C&#39;est un d\u00e9fenseur polyvalent qui peut changer et a juste assez de comp\u00e9tences offensives pour avoir un impact. Mettez-le aux c\u00f4t\u00e9s de PG de jeu comme Luka Doncic, et Claxton pourrait porter son jeu \u00e0 un autre niveau.<\/p>\n<p>Cependant, les Nets ont re-sign\u00e9 Claxton la saison derni\u00e8re \u00e0 un contrat de 97 millions de dollars sur quatre ans. Il est \u00e9galement le joueur le plus ancien de l&#39;\u00e9quipe. Nous verrons si le directeur g\u00e9n\u00e9ral Sean Marks est en contact avec Los Angeles cette intersaison. Les Nets et Lakers ont fait plusieurs m\u00e9tiers dans le pass\u00e9. En 2017, Brooklyn a envoy\u00e9 Big Man Brook Lopez \u00e0 Los Angeles. Juste la saison Las, les Nets ont \u00e9chang\u00e9 Dorian Finney-Smith. Combien les Lakers seraient-ils pr\u00eats \u00e0 \u00e9changer contre Nic Claxton?<\/p>\n<\/p><\/div>\n<p><script async src=\"https:\/\/platform.twitter.com\/widgets.js\" charset=\"utf-8\"><\/script><\/p>\n","protected":false},"excerpt":{"rendered":"<p>Nous avons vu Doncic prosp\u00e9rer \u00e0 Dallas, pr\u00e9parant ses grands hommes pour des dunks faciles. Cependant, les Lakers n&#39;avaient pas ce type de joueur lorsqu&#39;ils<\/p>\n","protected":false},"author":1,"featured_media":24678,"comment_status":"closed","ping_status":"","sticky":false,"template":"","format":"standard","meta":{"footnotes":""},"categories":[3],"tags":[2708,4339,1222,9436,1982,3807,2085,93,2707,4033,9435,75,1016],"yoast_head":"<!-- This site is optimized with the Yoast SEO plugin v21.0 - https:\/\/yoast.com\/wordpress\/plugins\/seo\/ -->\n<title>Les Lakers de Los Angeles seraient int\u00e9ress\u00e9s par le centre de Nets Nic Claxton cette intersaison<\/title>\n<meta name=\"robots\" content=\"index, follow, max-snippet:-1, max-image-preview:large, max-video-preview:-1\" \/>\n<link rel=\"canonical\" href=\"https:\/\/footdavant.fr\/actualites\/les-lakers-de-los-angeles-seraient-interesses-par-le-centre-de-nets-nic-claxton-cette-intersaison\/\" \/>\n<meta property=\"og:locale\" content=\"fr_FR\" \/>\n<meta property=\"og:type\" content=\"article\" \/>\n<meta property=\"og:title\" content=\"Les Lakers de Los Angeles seraient int\u00e9ress\u00e9s par le centre de Nets Nic Claxton cette intersaison\" \/>\n<meta property=\"og:description\" content=\"Nous avons vu Doncic prosp\u00e9rer \u00e0 Dallas, pr\u00e9parant ses grands hommes pour des dunks faciles. Cependant, les Lakers n&#039;avaient pas ce type de joueur lorsqu&#039;ils\" \/>\n<meta property=\"og:url\" content=\"https:\/\/footdavant.fr\/actualites\/les-lakers-de-los-angeles-seraient-interesses-par-le-centre-de-nets-nic-claxton-cette-intersaison\/\" \/>\n<meta property=\"og:site_name\" content=\"Foot d&#039;avant\" \/>\n<meta property=\"article:publisher\" content=\"https:\/\/www.facebook.com\/Footdavant\/\" \/>\n<meta property=\"article:published_time\" content=\"2025-06-03T23:48:37+00:00\" \/>\n<meta property=\"article:modified_time\" content=\"2025-06-03T23:48:38+00:00\" \/>\n<meta property=\"og:image\" content=\"https:\/\/footdavant.fr\/actualites\/wp-content\/uploads\/2025\/06\/Les-Lakers-de-Los-Angeles-seraient-interesses-par-le-centre.jpg\" \/>\n\t<meta property=\"og:image:width\" content=\"696\" \/>\n\t<meta property=\"og:image:height\" content=\"463\" \/>\n\t<meta property=\"og:image:type\" content=\"image\/jpeg\" \/>\n<meta name=\"author\" content=\"Cl\u00e9ment\" \/>\n<meta name=\"twitter:card\" content=\"summary_large_image\" \/>\n<meta name=\"twitter:creator\" content=\"@FootdavantFr\" \/>\n<meta name=\"twitter:site\" content=\"@FootdavantFr\" \/>\n<meta name=\"twitter:label1\" content=\"\u00c9crit par\" \/>\n\t<meta name=\"twitter:data1\" content=\"Cl\u00e9ment\" \/>\n\t<meta name=\"twitter:label2\" content=\"Dur\u00e9e de lecture estim\u00e9e\" \/>\n\t<meta name=\"twitter:data2\" content=\"2 minutes\" \/>\n<script type=\"application\/ld+json\" class=\"yoast-schema-graph\">{\"@context\":\"https:\/\/schema.org\",\"@graph\":[{\"@type\":\"Article\",\"@id\":\"https:\/\/footdavant.fr\/actualites\/les-lakers-de-los-angeles-seraient-interesses-par-le-centre-de-nets-nic-claxton-cette-intersaison\/#article\",\"isPartOf\":{\"@id\":\"https:\/\/footdavant.fr\/actualites\/les-lakers-de-los-angeles-seraient-interesses-par-le-centre-de-nets-nic-claxton-cette-intersaison\/\"},\"author\":{\"name\":\"Cl\u00e9ment\",\"@id\":\"https:\/\/footdavant.fr\/actualites\/#\/schema\/person\/bc222566d95871b37e597b3ed3ba5e1d\"},\"headline\":\"Les Lakers de Los Angeles seraient int\u00e9ress\u00e9s par le centre de Nets Nic Claxton cette intersaison\",\"datePublished\":\"2025-06-03T23:48:37+00:00\",\"dateModified\":\"2025-06-03T23:48:38+00:00\",\"mainEntityOfPage\":{\"@id\":\"https:\/\/footdavant.fr\/actualites\/les-lakers-de-los-angeles-seraient-interesses-par-le-centre-de-nets-nic-claxton-cette-intersaison\/\"},\"wordCount\":463,\"publisher\":{\"@id\":\"https:\/\/footdavant.fr\/actualites\/#organization\"},\"keywords\":[\"Angeles\",\"centre\",\"cette\",\"Claxton\",\"int\u00e9ress\u00e9s\",\"intersaison\",\"Lakers\",\"les\",\"Los\",\"Nets\",\"Nic\",\"par\",\"seraient\"],\"articleSection\":[\"Football\"],\"inLanguage\":\"fr-FR\"},{\"@type\":\"WebPage\",\"@id\":\"https:\/\/footdavant.fr\/actualites\/les-lakers-de-los-angeles-seraient-interesses-par-le-centre-de-nets-nic-claxton-cette-intersaison\/\",\"url\":\"https:\/\/footdavant.fr\/actualites\/les-lakers-de-los-angeles-seraient-interesses-par-le-centre-de-nets-nic-claxton-cette-intersaison\/\",\"name\":\"Les Lakers de Los Angeles seraient int\u00e9ress\u00e9s par le centre de Nets Nic Claxton cette intersaison\",\"isPartOf\":{\"@id\":\"https:\/\/footdavant.fr\/actualites\/#website\"},\"datePublished\":\"2025-06-03T23:48:37+00:00\",\"dateModified\":\"2025-06-03T23:48:38+00:00\",\"breadcrumb\":{\"@id\":\"https:\/\/footdavant.fr\/actualites\/les-lakers-de-los-angeles-seraient-interesses-par-le-centre-de-nets-nic-claxton-cette-intersaison\/#breadcrumb\"},\"inLanguage\":\"fr-FR\",\"potentialAction\":[{\"@type\":\"ReadAction\",\"target\":[\"https:\/\/footdavant.fr\/actualites\/les-lakers-de-los-angeles-seraient-interesses-par-le-centre-de-nets-nic-claxton-cette-intersaison\/\"]}]},{\"@type\":\"BreadcrumbList\",\"@id\":\"https:\/\/footdavant.fr\/actualites\/les-lakers-de-los-angeles-seraient-interesses-par-le-centre-de-nets-nic-claxton-cette-intersaison\/#breadcrumb\",\"itemListElement\":[{\"@type\":\"ListItem\",\"position\":1,\"name\":\"Accueil\",\"item\":\"https:\/\/footdavant.fr\/actualites\/\"},{\"@type\":\"ListItem\",\"position\":2,\"name\":\"Les Lakers de Los Angeles seraient int\u00e9ress\u00e9s par le centre de Nets Nic Claxton cette intersaison\"}]},{\"@type\":\"WebSite\",\"@id\":\"https:\/\/footdavant.fr\/actualites\/#website\",\"url\":\"https:\/\/footdavant.fr\/actualites\/\",\"name\":\"Foot d'avant\",\"description\":\"\",\"publisher\":{\"@id\":\"https:\/\/footdavant.fr\/actualites\/#organization\"},\"potentialAction\":[{\"@type\":\"SearchAction\",\"target\":{\"@type\":\"EntryPoint\",\"urlTemplate\":\"https:\/\/footdavant.fr\/actualites\/?s={search_term_string}\"},\"query-input\":\"required name=search_term_string\"}],\"inLanguage\":\"fr-FR\"},{\"@type\":\"Organization\",\"@id\":\"https:\/\/footdavant.fr\/actualites\/#organization\",\"name\":\"Foot d'avant\",\"url\":\"https:\/\/footdavant.fr\/actualites\/\",\"logo\":{\"@type\":\"ImageObject\",\"inLanguage\":\"fr-FR\",\"@id\":\"https:\/\/footdavant.fr\/actualites\/#\/schema\/logo\/image\/\",\"url\":\"https:\/\/footdavant.fr\/actualites\/wp-content\/uploads\/2023\/09\/Copy-of-FootDavant-Logo.png\",\"contentUrl\":\"https:\/\/footdavant.fr\/actualites\/wp-content\/uploads\/2023\/09\/Copy-of-FootDavant-Logo.png\",\"width\":936,\"height\":549,\"caption\":\"Foot d'avant\"},\"image\":{\"@id\":\"https:\/\/footdavant.fr\/actualites\/#\/schema\/logo\/image\/\"},\"sameAs\":[\"https:\/\/www.facebook.com\/Footdavant\/\",\"https:\/\/twitter.com\/FootdavantFr\",\"https:\/\/www.instagram.com\/footdavant.fr\/\"]},{\"@type\":\"Person\",\"@id\":\"https:\/\/footdavant.fr\/actualites\/#\/schema\/person\/bc222566d95871b37e597b3ed3ba5e1d\",\"name\":\"Cl\u00e9ment\",\"image\":{\"@type\":\"ImageObject\",\"inLanguage\":\"fr-FR\",\"@id\":\"https:\/\/footdavant.fr\/actualites\/#\/schema\/person\/image\/\",\"url\":\"https:\/\/secure.gravatar.com\/avatar\/7728b29aac2719421e1a9159b2254c44?s=96&d=mm&r=g\",\"contentUrl\":\"https:\/\/secure.gravatar.com\/avatar\/7728b29aac2719421e1a9159b2254c44?s=96&d=mm&r=g\",\"caption\":\"Cl\u00e9ment\"},\"sameAs\":[\"https:\/\/footdavant.fr\/\"]}]}<\/script>\n<!-- \/ Yoast SEO plugin. -->","yoast_head_json":{"title":"Les Lakers de Los Angeles seraient int\u00e9ress\u00e9s par le centre de Nets Nic Claxton cette intersaison","robots":{"index":"index","follow":"follow","max-snippet":"max-snippet:-1","max-image-preview":"max-image-preview:large","max-video-preview":"max-video-preview:-1"},"canonical":"https:\/\/footdavant.fr\/actualites\/les-lakers-de-los-angeles-seraient-interesses-par-le-centre-de-nets-nic-claxton-cette-intersaison\/","og_locale":"fr_FR","og_type":"article","og_title":"Les Lakers de Los Angeles seraient int\u00e9ress\u00e9s par le centre de Nets Nic Claxton cette intersaison","og_description":"Nous avons vu Doncic prosp\u00e9rer \u00e0 Dallas, pr\u00e9parant ses grands hommes pour des dunks faciles. Cependant, les Lakers n&#39;avaient pas ce type de joueur lorsqu&#39;ils","og_url":"https:\/\/footdavant.fr\/actualites\/les-lakers-de-los-angeles-seraient-interesses-par-le-centre-de-nets-nic-claxton-cette-intersaison\/","og_site_name":"Foot d&#039;avant","article_publisher":"https:\/\/www.facebook.com\/Footdavant\/","article_published_time":"2025-06-03T23:48:37+00:00","article_modified_time":"2025-06-03T23:48:38+00:00","og_image":[{"width":696,"height":463,"url":"https:\/\/footdavant.fr\/actualites\/wp-content\/uploads\/2025\/06\/Les-Lakers-de-Los-Angeles-seraient-interesses-par-le-centre.jpg","type":"image\/jpeg"}],"author":"Cl\u00e9ment","twitter_card":"summary_large_image","twitter_creator":"@FootdavantFr","twitter_site":"@FootdavantFr","twitter_misc":{"\u00c9crit par":"Cl\u00e9ment","Dur\u00e9e de lecture estim\u00e9e":"2 minutes"},"schema":{"@context":"https:\/\/schema.org","@graph":[{"@type":"Article","@id":"https:\/\/footdavant.fr\/actualites\/les-lakers-de-los-angeles-seraient-interesses-par-le-centre-de-nets-nic-claxton-cette-intersaison\/#article","isPartOf":{"@id":"https:\/\/footdavant.fr\/actualites\/les-lakers-de-los-angeles-seraient-interesses-par-le-centre-de-nets-nic-claxton-cette-intersaison\/"},"author":{"name":"Cl\u00e9ment","@id":"https:\/\/footdavant.fr\/actualites\/#\/schema\/person\/bc222566d95871b37e597b3ed3ba5e1d"},"headline":"Les Lakers de Los Angeles seraient int\u00e9ress\u00e9s par le centre de Nets Nic Claxton cette intersaison","datePublished":"2025-06-03T23:48:37+00:00","dateModified":"2025-06-03T23:48:38+00:00","mainEntityOfPage":{"@id":"https:\/\/footdavant.fr\/actualites\/les-lakers-de-los-angeles-seraient-interesses-par-le-centre-de-nets-nic-claxton-cette-intersaison\/"},"wordCount":463,"publisher":{"@id":"https:\/\/footdavant.fr\/actualites\/#organization"},"keywords":["Angeles","centre","cette","Claxton","int\u00e9ress\u00e9s","intersaison","Lakers","les","Los","Nets","Nic","par","seraient"],"articleSection":["Football"],"inLanguage":"fr-FR"},{"@type":"WebPage","@id":"https:\/\/footdavant.fr\/actualites\/les-lakers-de-los-angeles-seraient-interesses-par-le-centre-de-nets-nic-claxton-cette-intersaison\/","url":"https:\/\/footdavant.fr\/actualites\/les-lakers-de-los-angeles-seraient-interesses-par-le-centre-de-nets-nic-claxton-cette-intersaison\/","name":"Les Lakers de Los Angeles seraient int\u00e9ress\u00e9s par le centre de Nets Nic Claxton cette intersaison","isPartOf":{"@id":"https:\/\/footdavant.fr\/actualites\/#website"},"datePublished":"2025-06-03T23:48:37+00:00","dateModified":"2025-06-03T23:48:38+00:00","breadcrumb":{"@id":"https:\/\/footdavant.fr\/actualites\/les-lakers-de-los-angeles-seraient-interesses-par-le-centre-de-nets-nic-claxton-cette-intersaison\/#breadcrumb"},"inLanguage":"fr-FR","potentialAction":[{"@type":"ReadAction","target":["https:\/\/footdavant.fr\/actualites\/les-lakers-de-los-angeles-seraient-interesses-par-le-centre-de-nets-nic-claxton-cette-intersaison\/"]}]},{"@type":"BreadcrumbList","@id":"https:\/\/footdavant.fr\/actualites\/les-lakers-de-los-angeles-seraient-interesses-par-le-centre-de-nets-nic-claxton-cette-intersaison\/#breadcrumb","itemListElement":[{"@type":"ListItem","position":1,"name":"Accueil","item":"https:\/\/footdavant.fr\/actualites\/"},{"@type":"ListItem","position":2,"name":"Les Lakers de Los Angeles seraient int\u00e9ress\u00e9s par le centre de Nets Nic Claxton cette intersaison"}]},{"@type":"WebSite","@id":"https:\/\/footdavant.fr\/actualites\/#website","url":"https:\/\/footdavant.fr\/actualites\/","name":"Foot d'avant","description":"","publisher":{"@id":"https:\/\/footdavant.fr\/actualites\/#organization"},"potentialAction":[{"@type":"SearchAction","target":{"@type":"EntryPoint","urlTemplate":"https:\/\/footdavant.fr\/actualites\/?s={search_term_string}"},"query-input":"required name=search_term_string"}],"inLanguage":"fr-FR"},{"@type":"Organization","@id":"https:\/\/footdavant.fr\/actualites\/#organization","name":"Foot d'avant","url":"https:\/\/footdavant.fr\/actualites\/","logo":{"@type":"ImageObject","inLanguage":"fr-FR","@id":"https:\/\/footdavant.fr\/actualites\/#\/schema\/logo\/image\/","url":"https:\/\/footdavant.fr\/actualites\/wp-content\/uploads\/2023\/09\/Copy-of-FootDavant-Logo.png","contentUrl":"https:\/\/footdavant.fr\/actualites\/wp-content\/uploads\/2023\/09\/Copy-of-FootDavant-Logo.png","width":936,"height":549,"caption":"Foot d'avant"},"image":{"@id":"https:\/\/footdavant.fr\/actualites\/#\/schema\/logo\/image\/"},"sameAs":["https:\/\/www.facebook.com\/Footdavant\/","https:\/\/twitter.com\/FootdavantFr","https:\/\/www.instagram.com\/footdavant.fr\/"]},{"@type":"Person","@id":"https:\/\/footdavant.fr\/actualites\/#\/schema\/person\/bc222566d95871b37e597b3ed3ba5e1d","name":"Cl\u00e9ment","image":{"@type":"ImageObject","inLanguage":"fr-FR","@id":"https:\/\/footdavant.fr\/actualites\/#\/schema\/person\/image\/","url":"https:\/\/secure.gravatar.com\/avatar\/7728b29aac2719421e1a9159b2254c44?s=96&d=mm&r=g","contentUrl":"https:\/\/secure.gravatar.com\/avatar\/7728b29aac2719421e1a9159b2254c44?s=96&d=mm&r=g","caption":"Cl\u00e9ment"},"sameAs":["https:\/\/footdavant.fr\/"]}]}},"_links":{"self":[{"href":"https:\/\/footdavant.fr\/actualites\/wp-json\/wp\/v2\/posts\/24677"}],"collection":[{"href":"https:\/\/footdavant.fr\/actualites\/wp-json\/wp\/v2\/posts"}],"about":[{"href":"https:\/\/footdavant.fr\/actualites\/wp-json\/wp\/v2\/types\/post"}],"author":[{"embeddable":true,"href":"https:\/\/footdavant.fr\/actualites\/wp-json\/wp\/v2\/users\/1"}],"replies":[{"embeddable":true,"href":"https:\/\/footdavant.fr\/actualites\/wp-json\/wp\/v2\/comments?post=24677"}],"version-history":[{"count":1,"href":"https:\/\/footdavant.fr\/actualites\/wp-json\/wp\/v2\/posts\/24677\/revisions"}],"predecessor-version":[{"id":24679,"href":"https:\/\/footdavant.fr\/actualites\/wp-json\/wp\/v2\/posts\/24677\/revisions\/24679"}],"wp:featuredmedia":[{"embeddable":true,"href":"https:\/\/footdavant.fr\/actualites\/wp-json\/wp\/v2\/media\/24678"}],"wp:attachment":[{"href":"https:\/\/footdavant.fr\/actualites\/wp-json\/wp\/v2\/media?parent=24677"}],"wp:term":[{"taxonomy":"category","embeddable":true,"href":"https:\/\/footdavant.fr\/actualites\/wp-json\/wp\/v2\/categories?post=24677"},{"taxonomy":"post_tag","embeddable":true,"href":"https:\/\/footdavant.fr\/actualites\/wp-json\/wp\/v2\/tags?post=24677"}],"curies":[{"name":"wp","href":"https:\/\/api.w.org\/{rel}","templated":true}]}}