{"id":24680,"date":"2025-06-04T03:50:00","date_gmt":"2025-06-04T01:50:00","guid":{"rendered":"https:\/\/footdavant.fr\/actualites\/fenetre-de-transfert-dete-cinq-transferts-libres-de-haut-niveau-qui-pourraient-se-produire\/"},"modified":"2025-06-04T03:50:01","modified_gmt":"2025-06-04T01:50:01","slug":"fenetre-de-transfert-dete-cinq-transferts-libres-de-haut-niveau-qui-pourraient-se-produire","status":"publish","type":"post","link":"https:\/\/footdavant.fr\/actualites\/fenetre-de-transfert-dete-cinq-transferts-libres-de-haut-niveau-qui-pourraient-se-produire\/","title":{"rendered":"Fen\u00eatre de transfert d&#39;\u00e9t\u00e9: cinq transferts libres de haut niveau qui pourraient se produire"},"content":{"rendered":"<p>Sports Mole jette un coup d&#39;\u0153il \u00e0 cinq agents bient\u00f4t libres et quels clubs ils pourraient rejoindre dans la fen\u00eatre de transfert d&#39;\u00e9t\u00e9.<\/p>\n<div id=\"article_body\" itemprop=\"articleBody\">\n<p class=\"firstPara\">Qu&#39;ils aient remport\u00e9 le titre, une promotion s\u00e9curis\u00e9e, endur\u00e9 de la m\u00e9diocrit\u00e9 de la table interm\u00e9diaire ou de la rel\u00e9gation, les clubs du monde entier ont d\u00e9j\u00e0 identifi\u00e9 les meilleurs objectifs pour renforcer leurs \u00e9quipes avant de plonger dans la fen\u00eatre de transfert d&#39;\u00e9t\u00e9.<\/p>\n<p>Bien qu&#39;un certain nombre de transactions en argent aient \u00e9t\u00e9 mat\u00e9rialis\u00e9es, il est difficile d&#39;ignorer la liste impressionnante des joueurs de haut niveau qui seront disponibles gratuitement lorsque leurs contrats expireront fin juin.<\/p>\n<p>D\u00e9fenseur allemand <strong class=\"autotag\">Jonathan Tah<\/strong> est l&#39;un de ceux qui ont fait leurs adieux \u00e0 <strong class=\"autotag\">Bayer Leverkusen<\/strong> et <strong>a termin\u00e9 un d\u00e9m\u00e9nagement<\/strong> aux rivaux de Bundesliga <strong class=\"autotag\">Bayern Munich<\/strong>mettant le stylo sur papier sur un accord de quatre ans.<\/p>\n<p>Ici, <strong>Taupe de sport<\/strong> Jet un coup d&#39;\u0153il \u00e0 cinq autres agents qui seront bient\u00f4t libres et quels clubs ils pourraient rejoindre cet \u00e9t\u00e9.<\/p>\n<hr>\n<p class=\"imgI\">\n<p>Le joueur de 26 ans a initialement re\u00e7u des hu\u00e9es des fid\u00e8les d&#39;Anfield apr\u00e8s son annonce de quitter son club d&#39;enfance \u00e0 l&#39;expiration de son contrat, mais l&#39;arri\u00e8re droit a \u00e9t\u00e9 pleur\u00e9 alors qu&#39;il a re\u00e7u les adieux d&#39;un h\u00e9ros des Reds lors de la lev\u00e9e du troph\u00e9e de Premier League.<\/p>\n<p>Alexander-Arnold apporte son association de deux d\u00e9cennies avec <strong class=\"autotag\">Liverpool<\/strong> \u00e0 une fin et a dit qu&#39;il avait besoin d&#39;un \u00ab\u00a0nouveau changement\u00a0\u00bb et d&#39;un \u00ab\u00a0nouveau d\u00e9fi\u00a0\u00bb \u00e0 l&#39;approche des premi\u00e8res ann\u00e9es de sa carri\u00e8re.<\/p>\n<p>L&#39;international anglais devrait largement effectuer une d\u00e9cision de haut niveau \u00e0 <strong class=\"autotag\">Real Madrid<\/strong>maintenant g\u00e9r\u00e9 par <strong class=\"autotag\">Xabi Alonso<\/strong>et Los Blancos esp\u00e9rait le signer t\u00f4t, \u00e0 temps pour la Coupe du Monde du Club de la FIFA qui commence le 14 juin.<\/p>\n<hr>\n<p class=\"imgI\"><img decoding=\"async\" loading=\"lazy\" class=\"l\" src=\"https:\/\/footdavant.fr\/actualites\/wp-content\/uploads\/2025\/06\/1749001799_60_Fenetre-de-transfert-d39ete-cinq-transferts-libres-de-haut-niveau.jpg\" title=\"Kevin de Bruyne de Manchester City le 20 mai 2025\" alt=\"Kevin de Bruyne de Manchester City le 20 mai 2025\" width=\"640\" height=\"480\"><\/p>\n<p>Apr\u00e8s avoir profit\u00e9 d&#39;une d\u00e9cennie charg\u00e9e de troph\u00e9e au stade Etihad, Kevin de Bruyne part <strong class=\"autotag\">MANCHESTER CITY<\/strong> qui ont choisi de ne pas offrir au prochain contrat un nouveau contrat de 34 ans.<\/p>\n<p>Le meneur de jeu l\u00e9gendaire avait initialement \u00e9t\u00e9 li\u00e9 \u00e0 un passage \u00e0 MLS avec l&#39;un ou l&#39;autre <strong class=\"autotag\">Inter Miami<\/strong> ou <strong class=\"autotag\">Fire de Chicago<\/strong>ainsi que des clubs qui participent \u00e0 la Saudi Pro League.<\/p>\n<p>Cependant, De Bruyne a r\u00e9guli\u00e8rement insist\u00e9 sur le fait qu&#39;il \u00e9tait d\u00e9sireux de continuer \u00e0 jouer au plus haut niveau et il semble maintenant que le vainqueur de la Premier League \u00e0 six reprises puisse continuer sa carri\u00e8re de club en bleu ciel.<\/p>\n<p>En effet, Serie A Champions <strong class=\"autotag\">Napoli<\/strong> seraient \u00e0 l&#39;avant de la file d&#39;attente pour la signature de De Bruyne et leur pr\u00e9sident de club <strong class=\"autotag\">Aurelio de Laurentiis<\/strong> r\u00e9cemment admis que le Belge <strong>\u00abProbablement\u00bb va-t-il rejoindre<\/strong> Ayant d\u00e9j\u00e0 achet\u00e9 une maison familiale en Italie.<\/p>\n<hr>\n<p class=\"imgI\"><img decoding=\"async\" loading=\"lazy\" class=\"l\" src=\"https:\/\/footdavant.fr\/actualites\/wp-content\/uploads\/2025\/06\/1749001799_910_Fenetre-de-transfert-d39ete-cinq-transferts-libres-de-haut-niveau.jpg\" title=\"Cristiano Ronaldo d&#39;Al-Nassr r\u00e9agit le 25 novembre 2024\" alt=\"Cristiano Ronaldo d&#39;Al-Nassr r\u00e9agit le 25 novembre 2024\" width=\"640\" height=\"480\"><\/p>\n<p>\u00c0 l&#39;\u00e2ge de 40 ans <strong class=\"autotag\">Al-nassr<\/strong>plus r\u00e9cemment, marquant son 800e but en carri\u00e8re dans une d\u00e9faite 3-2 contre Al Fateh le week-end dernier.<\/p>\n<p>Apr\u00e8s le match, Ronaldo a fait allusion \u00e0 un d\u00e9part d&#39;AL-Nassr avec un article sur les r\u00e9seaux sociaux, qui disait: \u00ab\u00a0Ce chapitre est termin\u00e9. L&#39;histoire? Toujours \u00e9crite. Reconnaissante \u00e0 tous.\u00a0\u00bb<\/p>\n<p>Le quintuple vainqueur du Ballon d&#39;Or<\/p>\n<p><strong>Rapports r\u00e9cents<\/strong> affirmer que Ronaldo a re\u00e7u une offre de ses rivaux saoudiens d&#39;Al-Nassr <strong class=\"autotag\">Al-Hilal<\/strong>et si l&#39;ic\u00f4ne portugaise d\u00e9cidait de les rejoindre, il se heurterait \u00e0 l&#39;ancien club Real Madrid en phase de groupes de la Coupe du monde du club.<\/p>\n<hr>\n<p class=\"imgI\"><img decoding=\"async\" loading=\"lazy\" class=\"l\" src=\"https:\/\/footdavant.fr\/actualites\/wp-content\/uploads\/2025\/06\/1749001800_46_Fenetre-de-transfert-d39ete-cinq-transferts-libres-de-haut-niveau.jpg\" title=\"Jonathan David de Lille c\u00e9l\u00e8bre le 12 mars 2025\" alt=\"Jonathan David de Lille c\u00e9l\u00e8bre le 12 mars 2025\" width=\"640\" height=\"480\"><\/p>\n<p>L&#39;un des attaquants les plus prolifiques d&#39;Europe est disponible pour \u00eatre pris gratuitement sous la forme de Jonathan David, qui quitte Ligue 1 Lille apr\u00e8s avoir marqu\u00e9 25 buts en 49 matchs dans la campagne 2024-25.<\/p>\n<p><strong class=\"autotag\">Barcelone<\/strong> font partie d&#39;une pl\u00e9thore de clubs de haut <strong>aimerait se tester \u00e0 La Liga \u00ab\u00a0un jour\u00a0\u00bb<\/strong>.<\/p>\n<p>Des clubs de Premier League, dont Liverpool, Arsenal, <strong class=\"autotag\">Manchester United<\/strong> et <strong class=\"autotag\">West Ham United<\/strong> ont \u00e9galement \u00e9t\u00e9 li\u00e9s \u00e0 David, mais <em>Corriere dello Sport<\/em> affirme que Serie A Champions Napoli a conclu un accord verbal avec le joueur de 25 ans.<\/p>\n<hr>\n<p class=\"imgI\"><img decoding=\"async\" loading=\"lazy\" class=\"l\" src=\"https:\/\/footdavant.fr\/actualites\/wp-content\/uploads\/2025\/06\/1749001800_54_Fenetre-de-transfert-d39ete-cinq-transferts-libres-de-haut-niveau.jpg\" title=\"Leroy Sane du Bayern Munich le 4 avril 2025\" alt=\"Leroy Sane du Bayern Munich le 4 avril 2025\" width=\"640\" height=\"480\"><\/p>\n<p>Un retour de Premier League pourrait-il \u00eatre sur les cartes pour Leroy Sane? L&#39;ailier allemand a r\u00e9cemment chang\u00e9 d&#39;agent et aurait refus\u00e9 une prolongation de contrat au Bayern Munich qui l&#39;aurait tenu au club jusqu&#39;en 2028.<\/p>\n<p>Vainqueurs de la Ligue Europa <strong class=\"autotag\">Tottenham Hotspur<\/strong> participera \u00e0 la Ligue des champions de la saison prochaine et ils ont <strong>On aurait offert la chance<\/strong> Signer Sane, qui a pass\u00e9 quatre ans \u00e0 Man City avant de rejoindre le Bayern en 2020.<\/p>\n<p>Cependant, ils pourraient faire face \u00e0 une concurrence s\u00e9v\u00e8re des rivaux du nord de Londres Arsenal, comme <em>Le t\u00e9l\u00e9graphe<\/em> affirme que les artilleurs ont fait des enqu\u00eates pour le joueur de 29 ans, qui a travaill\u00e9 sous <strong class=\"autotag\">Mikel Arteta<\/strong> Pendant leur temps ensemble \u00e0 Man City.<\/p>\n<hr>\n<div class=\"author_box\">\n<div class=\"author_box_banner\">\n<img decoding=\"async\" class=\"author_img\" src=\"https:\/\/footdavant.fr\/actualites\/wp-content\/uploads\/2025\/06\/1749001800_260_Fenetre-de-transfert-d39ete-cinq-transferts-libres-de-haut-niveau.jpg\"><\/p>\n<\/div>\n<\/div>\n<\/div>\n","protected":false},"excerpt":{"rendered":"<p>Sports Mole jette un coup d&#39;\u0153il \u00e0 cinq agents bient\u00f4t libres et quels clubs ils pourraient rejoindre dans la fen\u00eatre de transfert d&#39;\u00e9t\u00e9. Qu&#39;ils aient<\/p>\n","protected":false},"author":1,"featured_media":24681,"comment_status":"closed","ping_status":"","sticky":false,"template":"","format":"standard","meta":{"footnotes":""},"categories":[5],"tags":[1322,4968,2446,1659,5175,1493,3931,9049,243,700,1376],"yoast_head":"<!-- This site is optimized with the Yoast SEO plugin v21.0 - https:\/\/yoast.com\/wordpress\/plugins\/seo\/ -->\n<title>Fen\u00eatre de transfert d&#039;\u00e9t\u00e9: cinq transferts libres de haut niveau qui pourraient se produire<\/title>\n<meta name=\"robots\" content=\"index, follow, max-snippet:-1, max-image-preview:large, max-video-preview:-1\" \/>\n<link rel=\"canonical\" href=\"https:\/\/footdavant.fr\/actualites\/fenetre-de-transfert-dete-cinq-transferts-libres-de-haut-niveau-qui-pourraient-se-produire\/\" \/>\n<meta property=\"og:locale\" content=\"fr_FR\" \/>\n<meta property=\"og:type\" content=\"article\" \/>\n<meta property=\"og:title\" content=\"Fen\u00eatre de transfert d&#039;\u00e9t\u00e9: cinq transferts libres de haut niveau qui pourraient se produire\" \/>\n<meta property=\"og:description\" content=\"Sports Mole jette un coup d&#039;\u0153il \u00e0 cinq agents bient\u00f4t libres et quels clubs ils pourraient rejoindre dans la fen\u00eatre de transfert d&#039;\u00e9t\u00e9. Qu&#039;ils aient\" \/>\n<meta property=\"og:url\" content=\"https:\/\/footdavant.fr\/actualites\/fenetre-de-transfert-dete-cinq-transferts-libres-de-haut-niveau-qui-pourraient-se-produire\/\" \/>\n<meta property=\"og:site_name\" content=\"Foot d&#039;avant\" \/>\n<meta property=\"article:publisher\" content=\"https:\/\/www.facebook.com\/Footdavant\/\" \/>\n<meta property=\"article:published_time\" content=\"2025-06-04T01:50:00+00:00\" \/>\n<meta property=\"article:modified_time\" content=\"2025-06-04T01:50:01+00:00\" \/>\n<meta property=\"og:image\" content=\"https:\/\/footdavant.fr\/actualites\/wp-content\/uploads\/2025\/06\/Fenetre-de-transfert-d39ete-cinq-transferts-libres-de-haut-niveau.jpg\" \/>\n\t<meta property=\"og:image:width\" content=\"640\" \/>\n\t<meta property=\"og:image:height\" content=\"480\" \/>\n\t<meta property=\"og:image:type\" content=\"image\/jpeg\" \/>\n<meta name=\"author\" content=\"Cl\u00e9ment\" \/>\n<meta name=\"twitter:card\" content=\"summary_large_image\" \/>\n<meta name=\"twitter:creator\" content=\"@FootdavantFr\" \/>\n<meta name=\"twitter:site\" content=\"@FootdavantFr\" \/>\n<meta name=\"twitter:label1\" content=\"\u00c9crit par\" \/>\n\t<meta name=\"twitter:data1\" content=\"Cl\u00e9ment\" \/>\n\t<meta name=\"twitter:label2\" content=\"Dur\u00e9e de lecture estim\u00e9e\" \/>\n\t<meta name=\"twitter:data2\" content=\"4 minutes\" \/>\n<script type=\"application\/ld+json\" class=\"yoast-schema-graph\">{\"@context\":\"https:\/\/schema.org\",\"@graph\":[{\"@type\":\"Article\",\"@id\":\"https:\/\/footdavant.fr\/actualites\/fenetre-de-transfert-dete-cinq-transferts-libres-de-haut-niveau-qui-pourraient-se-produire\/#article\",\"isPartOf\":{\"@id\":\"https:\/\/footdavant.fr\/actualites\/fenetre-de-transfert-dete-cinq-transferts-libres-de-haut-niveau-qui-pourraient-se-produire\/\"},\"author\":{\"name\":\"Cl\u00e9ment\",\"@id\":\"https:\/\/footdavant.fr\/actualites\/#\/schema\/person\/bc222566d95871b37e597b3ed3ba5e1d\"},\"headline\":\"Fen\u00eatre de transfert d&#39;\u00e9t\u00e9: cinq transferts libres de haut niveau qui pourraient se produire\",\"datePublished\":\"2025-06-04T01:50:00+00:00\",\"dateModified\":\"2025-06-04T01:50:01+00:00\",\"mainEntityOfPage\":{\"@id\":\"https:\/\/footdavant.fr\/actualites\/fenetre-de-transfert-dete-cinq-transferts-libres-de-haut-niveau-qui-pourraient-se-produire\/\"},\"wordCount\":840,\"publisher\":{\"@id\":\"https:\/\/footdavant.fr\/actualites\/#organization\"},\"keywords\":[\"Cinq\",\"d39\u00e9t\u00e9\",\"fen\u00eatre\",\"haut\",\"libres\",\"niveau\",\"pourraient\",\"produire\",\"qui\",\"transfert\",\"transferts\"],\"articleSection\":[\"Premier League\"],\"inLanguage\":\"fr-FR\"},{\"@type\":\"WebPage\",\"@id\":\"https:\/\/footdavant.fr\/actualites\/fenetre-de-transfert-dete-cinq-transferts-libres-de-haut-niveau-qui-pourraient-se-produire\/\",\"url\":\"https:\/\/footdavant.fr\/actualites\/fenetre-de-transfert-dete-cinq-transferts-libres-de-haut-niveau-qui-pourraient-se-produire\/\",\"name\":\"Fen\u00eatre de transfert d&#39;\u00e9t\u00e9: cinq transferts libres de haut niveau qui pourraient se produire\",\"isPartOf\":{\"@id\":\"https:\/\/footdavant.fr\/actualites\/#website\"},\"datePublished\":\"2025-06-04T01:50:00+00:00\",\"dateModified\":\"2025-06-04T01:50:01+00:00\",\"breadcrumb\":{\"@id\":\"https:\/\/footdavant.fr\/actualites\/fenetre-de-transfert-dete-cinq-transferts-libres-de-haut-niveau-qui-pourraient-se-produire\/#breadcrumb\"},\"inLanguage\":\"fr-FR\",\"potentialAction\":[{\"@type\":\"ReadAction\",\"target\":[\"https:\/\/footdavant.fr\/actualites\/fenetre-de-transfert-dete-cinq-transferts-libres-de-haut-niveau-qui-pourraient-se-produire\/\"]}]},{\"@type\":\"BreadcrumbList\",\"@id\":\"https:\/\/footdavant.fr\/actualites\/fenetre-de-transfert-dete-cinq-transferts-libres-de-haut-niveau-qui-pourraient-se-produire\/#breadcrumb\",\"itemListElement\":[{\"@type\":\"ListItem\",\"position\":1,\"name\":\"Accueil\",\"item\":\"https:\/\/footdavant.fr\/actualites\/\"},{\"@type\":\"ListItem\",\"position\":2,\"name\":\"Fen\u00eatre de transfert d&#39;\u00e9t\u00e9: cinq transferts libres de haut niveau qui pourraient se produire\"}]},{\"@type\":\"WebSite\",\"@id\":\"https:\/\/footdavant.fr\/actualites\/#website\",\"url\":\"https:\/\/footdavant.fr\/actualites\/\",\"name\":\"Foot d'avant\",\"description\":\"\",\"publisher\":{\"@id\":\"https:\/\/footdavant.fr\/actualites\/#organization\"},\"potentialAction\":[{\"@type\":\"SearchAction\",\"target\":{\"@type\":\"EntryPoint\",\"urlTemplate\":\"https:\/\/footdavant.fr\/actualites\/?s={search_term_string}\"},\"query-input\":\"required name=search_term_string\"}],\"inLanguage\":\"fr-FR\"},{\"@type\":\"Organization\",\"@id\":\"https:\/\/footdavant.fr\/actualites\/#organization\",\"name\":\"Foot d'avant\",\"url\":\"https:\/\/footdavant.fr\/actualites\/\",\"logo\":{\"@type\":\"ImageObject\",\"inLanguage\":\"fr-FR\",\"@id\":\"https:\/\/footdavant.fr\/actualites\/#\/schema\/logo\/image\/\",\"url\":\"https:\/\/footdavant.fr\/actualites\/wp-content\/uploads\/2023\/09\/Copy-of-FootDavant-Logo.png\",\"contentUrl\":\"https:\/\/footdavant.fr\/actualites\/wp-content\/uploads\/2023\/09\/Copy-of-FootDavant-Logo.png\",\"width\":936,\"height\":549,\"caption\":\"Foot d'avant\"},\"image\":{\"@id\":\"https:\/\/footdavant.fr\/actualites\/#\/schema\/logo\/image\/\"},\"sameAs\":[\"https:\/\/www.facebook.com\/Footdavant\/\",\"https:\/\/twitter.com\/FootdavantFr\",\"https:\/\/www.instagram.com\/footdavant.fr\/\"]},{\"@type\":\"Person\",\"@id\":\"https:\/\/footdavant.fr\/actualites\/#\/schema\/person\/bc222566d95871b37e597b3ed3ba5e1d\",\"name\":\"Cl\u00e9ment\",\"image\":{\"@type\":\"ImageObject\",\"inLanguage\":\"fr-FR\",\"@id\":\"https:\/\/footdavant.fr\/actualites\/#\/schema\/person\/image\/\",\"url\":\"https:\/\/secure.gravatar.com\/avatar\/7728b29aac2719421e1a9159b2254c44?s=96&d=mm&r=g\",\"contentUrl\":\"https:\/\/secure.gravatar.com\/avatar\/7728b29aac2719421e1a9159b2254c44?s=96&d=mm&r=g\",\"caption\":\"Cl\u00e9ment\"},\"sameAs\":[\"https:\/\/footdavant.fr\/\"]}]}<\/script>\n<!-- \/ Yoast SEO plugin. -->","yoast_head_json":{"title":"Fen\u00eatre de transfert d&#39;\u00e9t\u00e9: cinq transferts libres de haut niveau qui pourraient se produire","robots":{"index":"index","follow":"follow","max-snippet":"max-snippet:-1","max-image-preview":"max-image-preview:large","max-video-preview":"max-video-preview:-1"},"canonical":"https:\/\/footdavant.fr\/actualites\/fenetre-de-transfert-dete-cinq-transferts-libres-de-haut-niveau-qui-pourraient-se-produire\/","og_locale":"fr_FR","og_type":"article","og_title":"Fen\u00eatre de transfert d&#39;\u00e9t\u00e9: cinq transferts libres de haut niveau qui pourraient se produire","og_description":"Sports Mole jette un coup d&#39;\u0153il \u00e0 cinq agents bient\u00f4t libres et quels clubs ils pourraient rejoindre dans la fen\u00eatre de transfert d&#39;\u00e9t\u00e9. Qu&#39;ils aient","og_url":"https:\/\/footdavant.fr\/actualites\/fenetre-de-transfert-dete-cinq-transferts-libres-de-haut-niveau-qui-pourraient-se-produire\/","og_site_name":"Foot d&#039;avant","article_publisher":"https:\/\/www.facebook.com\/Footdavant\/","article_published_time":"2025-06-04T01:50:00+00:00","article_modified_time":"2025-06-04T01:50:01+00:00","og_image":[{"width":640,"height":480,"url":"https:\/\/footdavant.fr\/actualites\/wp-content\/uploads\/2025\/06\/Fenetre-de-transfert-d39ete-cinq-transferts-libres-de-haut-niveau.jpg","type":"image\/jpeg"}],"author":"Cl\u00e9ment","twitter_card":"summary_large_image","twitter_creator":"@FootdavantFr","twitter_site":"@FootdavantFr","twitter_misc":{"\u00c9crit par":"Cl\u00e9ment","Dur\u00e9e de lecture estim\u00e9e":"4 minutes"},"schema":{"@context":"https:\/\/schema.org","@graph":[{"@type":"Article","@id":"https:\/\/footdavant.fr\/actualites\/fenetre-de-transfert-dete-cinq-transferts-libres-de-haut-niveau-qui-pourraient-se-produire\/#article","isPartOf":{"@id":"https:\/\/footdavant.fr\/actualites\/fenetre-de-transfert-dete-cinq-transferts-libres-de-haut-niveau-qui-pourraient-se-produire\/"},"author":{"name":"Cl\u00e9ment","@id":"https:\/\/footdavant.fr\/actualites\/#\/schema\/person\/bc222566d95871b37e597b3ed3ba5e1d"},"headline":"Fen\u00eatre de transfert d&#39;\u00e9t\u00e9: cinq transferts libres de haut niveau qui pourraient se produire","datePublished":"2025-06-04T01:50:00+00:00","dateModified":"2025-06-04T01:50:01+00:00","mainEntityOfPage":{"@id":"https:\/\/footdavant.fr\/actualites\/fenetre-de-transfert-dete-cinq-transferts-libres-de-haut-niveau-qui-pourraient-se-produire\/"},"wordCount":840,"publisher":{"@id":"https:\/\/footdavant.fr\/actualites\/#organization"},"keywords":["Cinq","d39\u00e9t\u00e9","fen\u00eatre","haut","libres","niveau","pourraient","produire","qui","transfert","transferts"],"articleSection":["Premier League"],"inLanguage":"fr-FR"},{"@type":"WebPage","@id":"https:\/\/footdavant.fr\/actualites\/fenetre-de-transfert-dete-cinq-transferts-libres-de-haut-niveau-qui-pourraient-se-produire\/","url":"https:\/\/footdavant.fr\/actualites\/fenetre-de-transfert-dete-cinq-transferts-libres-de-haut-niveau-qui-pourraient-se-produire\/","name":"Fen\u00eatre de transfert d&#39;\u00e9t\u00e9: cinq transferts libres de haut niveau qui pourraient se produire","isPartOf":{"@id":"https:\/\/footdavant.fr\/actualites\/#website"},"datePublished":"2025-06-04T01:50:00+00:00","dateModified":"2025-06-04T01:50:01+00:00","breadcrumb":{"@id":"https:\/\/footdavant.fr\/actualites\/fenetre-de-transfert-dete-cinq-transferts-libres-de-haut-niveau-qui-pourraient-se-produire\/#breadcrumb"},"inLanguage":"fr-FR","potentialAction":[{"@type":"ReadAction","target":["https:\/\/footdavant.fr\/actualites\/fenetre-de-transfert-dete-cinq-transferts-libres-de-haut-niveau-qui-pourraient-se-produire\/"]}]},{"@type":"BreadcrumbList","@id":"https:\/\/footdavant.fr\/actualites\/fenetre-de-transfert-dete-cinq-transferts-libres-de-haut-niveau-qui-pourraient-se-produire\/#breadcrumb","itemListElement":[{"@type":"ListItem","position":1,"name":"Accueil","item":"https:\/\/footdavant.fr\/actualites\/"},{"@type":"ListItem","position":2,"name":"Fen\u00eatre de transfert d&#39;\u00e9t\u00e9: cinq transferts libres de haut niveau qui pourraient se produire"}]},{"@type":"WebSite","@id":"https:\/\/footdavant.fr\/actualites\/#website","url":"https:\/\/footdavant.fr\/actualites\/","name":"Foot d'avant","description":"","publisher":{"@id":"https:\/\/footdavant.fr\/actualites\/#organization"},"potentialAction":[{"@type":"SearchAction","target":{"@type":"EntryPoint","urlTemplate":"https:\/\/footdavant.fr\/actualites\/?s={search_term_string}"},"query-input":"required name=search_term_string"}],"inLanguage":"fr-FR"},{"@type":"Organization","@id":"https:\/\/footdavant.fr\/actualites\/#organization","name":"Foot d'avant","url":"https:\/\/footdavant.fr\/actualites\/","logo":{"@type":"ImageObject","inLanguage":"fr-FR","@id":"https:\/\/footdavant.fr\/actualites\/#\/schema\/logo\/image\/","url":"https:\/\/footdavant.fr\/actualites\/wp-content\/uploads\/2023\/09\/Copy-of-FootDavant-Logo.png","contentUrl":"https:\/\/footdavant.fr\/actualites\/wp-content\/uploads\/2023\/09\/Copy-of-FootDavant-Logo.png","width":936,"height":549,"caption":"Foot d'avant"},"image":{"@id":"https:\/\/footdavant.fr\/actualites\/#\/schema\/logo\/image\/"},"sameAs":["https:\/\/www.facebook.com\/Footdavant\/","https:\/\/twitter.com\/FootdavantFr","https:\/\/www.instagram.com\/footdavant.fr\/"]},{"@type":"Person","@id":"https:\/\/footdavant.fr\/actualites\/#\/schema\/person\/bc222566d95871b37e597b3ed3ba5e1d","name":"Cl\u00e9ment","image":{"@type":"ImageObject","inLanguage":"fr-FR","@id":"https:\/\/footdavant.fr\/actualites\/#\/schema\/person\/image\/","url":"https:\/\/secure.gravatar.com\/avatar\/7728b29aac2719421e1a9159b2254c44?s=96&d=mm&r=g","contentUrl":"https:\/\/secure.gravatar.com\/avatar\/7728b29aac2719421e1a9159b2254c44?s=96&d=mm&r=g","caption":"Cl\u00e9ment"},"sameAs":["https:\/\/footdavant.fr\/"]}]}},"_links":{"self":[{"href":"https:\/\/footdavant.fr\/actualites\/wp-json\/wp\/v2\/posts\/24680"}],"collection":[{"href":"https:\/\/footdavant.fr\/actualites\/wp-json\/wp\/v2\/posts"}],"about":[{"href":"https:\/\/footdavant.fr\/actualites\/wp-json\/wp\/v2\/types\/post"}],"author":[{"embeddable":true,"href":"https:\/\/footdavant.fr\/actualites\/wp-json\/wp\/v2\/users\/1"}],"replies":[{"embeddable":true,"href":"https:\/\/footdavant.fr\/actualites\/wp-json\/wp\/v2\/comments?post=24680"}],"version-history":[{"count":1,"href":"https:\/\/footdavant.fr\/actualites\/wp-json\/wp\/v2\/posts\/24680\/revisions"}],"predecessor-version":[{"id":24682,"href":"https:\/\/footdavant.fr\/actualites\/wp-json\/wp\/v2\/posts\/24680\/revisions\/24682"}],"wp:featuredmedia":[{"embeddable":true,"href":"https:\/\/footdavant.fr\/actualites\/wp-json\/wp\/v2\/media\/24681"}],"wp:attachment":[{"href":"https:\/\/footdavant.fr\/actualites\/wp-json\/wp\/v2\/media?parent=24680"}],"wp:term":[{"taxonomy":"category","embeddable":true,"href":"https:\/\/footdavant.fr\/actualites\/wp-json\/wp\/v2\/categories?post=24680"},{"taxonomy":"post_tag","embeddable":true,"href":"https:\/\/footdavant.fr\/actualites\/wp-json\/wp\/v2\/tags?post=24680"}],"curies":[{"name":"wp","href":"https:\/\/api.w.org\/{rel}","templated":true}]}}