{"id":24683,"date":"2025-06-04T05:48:25","date_gmt":"2025-06-04T03:48:25","guid":{"rendered":"https:\/\/footdavant.fr\/actualites\/bruno-fernandes-explique-sa-decision-de-rester-a-manchester-united-et-de-rejeter-le-demenagement-de-larabie-saoudite\/"},"modified":"2025-06-04T05:48:26","modified_gmt":"2025-06-04T03:48:26","slug":"bruno-fernandes-explique-sa-decision-de-rester-a-manchester-united-et-de-rejeter-le-demenagement-de-larabie-saoudite","status":"publish","type":"post","link":"https:\/\/footdavant.fr\/actualites\/bruno-fernandes-explique-sa-decision-de-rester-a-manchester-united-et-de-rejeter-le-demenagement-de-larabie-saoudite\/","title":{"rendered":"Bruno Fernandes explique sa d\u00e9cision de rester \u00e0 Manchester United et de rejeter le d\u00e9m\u00e9nagement de l&#39;Arabie saoudite"},"content":{"rendered":"<div>\n<p>Bruno Fernandes a d\u00e9cid\u00e9 de rester \u00e0 Manchester United et de rejeter un mouvement saoudien Al Hilal par d\u00e9sir de rester au plus haut niveau.<\/p>\n<p>Il a \u00e9t\u00e9 rapport\u00e9 la semaine derni\u00e8re que Fernandes accordait s\u00e9rieusement \u00e0 une offre lucrative d&#39;Al Hilal apr\u00e8s la pire saison de Premier League de l&#39;histoire de United, qui les a vus terminer 15e. La d\u00e9faite contre Tottenham en finale de la Ligue Europa a permis de ne pas jouer en Ligue des champions, la saison 2025-26 qui devrait \u00eatre la premi\u00e8re depuis 2014-15 sans football europ\u00e9en \u00e0 Old Trafford.<\/p>\n<p>Al Hilal aurait \u00e9t\u00e9 dispos\u00e9 \u00e0 payer 80 millions de livres sterling pour le milieu de terrain, qui a \u00e9t\u00e9 \u00e9lu le joueur de la saison de United pour la quatri\u00e8me campagne successive.<\/p>\n<p>Ce type de frais serait extr\u00eamement utile \u00e0 une \u00e9quipe United qui a d\u00e9j\u00e0 sign\u00e9 Matheus Cunha pour 62,5 millions de livres sterling pour les loups et serait le favori de l&#39;attaquant de Brentford Bryan Mbuemo.<\/p>\n<p>Mais avec United, apparemment pas dans une position o\u00f9 ils doivent vendre Fernandes pour financer une refonte de l&#39;\u00e9quipe de Ruben Amorim, l&#39;international du Portugal a choisi de rester \u00e0 Old Trafford pour essayer de renverser sa fortune et de r\u00e9cup\u00e9rer le club sur la sc\u00e8ne europ\u00e9enne.<\/p>\n<p>\u00ab\u00a0Le pr\u00e9sident d&#39;Al Hilal m&#39;a appel\u00e9 il y a un mois pour demander\u00a0\u00bb, a d\u00e9clar\u00e9 Fernandes lors d&#39;une conf\u00e9rence de presse avant la demi-finale de la Ligue des nations du Portugal avec l&#39;Allemagne.<\/p>\n<p>\u00abIl y a eu une p\u00e9riode d&#39;attente de ma part pour r\u00e9fl\u00e9chir \u00e0 ce que l&#39;avenir tiendrait. J&#39;y serais ouvert, si Manchester United sentait que c&#39;\u00e9tait mon temps.<\/p>\n<p>\u00abJ&#39;ai parl\u00e9 avec Monsieur Ruben Amorim, qui a vraiment essay\u00e9 de m&#39;en dissuader. J&#39;ai parl\u00e9 avec le club, qui n&#39;\u00e9tait pas dispos\u00e9 \u00e0 vendre, seulement si je voulais vraiment partir. Nous n&#39;avons jamais parl\u00e9 d&#39;argent; tout cela a \u00e9t\u00e9 g\u00e9r\u00e9 par mon agent, pas moi.<\/p>\n<p>\u00abJ&#39;ai parl\u00e9 avec ma famille pour comprendre si c&#39;\u00e9tait ce que je voulais pour mon avenir. C&#39;est en fait ma femme qui m&#39;a demand\u00e9 &#8211; je n&#39;ai jamais dit oui ou non. Elle a mis mes priorit\u00e9s professionnelles avant tout.<\/p>\n<p>\u00abCela aurait \u00e9t\u00e9 une d\u00e9cision facile. J&#39;avais Ruben Neves et Joao Cancelo l\u00e0-bas, deux personnes avec lesquelles j&#39;ai une grande amiti\u00e9. Mais je veux rester au plus haut niveau, jouer dans de grandes comp\u00e9titions, car je me sens toujours capable.<\/p>\n<p>\u00abJe veux continuer \u00e0 \u00eatre heureux, je suis toujours tr\u00e8s passionn\u00e9 par ce sport et je suis satisfait de ma d\u00e9cision.\u00bb<\/p>\n<\/div>\n","protected":false},"excerpt":{"rendered":"<p>Bruno Fernandes a d\u00e9cid\u00e9 de rester \u00e0 Manchester United et de rejeter un mouvement saoudien Al Hilal par d\u00e9sir de rester au plus haut niveau.<\/p>\n","protected":false},"author":1,"featured_media":24684,"comment_status":"closed","ping_status":"","sticky":false,"template":"","format":"standard","meta":{"footnotes":""},"categories":[3],"tags":[138,497,1856,577,139,4652,11,4207,175,1042,13],"yoast_head":"<!-- This site is optimized with the Yoast SEO plugin v21.0 - https:\/\/yoast.com\/wordpress\/plugins\/seo\/ -->\n<title>Bruno Fernandes explique sa d\u00e9cision de rester \u00e0 Manchester United et de rejeter le d\u00e9m\u00e9nagement de l&#039;Arabie saoudite<\/title>\n<meta name=\"robots\" content=\"index, follow, max-snippet:-1, max-image-preview:large, max-video-preview:-1\" \/>\n<link rel=\"canonical\" href=\"https:\/\/footdavant.fr\/actualites\/bruno-fernandes-explique-sa-decision-de-rester-a-manchester-united-et-de-rejeter-le-demenagement-de-larabie-saoudite\/\" \/>\n<meta property=\"og:locale\" content=\"fr_FR\" \/>\n<meta property=\"og:type\" content=\"article\" \/>\n<meta property=\"og:title\" content=\"Bruno Fernandes explique sa d\u00e9cision de rester \u00e0 Manchester United et de rejeter le d\u00e9m\u00e9nagement de l&#039;Arabie saoudite\" \/>\n<meta property=\"og:description\" content=\"Bruno Fernandes a d\u00e9cid\u00e9 de rester \u00e0 Manchester United et de rejeter un mouvement saoudien Al Hilal par d\u00e9sir de rester au plus haut niveau.\" \/>\n<meta property=\"og:url\" content=\"https:\/\/footdavant.fr\/actualites\/bruno-fernandes-explique-sa-decision-de-rester-a-manchester-united-et-de-rejeter-le-demenagement-de-larabie-saoudite\/\" \/>\n<meta property=\"og:site_name\" content=\"Foot d&#039;avant\" \/>\n<meta property=\"article:publisher\" content=\"https:\/\/www.facebook.com\/Footdavant\/\" \/>\n<meta property=\"article:published_time\" content=\"2025-06-04T03:48:25+00:00\" \/>\n<meta property=\"article:modified_time\" content=\"2025-06-04T03:48:26+00:00\" \/>\n<meta property=\"og:image\" content=\"https:\/\/footdavant.fr\/actualites\/wp-content\/uploads\/2025\/06\/Bruno-Fernandes-explique-sa-decision-de-rester-a-Manchester-United.jpg\" \/>\n\t<meta property=\"og:image:width\" content=\"1200\" \/>\n\t<meta property=\"og:image:height\" content=\"800\" \/>\n\t<meta property=\"og:image:type\" content=\"image\/jpeg\" \/>\n<meta name=\"author\" content=\"Cl\u00e9ment\" \/>\n<meta name=\"twitter:card\" content=\"summary_large_image\" \/>\n<meta name=\"twitter:creator\" content=\"@FootdavantFr\" \/>\n<meta name=\"twitter:site\" content=\"@FootdavantFr\" \/>\n<meta name=\"twitter:label1\" content=\"\u00c9crit par\" \/>\n\t<meta name=\"twitter:data1\" content=\"Cl\u00e9ment\" \/>\n\t<meta name=\"twitter:label2\" content=\"Dur\u00e9e de lecture estim\u00e9e\" \/>\n\t<meta name=\"twitter:data2\" content=\"2 minutes\" \/>\n<script type=\"application\/ld+json\" class=\"yoast-schema-graph\">{\"@context\":\"https:\/\/schema.org\",\"@graph\":[{\"@type\":\"Article\",\"@id\":\"https:\/\/footdavant.fr\/actualites\/bruno-fernandes-explique-sa-decision-de-rester-a-manchester-united-et-de-rejeter-le-demenagement-de-larabie-saoudite\/#article\",\"isPartOf\":{\"@id\":\"https:\/\/footdavant.fr\/actualites\/bruno-fernandes-explique-sa-decision-de-rester-a-manchester-united-et-de-rejeter-le-demenagement-de-larabie-saoudite\/\"},\"author\":{\"name\":\"Cl\u00e9ment\",\"@id\":\"https:\/\/footdavant.fr\/actualites\/#\/schema\/person\/bc222566d95871b37e597b3ed3ba5e1d\"},\"headline\":\"Bruno Fernandes explique sa d\u00e9cision de rester \u00e0 Manchester United et de rejeter le d\u00e9m\u00e9nagement de l&#39;Arabie saoudite\",\"datePublished\":\"2025-06-04T03:48:25+00:00\",\"dateModified\":\"2025-06-04T03:48:26+00:00\",\"mainEntityOfPage\":{\"@id\":\"https:\/\/footdavant.fr\/actualites\/bruno-fernandes-explique-sa-decision-de-rester-a-manchester-united-et-de-rejeter-le-demenagement-de-larabie-saoudite\/\"},\"wordCount\":482,\"publisher\":{\"@id\":\"https:\/\/footdavant.fr\/actualites\/#organization\"},\"keywords\":[\"Bruno\",\"d\u00e9cision\",\"d\u00e9m\u00e9nagement\",\"explique\",\"Fernandes\",\"l39Arabie\",\"Manchester\",\"rejeter\",\"rester\",\"Saoudite\",\"United\"],\"articleSection\":[\"Football\"],\"inLanguage\":\"fr-FR\"},{\"@type\":\"WebPage\",\"@id\":\"https:\/\/footdavant.fr\/actualites\/bruno-fernandes-explique-sa-decision-de-rester-a-manchester-united-et-de-rejeter-le-demenagement-de-larabie-saoudite\/\",\"url\":\"https:\/\/footdavant.fr\/actualites\/bruno-fernandes-explique-sa-decision-de-rester-a-manchester-united-et-de-rejeter-le-demenagement-de-larabie-saoudite\/\",\"name\":\"Bruno Fernandes explique sa d\u00e9cision de rester \u00e0 Manchester United et de rejeter le d\u00e9m\u00e9nagement de l&#39;Arabie saoudite\",\"isPartOf\":{\"@id\":\"https:\/\/footdavant.fr\/actualites\/#website\"},\"datePublished\":\"2025-06-04T03:48:25+00:00\",\"dateModified\":\"2025-06-04T03:48:26+00:00\",\"breadcrumb\":{\"@id\":\"https:\/\/footdavant.fr\/actualites\/bruno-fernandes-explique-sa-decision-de-rester-a-manchester-united-et-de-rejeter-le-demenagement-de-larabie-saoudite\/#breadcrumb\"},\"inLanguage\":\"fr-FR\",\"potentialAction\":[{\"@type\":\"ReadAction\",\"target\":[\"https:\/\/footdavant.fr\/actualites\/bruno-fernandes-explique-sa-decision-de-rester-a-manchester-united-et-de-rejeter-le-demenagement-de-larabie-saoudite\/\"]}]},{\"@type\":\"BreadcrumbList\",\"@id\":\"https:\/\/footdavant.fr\/actualites\/bruno-fernandes-explique-sa-decision-de-rester-a-manchester-united-et-de-rejeter-le-demenagement-de-larabie-saoudite\/#breadcrumb\",\"itemListElement\":[{\"@type\":\"ListItem\",\"position\":1,\"name\":\"Accueil\",\"item\":\"https:\/\/footdavant.fr\/actualites\/\"},{\"@type\":\"ListItem\",\"position\":2,\"name\":\"Bruno Fernandes explique sa d\u00e9cision de rester \u00e0 Manchester United et de rejeter le d\u00e9m\u00e9nagement de l&#39;Arabie saoudite\"}]},{\"@type\":\"WebSite\",\"@id\":\"https:\/\/footdavant.fr\/actualites\/#website\",\"url\":\"https:\/\/footdavant.fr\/actualites\/\",\"name\":\"Foot d'avant\",\"description\":\"\",\"publisher\":{\"@id\":\"https:\/\/footdavant.fr\/actualites\/#organization\"},\"potentialAction\":[{\"@type\":\"SearchAction\",\"target\":{\"@type\":\"EntryPoint\",\"urlTemplate\":\"https:\/\/footdavant.fr\/actualites\/?s={search_term_string}\"},\"query-input\":\"required name=search_term_string\"}],\"inLanguage\":\"fr-FR\"},{\"@type\":\"Organization\",\"@id\":\"https:\/\/footdavant.fr\/actualites\/#organization\",\"name\":\"Foot d'avant\",\"url\":\"https:\/\/footdavant.fr\/actualites\/\",\"logo\":{\"@type\":\"ImageObject\",\"inLanguage\":\"fr-FR\",\"@id\":\"https:\/\/footdavant.fr\/actualites\/#\/schema\/logo\/image\/\",\"url\":\"https:\/\/footdavant.fr\/actualites\/wp-content\/uploads\/2023\/09\/Copy-of-FootDavant-Logo.png\",\"contentUrl\":\"https:\/\/footdavant.fr\/actualites\/wp-content\/uploads\/2023\/09\/Copy-of-FootDavant-Logo.png\",\"width\":936,\"height\":549,\"caption\":\"Foot d'avant\"},\"image\":{\"@id\":\"https:\/\/footdavant.fr\/actualites\/#\/schema\/logo\/image\/\"},\"sameAs\":[\"https:\/\/www.facebook.com\/Footdavant\/\",\"https:\/\/twitter.com\/FootdavantFr\",\"https:\/\/www.instagram.com\/footdavant.fr\/\"]},{\"@type\":\"Person\",\"@id\":\"https:\/\/footdavant.fr\/actualites\/#\/schema\/person\/bc222566d95871b37e597b3ed3ba5e1d\",\"name\":\"Cl\u00e9ment\",\"image\":{\"@type\":\"ImageObject\",\"inLanguage\":\"fr-FR\",\"@id\":\"https:\/\/footdavant.fr\/actualites\/#\/schema\/person\/image\/\",\"url\":\"https:\/\/secure.gravatar.com\/avatar\/7728b29aac2719421e1a9159b2254c44?s=96&d=mm&r=g\",\"contentUrl\":\"https:\/\/secure.gravatar.com\/avatar\/7728b29aac2719421e1a9159b2254c44?s=96&d=mm&r=g\",\"caption\":\"Cl\u00e9ment\"},\"sameAs\":[\"https:\/\/footdavant.fr\/\"]}]}<\/script>\n<!-- \/ Yoast SEO plugin. -->","yoast_head_json":{"title":"Bruno Fernandes explique sa d\u00e9cision de rester \u00e0 Manchester United et de rejeter le d\u00e9m\u00e9nagement de l&#39;Arabie saoudite","robots":{"index":"index","follow":"follow","max-snippet":"max-snippet:-1","max-image-preview":"max-image-preview:large","max-video-preview":"max-video-preview:-1"},"canonical":"https:\/\/footdavant.fr\/actualites\/bruno-fernandes-explique-sa-decision-de-rester-a-manchester-united-et-de-rejeter-le-demenagement-de-larabie-saoudite\/","og_locale":"fr_FR","og_type":"article","og_title":"Bruno Fernandes explique sa d\u00e9cision de rester \u00e0 Manchester United et de rejeter le d\u00e9m\u00e9nagement de l&#39;Arabie saoudite","og_description":"Bruno Fernandes a d\u00e9cid\u00e9 de rester \u00e0 Manchester United et de rejeter un mouvement saoudien Al Hilal par d\u00e9sir de rester au plus haut niveau.","og_url":"https:\/\/footdavant.fr\/actualites\/bruno-fernandes-explique-sa-decision-de-rester-a-manchester-united-et-de-rejeter-le-demenagement-de-larabie-saoudite\/","og_site_name":"Foot d&#039;avant","article_publisher":"https:\/\/www.facebook.com\/Footdavant\/","article_published_time":"2025-06-04T03:48:25+00:00","article_modified_time":"2025-06-04T03:48:26+00:00","og_image":[{"width":1200,"height":800,"url":"https:\/\/footdavant.fr\/actualites\/wp-content\/uploads\/2025\/06\/Bruno-Fernandes-explique-sa-decision-de-rester-a-Manchester-United.jpg","type":"image\/jpeg"}],"author":"Cl\u00e9ment","twitter_card":"summary_large_image","twitter_creator":"@FootdavantFr","twitter_site":"@FootdavantFr","twitter_misc":{"\u00c9crit par":"Cl\u00e9ment","Dur\u00e9e de lecture estim\u00e9e":"2 minutes"},"schema":{"@context":"https:\/\/schema.org","@graph":[{"@type":"Article","@id":"https:\/\/footdavant.fr\/actualites\/bruno-fernandes-explique-sa-decision-de-rester-a-manchester-united-et-de-rejeter-le-demenagement-de-larabie-saoudite\/#article","isPartOf":{"@id":"https:\/\/footdavant.fr\/actualites\/bruno-fernandes-explique-sa-decision-de-rester-a-manchester-united-et-de-rejeter-le-demenagement-de-larabie-saoudite\/"},"author":{"name":"Cl\u00e9ment","@id":"https:\/\/footdavant.fr\/actualites\/#\/schema\/person\/bc222566d95871b37e597b3ed3ba5e1d"},"headline":"Bruno Fernandes explique sa d\u00e9cision de rester \u00e0 Manchester United et de rejeter le d\u00e9m\u00e9nagement de l&#39;Arabie saoudite","datePublished":"2025-06-04T03:48:25+00:00","dateModified":"2025-06-04T03:48:26+00:00","mainEntityOfPage":{"@id":"https:\/\/footdavant.fr\/actualites\/bruno-fernandes-explique-sa-decision-de-rester-a-manchester-united-et-de-rejeter-le-demenagement-de-larabie-saoudite\/"},"wordCount":482,"publisher":{"@id":"https:\/\/footdavant.fr\/actualites\/#organization"},"keywords":["Bruno","d\u00e9cision","d\u00e9m\u00e9nagement","explique","Fernandes","l39Arabie","Manchester","rejeter","rester","Saoudite","United"],"articleSection":["Football"],"inLanguage":"fr-FR"},{"@type":"WebPage","@id":"https:\/\/footdavant.fr\/actualites\/bruno-fernandes-explique-sa-decision-de-rester-a-manchester-united-et-de-rejeter-le-demenagement-de-larabie-saoudite\/","url":"https:\/\/footdavant.fr\/actualites\/bruno-fernandes-explique-sa-decision-de-rester-a-manchester-united-et-de-rejeter-le-demenagement-de-larabie-saoudite\/","name":"Bruno Fernandes explique sa d\u00e9cision de rester \u00e0 Manchester United et de rejeter le d\u00e9m\u00e9nagement de l&#39;Arabie saoudite","isPartOf":{"@id":"https:\/\/footdavant.fr\/actualites\/#website"},"datePublished":"2025-06-04T03:48:25+00:00","dateModified":"2025-06-04T03:48:26+00:00","breadcrumb":{"@id":"https:\/\/footdavant.fr\/actualites\/bruno-fernandes-explique-sa-decision-de-rester-a-manchester-united-et-de-rejeter-le-demenagement-de-larabie-saoudite\/#breadcrumb"},"inLanguage":"fr-FR","potentialAction":[{"@type":"ReadAction","target":["https:\/\/footdavant.fr\/actualites\/bruno-fernandes-explique-sa-decision-de-rester-a-manchester-united-et-de-rejeter-le-demenagement-de-larabie-saoudite\/"]}]},{"@type":"BreadcrumbList","@id":"https:\/\/footdavant.fr\/actualites\/bruno-fernandes-explique-sa-decision-de-rester-a-manchester-united-et-de-rejeter-le-demenagement-de-larabie-saoudite\/#breadcrumb","itemListElement":[{"@type":"ListItem","position":1,"name":"Accueil","item":"https:\/\/footdavant.fr\/actualites\/"},{"@type":"ListItem","position":2,"name":"Bruno Fernandes explique sa d\u00e9cision de rester \u00e0 Manchester United et de rejeter le d\u00e9m\u00e9nagement de l&#39;Arabie saoudite"}]},{"@type":"WebSite","@id":"https:\/\/footdavant.fr\/actualites\/#website","url":"https:\/\/footdavant.fr\/actualites\/","name":"Foot d'avant","description":"","publisher":{"@id":"https:\/\/footdavant.fr\/actualites\/#organization"},"potentialAction":[{"@type":"SearchAction","target":{"@type":"EntryPoint","urlTemplate":"https:\/\/footdavant.fr\/actualites\/?s={search_term_string}"},"query-input":"required name=search_term_string"}],"inLanguage":"fr-FR"},{"@type":"Organization","@id":"https:\/\/footdavant.fr\/actualites\/#organization","name":"Foot d'avant","url":"https:\/\/footdavant.fr\/actualites\/","logo":{"@type":"ImageObject","inLanguage":"fr-FR","@id":"https:\/\/footdavant.fr\/actualites\/#\/schema\/logo\/image\/","url":"https:\/\/footdavant.fr\/actualites\/wp-content\/uploads\/2023\/09\/Copy-of-FootDavant-Logo.png","contentUrl":"https:\/\/footdavant.fr\/actualites\/wp-content\/uploads\/2023\/09\/Copy-of-FootDavant-Logo.png","width":936,"height":549,"caption":"Foot d'avant"},"image":{"@id":"https:\/\/footdavant.fr\/actualites\/#\/schema\/logo\/image\/"},"sameAs":["https:\/\/www.facebook.com\/Footdavant\/","https:\/\/twitter.com\/FootdavantFr","https:\/\/www.instagram.com\/footdavant.fr\/"]},{"@type":"Person","@id":"https:\/\/footdavant.fr\/actualites\/#\/schema\/person\/bc222566d95871b37e597b3ed3ba5e1d","name":"Cl\u00e9ment","image":{"@type":"ImageObject","inLanguage":"fr-FR","@id":"https:\/\/footdavant.fr\/actualites\/#\/schema\/person\/image\/","url":"https:\/\/secure.gravatar.com\/avatar\/7728b29aac2719421e1a9159b2254c44?s=96&d=mm&r=g","contentUrl":"https:\/\/secure.gravatar.com\/avatar\/7728b29aac2719421e1a9159b2254c44?s=96&d=mm&r=g","caption":"Cl\u00e9ment"},"sameAs":["https:\/\/footdavant.fr\/"]}]}},"_links":{"self":[{"href":"https:\/\/footdavant.fr\/actualites\/wp-json\/wp\/v2\/posts\/24683"}],"collection":[{"href":"https:\/\/footdavant.fr\/actualites\/wp-json\/wp\/v2\/posts"}],"about":[{"href":"https:\/\/footdavant.fr\/actualites\/wp-json\/wp\/v2\/types\/post"}],"author":[{"embeddable":true,"href":"https:\/\/footdavant.fr\/actualites\/wp-json\/wp\/v2\/users\/1"}],"replies":[{"embeddable":true,"href":"https:\/\/footdavant.fr\/actualites\/wp-json\/wp\/v2\/comments?post=24683"}],"version-history":[{"count":1,"href":"https:\/\/footdavant.fr\/actualites\/wp-json\/wp\/v2\/posts\/24683\/revisions"}],"predecessor-version":[{"id":24685,"href":"https:\/\/footdavant.fr\/actualites\/wp-json\/wp\/v2\/posts\/24683\/revisions\/24685"}],"wp:featuredmedia":[{"embeddable":true,"href":"https:\/\/footdavant.fr\/actualites\/wp-json\/wp\/v2\/media\/24684"}],"wp:attachment":[{"href":"https:\/\/footdavant.fr\/actualites\/wp-json\/wp\/v2\/media?parent=24683"}],"wp:term":[{"taxonomy":"category","embeddable":true,"href":"https:\/\/footdavant.fr\/actualites\/wp-json\/wp\/v2\/categories?post=24683"},{"taxonomy":"post_tag","embeddable":true,"href":"https:\/\/footdavant.fr\/actualites\/wp-json\/wp\/v2\/tags?post=24683"}],"curies":[{"name":"wp","href":"https:\/\/api.w.org\/{rel}","templated":true}]}}