{"id":24686,"date":"2025-06-04T07:49:27","date_gmt":"2025-06-04T05:49:27","guid":{"rendered":"https:\/\/footdavant.fr\/actualites\/liverpool-transfer-news-wataru-endo-indique-clairement-a-la-sortie-comme-une-reclamation-non-satisfaite-faite\/"},"modified":"2025-06-04T07:49:28","modified_gmt":"2025-06-04T05:49:28","slug":"liverpool-transfer-news-wataru-endo-indique-clairement-a-la-sortie-comme-une-reclamation-non-satisfaite-faite","status":"publish","type":"post","link":"https:\/\/footdavant.fr\/actualites\/liverpool-transfer-news-wataru-endo-indique-clairement-a-la-sortie-comme-une-reclamation-non-satisfaite-faite\/","title":{"rendered":"Liverpool Transfer News: Wataru Endo indique clairement \u00e0 la sortie comme une r\u00e9clamation \u00ab\u00a0non satisfaite\u00a0\u00bb faite"},"content":{"rendered":"<p>L&#39;un des milieux de terrain hors-favori de Liverpool confirme qu&#39;il a l&#39;intention de rester au club pour la saison 2025-26 malgr\u00e9 le fait de parler d&#39;un d\u00e9m\u00e9nagement.<\/p>\n<div id=\"article_body\" itemprop=\"articleBody\">\n<h3 class=\"firstPara\">\n<strong class=\"autotag\">Liverpool<\/strong> milieu de terrain <strong class=\"autotag\">Wataru Endo<\/strong> a confirm\u00e9 sa position sur une sortie du club alors que la sp\u00e9culation sur son avenir continue de cro\u00eetre.<\/h3>\n<p>L&#39;international japonais n&#39;a \u00e9t\u00e9 qu&#39;un joueur bit-partie sous les deux <strong class=\"autotag\">Jurgen Klopp<\/strong> et <strong class=\"autotag\">Slot arne<\/strong> \u00e0 Anfield et a commenc\u00e9 un seul match de Premier League dans la campagne triomphante des Reds 2024-25.<\/p>\n<p>Bien que Endo n&#39;ait jamais \u00e9t\u00e9 consid\u00e9r\u00e9 comme un mat\u00e9riel de d\u00e9part \u00e0 Liverpool, il est rest\u00e9 un chiffre utile sur le banc pour la fente le trimestre dernier, faisant un total de 32 apparitions dans toutes les comp\u00e9titions.<\/p>\n<p>Cependant, <strong class=\"autotag\">Curtis Jones<\/strong>, <strong class=\"autotag\">Ryan Gravenberch<\/strong> et <strong class=\"autotag\">Alexis Mac Allister<\/strong> sont tous au-dessus de l&#39;endo dans l&#39;ordre hi\u00e9rarchique, et les rouges ont \u00e9galement \u00e9t\u00e9 <strong>fortement li\u00e9 \u00e0 une approche<\/strong> pour Crystal Palace <strong class=\"autotag\">Adam Wharton<\/strong>.<\/p>\n<p>\u00c0 32 ans, Endo n&#39;est pas non plus une option \u00e0 long terme dans la salle des machines de Liverpool, et les g\u00e9ants fran\u00e7ais Marseille ont tent\u00e9 leur chance avec une offre pour le milieu de terrain l&#39;\u00e9t\u00e9 dernier, qui a \u00e9t\u00e9 refus\u00e9e.<\/p>\n<h2 class=\"k3\">Endo: \u00abVous pouvez vous attendre \u00e0 ce que je reste \u00e0 Liverpool\u00bb<\/h2>\n<p class=\"imgI\">\n<p>L&#39;ancien homme de Stuttgart entrera au cours des deux derni\u00e8res ann\u00e9es de son accord de Liverpool cet \u00e9t\u00e9, mais pour autant qu&#39;il soit, il continuera \u00e0 concourir pour des titres sur le Merseyside en 2025-26.<\/p>\n<p>\u00ab\u00a0J&#39;en ai entendu parler (sp\u00e9culation de transfert). Tout le monde en parle\u00a0\u00bb, a d\u00e9clar\u00e9 Endo <em>Abema Times<\/em>. \u00ab\u00a0Mes amis me contactent, m\u00eame ma famille est comme:\u00a0\u00bb Alors qu&#39;est-ce que tu vas faire? \u00ab\u00a0<\/p>\n<p>\u00ab\u00a0Et oui, parfois d&#39;autres joueurs demandent aussi:\u00a0\u00bb Allez-vous \u00eatre ici l&#39;ann\u00e9e prochaine? \u00a0\u00bb Surtout apr\u00e8s le milieu de la saison.<\/p>\n<p>\u00ab\u00a0Eh bien, oui (je suis plus int\u00e9ress\u00e9 \u00e0 jouer pour Liverpool qu&#39;\u00e0 partir). Je pense que Liverpool est un club qui vaut autant. Si vous me demandez si je veux jeter la chance de jouer pour Liverpool et de d\u00e9m\u00e9nager dans une autre \u00e9quipe, la r\u00e9ponse est non.<\/p>\n<p>\u00ab\u00a0Je crois que se concentrer sur le nombre de titres que je peux gagner avec Liverpool sera la meilleure chose de ma carri\u00e8re. Oui, vous pouvez vous attendre \u00e0 ce que (moi reste avec Liverpool). Pour l&#39;instant.\u00a0\u00bb<\/p>\n<h2 class=\"k3\">Endo fait l&#39;admission \u00abnon satisfaite\u00bb malgr\u00e9 le d\u00e9sir de rester \u00e0 Liverpool<\/h2>\n<p class=\"imgI\"><img decoding=\"async\" loading=\"lazy\" class=\"l\" src=\"https:\/\/footdavant.fr\/actualites\/wp-content\/uploads\/2025\/06\/1749016167_307_Liverpool-Transfer-News-Wataru-Endo-indique-clairement-a-la-sortie.jpg\" title=\"Wataru Endo de Liverpool illustr\u00e9 le 5 octobre 2024\" alt=\"Wataru Endo de Liverpool illustr\u00e9 le 5 octobre 2024\" width=\"640\" height=\"480\"><\/p>\n<p>Cependant, n&#39;ayant re\u00e7u qu&#39;un d\u00e9risoire de 260 minutes de Premier League au cours de la campagne &#8211; ainsi que 140 minutes en Ligue des champions &#8211; Endo a admis qu&#39;il pouvait \u00e0 peine \u00eatre satisfait de son temps de jeu.<\/p>\n<p>\u00ab\u00a0J&#39;ai continu\u00e9 \u00e0 r\u00e9fl\u00e9chir \u00e0 la fa\u00e7on dont je pouvais contribuer \u00e0 l&#39;\u00e9quipe dans la situation dans laquelle je me trouvais. Bien s\u00fbr, je ne suis pas satisfait, mais je pense que c&#39;est une fa\u00e7on de contribuer au titre\u00a0\u00bb, a ajout\u00e9 le milieu de terrain.<\/p>\n<p>\u00ab\u00a0Quand nous gagnions, je venais \u00e0 la fin et nous assurons que nous avons ramen\u00e9 les trois points. D&#39;une certaine mani\u00e8re, c&#39;\u00e9tait un r\u00f4le que je gagnais pour moi-m\u00eame.\u00a0\u00bb<\/p>\n<p>Liverpool a pay\u00e9 \u00e0 Stuttgart un modeste de 16,9 millions de livres sterling pour signer Endo \u00e0 l&#39;\u00e9t\u00e9 2023, depuis lorsque le joueur de 32 ans a contribu\u00e9 deux buts et une aide en 75 apparitions pour les Reds dans tous les tournois.<\/p>\n<p>Endo pourrait \u00eatre l&#39;un des deux milieux de terrain de Liverpool \u00e0 faire remettre en question leur avenir, comme <strong class=\"autotag\">Tyler Morton<\/strong> s&#39;est \u00e9galement retrouv\u00e9 en marge de la premi\u00e8re \u00e9quipe avant de manquer la seconde moiti\u00e9 de la campagne avec un probl\u00e8me d&#39;\u00e9paule.<\/p>\n<div class=\"author_box\">\n<div class=\"author_box_banner\">\n<img decoding=\"async\" class=\"author_img\" src=\"https:\/\/footdavant.fr\/actualites\/wp-content\/uploads\/2025\/06\/1749016167_978_Liverpool-Transfer-News-Wataru-Endo-indique-clairement-a-la-sortie.jpg\"><\/p>\n<\/div>\n<\/div>\n<\/div>\n","protected":false},"excerpt":{"rendered":"<p>L&#39;un des milieux de terrain hors-favori de Liverpool confirme qu&#39;il a l&#39;intention de rester au club pour la saison 2025-26 malgr\u00e9 le fait de parler<\/p>\n","protected":false},"author":1,"featured_media":24687,"comment_status":"closed","ping_status":"","sticky":false,"template":"","format":"standard","meta":{"footnotes":""},"categories":[5],"tags":[1451,990,2999,2830,5270,53,409,3890,9437,1263,2732,92,3777],"yoast_head":"<!-- This site is optimized with the Yoast SEO plugin v21.0 - https:\/\/yoast.com\/wordpress\/plugins\/seo\/ -->\n<title>Liverpool Transfer News: Wataru Endo indique clairement \u00e0 la sortie comme une r\u00e9clamation &quot;non satisfaite&quot; faite<\/title>\n<meta name=\"robots\" content=\"index, follow, max-snippet:-1, max-image-preview:large, max-video-preview:-1\" \/>\n<link rel=\"canonical\" href=\"https:\/\/footdavant.fr\/actualites\/liverpool-transfer-news-wataru-endo-indique-clairement-a-la-sortie-comme-une-reclamation-non-satisfaite-faite\/\" \/>\n<meta property=\"og:locale\" content=\"fr_FR\" \/>\n<meta property=\"og:type\" content=\"article\" \/>\n<meta property=\"og:title\" content=\"Liverpool Transfer News: Wataru Endo indique clairement \u00e0 la sortie comme une r\u00e9clamation &quot;non satisfaite&quot; faite\" \/>\n<meta property=\"og:description\" content=\"L&#039;un des milieux de terrain hors-favori de Liverpool confirme qu&#039;il a l&#039;intention de rester au club pour la saison 2025-26 malgr\u00e9 le fait de parler\" \/>\n<meta property=\"og:url\" content=\"https:\/\/footdavant.fr\/actualites\/liverpool-transfer-news-wataru-endo-indique-clairement-a-la-sortie-comme-une-reclamation-non-satisfaite-faite\/\" \/>\n<meta property=\"og:site_name\" content=\"Foot d&#039;avant\" \/>\n<meta property=\"article:publisher\" content=\"https:\/\/www.facebook.com\/Footdavant\/\" \/>\n<meta property=\"article:published_time\" content=\"2025-06-04T05:49:27+00:00\" \/>\n<meta property=\"article:modified_time\" content=\"2025-06-04T05:49:28+00:00\" \/>\n<meta property=\"og:image\" content=\"https:\/\/footdavant.fr\/actualites\/wp-content\/uploads\/2025\/06\/Liverpool-Transfer-News-Wataru-Endo-indique-clairement-a-la-sortie.jpg\" \/>\n\t<meta property=\"og:image:width\" content=\"640\" \/>\n\t<meta property=\"og:image:height\" content=\"480\" \/>\n\t<meta property=\"og:image:type\" content=\"image\/jpeg\" \/>\n<meta name=\"author\" content=\"Cl\u00e9ment\" \/>\n<meta name=\"twitter:card\" content=\"summary_large_image\" \/>\n<meta name=\"twitter:creator\" content=\"@FootdavantFr\" \/>\n<meta name=\"twitter:site\" content=\"@FootdavantFr\" \/>\n<meta name=\"twitter:label1\" content=\"\u00c9crit par\" \/>\n\t<meta name=\"twitter:data1\" content=\"Cl\u00e9ment\" \/>\n\t<meta name=\"twitter:label2\" content=\"Dur\u00e9e de lecture estim\u00e9e\" \/>\n\t<meta name=\"twitter:data2\" content=\"3 minutes\" \/>\n<script type=\"application\/ld+json\" class=\"yoast-schema-graph\">{\"@context\":\"https:\/\/schema.org\",\"@graph\":[{\"@type\":\"Article\",\"@id\":\"https:\/\/footdavant.fr\/actualites\/liverpool-transfer-news-wataru-endo-indique-clairement-a-la-sortie-comme-une-reclamation-non-satisfaite-faite\/#article\",\"isPartOf\":{\"@id\":\"https:\/\/footdavant.fr\/actualites\/liverpool-transfer-news-wataru-endo-indique-clairement-a-la-sortie-comme-une-reclamation-non-satisfaite-faite\/\"},\"author\":{\"name\":\"Cl\u00e9ment\",\"@id\":\"https:\/\/footdavant.fr\/actualites\/#\/schema\/person\/bc222566d95871b37e597b3ed3ba5e1d\"},\"headline\":\"Liverpool Transfer News: Wataru Endo indique clairement \u00e0 la sortie comme une r\u00e9clamation \u00ab\u00a0non satisfaite\u00a0\u00bb faite\",\"datePublished\":\"2025-06-04T05:49:27+00:00\",\"dateModified\":\"2025-06-04T05:49:28+00:00\",\"mainEntityOfPage\":{\"@id\":\"https:\/\/footdavant.fr\/actualites\/liverpool-transfer-news-wataru-endo-indique-clairement-a-la-sortie-comme-une-reclamation-non-satisfaite-faite\/\"},\"wordCount\":653,\"publisher\":{\"@id\":\"https:\/\/footdavant.fr\/actualites\/#organization\"},\"keywords\":[\"clairement\",\"comme\",\"Endo\",\"faite\",\"indique\",\"Liverpool\",\"News\",\"r\u00e9clamation\",\"satisfaite\",\"sortie\",\"Transfer\",\"une\",\"Wataru\"],\"articleSection\":[\"Premier League\"],\"inLanguage\":\"fr-FR\"},{\"@type\":\"WebPage\",\"@id\":\"https:\/\/footdavant.fr\/actualites\/liverpool-transfer-news-wataru-endo-indique-clairement-a-la-sortie-comme-une-reclamation-non-satisfaite-faite\/\",\"url\":\"https:\/\/footdavant.fr\/actualites\/liverpool-transfer-news-wataru-endo-indique-clairement-a-la-sortie-comme-une-reclamation-non-satisfaite-faite\/\",\"name\":\"Liverpool Transfer News: Wataru Endo indique clairement \u00e0 la sortie comme une r\u00e9clamation \\\"non satisfaite\\\" faite\",\"isPartOf\":{\"@id\":\"https:\/\/footdavant.fr\/actualites\/#website\"},\"datePublished\":\"2025-06-04T05:49:27+00:00\",\"dateModified\":\"2025-06-04T05:49:28+00:00\",\"breadcrumb\":{\"@id\":\"https:\/\/footdavant.fr\/actualites\/liverpool-transfer-news-wataru-endo-indique-clairement-a-la-sortie-comme-une-reclamation-non-satisfaite-faite\/#breadcrumb\"},\"inLanguage\":\"fr-FR\",\"potentialAction\":[{\"@type\":\"ReadAction\",\"target\":[\"https:\/\/footdavant.fr\/actualites\/liverpool-transfer-news-wataru-endo-indique-clairement-a-la-sortie-comme-une-reclamation-non-satisfaite-faite\/\"]}]},{\"@type\":\"BreadcrumbList\",\"@id\":\"https:\/\/footdavant.fr\/actualites\/liverpool-transfer-news-wataru-endo-indique-clairement-a-la-sortie-comme-une-reclamation-non-satisfaite-faite\/#breadcrumb\",\"itemListElement\":[{\"@type\":\"ListItem\",\"position\":1,\"name\":\"Accueil\",\"item\":\"https:\/\/footdavant.fr\/actualites\/\"},{\"@type\":\"ListItem\",\"position\":2,\"name\":\"Liverpool Transfer News: Wataru Endo indique clairement \u00e0 la sortie comme une r\u00e9clamation \u00ab\u00a0non satisfaite\u00a0\u00bb faite\"}]},{\"@type\":\"WebSite\",\"@id\":\"https:\/\/footdavant.fr\/actualites\/#website\",\"url\":\"https:\/\/footdavant.fr\/actualites\/\",\"name\":\"Foot d'avant\",\"description\":\"\",\"publisher\":{\"@id\":\"https:\/\/footdavant.fr\/actualites\/#organization\"},\"potentialAction\":[{\"@type\":\"SearchAction\",\"target\":{\"@type\":\"EntryPoint\",\"urlTemplate\":\"https:\/\/footdavant.fr\/actualites\/?s={search_term_string}\"},\"query-input\":\"required name=search_term_string\"}],\"inLanguage\":\"fr-FR\"},{\"@type\":\"Organization\",\"@id\":\"https:\/\/footdavant.fr\/actualites\/#organization\",\"name\":\"Foot d'avant\",\"url\":\"https:\/\/footdavant.fr\/actualites\/\",\"logo\":{\"@type\":\"ImageObject\",\"inLanguage\":\"fr-FR\",\"@id\":\"https:\/\/footdavant.fr\/actualites\/#\/schema\/logo\/image\/\",\"url\":\"https:\/\/footdavant.fr\/actualites\/wp-content\/uploads\/2023\/09\/Copy-of-FootDavant-Logo.png\",\"contentUrl\":\"https:\/\/footdavant.fr\/actualites\/wp-content\/uploads\/2023\/09\/Copy-of-FootDavant-Logo.png\",\"width\":936,\"height\":549,\"caption\":\"Foot d'avant\"},\"image\":{\"@id\":\"https:\/\/footdavant.fr\/actualites\/#\/schema\/logo\/image\/\"},\"sameAs\":[\"https:\/\/www.facebook.com\/Footdavant\/\",\"https:\/\/twitter.com\/FootdavantFr\",\"https:\/\/www.instagram.com\/footdavant.fr\/\"]},{\"@type\":\"Person\",\"@id\":\"https:\/\/footdavant.fr\/actualites\/#\/schema\/person\/bc222566d95871b37e597b3ed3ba5e1d\",\"name\":\"Cl\u00e9ment\",\"image\":{\"@type\":\"ImageObject\",\"inLanguage\":\"fr-FR\",\"@id\":\"https:\/\/footdavant.fr\/actualites\/#\/schema\/person\/image\/\",\"url\":\"https:\/\/secure.gravatar.com\/avatar\/7728b29aac2719421e1a9159b2254c44?s=96&d=mm&r=g\",\"contentUrl\":\"https:\/\/secure.gravatar.com\/avatar\/7728b29aac2719421e1a9159b2254c44?s=96&d=mm&r=g\",\"caption\":\"Cl\u00e9ment\"},\"sameAs\":[\"https:\/\/footdavant.fr\/\"]}]}<\/script>\n<!-- \/ Yoast SEO plugin. -->","yoast_head_json":{"title":"Liverpool Transfer News: Wataru Endo indique clairement \u00e0 la sortie comme une r\u00e9clamation \"non satisfaite\" faite","robots":{"index":"index","follow":"follow","max-snippet":"max-snippet:-1","max-image-preview":"max-image-preview:large","max-video-preview":"max-video-preview:-1"},"canonical":"https:\/\/footdavant.fr\/actualites\/liverpool-transfer-news-wataru-endo-indique-clairement-a-la-sortie-comme-une-reclamation-non-satisfaite-faite\/","og_locale":"fr_FR","og_type":"article","og_title":"Liverpool Transfer News: Wataru Endo indique clairement \u00e0 la sortie comme une r\u00e9clamation \"non satisfaite\" faite","og_description":"L&#39;un des milieux de terrain hors-favori de Liverpool confirme qu&#39;il a l&#39;intention de rester au club pour la saison 2025-26 malgr\u00e9 le fait de parler","og_url":"https:\/\/footdavant.fr\/actualites\/liverpool-transfer-news-wataru-endo-indique-clairement-a-la-sortie-comme-une-reclamation-non-satisfaite-faite\/","og_site_name":"Foot d&#039;avant","article_publisher":"https:\/\/www.facebook.com\/Footdavant\/","article_published_time":"2025-06-04T05:49:27+00:00","article_modified_time":"2025-06-04T05:49:28+00:00","og_image":[{"width":640,"height":480,"url":"https:\/\/footdavant.fr\/actualites\/wp-content\/uploads\/2025\/06\/Liverpool-Transfer-News-Wataru-Endo-indique-clairement-a-la-sortie.jpg","type":"image\/jpeg"}],"author":"Cl\u00e9ment","twitter_card":"summary_large_image","twitter_creator":"@FootdavantFr","twitter_site":"@FootdavantFr","twitter_misc":{"\u00c9crit par":"Cl\u00e9ment","Dur\u00e9e de lecture estim\u00e9e":"3 minutes"},"schema":{"@context":"https:\/\/schema.org","@graph":[{"@type":"Article","@id":"https:\/\/footdavant.fr\/actualites\/liverpool-transfer-news-wataru-endo-indique-clairement-a-la-sortie-comme-une-reclamation-non-satisfaite-faite\/#article","isPartOf":{"@id":"https:\/\/footdavant.fr\/actualites\/liverpool-transfer-news-wataru-endo-indique-clairement-a-la-sortie-comme-une-reclamation-non-satisfaite-faite\/"},"author":{"name":"Cl\u00e9ment","@id":"https:\/\/footdavant.fr\/actualites\/#\/schema\/person\/bc222566d95871b37e597b3ed3ba5e1d"},"headline":"Liverpool Transfer News: Wataru Endo indique clairement \u00e0 la sortie comme une r\u00e9clamation \u00ab\u00a0non satisfaite\u00a0\u00bb faite","datePublished":"2025-06-04T05:49:27+00:00","dateModified":"2025-06-04T05:49:28+00:00","mainEntityOfPage":{"@id":"https:\/\/footdavant.fr\/actualites\/liverpool-transfer-news-wataru-endo-indique-clairement-a-la-sortie-comme-une-reclamation-non-satisfaite-faite\/"},"wordCount":653,"publisher":{"@id":"https:\/\/footdavant.fr\/actualites\/#organization"},"keywords":["clairement","comme","Endo","faite","indique","Liverpool","News","r\u00e9clamation","satisfaite","sortie","Transfer","une","Wataru"],"articleSection":["Premier League"],"inLanguage":"fr-FR"},{"@type":"WebPage","@id":"https:\/\/footdavant.fr\/actualites\/liverpool-transfer-news-wataru-endo-indique-clairement-a-la-sortie-comme-une-reclamation-non-satisfaite-faite\/","url":"https:\/\/footdavant.fr\/actualites\/liverpool-transfer-news-wataru-endo-indique-clairement-a-la-sortie-comme-une-reclamation-non-satisfaite-faite\/","name":"Liverpool Transfer News: Wataru Endo indique clairement \u00e0 la sortie comme une r\u00e9clamation \"non satisfaite\" faite","isPartOf":{"@id":"https:\/\/footdavant.fr\/actualites\/#website"},"datePublished":"2025-06-04T05:49:27+00:00","dateModified":"2025-06-04T05:49:28+00:00","breadcrumb":{"@id":"https:\/\/footdavant.fr\/actualites\/liverpool-transfer-news-wataru-endo-indique-clairement-a-la-sortie-comme-une-reclamation-non-satisfaite-faite\/#breadcrumb"},"inLanguage":"fr-FR","potentialAction":[{"@type":"ReadAction","target":["https:\/\/footdavant.fr\/actualites\/liverpool-transfer-news-wataru-endo-indique-clairement-a-la-sortie-comme-une-reclamation-non-satisfaite-faite\/"]}]},{"@type":"BreadcrumbList","@id":"https:\/\/footdavant.fr\/actualites\/liverpool-transfer-news-wataru-endo-indique-clairement-a-la-sortie-comme-une-reclamation-non-satisfaite-faite\/#breadcrumb","itemListElement":[{"@type":"ListItem","position":1,"name":"Accueil","item":"https:\/\/footdavant.fr\/actualites\/"},{"@type":"ListItem","position":2,"name":"Liverpool Transfer News: Wataru Endo indique clairement \u00e0 la sortie comme une r\u00e9clamation \u00ab\u00a0non satisfaite\u00a0\u00bb faite"}]},{"@type":"WebSite","@id":"https:\/\/footdavant.fr\/actualites\/#website","url":"https:\/\/footdavant.fr\/actualites\/","name":"Foot d'avant","description":"","publisher":{"@id":"https:\/\/footdavant.fr\/actualites\/#organization"},"potentialAction":[{"@type":"SearchAction","target":{"@type":"EntryPoint","urlTemplate":"https:\/\/footdavant.fr\/actualites\/?s={search_term_string}"},"query-input":"required name=search_term_string"}],"inLanguage":"fr-FR"},{"@type":"Organization","@id":"https:\/\/footdavant.fr\/actualites\/#organization","name":"Foot d'avant","url":"https:\/\/footdavant.fr\/actualites\/","logo":{"@type":"ImageObject","inLanguage":"fr-FR","@id":"https:\/\/footdavant.fr\/actualites\/#\/schema\/logo\/image\/","url":"https:\/\/footdavant.fr\/actualites\/wp-content\/uploads\/2023\/09\/Copy-of-FootDavant-Logo.png","contentUrl":"https:\/\/footdavant.fr\/actualites\/wp-content\/uploads\/2023\/09\/Copy-of-FootDavant-Logo.png","width":936,"height":549,"caption":"Foot d'avant"},"image":{"@id":"https:\/\/footdavant.fr\/actualites\/#\/schema\/logo\/image\/"},"sameAs":["https:\/\/www.facebook.com\/Footdavant\/","https:\/\/twitter.com\/FootdavantFr","https:\/\/www.instagram.com\/footdavant.fr\/"]},{"@type":"Person","@id":"https:\/\/footdavant.fr\/actualites\/#\/schema\/person\/bc222566d95871b37e597b3ed3ba5e1d","name":"Cl\u00e9ment","image":{"@type":"ImageObject","inLanguage":"fr-FR","@id":"https:\/\/footdavant.fr\/actualites\/#\/schema\/person\/image\/","url":"https:\/\/secure.gravatar.com\/avatar\/7728b29aac2719421e1a9159b2254c44?s=96&d=mm&r=g","contentUrl":"https:\/\/secure.gravatar.com\/avatar\/7728b29aac2719421e1a9159b2254c44?s=96&d=mm&r=g","caption":"Cl\u00e9ment"},"sameAs":["https:\/\/footdavant.fr\/"]}]}},"_links":{"self":[{"href":"https:\/\/footdavant.fr\/actualites\/wp-json\/wp\/v2\/posts\/24686"}],"collection":[{"href":"https:\/\/footdavant.fr\/actualites\/wp-json\/wp\/v2\/posts"}],"about":[{"href":"https:\/\/footdavant.fr\/actualites\/wp-json\/wp\/v2\/types\/post"}],"author":[{"embeddable":true,"href":"https:\/\/footdavant.fr\/actualites\/wp-json\/wp\/v2\/users\/1"}],"replies":[{"embeddable":true,"href":"https:\/\/footdavant.fr\/actualites\/wp-json\/wp\/v2\/comments?post=24686"}],"version-history":[{"count":1,"href":"https:\/\/footdavant.fr\/actualites\/wp-json\/wp\/v2\/posts\/24686\/revisions"}],"predecessor-version":[{"id":24688,"href":"https:\/\/footdavant.fr\/actualites\/wp-json\/wp\/v2\/posts\/24686\/revisions\/24688"}],"wp:featuredmedia":[{"embeddable":true,"href":"https:\/\/footdavant.fr\/actualites\/wp-json\/wp\/v2\/media\/24687"}],"wp:attachment":[{"href":"https:\/\/footdavant.fr\/actualites\/wp-json\/wp\/v2\/media?parent=24686"}],"wp:term":[{"taxonomy":"category","embeddable":true,"href":"https:\/\/footdavant.fr\/actualites\/wp-json\/wp\/v2\/categories?post=24686"},{"taxonomy":"post_tag","embeddable":true,"href":"https:\/\/footdavant.fr\/actualites\/wp-json\/wp\/v2\/tags?post=24686"}],"curies":[{"name":"wp","href":"https:\/\/api.w.org\/{rel}","templated":true}]}}