{"id":24692,"date":"2025-06-04T11:48:11","date_gmt":"2025-06-04T09:48:11","guid":{"rendered":"https:\/\/footdavant.fr\/actualites\/numero-de-chemise-du-bayern-munich-de-jonathan-tah-longueur-du-contrat-confirme-alors-que-vincent-kompany-termine-le-deuxieme-transfert-dete\/"},"modified":"2025-06-04T11:48:12","modified_gmt":"2025-06-04T09:48:12","slug":"numero-de-chemise-du-bayern-munich-de-jonathan-tah-longueur-du-contrat-confirme-alors-que-vincent-kompany-termine-le-deuxieme-transfert-dete","status":"publish","type":"post","link":"https:\/\/footdavant.fr\/actualites\/numero-de-chemise-du-bayern-munich-de-jonathan-tah-longueur-du-contrat-confirme-alors-que-vincent-kompany-termine-le-deuxieme-transfert-dete\/","title":{"rendered":"Num\u00e9ro de chemise du Bayern Munich de Jonathan Tah, Longueur du contrat confirm\u00e9 alors que Vincent Kompany termine le deuxi\u00e8me transfert d&#39;\u00e9t\u00e9"},"content":{"rendered":"<p>Le Bayern Munich compl\u00e8te la signature du d\u00e9fenseur Jonathan Tah sur un transfert gratuit des rivaux de Bundesliga Bayer Leverkusen.<\/p>\n<div id=\"article_body\" itemprop=\"articleBody\">\n<h3 class=\"firstPara\">\n<strong class=\"autotag\">Bayern Munich<\/strong> ont termin\u00e9 la signature du d\u00e9fenseur <strong class=\"autotag\">Jonathan Tah<\/strong> Sur un transfert gratuit des rivaux de Bundesliga <strong class=\"autotag\">Bayer Leverkusen<\/strong>.<\/h3>\n<p>Le joueur de 29 ans a annonc\u00e9 le mois dernier qu&#39;il quitterait la Bayarena \u00e0 l&#39;expiration de son contrat fin juin apr\u00e8s avoir fait plus de 400 apparitions sur une p\u00e9riode de 10 ans au club.<\/p>\n<p>Tah \u00e9tait li\u00e9 \u00e0 une multitude de meilleurs clubs europ\u00e9ens, dont la Premier League Trio <strong class=\"autotag\">Liverpool<\/strong>, <strong class=\"autotag\">Manchester United<\/strong> et <strong class=\"autotag\">Tottenham Hotspur<\/strong>ainsi que les g\u00e9ants de la Liga <strong class=\"autotag\">Barcelone<\/strong> et <strong class=\"autotag\">Real Madrid<\/strong>.<\/p>\n<p>Cependant, l&#39;international allemand de 35 plans a d\u00e9cid\u00e9 de poursuivre sa carri\u00e8re dans sa patrie et a mis le stylo sur papier sur un contrat de quatre ans au Bayern Munich qui se d\u00e9roule jusqu&#39;en juin 2029.<\/p>\n<p>Tah enfilera la chemise n \u00b0 4 pour les champions allemands qui ont \u00e9t\u00e9 port\u00e9s par son coll\u00e8gue d\u00e9fenseur central <strong class=\"autotag\">Matthijs de Ligt<\/strong> Avant de rejoindre Man United \u00e0 l&#39;\u00e9t\u00e9 2024.<\/p>\n<p>\u00ab\u00a0Je suis tr\u00e8s heureux d&#39;\u00eatre au FC Bayern\u00a0\u00bb, a d\u00e9clar\u00e9 Tah sur le site officiel du club. \u00ab\u00a0Je veux assumer des responsabilit\u00e9s ici et travailler dur tous les jours afin que nous r\u00e9ussissions en \u00e9quipe et gagne beaucoup de troph\u00e9es ensemble.\u00a0\u00bb<\/p>\n<blockquote class=\"twitter-tweet\" data-media-max-width=\"560\">\n<p lang=\"en\" dir=\"ltr\">Look frais pour un nouveau chapitre. \ud83d\udd25<a rel=\"nofollow\" href=\"https:\/\/twitter.com\/hashtag\/ServusJona?src=hash&amp;ref_src=twsrc%5Etfw\">#Servusjona<\/a> <a rel=\"nofollow\" href=\"https:\/\/t.co\/KjEFS5VR6G\">pic.twitter.com\/kjefs5vr6g<\/a><\/p>\n<p>&#8211; FC Bayern M\u00fcnchen (@fcbayern) <a rel=\"nofollow\" href=\"https:\/\/twitter.com\/FCBayern\/status\/1927983389983834533?ref_src=twsrc%5Etfw\">29 mai 2025<\/a>\n<\/p><\/blockquote>\n<h2 class=\"k3\">Le Bayern confirme \u00ab\u00a0l&#39;ajout important\u00a0\u00bb de TAH sur l&#39;accord de quatre ans<\/h2>\n<p>R\u00e9agissant \u00e0 l&#39;arriv\u00e9e du d\u00e9fenseur, le PDG du Bayern <strong class=\"autotag\">Jan-chr\u00e9tien Dreesen<\/strong> a d\u00e9clar\u00e9: \u00ab\u00a0Nous sommes ravis d&#39;accueillir Jonathan Tah au FC Bayern. En tant qu&#39;international et leader exp\u00e9riment\u00e9, il apporte la coh\u00e9rence et la qualit\u00e9 qui renforceront notre d\u00e9fense. C&#39;est un v\u00e9ritable gain pour nous &#8211; et il a \u00e9galement prouv\u00e9 qu&#39;il peut gagner des titres.<\/p>\n<p>Membre du conseil d&#39;administration pour Sport <strong class=\"autotag\">Max Eberl<\/strong>a ajout\u00e9: \u00ab\u00a0Ce n&#39;est un secret pour personne que nous avons eu Jonathan Tah sur notre radar depuis longtemps. Nous appr\u00e9cions sa qualit\u00e9: c&#39;est un personnage qui assume la responsabilit\u00e9. Jonathan a eu beaucoup d&#39;offres mais a choisi le FC Bayern, ce qui nous pla\u00eet beaucoup.\u00a0\u00bb<\/p>\n<p>Directeur sportif <strong class=\"autotag\">Christoph Freund<\/strong>Suite \u00ab\u00a0Dans Jonathan Tah, nous avons acquis un joueur avec une exp\u00e9rience et une qualit\u00e9 internationales, qui n&#39;auront pas besoin de beaucoup de temps pour s&#39;\u00e9tablir pour notre d\u00e9fense. Il sera un ajout bon et important pour nous avec ses qualit\u00e9s techniques ainsi que sa mani\u00e8re et la fa\u00e7on dont il dirige.\u00a0\u00bb<\/p>\n<p>Tah est devenu la deuxi\u00e8me signature du Bayern de l&#39;\u00e9t\u00e9 apr\u00e8s un milieu de terrain adolescent <strong class=\"autotag\">Tom Bischof<\/strong>qui a accept\u00e9 de rejoindre <strong class=\"autotag\">Vincent Kompany<\/strong>C\u00f4t\u00e9 janvier, lorsque son contrat \u00e0 Hoffenheim expire le mois prochain.<\/p>\n<p>Apr\u00e8s avoir aid\u00e9 Leverkusen \u00e0 remporter son tout premier titre de Bundesliga dans une remarquable saison des \u00ab\u00a0 Invincibles &#39;&#39; en 2023-24, Tah rejoint maintenant les champions allemands de haut niveau en titre qui <strong>termin\u00e9 13 points clairs<\/strong> de Die Werkself pour atteindre le classement 2024-25.<\/p>\n<p>L&#39;arriv\u00e9e de Tah intervient apr\u00e8s le d\u00e9part de <strong class=\"autotag\">Eric Dier<\/strong>qui a termin\u00e9 un passage au Ligue 1 Club Monaco, et il devrait rivaliser avec ses coll\u00e8gues d\u00e9fenseurs centraux <strong class=\"autotag\">Dayot upamecano<\/strong>, <strong class=\"autotag\">Kim Min-jae<\/strong> et <strong class=\"autotag\">Hiroki ito<\/strong> Pour les d\u00e9parts r\u00e9guliers sous Kompany la saison prochaine.<\/p>\n<div class=\"author_box\">\n<div class=\"author_box_banner\">\n<\/div>\n<\/div>\n<\/div>\n<p><script async src=\"https:\/\/platform.twitter.com\/widgets.js\" charset=\"utf-8\"><\/script><\/p>\n","protected":false},"excerpt":{"rendered":"<p>Le Bayern Munich compl\u00e8te la signature du d\u00e9fenseur Jonathan Tah sur un transfert gratuit des rivaux de Bundesliga Bayer Leverkusen. Bayern Munich ont termin\u00e9 la<\/p>\n","protected":false},"author":1,"featured_media":24693,"comment_status":"closed","ping_status":"","sticky":false,"template":"","format":"standard","meta":{"footnotes":""},"categories":[5],"tags":[318,340,9438,40,1218,4968,1801,3236,5431,9439,341,920,5972,2205,700,5430],"yoast_head":"<!-- This site is optimized with the Yoast SEO plugin v21.0 - https:\/\/yoast.com\/wordpress\/plugins\/seo\/ -->\n<title>Num\u00e9ro de chemise du Bayern Munich de Jonathan Tah, Longueur du contrat confirm\u00e9 alors que Vincent Kompany termine le deuxi\u00e8me transfert d&#039;\u00e9t\u00e9<\/title>\n<meta name=\"robots\" content=\"index, follow, max-snippet:-1, max-image-preview:large, max-video-preview:-1\" \/>\n<link rel=\"canonical\" href=\"https:\/\/footdavant.fr\/actualites\/numero-de-chemise-du-bayern-munich-de-jonathan-tah-longueur-du-contrat-confirme-alors-que-vincent-kompany-termine-le-deuxieme-transfert-dete\/\" \/>\n<meta property=\"og:locale\" content=\"fr_FR\" \/>\n<meta property=\"og:type\" content=\"article\" \/>\n<meta property=\"og:title\" content=\"Num\u00e9ro de chemise du Bayern Munich de Jonathan Tah, Longueur du contrat confirm\u00e9 alors que Vincent Kompany termine le deuxi\u00e8me transfert d&#039;\u00e9t\u00e9\" \/>\n<meta property=\"og:description\" content=\"Le Bayern Munich compl\u00e8te la signature du d\u00e9fenseur Jonathan Tah sur un transfert gratuit des rivaux de Bundesliga Bayer Leverkusen. Bayern Munich ont termin\u00e9 la\" \/>\n<meta property=\"og:url\" content=\"https:\/\/footdavant.fr\/actualites\/numero-de-chemise-du-bayern-munich-de-jonathan-tah-longueur-du-contrat-confirme-alors-que-vincent-kompany-termine-le-deuxieme-transfert-dete\/\" \/>\n<meta property=\"og:site_name\" content=\"Foot d&#039;avant\" \/>\n<meta property=\"article:publisher\" content=\"https:\/\/www.facebook.com\/Footdavant\/\" \/>\n<meta property=\"article:published_time\" content=\"2025-06-04T09:48:11+00:00\" \/>\n<meta property=\"article:modified_time\" content=\"2025-06-04T09:48:12+00:00\" \/>\n<meta property=\"og:image\" content=\"https:\/\/footdavant.fr\/actualites\/wp-content\/uploads\/2025\/06\/Numero-de-chemise-du-Bayern-Munich-de-Jonathan-Tah-Longueur.jpg\" \/>\n\t<meta property=\"og:image:width\" content=\"100\" \/>\n\t<meta property=\"og:image:height\" content=\"120\" \/>\n\t<meta property=\"og:image:type\" content=\"image\/jpeg\" \/>\n<meta name=\"author\" content=\"Cl\u00e9ment\" \/>\n<meta name=\"twitter:card\" content=\"summary_large_image\" \/>\n<meta name=\"twitter:creator\" content=\"@FootdavantFr\" \/>\n<meta name=\"twitter:site\" content=\"@FootdavantFr\" \/>\n<meta name=\"twitter:label1\" content=\"\u00c9crit par\" \/>\n\t<meta name=\"twitter:data1\" content=\"Cl\u00e9ment\" \/>\n\t<meta name=\"twitter:label2\" content=\"Dur\u00e9e de lecture estim\u00e9e\" \/>\n\t<meta name=\"twitter:data2\" content=\"3 minutes\" \/>\n<script type=\"application\/ld+json\" class=\"yoast-schema-graph\">{\"@context\":\"https:\/\/schema.org\",\"@graph\":[{\"@type\":\"Article\",\"@id\":\"https:\/\/footdavant.fr\/actualites\/numero-de-chemise-du-bayern-munich-de-jonathan-tah-longueur-du-contrat-confirme-alors-que-vincent-kompany-termine-le-deuxieme-transfert-dete\/#article\",\"isPartOf\":{\"@id\":\"https:\/\/footdavant.fr\/actualites\/numero-de-chemise-du-bayern-munich-de-jonathan-tah-longueur-du-contrat-confirme-alors-que-vincent-kompany-termine-le-deuxieme-transfert-dete\/\"},\"author\":{\"name\":\"Cl\u00e9ment\",\"@id\":\"https:\/\/footdavant.fr\/actualites\/#\/schema\/person\/bc222566d95871b37e597b3ed3ba5e1d\"},\"headline\":\"Num\u00e9ro de chemise du Bayern Munich de Jonathan Tah, Longueur du contrat confirm\u00e9 alors que Vincent Kompany termine le deuxi\u00e8me transfert d&#39;\u00e9t\u00e9\",\"datePublished\":\"2025-06-04T09:48:11+00:00\",\"dateModified\":\"2025-06-04T09:48:12+00:00\",\"mainEntityOfPage\":{\"@id\":\"https:\/\/footdavant.fr\/actualites\/numero-de-chemise-du-bayern-munich-de-jonathan-tah-longueur-du-contrat-confirme-alors-que-vincent-kompany-termine-le-deuxieme-transfert-dete\/\"},\"wordCount\":609,\"publisher\":{\"@id\":\"https:\/\/footdavant.fr\/actualites\/#organization\"},\"keywords\":[\"alors\",\"Bayern\",\"chemise\",\"confirme\",\"contrat\",\"d39\u00e9t\u00e9\",\"deuxi\u00e8me\",\"Jonathan\",\"Kompany\",\"Longueur\",\"Munich\",\"num\u00e9ro\",\"Tah\",\"termine\",\"transfert\",\"Vincent\"],\"articleSection\":[\"Premier League\"],\"inLanguage\":\"fr-FR\"},{\"@type\":\"WebPage\",\"@id\":\"https:\/\/footdavant.fr\/actualites\/numero-de-chemise-du-bayern-munich-de-jonathan-tah-longueur-du-contrat-confirme-alors-que-vincent-kompany-termine-le-deuxieme-transfert-dete\/\",\"url\":\"https:\/\/footdavant.fr\/actualites\/numero-de-chemise-du-bayern-munich-de-jonathan-tah-longueur-du-contrat-confirme-alors-que-vincent-kompany-termine-le-deuxieme-transfert-dete\/\",\"name\":\"Num\u00e9ro de chemise du Bayern Munich de Jonathan Tah, Longueur du contrat confirm\u00e9 alors que Vincent Kompany termine le deuxi\u00e8me transfert d&#39;\u00e9t\u00e9\",\"isPartOf\":{\"@id\":\"https:\/\/footdavant.fr\/actualites\/#website\"},\"datePublished\":\"2025-06-04T09:48:11+00:00\",\"dateModified\":\"2025-06-04T09:48:12+00:00\",\"breadcrumb\":{\"@id\":\"https:\/\/footdavant.fr\/actualites\/numero-de-chemise-du-bayern-munich-de-jonathan-tah-longueur-du-contrat-confirme-alors-que-vincent-kompany-termine-le-deuxieme-transfert-dete\/#breadcrumb\"},\"inLanguage\":\"fr-FR\",\"potentialAction\":[{\"@type\":\"ReadAction\",\"target\":[\"https:\/\/footdavant.fr\/actualites\/numero-de-chemise-du-bayern-munich-de-jonathan-tah-longueur-du-contrat-confirme-alors-que-vincent-kompany-termine-le-deuxieme-transfert-dete\/\"]}]},{\"@type\":\"BreadcrumbList\",\"@id\":\"https:\/\/footdavant.fr\/actualites\/numero-de-chemise-du-bayern-munich-de-jonathan-tah-longueur-du-contrat-confirme-alors-que-vincent-kompany-termine-le-deuxieme-transfert-dete\/#breadcrumb\",\"itemListElement\":[{\"@type\":\"ListItem\",\"position\":1,\"name\":\"Accueil\",\"item\":\"https:\/\/footdavant.fr\/actualites\/\"},{\"@type\":\"ListItem\",\"position\":2,\"name\":\"Num\u00e9ro de chemise du Bayern Munich de Jonathan Tah, Longueur du contrat confirm\u00e9 alors que Vincent Kompany termine le deuxi\u00e8me transfert d&#39;\u00e9t\u00e9\"}]},{\"@type\":\"WebSite\",\"@id\":\"https:\/\/footdavant.fr\/actualites\/#website\",\"url\":\"https:\/\/footdavant.fr\/actualites\/\",\"name\":\"Foot d'avant\",\"description\":\"\",\"publisher\":{\"@id\":\"https:\/\/footdavant.fr\/actualites\/#organization\"},\"potentialAction\":[{\"@type\":\"SearchAction\",\"target\":{\"@type\":\"EntryPoint\",\"urlTemplate\":\"https:\/\/footdavant.fr\/actualites\/?s={search_term_string}\"},\"query-input\":\"required name=search_term_string\"}],\"inLanguage\":\"fr-FR\"},{\"@type\":\"Organization\",\"@id\":\"https:\/\/footdavant.fr\/actualites\/#organization\",\"name\":\"Foot d'avant\",\"url\":\"https:\/\/footdavant.fr\/actualites\/\",\"logo\":{\"@type\":\"ImageObject\",\"inLanguage\":\"fr-FR\",\"@id\":\"https:\/\/footdavant.fr\/actualites\/#\/schema\/logo\/image\/\",\"url\":\"https:\/\/footdavant.fr\/actualites\/wp-content\/uploads\/2023\/09\/Copy-of-FootDavant-Logo.png\",\"contentUrl\":\"https:\/\/footdavant.fr\/actualites\/wp-content\/uploads\/2023\/09\/Copy-of-FootDavant-Logo.png\",\"width\":936,\"height\":549,\"caption\":\"Foot d'avant\"},\"image\":{\"@id\":\"https:\/\/footdavant.fr\/actualites\/#\/schema\/logo\/image\/\"},\"sameAs\":[\"https:\/\/www.facebook.com\/Footdavant\/\",\"https:\/\/twitter.com\/FootdavantFr\",\"https:\/\/www.instagram.com\/footdavant.fr\/\"]},{\"@type\":\"Person\",\"@id\":\"https:\/\/footdavant.fr\/actualites\/#\/schema\/person\/bc222566d95871b37e597b3ed3ba5e1d\",\"name\":\"Cl\u00e9ment\",\"image\":{\"@type\":\"ImageObject\",\"inLanguage\":\"fr-FR\",\"@id\":\"https:\/\/footdavant.fr\/actualites\/#\/schema\/person\/image\/\",\"url\":\"https:\/\/secure.gravatar.com\/avatar\/7728b29aac2719421e1a9159b2254c44?s=96&d=mm&r=g\",\"contentUrl\":\"https:\/\/secure.gravatar.com\/avatar\/7728b29aac2719421e1a9159b2254c44?s=96&d=mm&r=g\",\"caption\":\"Cl\u00e9ment\"},\"sameAs\":[\"https:\/\/footdavant.fr\/\"]}]}<\/script>\n<!-- \/ Yoast SEO plugin. -->","yoast_head_json":{"title":"Num\u00e9ro de chemise du Bayern Munich de Jonathan Tah, Longueur du contrat confirm\u00e9 alors que Vincent Kompany termine le deuxi\u00e8me transfert d&#39;\u00e9t\u00e9","robots":{"index":"index","follow":"follow","max-snippet":"max-snippet:-1","max-image-preview":"max-image-preview:large","max-video-preview":"max-video-preview:-1"},"canonical":"https:\/\/footdavant.fr\/actualites\/numero-de-chemise-du-bayern-munich-de-jonathan-tah-longueur-du-contrat-confirme-alors-que-vincent-kompany-termine-le-deuxieme-transfert-dete\/","og_locale":"fr_FR","og_type":"article","og_title":"Num\u00e9ro de chemise du Bayern Munich de Jonathan Tah, Longueur du contrat confirm\u00e9 alors que Vincent Kompany termine le deuxi\u00e8me transfert d&#39;\u00e9t\u00e9","og_description":"Le Bayern Munich compl\u00e8te la signature du d\u00e9fenseur Jonathan Tah sur un transfert gratuit des rivaux de Bundesliga Bayer Leverkusen. Bayern Munich ont termin\u00e9 la","og_url":"https:\/\/footdavant.fr\/actualites\/numero-de-chemise-du-bayern-munich-de-jonathan-tah-longueur-du-contrat-confirme-alors-que-vincent-kompany-termine-le-deuxieme-transfert-dete\/","og_site_name":"Foot d&#039;avant","article_publisher":"https:\/\/www.facebook.com\/Footdavant\/","article_published_time":"2025-06-04T09:48:11+00:00","article_modified_time":"2025-06-04T09:48:12+00:00","og_image":[{"width":100,"height":120,"url":"https:\/\/footdavant.fr\/actualites\/wp-content\/uploads\/2025\/06\/Numero-de-chemise-du-Bayern-Munich-de-Jonathan-Tah-Longueur.jpg","type":"image\/jpeg"}],"author":"Cl\u00e9ment","twitter_card":"summary_large_image","twitter_creator":"@FootdavantFr","twitter_site":"@FootdavantFr","twitter_misc":{"\u00c9crit par":"Cl\u00e9ment","Dur\u00e9e de lecture estim\u00e9e":"3 minutes"},"schema":{"@context":"https:\/\/schema.org","@graph":[{"@type":"Article","@id":"https:\/\/footdavant.fr\/actualites\/numero-de-chemise-du-bayern-munich-de-jonathan-tah-longueur-du-contrat-confirme-alors-que-vincent-kompany-termine-le-deuxieme-transfert-dete\/#article","isPartOf":{"@id":"https:\/\/footdavant.fr\/actualites\/numero-de-chemise-du-bayern-munich-de-jonathan-tah-longueur-du-contrat-confirme-alors-que-vincent-kompany-termine-le-deuxieme-transfert-dete\/"},"author":{"name":"Cl\u00e9ment","@id":"https:\/\/footdavant.fr\/actualites\/#\/schema\/person\/bc222566d95871b37e597b3ed3ba5e1d"},"headline":"Num\u00e9ro de chemise du Bayern Munich de Jonathan Tah, Longueur du contrat confirm\u00e9 alors que Vincent Kompany termine le deuxi\u00e8me transfert d&#39;\u00e9t\u00e9","datePublished":"2025-06-04T09:48:11+00:00","dateModified":"2025-06-04T09:48:12+00:00","mainEntityOfPage":{"@id":"https:\/\/footdavant.fr\/actualites\/numero-de-chemise-du-bayern-munich-de-jonathan-tah-longueur-du-contrat-confirme-alors-que-vincent-kompany-termine-le-deuxieme-transfert-dete\/"},"wordCount":609,"publisher":{"@id":"https:\/\/footdavant.fr\/actualites\/#organization"},"keywords":["alors","Bayern","chemise","confirme","contrat","d39\u00e9t\u00e9","deuxi\u00e8me","Jonathan","Kompany","Longueur","Munich","num\u00e9ro","Tah","termine","transfert","Vincent"],"articleSection":["Premier League"],"inLanguage":"fr-FR"},{"@type":"WebPage","@id":"https:\/\/footdavant.fr\/actualites\/numero-de-chemise-du-bayern-munich-de-jonathan-tah-longueur-du-contrat-confirme-alors-que-vincent-kompany-termine-le-deuxieme-transfert-dete\/","url":"https:\/\/footdavant.fr\/actualites\/numero-de-chemise-du-bayern-munich-de-jonathan-tah-longueur-du-contrat-confirme-alors-que-vincent-kompany-termine-le-deuxieme-transfert-dete\/","name":"Num\u00e9ro de chemise du Bayern Munich de Jonathan Tah, Longueur du contrat confirm\u00e9 alors que Vincent Kompany termine le deuxi\u00e8me transfert d&#39;\u00e9t\u00e9","isPartOf":{"@id":"https:\/\/footdavant.fr\/actualites\/#website"},"datePublished":"2025-06-04T09:48:11+00:00","dateModified":"2025-06-04T09:48:12+00:00","breadcrumb":{"@id":"https:\/\/footdavant.fr\/actualites\/numero-de-chemise-du-bayern-munich-de-jonathan-tah-longueur-du-contrat-confirme-alors-que-vincent-kompany-termine-le-deuxieme-transfert-dete\/#breadcrumb"},"inLanguage":"fr-FR","potentialAction":[{"@type":"ReadAction","target":["https:\/\/footdavant.fr\/actualites\/numero-de-chemise-du-bayern-munich-de-jonathan-tah-longueur-du-contrat-confirme-alors-que-vincent-kompany-termine-le-deuxieme-transfert-dete\/"]}]},{"@type":"BreadcrumbList","@id":"https:\/\/footdavant.fr\/actualites\/numero-de-chemise-du-bayern-munich-de-jonathan-tah-longueur-du-contrat-confirme-alors-que-vincent-kompany-termine-le-deuxieme-transfert-dete\/#breadcrumb","itemListElement":[{"@type":"ListItem","position":1,"name":"Accueil","item":"https:\/\/footdavant.fr\/actualites\/"},{"@type":"ListItem","position":2,"name":"Num\u00e9ro de chemise du Bayern Munich de Jonathan Tah, Longueur du contrat confirm\u00e9 alors que Vincent Kompany termine le deuxi\u00e8me transfert d&#39;\u00e9t\u00e9"}]},{"@type":"WebSite","@id":"https:\/\/footdavant.fr\/actualites\/#website","url":"https:\/\/footdavant.fr\/actualites\/","name":"Foot d'avant","description":"","publisher":{"@id":"https:\/\/footdavant.fr\/actualites\/#organization"},"potentialAction":[{"@type":"SearchAction","target":{"@type":"EntryPoint","urlTemplate":"https:\/\/footdavant.fr\/actualites\/?s={search_term_string}"},"query-input":"required name=search_term_string"}],"inLanguage":"fr-FR"},{"@type":"Organization","@id":"https:\/\/footdavant.fr\/actualites\/#organization","name":"Foot d'avant","url":"https:\/\/footdavant.fr\/actualites\/","logo":{"@type":"ImageObject","inLanguage":"fr-FR","@id":"https:\/\/footdavant.fr\/actualites\/#\/schema\/logo\/image\/","url":"https:\/\/footdavant.fr\/actualites\/wp-content\/uploads\/2023\/09\/Copy-of-FootDavant-Logo.png","contentUrl":"https:\/\/footdavant.fr\/actualites\/wp-content\/uploads\/2023\/09\/Copy-of-FootDavant-Logo.png","width":936,"height":549,"caption":"Foot d'avant"},"image":{"@id":"https:\/\/footdavant.fr\/actualites\/#\/schema\/logo\/image\/"},"sameAs":["https:\/\/www.facebook.com\/Footdavant\/","https:\/\/twitter.com\/FootdavantFr","https:\/\/www.instagram.com\/footdavant.fr\/"]},{"@type":"Person","@id":"https:\/\/footdavant.fr\/actualites\/#\/schema\/person\/bc222566d95871b37e597b3ed3ba5e1d","name":"Cl\u00e9ment","image":{"@type":"ImageObject","inLanguage":"fr-FR","@id":"https:\/\/footdavant.fr\/actualites\/#\/schema\/person\/image\/","url":"https:\/\/secure.gravatar.com\/avatar\/7728b29aac2719421e1a9159b2254c44?s=96&d=mm&r=g","contentUrl":"https:\/\/secure.gravatar.com\/avatar\/7728b29aac2719421e1a9159b2254c44?s=96&d=mm&r=g","caption":"Cl\u00e9ment"},"sameAs":["https:\/\/footdavant.fr\/"]}]}},"_links":{"self":[{"href":"https:\/\/footdavant.fr\/actualites\/wp-json\/wp\/v2\/posts\/24692"}],"collection":[{"href":"https:\/\/footdavant.fr\/actualites\/wp-json\/wp\/v2\/posts"}],"about":[{"href":"https:\/\/footdavant.fr\/actualites\/wp-json\/wp\/v2\/types\/post"}],"author":[{"embeddable":true,"href":"https:\/\/footdavant.fr\/actualites\/wp-json\/wp\/v2\/users\/1"}],"replies":[{"embeddable":true,"href":"https:\/\/footdavant.fr\/actualites\/wp-json\/wp\/v2\/comments?post=24692"}],"version-history":[{"count":1,"href":"https:\/\/footdavant.fr\/actualites\/wp-json\/wp\/v2\/posts\/24692\/revisions"}],"predecessor-version":[{"id":24694,"href":"https:\/\/footdavant.fr\/actualites\/wp-json\/wp\/v2\/posts\/24692\/revisions\/24694"}],"wp:featuredmedia":[{"embeddable":true,"href":"https:\/\/footdavant.fr\/actualites\/wp-json\/wp\/v2\/media\/24693"}],"wp:attachment":[{"href":"https:\/\/footdavant.fr\/actualites\/wp-json\/wp\/v2\/media?parent=24692"}],"wp:term":[{"taxonomy":"category","embeddable":true,"href":"https:\/\/footdavant.fr\/actualites\/wp-json\/wp\/v2\/categories?post=24692"},{"taxonomy":"post_tag","embeddable":true,"href":"https:\/\/footdavant.fr\/actualites\/wp-json\/wp\/v2\/tags?post=24692"}],"curies":[{"name":"wp","href":"https:\/\/api.w.org\/{rel}","templated":true}]}}