{"id":24696,"date":"2025-06-04T15:48:05","date_gmt":"2025-06-04T13:48:05","guid":{"rendered":"https:\/\/footdavant.fr\/actualites\/chelsea-transfer-news-liam-delap-lie-a-manchester-penche-vers-le-passage-au-geant-de-la-premier-league\/"},"modified":"2025-06-04T15:48:06","modified_gmt":"2025-06-04T13:48:06","slug":"chelsea-transfer-news-liam-delap-lie-a-manchester-penche-vers-le-passage-au-geant-de-la-premier-league","status":"publish","type":"post","link":"https:\/\/footdavant.fr\/actualites\/chelsea-transfer-news-liam-delap-lie-a-manchester-penche-vers-le-passage-au-geant-de-la-premier-league\/","title":{"rendered":"Chelsea Transfer News: Liam Delap li\u00e9 \u00e0 Manchester \u00ab\u00a0 pench\u00e9 &#39;&#39; vers le passage au g\u00e9ant de la Premier League"},"content":{"rendered":"<p>L&#39;attaquant d&#39;Ipswich Town Liam Delap &#8211; qui a \u00e9t\u00e9 li\u00e9 \u00e0 Chelsea et Manchester United &#8211; se serait \u00abpench\u00e9\u00bb vers un d\u00e9m\u00e9nagement dans l&#39;un de ces clubs.<\/p>\n<div id=\"article_body\" itemprop=\"articleBody\">\n<h3 class=\"firstPara\">\n<strong class=\"autotag\">Ville d&#39;Ipswich<\/strong> avant <strong class=\"autotag\">Liam Delap<\/strong> serait pr\u00eat \u00e0 donner le feu vert \u00e0 un passage \u00e0 soit <strong class=\"autotag\">Ch\u00e9lat<\/strong> ou <strong class=\"autotag\">Manchester United<\/strong>.<\/h3>\n<p>Une clause de 30 millions de livres sterling ayant \u00e9t\u00e9 activ\u00e9e avec l&#39;aimable autorisation de la rel\u00e9gation d&#39;Ipswich de la Premier League, Delap est recherch\u00e9 par un \u00e9ventail de clubs de haut niveau.<\/p>\n<p>Le retour du joueur de 22 ans de 12 buts et deux passes d\u00e9cisives de 32 d\u00e9parts et cinq sorties de rempla\u00e7ants lors de sa toute premi\u00e8re campagne de Premier League ont impressionn\u00e9 un certain nombre d&#39;\u00e9quipes de haut niveau.<\/p>\n<p>Depuis plusieurs semaines, la suggestion a \u00e9t\u00e9 que Man United \u00e9tait sa destination pr\u00e9f\u00e9r\u00e9e, un facteur majeur \u00e9tant son temps pr\u00e9c\u00e9dent pass\u00e9 dans cette r\u00e9gion du pays avec Manchester City.<\/p>\n<p>Selon <em>talksport<\/em>Delap a chang\u00e9 de c\u0153ur et a d\u00e9cid\u00e9 de d\u00e9m\u00e9nager \u00e0 Chelsea.<\/p>\n<p class=\"imgI\">\n<h2 class=\"k3\">Delap amorc\u00e9 pour l&#39;interrupteur de Bridge Stamford<\/h2>\n<p>Le rapport all\u00e8gue que Delap est pr\u00eat \u00e0 donner le feu vert \u00e0 un d\u00e9m\u00e9nagement dans l&#39;ouest de Londres et \u00e0 se retrouver avec <strong class=\"autotag\">Enzo Maresca<\/strong>un ancien entra\u00eeneur du syst\u00e8me Academy de Manchester City.<\/p>\n<p>Chelsea assurant le football en Ligue des champions pour la saison prochaine &#8211; lorsque United n&#39;aura pas d&#39;action continentale sur son calendrier &#8211; a apparemment jou\u00e9 son r\u00f4le dans la convaincre de l&#39;Anglais de d\u00e9m\u00e9nager dans la capitale.<\/p>\n<p>Delap avait apparemment pris la d\u00e9cision avant <strong>Chelsea soulevant le troph\u00e9e de la ligue de conf\u00e9rence<\/strong> Avec une victoire 4-1 sur Real Betis mercredi soir.<\/p>\n<p>Alors que <strong class=\"autotag\">Newcastle United<\/strong> et <strong class=\"autotag\">Everton<\/strong> On a \u00e9galement dit que la surveillance des d\u00e9veloppements, ce dernier connu pour avoir eu des entretiens avec les Toffees, ils \u00e9taient toujours des \u00e9trangers dans la course.<\/p>\n<p class=\"imgI\"><img decoding=\"async\" loading=\"lazy\" class=\"l\" src=\"https:\/\/footdavant.fr\/actualites\/wp-content\/uploads\/2025\/06\/1749044885_810_Chelsea-Transfer-News-Liam-Delap-lie-a-Manchester-penche.jpg\" title=\"L&#39;entra\u00eeneur-chef de Chelsea, Enzo Maresca, apr\u00e8s la finale de la ligue de conf\u00e9rence en 2025.\" alt=\"L&#39;entra\u00eeneur-chef de Chelsea, Enzo Maresca, apr\u00e8s la finale de la ligue de conf\u00e9rence en 2025.\" width=\"640\" height=\"480\"><\/p>\n<h2 class=\"k3\">Ajuster le mod\u00e8le de Chelsea<\/h2>\n<p>Bien que Delap ait \u00e9merg\u00e9 comme l&#39;un des meilleurs jeunes attaquants de la Premier League cette saison, il a encore beaucoup \u00e0 prouver \u00e0 long terme.<\/p>\n<p>C&#39;est toujours un joueur qui n&#39;a marqu\u00e9 que 25 fois dans sa carri\u00e8re professionnelle, plus de la moiti\u00e9 de ses apparitions arrivant dans le championnat.<\/p>\n<p>D&#39;un autre c\u00f4t\u00e9, Delap correspond au profil du joueur dont Chelsea a envie, un joueur physiquement imposant qui a la capacit\u00e9 d&#39;\u00eatre clinique dans le dernier tiers.<\/p>\n<p>M\u00eame si Delap signe sur la ligne pointill\u00e9e, Chelsea peut rester sur le march\u00e9 pour un autre attaquant, mais l&#39;attente actuelle est que l&#39;international d&#39;Angleterre des moins de 21 ans rivalise avec <strong class=\"autotag\">Nicolas Jackson<\/strong> et <strong class=\"autotag\">Marc Guiu<\/strong> pour une place de d\u00e9part.<\/p>\n<div class=\"author_box\">\n<div class=\"author_box_banner\">\n<img decoding=\"async\" class=\"author_img\" src=\"https:\/\/footdavant.fr\/actualites\/wp-content\/uploads\/2025\/06\/1749044885_33_Chelsea-Transfer-News-Liam-Delap-lie-a-Manchester-penche.jpg\"><\/p>\n<\/div>\n<\/div>\n<\/div>\n","protected":false},"excerpt":{"rendered":"<p>L&#39;attaquant d&#39;Ipswich Town Liam Delap &#8211; qui a \u00e9t\u00e9 li\u00e9 \u00e0 Chelsea et Manchester United &#8211; se serait \u00abpench\u00e9\u00bb vers un d\u00e9m\u00e9nagement dans l&#39;un de<\/p>\n","protected":false},"author":1,"featured_media":24697,"comment_status":"closed","ping_status":"","sticky":false,"template":"","format":"standard","meta":{"footnotes":""},"categories":[5],"tags":[171,5458,4345,202,5457,301,11,409,3632,2229,201,2732,297],"yoast_head":"<!-- This site is optimized with the Yoast SEO plugin v21.0 - https:\/\/yoast.com\/wordpress\/plugins\/seo\/ -->\n<title>Chelsea Transfer News: Liam Delap li\u00e9 \u00e0 Manchester `` pench\u00e9 &#039;&#039; vers le passage au g\u00e9ant de la Premier League<\/title>\n<meta name=\"robots\" content=\"index, follow, max-snippet:-1, max-image-preview:large, max-video-preview:-1\" \/>\n<link rel=\"canonical\" href=\"https:\/\/footdavant.fr\/actualites\/chelsea-transfer-news-liam-delap-lie-a-manchester-penche-vers-le-passage-au-geant-de-la-premier-league\/\" \/>\n<meta property=\"og:locale\" content=\"fr_FR\" \/>\n<meta property=\"og:type\" content=\"article\" \/>\n<meta property=\"og:title\" content=\"Chelsea Transfer News: Liam Delap li\u00e9 \u00e0 Manchester `` pench\u00e9 &#039;&#039; vers le passage au g\u00e9ant de la Premier League\" \/>\n<meta property=\"og:description\" content=\"L&#039;attaquant d&#039;Ipswich Town Liam Delap &#8211; qui a \u00e9t\u00e9 li\u00e9 \u00e0 Chelsea et Manchester United &#8211; se serait \u00abpench\u00e9\u00bb vers un d\u00e9m\u00e9nagement dans l&#039;un de\" \/>\n<meta property=\"og:url\" content=\"https:\/\/footdavant.fr\/actualites\/chelsea-transfer-news-liam-delap-lie-a-manchester-penche-vers-le-passage-au-geant-de-la-premier-league\/\" \/>\n<meta property=\"og:site_name\" content=\"Foot d&#039;avant\" \/>\n<meta property=\"article:publisher\" content=\"https:\/\/www.facebook.com\/Footdavant\/\" \/>\n<meta property=\"article:published_time\" content=\"2025-06-04T13:48:05+00:00\" \/>\n<meta property=\"article:modified_time\" content=\"2025-06-04T13:48:06+00:00\" \/>\n<meta property=\"og:image\" content=\"https:\/\/footdavant.fr\/actualites\/wp-content\/uploads\/2025\/06\/Chelsea-Transfer-News-Liam-Delap-lie-a-Manchester-penche.jpg\" \/>\n\t<meta property=\"og:image:width\" content=\"640\" \/>\n\t<meta property=\"og:image:height\" content=\"480\" \/>\n\t<meta property=\"og:image:type\" content=\"image\/jpeg\" \/>\n<meta name=\"author\" content=\"Cl\u00e9ment\" \/>\n<meta name=\"twitter:card\" content=\"summary_large_image\" \/>\n<meta name=\"twitter:creator\" content=\"@FootdavantFr\" \/>\n<meta name=\"twitter:site\" content=\"@FootdavantFr\" \/>\n<meta name=\"twitter:label1\" content=\"\u00c9crit par\" \/>\n\t<meta name=\"twitter:data1\" content=\"Cl\u00e9ment\" \/>\n\t<meta name=\"twitter:label2\" content=\"Dur\u00e9e de lecture estim\u00e9e\" \/>\n\t<meta name=\"twitter:data2\" content=\"2 minutes\" \/>\n<script type=\"application\/ld+json\" class=\"yoast-schema-graph\">{\"@context\":\"https:\/\/schema.org\",\"@graph\":[{\"@type\":\"Article\",\"@id\":\"https:\/\/footdavant.fr\/actualites\/chelsea-transfer-news-liam-delap-lie-a-manchester-penche-vers-le-passage-au-geant-de-la-premier-league\/#article\",\"isPartOf\":{\"@id\":\"https:\/\/footdavant.fr\/actualites\/chelsea-transfer-news-liam-delap-lie-a-manchester-penche-vers-le-passage-au-geant-de-la-premier-league\/\"},\"author\":{\"name\":\"Cl\u00e9ment\",\"@id\":\"https:\/\/footdavant.fr\/actualites\/#\/schema\/person\/bc222566d95871b37e597b3ed3ba5e1d\"},\"headline\":\"Chelsea Transfer News: Liam Delap li\u00e9 \u00e0 Manchester \u00ab\u00a0 pench\u00e9 &#39;&#39; vers le passage au g\u00e9ant de la Premier League\",\"datePublished\":\"2025-06-04T13:48:05+00:00\",\"dateModified\":\"2025-06-04T13:48:06+00:00\",\"mainEntityOfPage\":{\"@id\":\"https:\/\/footdavant.fr\/actualites\/chelsea-transfer-news-liam-delap-lie-a-manchester-penche-vers-le-passage-au-geant-de-la-premier-league\/\"},\"wordCount\":488,\"publisher\":{\"@id\":\"https:\/\/footdavant.fr\/actualites\/#organization\"},\"keywords\":[\"Chelsea\",\"Delap\",\"g\u00e9ant\",\"League\",\"Liam\",\"li\u00e9\",\"Manchester\",\"News\",\"passage\",\"penche\",\"Premier\",\"Transfer\",\"vers\"],\"articleSection\":[\"Premier League\"],\"inLanguage\":\"fr-FR\"},{\"@type\":\"WebPage\",\"@id\":\"https:\/\/footdavant.fr\/actualites\/chelsea-transfer-news-liam-delap-lie-a-manchester-penche-vers-le-passage-au-geant-de-la-premier-league\/\",\"url\":\"https:\/\/footdavant.fr\/actualites\/chelsea-transfer-news-liam-delap-lie-a-manchester-penche-vers-le-passage-au-geant-de-la-premier-league\/\",\"name\":\"Chelsea Transfer News: Liam Delap li\u00e9 \u00e0 Manchester `` pench\u00e9 &#39;&#39; vers le passage au g\u00e9ant de la Premier League\",\"isPartOf\":{\"@id\":\"https:\/\/footdavant.fr\/actualites\/#website\"},\"datePublished\":\"2025-06-04T13:48:05+00:00\",\"dateModified\":\"2025-06-04T13:48:06+00:00\",\"breadcrumb\":{\"@id\":\"https:\/\/footdavant.fr\/actualites\/chelsea-transfer-news-liam-delap-lie-a-manchester-penche-vers-le-passage-au-geant-de-la-premier-league\/#breadcrumb\"},\"inLanguage\":\"fr-FR\",\"potentialAction\":[{\"@type\":\"ReadAction\",\"target\":[\"https:\/\/footdavant.fr\/actualites\/chelsea-transfer-news-liam-delap-lie-a-manchester-penche-vers-le-passage-au-geant-de-la-premier-league\/\"]}]},{\"@type\":\"BreadcrumbList\",\"@id\":\"https:\/\/footdavant.fr\/actualites\/chelsea-transfer-news-liam-delap-lie-a-manchester-penche-vers-le-passage-au-geant-de-la-premier-league\/#breadcrumb\",\"itemListElement\":[{\"@type\":\"ListItem\",\"position\":1,\"name\":\"Accueil\",\"item\":\"https:\/\/footdavant.fr\/actualites\/\"},{\"@type\":\"ListItem\",\"position\":2,\"name\":\"Chelsea Transfer News: Liam Delap li\u00e9 \u00e0 Manchester \u00ab\u00a0 pench\u00e9 &#39;&#39; vers le passage au g\u00e9ant de la Premier League\"}]},{\"@type\":\"WebSite\",\"@id\":\"https:\/\/footdavant.fr\/actualites\/#website\",\"url\":\"https:\/\/footdavant.fr\/actualites\/\",\"name\":\"Foot d'avant\",\"description\":\"\",\"publisher\":{\"@id\":\"https:\/\/footdavant.fr\/actualites\/#organization\"},\"potentialAction\":[{\"@type\":\"SearchAction\",\"target\":{\"@type\":\"EntryPoint\",\"urlTemplate\":\"https:\/\/footdavant.fr\/actualites\/?s={search_term_string}\"},\"query-input\":\"required name=search_term_string\"}],\"inLanguage\":\"fr-FR\"},{\"@type\":\"Organization\",\"@id\":\"https:\/\/footdavant.fr\/actualites\/#organization\",\"name\":\"Foot d'avant\",\"url\":\"https:\/\/footdavant.fr\/actualites\/\",\"logo\":{\"@type\":\"ImageObject\",\"inLanguage\":\"fr-FR\",\"@id\":\"https:\/\/footdavant.fr\/actualites\/#\/schema\/logo\/image\/\",\"url\":\"https:\/\/footdavant.fr\/actualites\/wp-content\/uploads\/2023\/09\/Copy-of-FootDavant-Logo.png\",\"contentUrl\":\"https:\/\/footdavant.fr\/actualites\/wp-content\/uploads\/2023\/09\/Copy-of-FootDavant-Logo.png\",\"width\":936,\"height\":549,\"caption\":\"Foot d'avant\"},\"image\":{\"@id\":\"https:\/\/footdavant.fr\/actualites\/#\/schema\/logo\/image\/\"},\"sameAs\":[\"https:\/\/www.facebook.com\/Footdavant\/\",\"https:\/\/twitter.com\/FootdavantFr\",\"https:\/\/www.instagram.com\/footdavant.fr\/\"]},{\"@type\":\"Person\",\"@id\":\"https:\/\/footdavant.fr\/actualites\/#\/schema\/person\/bc222566d95871b37e597b3ed3ba5e1d\",\"name\":\"Cl\u00e9ment\",\"image\":{\"@type\":\"ImageObject\",\"inLanguage\":\"fr-FR\",\"@id\":\"https:\/\/footdavant.fr\/actualites\/#\/schema\/person\/image\/\",\"url\":\"https:\/\/secure.gravatar.com\/avatar\/7728b29aac2719421e1a9159b2254c44?s=96&d=mm&r=g\",\"contentUrl\":\"https:\/\/secure.gravatar.com\/avatar\/7728b29aac2719421e1a9159b2254c44?s=96&d=mm&r=g\",\"caption\":\"Cl\u00e9ment\"},\"sameAs\":[\"https:\/\/footdavant.fr\/\"]}]}<\/script>\n<!-- \/ Yoast SEO plugin. -->","yoast_head_json":{"title":"Chelsea Transfer News: Liam Delap li\u00e9 \u00e0 Manchester `` pench\u00e9 &#39;&#39; vers le passage au g\u00e9ant de la Premier League","robots":{"index":"index","follow":"follow","max-snippet":"max-snippet:-1","max-image-preview":"max-image-preview:large","max-video-preview":"max-video-preview:-1"},"canonical":"https:\/\/footdavant.fr\/actualites\/chelsea-transfer-news-liam-delap-lie-a-manchester-penche-vers-le-passage-au-geant-de-la-premier-league\/","og_locale":"fr_FR","og_type":"article","og_title":"Chelsea Transfer News: Liam Delap li\u00e9 \u00e0 Manchester `` pench\u00e9 &#39;&#39; vers le passage au g\u00e9ant de la Premier League","og_description":"L&#39;attaquant d&#39;Ipswich Town Liam Delap &#8211; qui a \u00e9t\u00e9 li\u00e9 \u00e0 Chelsea et Manchester United &#8211; se serait \u00abpench\u00e9\u00bb vers un d\u00e9m\u00e9nagement dans l&#39;un de","og_url":"https:\/\/footdavant.fr\/actualites\/chelsea-transfer-news-liam-delap-lie-a-manchester-penche-vers-le-passage-au-geant-de-la-premier-league\/","og_site_name":"Foot d&#039;avant","article_publisher":"https:\/\/www.facebook.com\/Footdavant\/","article_published_time":"2025-06-04T13:48:05+00:00","article_modified_time":"2025-06-04T13:48:06+00:00","og_image":[{"width":640,"height":480,"url":"https:\/\/footdavant.fr\/actualites\/wp-content\/uploads\/2025\/06\/Chelsea-Transfer-News-Liam-Delap-lie-a-Manchester-penche.jpg","type":"image\/jpeg"}],"author":"Cl\u00e9ment","twitter_card":"summary_large_image","twitter_creator":"@FootdavantFr","twitter_site":"@FootdavantFr","twitter_misc":{"\u00c9crit par":"Cl\u00e9ment","Dur\u00e9e de lecture estim\u00e9e":"2 minutes"},"schema":{"@context":"https:\/\/schema.org","@graph":[{"@type":"Article","@id":"https:\/\/footdavant.fr\/actualites\/chelsea-transfer-news-liam-delap-lie-a-manchester-penche-vers-le-passage-au-geant-de-la-premier-league\/#article","isPartOf":{"@id":"https:\/\/footdavant.fr\/actualites\/chelsea-transfer-news-liam-delap-lie-a-manchester-penche-vers-le-passage-au-geant-de-la-premier-league\/"},"author":{"name":"Cl\u00e9ment","@id":"https:\/\/footdavant.fr\/actualites\/#\/schema\/person\/bc222566d95871b37e597b3ed3ba5e1d"},"headline":"Chelsea Transfer News: Liam Delap li\u00e9 \u00e0 Manchester \u00ab\u00a0 pench\u00e9 &#39;&#39; vers le passage au g\u00e9ant de la Premier League","datePublished":"2025-06-04T13:48:05+00:00","dateModified":"2025-06-04T13:48:06+00:00","mainEntityOfPage":{"@id":"https:\/\/footdavant.fr\/actualites\/chelsea-transfer-news-liam-delap-lie-a-manchester-penche-vers-le-passage-au-geant-de-la-premier-league\/"},"wordCount":488,"publisher":{"@id":"https:\/\/footdavant.fr\/actualites\/#organization"},"keywords":["Chelsea","Delap","g\u00e9ant","League","Liam","li\u00e9","Manchester","News","passage","penche","Premier","Transfer","vers"],"articleSection":["Premier League"],"inLanguage":"fr-FR"},{"@type":"WebPage","@id":"https:\/\/footdavant.fr\/actualites\/chelsea-transfer-news-liam-delap-lie-a-manchester-penche-vers-le-passage-au-geant-de-la-premier-league\/","url":"https:\/\/footdavant.fr\/actualites\/chelsea-transfer-news-liam-delap-lie-a-manchester-penche-vers-le-passage-au-geant-de-la-premier-league\/","name":"Chelsea Transfer News: Liam Delap li\u00e9 \u00e0 Manchester `` pench\u00e9 &#39;&#39; vers le passage au g\u00e9ant de la Premier League","isPartOf":{"@id":"https:\/\/footdavant.fr\/actualites\/#website"},"datePublished":"2025-06-04T13:48:05+00:00","dateModified":"2025-06-04T13:48:06+00:00","breadcrumb":{"@id":"https:\/\/footdavant.fr\/actualites\/chelsea-transfer-news-liam-delap-lie-a-manchester-penche-vers-le-passage-au-geant-de-la-premier-league\/#breadcrumb"},"inLanguage":"fr-FR","potentialAction":[{"@type":"ReadAction","target":["https:\/\/footdavant.fr\/actualites\/chelsea-transfer-news-liam-delap-lie-a-manchester-penche-vers-le-passage-au-geant-de-la-premier-league\/"]}]},{"@type":"BreadcrumbList","@id":"https:\/\/footdavant.fr\/actualites\/chelsea-transfer-news-liam-delap-lie-a-manchester-penche-vers-le-passage-au-geant-de-la-premier-league\/#breadcrumb","itemListElement":[{"@type":"ListItem","position":1,"name":"Accueil","item":"https:\/\/footdavant.fr\/actualites\/"},{"@type":"ListItem","position":2,"name":"Chelsea Transfer News: Liam Delap li\u00e9 \u00e0 Manchester \u00ab\u00a0 pench\u00e9 &#39;&#39; vers le passage au g\u00e9ant de la Premier League"}]},{"@type":"WebSite","@id":"https:\/\/footdavant.fr\/actualites\/#website","url":"https:\/\/footdavant.fr\/actualites\/","name":"Foot d'avant","description":"","publisher":{"@id":"https:\/\/footdavant.fr\/actualites\/#organization"},"potentialAction":[{"@type":"SearchAction","target":{"@type":"EntryPoint","urlTemplate":"https:\/\/footdavant.fr\/actualites\/?s={search_term_string}"},"query-input":"required name=search_term_string"}],"inLanguage":"fr-FR"},{"@type":"Organization","@id":"https:\/\/footdavant.fr\/actualites\/#organization","name":"Foot d'avant","url":"https:\/\/footdavant.fr\/actualites\/","logo":{"@type":"ImageObject","inLanguage":"fr-FR","@id":"https:\/\/footdavant.fr\/actualites\/#\/schema\/logo\/image\/","url":"https:\/\/footdavant.fr\/actualites\/wp-content\/uploads\/2023\/09\/Copy-of-FootDavant-Logo.png","contentUrl":"https:\/\/footdavant.fr\/actualites\/wp-content\/uploads\/2023\/09\/Copy-of-FootDavant-Logo.png","width":936,"height":549,"caption":"Foot d'avant"},"image":{"@id":"https:\/\/footdavant.fr\/actualites\/#\/schema\/logo\/image\/"},"sameAs":["https:\/\/www.facebook.com\/Footdavant\/","https:\/\/twitter.com\/FootdavantFr","https:\/\/www.instagram.com\/footdavant.fr\/"]},{"@type":"Person","@id":"https:\/\/footdavant.fr\/actualites\/#\/schema\/person\/bc222566d95871b37e597b3ed3ba5e1d","name":"Cl\u00e9ment","image":{"@type":"ImageObject","inLanguage":"fr-FR","@id":"https:\/\/footdavant.fr\/actualites\/#\/schema\/person\/image\/","url":"https:\/\/secure.gravatar.com\/avatar\/7728b29aac2719421e1a9159b2254c44?s=96&d=mm&r=g","contentUrl":"https:\/\/secure.gravatar.com\/avatar\/7728b29aac2719421e1a9159b2254c44?s=96&d=mm&r=g","caption":"Cl\u00e9ment"},"sameAs":["https:\/\/footdavant.fr\/"]}]}},"_links":{"self":[{"href":"https:\/\/footdavant.fr\/actualites\/wp-json\/wp\/v2\/posts\/24696"}],"collection":[{"href":"https:\/\/footdavant.fr\/actualites\/wp-json\/wp\/v2\/posts"}],"about":[{"href":"https:\/\/footdavant.fr\/actualites\/wp-json\/wp\/v2\/types\/post"}],"author":[{"embeddable":true,"href":"https:\/\/footdavant.fr\/actualites\/wp-json\/wp\/v2\/users\/1"}],"replies":[{"embeddable":true,"href":"https:\/\/footdavant.fr\/actualites\/wp-json\/wp\/v2\/comments?post=24696"}],"version-history":[{"count":1,"href":"https:\/\/footdavant.fr\/actualites\/wp-json\/wp\/v2\/posts\/24696\/revisions"}],"predecessor-version":[{"id":24698,"href":"https:\/\/footdavant.fr\/actualites\/wp-json\/wp\/v2\/posts\/24696\/revisions\/24698"}],"wp:featuredmedia":[{"embeddable":true,"href":"https:\/\/footdavant.fr\/actualites\/wp-json\/wp\/v2\/media\/24697"}],"wp:attachment":[{"href":"https:\/\/footdavant.fr\/actualites\/wp-json\/wp\/v2\/media?parent=24696"}],"wp:term":[{"taxonomy":"category","embeddable":true,"href":"https:\/\/footdavant.fr\/actualites\/wp-json\/wp\/v2\/categories?post=24696"},{"taxonomy":"post_tag","embeddable":true,"href":"https:\/\/footdavant.fr\/actualites\/wp-json\/wp\/v2\/tags?post=24696"}],"curies":[{"name":"wp","href":"https:\/\/api.w.org\/{rel}","templated":true}]}}