{"id":24713,"date":"2025-06-04T23:48:01","date_gmt":"2025-06-04T21:48:01","guid":{"rendered":"https:\/\/footdavant.fr\/actualites\/le-vainqueur-du-titre-exceptionnel-de-liverpool-se-prepare-a-rejoindre-pep-guardiola-a-man-city-in-shock-move\/"},"modified":"2025-06-04T23:48:03","modified_gmt":"2025-06-04T21:48:03","slug":"le-vainqueur-du-titre-exceptionnel-de-liverpool-se-prepare-a-rejoindre-pep-guardiola-a-man-city-in-shock-move","status":"publish","type":"post","link":"https:\/\/footdavant.fr\/actualites\/le-vainqueur-du-titre-exceptionnel-de-liverpool-se-prepare-a-rejoindre-pep-guardiola-a-man-city-in-shock-move\/","title":{"rendered":"Le vainqueur du titre \u00ab\u00a0exceptionnel\u00a0\u00bb de Liverpool \u00ab\u00a0se pr\u00e9pare \u00e0 rejoindre\u00a0\u00bb Pep Guardiola \u00e0 Man City in Shock Move"},"content":{"rendered":"<p>L&#39;ancien entra\u00eeneur adjoint de Liverpool, Pep Lijnders, serait pr\u00eat \u00e0 rejoindre le personnel d&#39;entra\u00eeneurs de Pep Guardiola \u00e0 Manchester City.<\/p>\n<div id=\"article_body\" itemprop=\"articleBody\">\n<h3 class=\"firstPara\">Ancien <strong class=\"autotag\">Liverpool<\/strong> entra\u00eeneur adjoint <strong class=\"autotag\">Pep lijnders<\/strong> serait sur le point d&#39;arriver \u00e0 <strong class=\"autotag\">MANCHESTER CITY<\/strong> faire partie de <strong class=\"autotag\">Pep guodiola<\/strong>le personnel d&#39;entra\u00eeneurs.<\/h3>\n<p>Les citoyens ont confirm\u00e9 plus t\u00f4t cette semaine que les entra\u00eeneurs adjoints <strong class=\"autotag\">Juanma Lillo<\/strong> et <strong class=\"autotag\">Inigo dominguez<\/strong> Va tous deux \u00e0 l&#39;expiration de leurs contrats cet \u00e9t\u00e9, tandis que <strong class=\"autotag\">Carlos Vicens<\/strong> a accept\u00e9 de devenir l&#39;entra\u00eeneur-chef de la partie portugaise Braga.<\/p>\n<p>Lillo, qui a exprim\u00e9 le d\u00e9sir de retourner dans son Espagne natale, a appr\u00e9ci\u00e9 deux sorts extr\u00eamement r\u00e9ussis \u00e0 Man City apr\u00e8s avoir initialement li\u00e9 l&#39;\u00e9quipe de Backroom en 2020.<\/p>\n<p>L&#39;homme de 59 ans a quitt\u00e9 les citoyens \u00e0 l&#39;\u00e9t\u00e9 2022 pour devenir entra\u00eeneur-chef du club qatari Al Sadd avant de retourner au stade Etihad en tant qu&#39;assistant en 2023.<\/p>\n<p>Quant \u00e0 Dominguez, il quittera City apr\u00e8s deux ans au club, tandis que Vicens s&#39;est joint en 2017 et m\u00e8nera les moins de 18 ans \u00e0 une Coupe des jeunes de la FA en 2020, avant de passer les quatre derni\u00e8res ann\u00e9es avec l&#39;\u00e9quipe de la premi\u00e8re \u00e9quipe de Guardiola.<\/p>\n<p class=\"imgI\">\n<h2 class=\"k3\">Pep pour rejoindre Pep &#8230; et Kolo pourrait retrouver City<\/h2>\n<p>Man City a d\u00e9clar\u00e9 dans un communiqu\u00e9 que les remplacements pour les trois entra\u00eeneurs \u00ab\u00a0seront annonc\u00e9s en temps voulu\u00a0\u00bb, et il semble que quelques-uns pourraient \u00eatre imminents.<\/p>\n<p>Selon le journaliste <strong class=\"autotag\">Fabrizio Romano<\/strong>l&#39;ancien homme de Liverpool Lijnders devrait faire partie du personnel d&#39;entra\u00eeneurs de Man City pour travailler sous Guardiola.<\/p>\n<p>Romano ajoute que l&#39;ancien d\u00e9fenseur de l&#39;homme City <strong class=\"autotag\">Kolo toure<\/strong>qui a pass\u00e9 quatre ans \u00e0 l&#39;Etihad entre 2009 et 2013, pourrait \u00e9galement \u00eatre ajout\u00e9 \u00e0 l&#39;\u00e9quipe d&#39;entra\u00eeneurs du club.<\/p>\n<p>Apr\u00e8s avoir pris sa retraite du football en 2017, Toure a travaill\u00e9 comme entra\u00eeneur adjoint sous <strong class=\"autotag\">Brendan Rodgers<\/strong> \u00e0 Celtic et Leicester City, avant de jouer son premier r\u00f4le d&#39;entra\u00eeneur-chef chez Wigan Athletic, o\u00f9 il a dur\u00e9 moins de deux mois (entre novembre 2022 et janvier 2023) apr\u00e8s avoir \u00e9chou\u00e9 \u00e0 remporter l&#39;un de ses neuf matchs en charge.<\/p>\n<p>Les lijnders, quant \u00e0 eux, ont \u00e9t\u00e9 sans travail depuis avoir \u00e9t\u00e9 limog\u00e9 par <strong class=\"autotag\">Red Bull Salzbourg<\/strong> \u00e0 Decemeber l&#39;ann\u00e9e derni\u00e8re apr\u00e8s seulement six mois en charge des g\u00e9ants autrichiens.<\/p>\n<p>L&#39;homme de 42 ans avait auparavant g\u00e9r\u00e9 la tenue n\u00e9erlandaise NEC Breda pour une p\u00e9riode de quatre mois en 2018, mais il est surtout connu pour travailler sous le nom de <strong class=\"autotag\">Jurgen Klopp<\/strong>Le num\u00e9ro deux \u00e0 Liverpool est \u00e0 un moment o\u00f9 les Reds et Man City se battaient farouchement pour la premi\u00e8re place en Premier League.<\/p>\n<p class=\"imgI\"><img decoding=\"async\" loading=\"lazy\" class=\"l\" src=\"https:\/\/footdavant.fr\/actualites\/wp-content\/uploads\/2025\/06\/1749073681_662_Le-vainqueur-du-titre-exceptionnel-de-Liverpool-se-prepare-a.jpg\" title=\"Jurgen Klopp et Pep Guardiola s&#39;embrassent pendant Manchester City contre Liverpool le 1er avril 2023\" alt=\"Jurgen Klopp et Pep Guardiola s&#39;embrassent pendant Manchester City contre Liverpool le 1er avril 2023\" width=\"640\" height=\"480\"><\/p>\n<h2 class=\"k3\">Les lijnders \u00ab\u00a0influents\u00a0\u00bb et \u00ab\u00a0exceptionnels\u00a0\u00bb pour rejoindre Man City<\/h2>\n<p>Lijnders a remport\u00e9 huit troph\u00e9es au cours de son s\u00e9jour \u00e0 Liverpool, notamment de devenir vainqueur de la Ligue des champions en 2019 avant d&#39;aider les Reds \u00e0 mettre fin \u00e0 leur 30 ans d&#39;attente pour un titre de Premier League en 2020.<\/p>\n<p>Le N\u00e9erlandais a \u00e9t\u00e9 salu\u00e9 par Klopp lorsque leurs deux d\u00e9parts d&#39;Anfield ont \u00e9t\u00e9 confirm\u00e9s vers la fin de la saison derni\u00e8re \u00e0 la suite d&#39;un partenariat de coaching r\u00e9ussi sur la ligne de touche.<\/p>\n<p>\u00ab\u00a0Le gars le plus influent au cours des derni\u00e8res ann\u00e9es dans ce club a \u00e9t\u00e9 les Pep Lijnders\u00a0\u00bb, a d\u00e9clar\u00e9 Klopp \u00e0 Liverpool le site officiel de Liverpool en f\u00e9vrier de l&#39;ann\u00e9e derni\u00e8re.<\/p>\n<p>\u00ab\u00a0Le travail qu&#39;il a fait est absolument exceptionnel. L&#39;inspiration qu&#39;il est pour moi est absolument exceptionnelle. La relation que nous avons d\u00e9velopp\u00e9e est absolument exceptionnelle. Exceptionnelle, tout.<\/p>\n<p>\u00ab\u00a0Et j&#39;ai vraiment h\u00e2te de suivre son chemin et de soutenir si n\u00e9cessaire. Et si je le peux, je le ferai certainement.\u00a0\u00bb<\/p>\n<p>Il reste \u00e0 voir si les lijnders, et peut-\u00eatre Toure, arriveront \u00e0 Man City avant de commencer leur campagne de Coupe du Monde du Club de la FIFA aux \u00c9tats-Unis le 18 juin.<\/p>\n<div class=\"author_box\">\n<div class=\"author_box_banner\">\n<img decoding=\"async\" class=\"author_img\" src=\"https:\/\/footdavant.fr\/actualites\/wp-content\/uploads\/2025\/06\/1749073681_348_Le-vainqueur-du-titre-exceptionnel-de-Liverpool-se-prepare-a.jpg\"><\/p>\n<\/div>\n<\/div>\n<\/div>\n","protected":false},"excerpt":{"rendered":"<p>L&#39;ancien entra\u00eeneur adjoint de Liverpool, Pep Lijnders, serait pr\u00eat \u00e0 rejoindre le personnel d&#39;entra\u00eeneurs de Pep Guardiola \u00e0 Manchester City. Ancien Liverpool entra\u00eeneur adjoint Pep<\/p>\n","protected":false},"author":1,"featured_media":24714,"comment_status":"closed","ping_status":"","sticky":false,"template":"","format":"standard","meta":{"footnotes":""},"categories":[5],"tags":[27,1007,8,53,24,2735,6,1098,309,7616,581,387],"yoast_head":"<!-- This site is optimized with the Yoast SEO plugin v21.0 - https:\/\/yoast.com\/wordpress\/plugins\/seo\/ -->\n<title>Le vainqueur du titre &quot;exceptionnel&quot; de Liverpool &quot;se pr\u00e9pare \u00e0 rejoindre&quot; Pep Guardiola \u00e0 Man City in Shock Move<\/title>\n<meta name=\"robots\" content=\"index, follow, max-snippet:-1, max-image-preview:large, max-video-preview:-1\" \/>\n<link rel=\"canonical\" href=\"https:\/\/footdavant.fr\/actualites\/le-vainqueur-du-titre-exceptionnel-de-liverpool-se-prepare-a-rejoindre-pep-guardiola-a-man-city-in-shock-move\/\" \/>\n<meta property=\"og:locale\" content=\"fr_FR\" \/>\n<meta property=\"og:type\" content=\"article\" \/>\n<meta property=\"og:title\" content=\"Le vainqueur du titre &quot;exceptionnel&quot; de Liverpool &quot;se pr\u00e9pare \u00e0 rejoindre&quot; Pep Guardiola \u00e0 Man City in Shock Move\" \/>\n<meta property=\"og:description\" content=\"L&#039;ancien entra\u00eeneur adjoint de Liverpool, Pep Lijnders, serait pr\u00eat \u00e0 rejoindre le personnel d&#039;entra\u00eeneurs de Pep Guardiola \u00e0 Manchester City. Ancien Liverpool entra\u00eeneur adjoint Pep\" \/>\n<meta property=\"og:url\" content=\"https:\/\/footdavant.fr\/actualites\/le-vainqueur-du-titre-exceptionnel-de-liverpool-se-prepare-a-rejoindre-pep-guardiola-a-man-city-in-shock-move\/\" \/>\n<meta property=\"og:site_name\" content=\"Foot d&#039;avant\" \/>\n<meta property=\"article:publisher\" content=\"https:\/\/www.facebook.com\/Footdavant\/\" \/>\n<meta property=\"article:published_time\" content=\"2025-06-04T21:48:01+00:00\" \/>\n<meta property=\"article:modified_time\" content=\"2025-06-04T21:48:03+00:00\" \/>\n<meta property=\"og:image\" content=\"https:\/\/footdavant.fr\/actualites\/wp-content\/uploads\/2025\/06\/Le-vainqueur-du-titre-exceptionnel-de-Liverpool-se-prepare-a.jpg\" \/>\n\t<meta property=\"og:image:width\" content=\"640\" \/>\n\t<meta property=\"og:image:height\" content=\"480\" \/>\n\t<meta property=\"og:image:type\" content=\"image\/jpeg\" \/>\n<meta name=\"author\" content=\"Cl\u00e9ment\" \/>\n<meta name=\"twitter:card\" content=\"summary_large_image\" \/>\n<meta name=\"twitter:creator\" content=\"@FootdavantFr\" \/>\n<meta name=\"twitter:site\" content=\"@FootdavantFr\" \/>\n<meta name=\"twitter:label1\" content=\"\u00c9crit par\" \/>\n\t<meta name=\"twitter:data1\" content=\"Cl\u00e9ment\" \/>\n\t<meta name=\"twitter:label2\" content=\"Dur\u00e9e de lecture estim\u00e9e\" \/>\n\t<meta name=\"twitter:data2\" content=\"3 minutes\" \/>\n<script type=\"application\/ld+json\" class=\"yoast-schema-graph\">{\"@context\":\"https:\/\/schema.org\",\"@graph\":[{\"@type\":\"Article\",\"@id\":\"https:\/\/footdavant.fr\/actualites\/le-vainqueur-du-titre-exceptionnel-de-liverpool-se-prepare-a-rejoindre-pep-guardiola-a-man-city-in-shock-move\/#article\",\"isPartOf\":{\"@id\":\"https:\/\/footdavant.fr\/actualites\/le-vainqueur-du-titre-exceptionnel-de-liverpool-se-prepare-a-rejoindre-pep-guardiola-a-man-city-in-shock-move\/\"},\"author\":{\"name\":\"Cl\u00e9ment\",\"@id\":\"https:\/\/footdavant.fr\/actualites\/#\/schema\/person\/bc222566d95871b37e597b3ed3ba5e1d\"},\"headline\":\"Le vainqueur du titre \u00ab\u00a0exceptionnel\u00a0\u00bb de Liverpool \u00ab\u00a0se pr\u00e9pare \u00e0 rejoindre\u00a0\u00bb Pep Guardiola \u00e0 Man City in Shock Move\",\"datePublished\":\"2025-06-04T21:48:01+00:00\",\"dateModified\":\"2025-06-04T21:48:03+00:00\",\"mainEntityOfPage\":{\"@id\":\"https:\/\/footdavant.fr\/actualites\/le-vainqueur-du-titre-exceptionnel-de-liverpool-se-prepare-a-rejoindre-pep-guardiola-a-man-city-in-shock-move\/\"},\"wordCount\":693,\"publisher\":{\"@id\":\"https:\/\/footdavant.fr\/actualites\/#organization\"},\"keywords\":[\"City\",\"exceptionnel\",\"Guardiola\",\"Liverpool\",\"Man\",\"move\",\"Pep\",\"pr\u00e9pare\",\"rejoindre\",\"Shock\",\"titre\",\"vainqueur\"],\"articleSection\":[\"Premier League\"],\"inLanguage\":\"fr-FR\"},{\"@type\":\"WebPage\",\"@id\":\"https:\/\/footdavant.fr\/actualites\/le-vainqueur-du-titre-exceptionnel-de-liverpool-se-prepare-a-rejoindre-pep-guardiola-a-man-city-in-shock-move\/\",\"url\":\"https:\/\/footdavant.fr\/actualites\/le-vainqueur-du-titre-exceptionnel-de-liverpool-se-prepare-a-rejoindre-pep-guardiola-a-man-city-in-shock-move\/\",\"name\":\"Le vainqueur du titre \\\"exceptionnel\\\" de Liverpool \\\"se pr\u00e9pare \u00e0 rejoindre\\\" Pep Guardiola \u00e0 Man City in Shock Move\",\"isPartOf\":{\"@id\":\"https:\/\/footdavant.fr\/actualites\/#website\"},\"datePublished\":\"2025-06-04T21:48:01+00:00\",\"dateModified\":\"2025-06-04T21:48:03+00:00\",\"breadcrumb\":{\"@id\":\"https:\/\/footdavant.fr\/actualites\/le-vainqueur-du-titre-exceptionnel-de-liverpool-se-prepare-a-rejoindre-pep-guardiola-a-man-city-in-shock-move\/#breadcrumb\"},\"inLanguage\":\"fr-FR\",\"potentialAction\":[{\"@type\":\"ReadAction\",\"target\":[\"https:\/\/footdavant.fr\/actualites\/le-vainqueur-du-titre-exceptionnel-de-liverpool-se-prepare-a-rejoindre-pep-guardiola-a-man-city-in-shock-move\/\"]}]},{\"@type\":\"BreadcrumbList\",\"@id\":\"https:\/\/footdavant.fr\/actualites\/le-vainqueur-du-titre-exceptionnel-de-liverpool-se-prepare-a-rejoindre-pep-guardiola-a-man-city-in-shock-move\/#breadcrumb\",\"itemListElement\":[{\"@type\":\"ListItem\",\"position\":1,\"name\":\"Accueil\",\"item\":\"https:\/\/footdavant.fr\/actualites\/\"},{\"@type\":\"ListItem\",\"position\":2,\"name\":\"Le vainqueur du titre \u00ab\u00a0exceptionnel\u00a0\u00bb de Liverpool \u00ab\u00a0se pr\u00e9pare \u00e0 rejoindre\u00a0\u00bb Pep Guardiola \u00e0 Man City in Shock Move\"}]},{\"@type\":\"WebSite\",\"@id\":\"https:\/\/footdavant.fr\/actualites\/#website\",\"url\":\"https:\/\/footdavant.fr\/actualites\/\",\"name\":\"Foot d'avant\",\"description\":\"\",\"publisher\":{\"@id\":\"https:\/\/footdavant.fr\/actualites\/#organization\"},\"potentialAction\":[{\"@type\":\"SearchAction\",\"target\":{\"@type\":\"EntryPoint\",\"urlTemplate\":\"https:\/\/footdavant.fr\/actualites\/?s={search_term_string}\"},\"query-input\":\"required name=search_term_string\"}],\"inLanguage\":\"fr-FR\"},{\"@type\":\"Organization\",\"@id\":\"https:\/\/footdavant.fr\/actualites\/#organization\",\"name\":\"Foot d'avant\",\"url\":\"https:\/\/footdavant.fr\/actualites\/\",\"logo\":{\"@type\":\"ImageObject\",\"inLanguage\":\"fr-FR\",\"@id\":\"https:\/\/footdavant.fr\/actualites\/#\/schema\/logo\/image\/\",\"url\":\"https:\/\/footdavant.fr\/actualites\/wp-content\/uploads\/2023\/09\/Copy-of-FootDavant-Logo.png\",\"contentUrl\":\"https:\/\/footdavant.fr\/actualites\/wp-content\/uploads\/2023\/09\/Copy-of-FootDavant-Logo.png\",\"width\":936,\"height\":549,\"caption\":\"Foot d'avant\"},\"image\":{\"@id\":\"https:\/\/footdavant.fr\/actualites\/#\/schema\/logo\/image\/\"},\"sameAs\":[\"https:\/\/www.facebook.com\/Footdavant\/\",\"https:\/\/twitter.com\/FootdavantFr\",\"https:\/\/www.instagram.com\/footdavant.fr\/\"]},{\"@type\":\"Person\",\"@id\":\"https:\/\/footdavant.fr\/actualites\/#\/schema\/person\/bc222566d95871b37e597b3ed3ba5e1d\",\"name\":\"Cl\u00e9ment\",\"image\":{\"@type\":\"ImageObject\",\"inLanguage\":\"fr-FR\",\"@id\":\"https:\/\/footdavant.fr\/actualites\/#\/schema\/person\/image\/\",\"url\":\"https:\/\/secure.gravatar.com\/avatar\/7728b29aac2719421e1a9159b2254c44?s=96&d=mm&r=g\",\"contentUrl\":\"https:\/\/secure.gravatar.com\/avatar\/7728b29aac2719421e1a9159b2254c44?s=96&d=mm&r=g\",\"caption\":\"Cl\u00e9ment\"},\"sameAs\":[\"https:\/\/footdavant.fr\/\"]}]}<\/script>\n<!-- \/ Yoast SEO plugin. -->","yoast_head_json":{"title":"Le vainqueur du titre \"exceptionnel\" de Liverpool \"se pr\u00e9pare \u00e0 rejoindre\" Pep Guardiola \u00e0 Man City in Shock Move","robots":{"index":"index","follow":"follow","max-snippet":"max-snippet:-1","max-image-preview":"max-image-preview:large","max-video-preview":"max-video-preview:-1"},"canonical":"https:\/\/footdavant.fr\/actualites\/le-vainqueur-du-titre-exceptionnel-de-liverpool-se-prepare-a-rejoindre-pep-guardiola-a-man-city-in-shock-move\/","og_locale":"fr_FR","og_type":"article","og_title":"Le vainqueur du titre \"exceptionnel\" de Liverpool \"se pr\u00e9pare \u00e0 rejoindre\" Pep Guardiola \u00e0 Man City in Shock Move","og_description":"L&#39;ancien entra\u00eeneur adjoint de Liverpool, Pep Lijnders, serait pr\u00eat \u00e0 rejoindre le personnel d&#39;entra\u00eeneurs de Pep Guardiola \u00e0 Manchester City. Ancien Liverpool entra\u00eeneur adjoint Pep","og_url":"https:\/\/footdavant.fr\/actualites\/le-vainqueur-du-titre-exceptionnel-de-liverpool-se-prepare-a-rejoindre-pep-guardiola-a-man-city-in-shock-move\/","og_site_name":"Foot d&#039;avant","article_publisher":"https:\/\/www.facebook.com\/Footdavant\/","article_published_time":"2025-06-04T21:48:01+00:00","article_modified_time":"2025-06-04T21:48:03+00:00","og_image":[{"width":640,"height":480,"url":"https:\/\/footdavant.fr\/actualites\/wp-content\/uploads\/2025\/06\/Le-vainqueur-du-titre-exceptionnel-de-Liverpool-se-prepare-a.jpg","type":"image\/jpeg"}],"author":"Cl\u00e9ment","twitter_card":"summary_large_image","twitter_creator":"@FootdavantFr","twitter_site":"@FootdavantFr","twitter_misc":{"\u00c9crit par":"Cl\u00e9ment","Dur\u00e9e de lecture estim\u00e9e":"3 minutes"},"schema":{"@context":"https:\/\/schema.org","@graph":[{"@type":"Article","@id":"https:\/\/footdavant.fr\/actualites\/le-vainqueur-du-titre-exceptionnel-de-liverpool-se-prepare-a-rejoindre-pep-guardiola-a-man-city-in-shock-move\/#article","isPartOf":{"@id":"https:\/\/footdavant.fr\/actualites\/le-vainqueur-du-titre-exceptionnel-de-liverpool-se-prepare-a-rejoindre-pep-guardiola-a-man-city-in-shock-move\/"},"author":{"name":"Cl\u00e9ment","@id":"https:\/\/footdavant.fr\/actualites\/#\/schema\/person\/bc222566d95871b37e597b3ed3ba5e1d"},"headline":"Le vainqueur du titre \u00ab\u00a0exceptionnel\u00a0\u00bb de Liverpool \u00ab\u00a0se pr\u00e9pare \u00e0 rejoindre\u00a0\u00bb Pep Guardiola \u00e0 Man City in Shock Move","datePublished":"2025-06-04T21:48:01+00:00","dateModified":"2025-06-04T21:48:03+00:00","mainEntityOfPage":{"@id":"https:\/\/footdavant.fr\/actualites\/le-vainqueur-du-titre-exceptionnel-de-liverpool-se-prepare-a-rejoindre-pep-guardiola-a-man-city-in-shock-move\/"},"wordCount":693,"publisher":{"@id":"https:\/\/footdavant.fr\/actualites\/#organization"},"keywords":["City","exceptionnel","Guardiola","Liverpool","Man","move","Pep","pr\u00e9pare","rejoindre","Shock","titre","vainqueur"],"articleSection":["Premier League"],"inLanguage":"fr-FR"},{"@type":"WebPage","@id":"https:\/\/footdavant.fr\/actualites\/le-vainqueur-du-titre-exceptionnel-de-liverpool-se-prepare-a-rejoindre-pep-guardiola-a-man-city-in-shock-move\/","url":"https:\/\/footdavant.fr\/actualites\/le-vainqueur-du-titre-exceptionnel-de-liverpool-se-prepare-a-rejoindre-pep-guardiola-a-man-city-in-shock-move\/","name":"Le vainqueur du titre \"exceptionnel\" de Liverpool \"se pr\u00e9pare \u00e0 rejoindre\" Pep Guardiola \u00e0 Man City in Shock Move","isPartOf":{"@id":"https:\/\/footdavant.fr\/actualites\/#website"},"datePublished":"2025-06-04T21:48:01+00:00","dateModified":"2025-06-04T21:48:03+00:00","breadcrumb":{"@id":"https:\/\/footdavant.fr\/actualites\/le-vainqueur-du-titre-exceptionnel-de-liverpool-se-prepare-a-rejoindre-pep-guardiola-a-man-city-in-shock-move\/#breadcrumb"},"inLanguage":"fr-FR","potentialAction":[{"@type":"ReadAction","target":["https:\/\/footdavant.fr\/actualites\/le-vainqueur-du-titre-exceptionnel-de-liverpool-se-prepare-a-rejoindre-pep-guardiola-a-man-city-in-shock-move\/"]}]},{"@type":"BreadcrumbList","@id":"https:\/\/footdavant.fr\/actualites\/le-vainqueur-du-titre-exceptionnel-de-liverpool-se-prepare-a-rejoindre-pep-guardiola-a-man-city-in-shock-move\/#breadcrumb","itemListElement":[{"@type":"ListItem","position":1,"name":"Accueil","item":"https:\/\/footdavant.fr\/actualites\/"},{"@type":"ListItem","position":2,"name":"Le vainqueur du titre \u00ab\u00a0exceptionnel\u00a0\u00bb de Liverpool \u00ab\u00a0se pr\u00e9pare \u00e0 rejoindre\u00a0\u00bb Pep Guardiola \u00e0 Man City in Shock Move"}]},{"@type":"WebSite","@id":"https:\/\/footdavant.fr\/actualites\/#website","url":"https:\/\/footdavant.fr\/actualites\/","name":"Foot d'avant","description":"","publisher":{"@id":"https:\/\/footdavant.fr\/actualites\/#organization"},"potentialAction":[{"@type":"SearchAction","target":{"@type":"EntryPoint","urlTemplate":"https:\/\/footdavant.fr\/actualites\/?s={search_term_string}"},"query-input":"required name=search_term_string"}],"inLanguage":"fr-FR"},{"@type":"Organization","@id":"https:\/\/footdavant.fr\/actualites\/#organization","name":"Foot d'avant","url":"https:\/\/footdavant.fr\/actualites\/","logo":{"@type":"ImageObject","inLanguage":"fr-FR","@id":"https:\/\/footdavant.fr\/actualites\/#\/schema\/logo\/image\/","url":"https:\/\/footdavant.fr\/actualites\/wp-content\/uploads\/2023\/09\/Copy-of-FootDavant-Logo.png","contentUrl":"https:\/\/footdavant.fr\/actualites\/wp-content\/uploads\/2023\/09\/Copy-of-FootDavant-Logo.png","width":936,"height":549,"caption":"Foot d'avant"},"image":{"@id":"https:\/\/footdavant.fr\/actualites\/#\/schema\/logo\/image\/"},"sameAs":["https:\/\/www.facebook.com\/Footdavant\/","https:\/\/twitter.com\/FootdavantFr","https:\/\/www.instagram.com\/footdavant.fr\/"]},{"@type":"Person","@id":"https:\/\/footdavant.fr\/actualites\/#\/schema\/person\/bc222566d95871b37e597b3ed3ba5e1d","name":"Cl\u00e9ment","image":{"@type":"ImageObject","inLanguage":"fr-FR","@id":"https:\/\/footdavant.fr\/actualites\/#\/schema\/person\/image\/","url":"https:\/\/secure.gravatar.com\/avatar\/7728b29aac2719421e1a9159b2254c44?s=96&d=mm&r=g","contentUrl":"https:\/\/secure.gravatar.com\/avatar\/7728b29aac2719421e1a9159b2254c44?s=96&d=mm&r=g","caption":"Cl\u00e9ment"},"sameAs":["https:\/\/footdavant.fr\/"]}]}},"_links":{"self":[{"href":"https:\/\/footdavant.fr\/actualites\/wp-json\/wp\/v2\/posts\/24713"}],"collection":[{"href":"https:\/\/footdavant.fr\/actualites\/wp-json\/wp\/v2\/posts"}],"about":[{"href":"https:\/\/footdavant.fr\/actualites\/wp-json\/wp\/v2\/types\/post"}],"author":[{"embeddable":true,"href":"https:\/\/footdavant.fr\/actualites\/wp-json\/wp\/v2\/users\/1"}],"replies":[{"embeddable":true,"href":"https:\/\/footdavant.fr\/actualites\/wp-json\/wp\/v2\/comments?post=24713"}],"version-history":[{"count":1,"href":"https:\/\/footdavant.fr\/actualites\/wp-json\/wp\/v2\/posts\/24713\/revisions"}],"predecessor-version":[{"id":24715,"href":"https:\/\/footdavant.fr\/actualites\/wp-json\/wp\/v2\/posts\/24713\/revisions\/24715"}],"wp:featuredmedia":[{"embeddable":true,"href":"https:\/\/footdavant.fr\/actualites\/wp-json\/wp\/v2\/media\/24714"}],"wp:attachment":[{"href":"https:\/\/footdavant.fr\/actualites\/wp-json\/wp\/v2\/media?parent=24713"}],"wp:term":[{"taxonomy":"category","embeddable":true,"href":"https:\/\/footdavant.fr\/actualites\/wp-json\/wp\/v2\/categories?post=24713"},{"taxonomy":"post_tag","embeddable":true,"href":"https:\/\/footdavant.fr\/actualites\/wp-json\/wp\/v2\/tags?post=24713"}],"curies":[{"name":"wp","href":"https:\/\/api.w.org\/{rel}","templated":true}]}}