{"id":24719,"date":"2025-06-05T03:48:10","date_gmt":"2025-06-05T01:48:10","guid":{"rendered":"https:\/\/footdavant.fr\/actualites\/antony-man-united-winger-offre-une-nouvelle-mise-a-jour-sur-le-vrai-futur-betis-apres-avoir-perdu-la-finale-de-la-ligue-de-conference\/"},"modified":"2025-06-05T03:48:11","modified_gmt":"2025-06-05T01:48:11","slug":"antony-man-united-winger-offre-une-nouvelle-mise-a-jour-sur-le-vrai-futur-betis-apres-avoir-perdu-la-finale-de-la-ligue-de-conference","status":"publish","type":"post","link":"https:\/\/footdavant.fr\/actualites\/antony-man-united-winger-offre-une-nouvelle-mise-a-jour-sur-le-vrai-futur-betis-apres-avoir-perdu-la-finale-de-la-ligue-de-conference\/","title":{"rendered":"Antony: Man United Winger offre une nouvelle mise \u00e0 jour sur le vrai futur Betis apr\u00e8s avoir perdu la finale de la ligue de conf\u00e9rence"},"content":{"rendered":"<p>L&#39;ailier de Man United Antony fournit une nouvelle mise \u00e0 jour sur son avenir apr\u00e8s avoir fait sa derni\u00e8re apparition de la saison pour Real Betis lors de sa d\u00e9faite finale de la ligue de conf\u00e9rence contre Chelsea.<\/p>\n<div id=\"article_body\" itemprop=\"articleBody\">\n<h3 class=\"firstPara\">\n<strong class=\"autotag\">Manchester United<\/strong> ailier <strong class=\"autotag\">Arros\u00e9<\/strong> est \u00ab\u00a0heureux\u00a0\u00bb \u00e0 <strong class=\"autotag\">Real Betis<\/strong> Mais il a admis que son avenir n&#39;est pas clair avant l&#39;\u00e9t\u00e9.<\/h3>\n<p>Le joueur de 25 ans a rejoint Betis en pr\u00eat dans la fen\u00eatre de transfert de janvier apr\u00e8s avoir chut\u00e9 l&#39;ordre hi\u00e9rarchique \u00e0 Old Trafford, sans commencer un seul match de Premier League dans la premi\u00e8re moiti\u00e9 de la campagne 2024-25.<\/p>\n<p>Antony a depuis transform\u00e9 sa trajectoire de carri\u00e8re sous la direction de <strong class=\"autotag\">Manuel Pellegrini<\/strong> \u00e0 Betis o\u00f9 il s&#39;est impos\u00e9 comme un important joueur de premi\u00e8re \u00e9quipe, marquant neuf buts et fournissant cinq passes d\u00e9cisives en 26 apparitions au cours de la seconde moiti\u00e9 de la saison.<\/p>\n<p>L&#39;international br\u00e9silien esp\u00e9rait mettre fin \u00e0 son pr\u00eat \u00e0 un sommet en remportant la ligue de la conf\u00e9rence, mais Betis a lanc\u00e9 une avance d&#39;un butin en seconde p\u00e9riode <strong>perdre 4-1 contre Chelsea<\/strong> en finale mercredi.<\/p>\n<p>Le passage temporaire d&#39;Antony \u00e0 Betis dans la fen\u00eatre d&#39;hiver \u00e9tait un pr\u00eat droit de Man United qui n&#39;incluait pas d&#39;option \u00e0 acheter, et il reste \u00e0 voir s&#39;il retournera \u00e0 Old Trafford ou d\u00e9m\u00e9nagera ailleurs cet \u00e9t\u00e9.<\/p>\n<p class=\"imgI\">\n<h2 class=\"k3\">Betis? Man Utd? Un autre club? Antoine incertain pour l&#39;avenir<\/h2>\n<p>Commentant son avenir apr\u00e8s la finale de la ligue de conf\u00e9rence, a d\u00e9clar\u00e9 Antony <em>CBS Sports<\/em>: \u00ab\u00a0Je ne sais pas ce qui se passera \u00e0 l&#39;avenir, seul Dieu sait. <\/p>\n<p>\u00ab\u00a0Mon travail est de jouer et je fais bien. J&#39;ai beaucoup d&#39;affection pour Betis, pour tout le monde mais j&#39;ai un contrat avec Man United et je ne sais pas ce qui va se passer, seulement ils savent ce qui se passe.<\/p>\n<p>\u00abMaintenant, je vais aller dans l&#39;\u00e9quipe nationale, puis en vacances, nous verrons ce qui se passera \u00e0 l&#39;avenir.<\/p>\n<p>\u00ab\u00a0Je suis tr\u00e8s heureux ici, tout le monde le sait. Je me suis endormi et je me suis r\u00e9veill\u00e9 heureux mais j&#39;ai un contrat et je ne sais pas ce qui va se passer.\u00a0\u00bb<\/p>\n<p class=\"imgI\"><img decoding=\"async\" loading=\"lazy\" class=\"l\" src=\"https:\/\/footdavant.fr\/actualites\/wp-content\/uploads\/2025\/06\/1749088090_244_Antony-Man-United-Winger-offre-une-nouvelle-mise-a-jour.jpg\" title=\"Antony de Manchester United en pr\u00eat \u00e0 Real Betis le 02 janvier 2025\" alt=\"Antony de Manchester United en pr\u00eat \u00e0 Real Betis le 02 janvier 2025\" width=\"640\" height=\"480\"><\/p>\n<h2 class=\"k3\">Antony serait-il ouvert au retour de Man Utd?<\/h2>\n<p>Antony a \u00e9t\u00e9 sign\u00e9 par Man United de l&#39;Ajax sous la tutelle de l&#39;ancien boss <strong class=\"autotag\">Erik Ten Hag<\/strong>mais il a eu du mal \u00e0 justifier les frais de 85 millions de livres sterling que les Red Devils ont d\u00e9bord\u00e9s en septembre 2022.<\/p>\n<p>L&#39;ailier n&#39;a marqu\u00e9 que 12 buts en 96 apparitions pour les Red Devils dans toutes les comp\u00e9titions et son contrat actuel \u00e0 Old Trafford devrait expirer en juin 2027.<\/p>\n<p>Si Antony souhaite raviver sa carri\u00e8re \u00e0 Man United reste inconnu; Il a admis dans une interview \u00e9motionnelle avant la finale de la ligue de conf\u00e9rence qu&#39;il <strong>Je suis all\u00e9 \u00ab\u00a0jours sans manger\u00a0\u00bb et envisag\u00e9 la retraite<\/strong> Pendant son moment le plus sombre du club de Premier League.<\/p>\n<p><strong class=\"autotag\">Ruben Amorim<\/strong>qui a donn\u00e9 le feu vert pour Antony pour rejoindre Betis en pr\u00eat \u00e0 mi-chemin de la saison, a r\u00e9cemment r\u00e9v\u00e9l\u00e9 que Man United <strong>\u00abSachez ce qu&#39;ils veulent faire\u00bb<\/strong> Pendant la fen\u00eatre de transfert d&#39;\u00e9t\u00e9, mais l&#39;avenir d&#39;Antony reste dans les airs.<\/p>\n<p>Pendant ce temps, l&#39;avenir de ses coll\u00e8gues pr\u00eats <strong class=\"autotag\">Jadon Sancho<\/strong> \u00e0 Chelsea <strong>est incertain<\/strong> &#8211; et la m\u00eame chose peut \u00eatre dite pour <strong class=\"autotag\">Marcus Rashford<\/strong> Suivre un pr\u00eat \u00e0 Aston Villa &#8211; \u00e0 un moment o\u00f9 Man United <strong>Fermer sur la signature<\/strong> de Wolverhampton Wanderers en avant <strong class=\"autotag\">Matheus cunha<\/strong> pour 62,5 millions de livres sterling.<\/p>\n<div class=\"author_box\">\n<div class=\"author_box_banner\">\n<img decoding=\"async\" class=\"author_img\" src=\"https:\/\/footdavant.fr\/actualites\/wp-content\/uploads\/2025\/06\/1749088090_558_Antony-Man-United-Winger-offre-une-nouvelle-mise-a-jour.jpg\"><\/p>\n<\/div>\n<\/div>\n<\/div>\n","protected":false},"excerpt":{"rendered":"<p>L&#39;ailier de Man United Antony fournit une nouvelle mise \u00e0 jour sur son avenir apr\u00e8s avoir fait sa derni\u00e8re apparition de la saison pour Real<\/p>\n","protected":false},"author":1,"featured_media":24720,"comment_status":"closed","ping_status":"","sticky":false,"template":"","format":"standard","meta":{"footnotes":""},"categories":[5],"tags":[753,25,156,5131,1531,897,3665,328,30,24,327,1850,352,1576,103,92,13,6792,8805],"yoast_head":"<!-- This site is optimized with the Yoast SEO plugin v21.0 - https:\/\/yoast.com\/wordpress\/plugins\/seo\/ -->\n<title>Antony: Man United Winger offre une nouvelle mise \u00e0 jour sur le vrai futur Betis apr\u00e8s avoir perdu la finale de la ligue de conf\u00e9rence<\/title>\n<meta name=\"robots\" content=\"index, follow, max-snippet:-1, max-image-preview:large, max-video-preview:-1\" \/>\n<link rel=\"canonical\" href=\"https:\/\/footdavant.fr\/actualites\/antony-man-united-winger-offre-une-nouvelle-mise-a-jour-sur-le-vrai-futur-betis-apres-avoir-perdu-la-finale-de-la-ligue-de-conference\/\" \/>\n<meta property=\"og:locale\" content=\"fr_FR\" \/>\n<meta property=\"og:type\" content=\"article\" \/>\n<meta property=\"og:title\" content=\"Antony: Man United Winger offre une nouvelle mise \u00e0 jour sur le vrai futur Betis apr\u00e8s avoir perdu la finale de la ligue de conf\u00e9rence\" \/>\n<meta property=\"og:description\" content=\"L&#039;ailier de Man United Antony fournit une nouvelle mise \u00e0 jour sur son avenir apr\u00e8s avoir fait sa derni\u00e8re apparition de la saison pour Real\" \/>\n<meta property=\"og:url\" content=\"https:\/\/footdavant.fr\/actualites\/antony-man-united-winger-offre-une-nouvelle-mise-a-jour-sur-le-vrai-futur-betis-apres-avoir-perdu-la-finale-de-la-ligue-de-conference\/\" \/>\n<meta property=\"og:site_name\" content=\"Foot d&#039;avant\" \/>\n<meta property=\"article:publisher\" content=\"https:\/\/www.facebook.com\/Footdavant\/\" \/>\n<meta property=\"article:published_time\" content=\"2025-06-05T01:48:10+00:00\" \/>\n<meta property=\"article:modified_time\" content=\"2025-06-05T01:48:11+00:00\" \/>\n<meta property=\"og:image\" content=\"https:\/\/footdavant.fr\/actualites\/wp-content\/uploads\/2025\/06\/Antony-Man-United-Winger-offre-une-nouvelle-mise-a-jour.jpg\" \/>\n\t<meta property=\"og:image:width\" content=\"640\" \/>\n\t<meta property=\"og:image:height\" content=\"480\" \/>\n\t<meta property=\"og:image:type\" content=\"image\/jpeg\" \/>\n<meta name=\"author\" content=\"Cl\u00e9ment\" \/>\n<meta name=\"twitter:card\" content=\"summary_large_image\" \/>\n<meta name=\"twitter:creator\" content=\"@FootdavantFr\" \/>\n<meta name=\"twitter:site\" content=\"@FootdavantFr\" \/>\n<meta name=\"twitter:label1\" content=\"\u00c9crit par\" \/>\n\t<meta name=\"twitter:data1\" content=\"Cl\u00e9ment\" \/>\n\t<meta name=\"twitter:label2\" content=\"Dur\u00e9e de lecture estim\u00e9e\" \/>\n\t<meta name=\"twitter:data2\" content=\"3 minutes\" \/>\n<script type=\"application\/ld+json\" class=\"yoast-schema-graph\">{\"@context\":\"https:\/\/schema.org\",\"@graph\":[{\"@type\":\"Article\",\"@id\":\"https:\/\/footdavant.fr\/actualites\/antony-man-united-winger-offre-une-nouvelle-mise-a-jour-sur-le-vrai-futur-betis-apres-avoir-perdu-la-finale-de-la-ligue-de-conference\/#article\",\"isPartOf\":{\"@id\":\"https:\/\/footdavant.fr\/actualites\/antony-man-united-winger-offre-une-nouvelle-mise-a-jour-sur-le-vrai-futur-betis-apres-avoir-perdu-la-finale-de-la-ligue-de-conference\/\"},\"author\":{\"name\":\"Cl\u00e9ment\",\"@id\":\"https:\/\/footdavant.fr\/actualites\/#\/schema\/person\/bc222566d95871b37e597b3ed3ba5e1d\"},\"headline\":\"Antony: Man United Winger offre une nouvelle mise \u00e0 jour sur le vrai futur Betis apr\u00e8s avoir perdu la finale de la ligue de conf\u00e9rence\",\"datePublished\":\"2025-06-05T01:48:10+00:00\",\"dateModified\":\"2025-06-05T01:48:11+00:00\",\"mainEntityOfPage\":{\"@id\":\"https:\/\/footdavant.fr\/actualites\/antony-man-united-winger-offre-une-nouvelle-mise-a-jour-sur-le-vrai-futur-betis-apres-avoir-perdu-la-finale-de-la-ligue-de-conference\/\"},\"wordCount\":648,\"publisher\":{\"@id\":\"https:\/\/footdavant.fr\/actualites\/#organization\"},\"keywords\":[\"Antony\",\"apr\u00e8s\",\"avoir\",\"Betis\",\"conf\u00e9rence\",\"finale\",\"futur\",\"jour\",\"Ligue\",\"Man\",\"mise\",\"nouvelle\",\"offre\",\"perdu\",\"sur\",\"une\",\"United\",\"vrai\",\"Winger\"],\"articleSection\":[\"Premier League\"],\"inLanguage\":\"fr-FR\"},{\"@type\":\"WebPage\",\"@id\":\"https:\/\/footdavant.fr\/actualites\/antony-man-united-winger-offre-une-nouvelle-mise-a-jour-sur-le-vrai-futur-betis-apres-avoir-perdu-la-finale-de-la-ligue-de-conference\/\",\"url\":\"https:\/\/footdavant.fr\/actualites\/antony-man-united-winger-offre-une-nouvelle-mise-a-jour-sur-le-vrai-futur-betis-apres-avoir-perdu-la-finale-de-la-ligue-de-conference\/\",\"name\":\"Antony: Man United Winger offre une nouvelle mise \u00e0 jour sur le vrai futur Betis apr\u00e8s avoir perdu la finale de la ligue de conf\u00e9rence\",\"isPartOf\":{\"@id\":\"https:\/\/footdavant.fr\/actualites\/#website\"},\"datePublished\":\"2025-06-05T01:48:10+00:00\",\"dateModified\":\"2025-06-05T01:48:11+00:00\",\"breadcrumb\":{\"@id\":\"https:\/\/footdavant.fr\/actualites\/antony-man-united-winger-offre-une-nouvelle-mise-a-jour-sur-le-vrai-futur-betis-apres-avoir-perdu-la-finale-de-la-ligue-de-conference\/#breadcrumb\"},\"inLanguage\":\"fr-FR\",\"potentialAction\":[{\"@type\":\"ReadAction\",\"target\":[\"https:\/\/footdavant.fr\/actualites\/antony-man-united-winger-offre-une-nouvelle-mise-a-jour-sur-le-vrai-futur-betis-apres-avoir-perdu-la-finale-de-la-ligue-de-conference\/\"]}]},{\"@type\":\"BreadcrumbList\",\"@id\":\"https:\/\/footdavant.fr\/actualites\/antony-man-united-winger-offre-une-nouvelle-mise-a-jour-sur-le-vrai-futur-betis-apres-avoir-perdu-la-finale-de-la-ligue-de-conference\/#breadcrumb\",\"itemListElement\":[{\"@type\":\"ListItem\",\"position\":1,\"name\":\"Accueil\",\"item\":\"https:\/\/footdavant.fr\/actualites\/\"},{\"@type\":\"ListItem\",\"position\":2,\"name\":\"Antony: Man United Winger offre une nouvelle mise \u00e0 jour sur le vrai futur Betis apr\u00e8s avoir perdu la finale de la ligue de conf\u00e9rence\"}]},{\"@type\":\"WebSite\",\"@id\":\"https:\/\/footdavant.fr\/actualites\/#website\",\"url\":\"https:\/\/footdavant.fr\/actualites\/\",\"name\":\"Foot d'avant\",\"description\":\"\",\"publisher\":{\"@id\":\"https:\/\/footdavant.fr\/actualites\/#organization\"},\"potentialAction\":[{\"@type\":\"SearchAction\",\"target\":{\"@type\":\"EntryPoint\",\"urlTemplate\":\"https:\/\/footdavant.fr\/actualites\/?s={search_term_string}\"},\"query-input\":\"required name=search_term_string\"}],\"inLanguage\":\"fr-FR\"},{\"@type\":\"Organization\",\"@id\":\"https:\/\/footdavant.fr\/actualites\/#organization\",\"name\":\"Foot d'avant\",\"url\":\"https:\/\/footdavant.fr\/actualites\/\",\"logo\":{\"@type\":\"ImageObject\",\"inLanguage\":\"fr-FR\",\"@id\":\"https:\/\/footdavant.fr\/actualites\/#\/schema\/logo\/image\/\",\"url\":\"https:\/\/footdavant.fr\/actualites\/wp-content\/uploads\/2023\/09\/Copy-of-FootDavant-Logo.png\",\"contentUrl\":\"https:\/\/footdavant.fr\/actualites\/wp-content\/uploads\/2023\/09\/Copy-of-FootDavant-Logo.png\",\"width\":936,\"height\":549,\"caption\":\"Foot d'avant\"},\"image\":{\"@id\":\"https:\/\/footdavant.fr\/actualites\/#\/schema\/logo\/image\/\"},\"sameAs\":[\"https:\/\/www.facebook.com\/Footdavant\/\",\"https:\/\/twitter.com\/FootdavantFr\",\"https:\/\/www.instagram.com\/footdavant.fr\/\"]},{\"@type\":\"Person\",\"@id\":\"https:\/\/footdavant.fr\/actualites\/#\/schema\/person\/bc222566d95871b37e597b3ed3ba5e1d\",\"name\":\"Cl\u00e9ment\",\"image\":{\"@type\":\"ImageObject\",\"inLanguage\":\"fr-FR\",\"@id\":\"https:\/\/footdavant.fr\/actualites\/#\/schema\/person\/image\/\",\"url\":\"https:\/\/secure.gravatar.com\/avatar\/7728b29aac2719421e1a9159b2254c44?s=96&d=mm&r=g\",\"contentUrl\":\"https:\/\/secure.gravatar.com\/avatar\/7728b29aac2719421e1a9159b2254c44?s=96&d=mm&r=g\",\"caption\":\"Cl\u00e9ment\"},\"sameAs\":[\"https:\/\/footdavant.fr\/\"]}]}<\/script>\n<!-- \/ Yoast SEO plugin. -->","yoast_head_json":{"title":"Antony: Man United Winger offre une nouvelle mise \u00e0 jour sur le vrai futur Betis apr\u00e8s avoir perdu la finale de la ligue de conf\u00e9rence","robots":{"index":"index","follow":"follow","max-snippet":"max-snippet:-1","max-image-preview":"max-image-preview:large","max-video-preview":"max-video-preview:-1"},"canonical":"https:\/\/footdavant.fr\/actualites\/antony-man-united-winger-offre-une-nouvelle-mise-a-jour-sur-le-vrai-futur-betis-apres-avoir-perdu-la-finale-de-la-ligue-de-conference\/","og_locale":"fr_FR","og_type":"article","og_title":"Antony: Man United Winger offre une nouvelle mise \u00e0 jour sur le vrai futur Betis apr\u00e8s avoir perdu la finale de la ligue de conf\u00e9rence","og_description":"L&#39;ailier de Man United Antony fournit une nouvelle mise \u00e0 jour sur son avenir apr\u00e8s avoir fait sa derni\u00e8re apparition de la saison pour Real","og_url":"https:\/\/footdavant.fr\/actualites\/antony-man-united-winger-offre-une-nouvelle-mise-a-jour-sur-le-vrai-futur-betis-apres-avoir-perdu-la-finale-de-la-ligue-de-conference\/","og_site_name":"Foot d&#039;avant","article_publisher":"https:\/\/www.facebook.com\/Footdavant\/","article_published_time":"2025-06-05T01:48:10+00:00","article_modified_time":"2025-06-05T01:48:11+00:00","og_image":[{"width":640,"height":480,"url":"https:\/\/footdavant.fr\/actualites\/wp-content\/uploads\/2025\/06\/Antony-Man-United-Winger-offre-une-nouvelle-mise-a-jour.jpg","type":"image\/jpeg"}],"author":"Cl\u00e9ment","twitter_card":"summary_large_image","twitter_creator":"@FootdavantFr","twitter_site":"@FootdavantFr","twitter_misc":{"\u00c9crit par":"Cl\u00e9ment","Dur\u00e9e de lecture estim\u00e9e":"3 minutes"},"schema":{"@context":"https:\/\/schema.org","@graph":[{"@type":"Article","@id":"https:\/\/footdavant.fr\/actualites\/antony-man-united-winger-offre-une-nouvelle-mise-a-jour-sur-le-vrai-futur-betis-apres-avoir-perdu-la-finale-de-la-ligue-de-conference\/#article","isPartOf":{"@id":"https:\/\/footdavant.fr\/actualites\/antony-man-united-winger-offre-une-nouvelle-mise-a-jour-sur-le-vrai-futur-betis-apres-avoir-perdu-la-finale-de-la-ligue-de-conference\/"},"author":{"name":"Cl\u00e9ment","@id":"https:\/\/footdavant.fr\/actualites\/#\/schema\/person\/bc222566d95871b37e597b3ed3ba5e1d"},"headline":"Antony: Man United Winger offre une nouvelle mise \u00e0 jour sur le vrai futur Betis apr\u00e8s avoir perdu la finale de la ligue de conf\u00e9rence","datePublished":"2025-06-05T01:48:10+00:00","dateModified":"2025-06-05T01:48:11+00:00","mainEntityOfPage":{"@id":"https:\/\/footdavant.fr\/actualites\/antony-man-united-winger-offre-une-nouvelle-mise-a-jour-sur-le-vrai-futur-betis-apres-avoir-perdu-la-finale-de-la-ligue-de-conference\/"},"wordCount":648,"publisher":{"@id":"https:\/\/footdavant.fr\/actualites\/#organization"},"keywords":["Antony","apr\u00e8s","avoir","Betis","conf\u00e9rence","finale","futur","jour","Ligue","Man","mise","nouvelle","offre","perdu","sur","une","United","vrai","Winger"],"articleSection":["Premier League"],"inLanguage":"fr-FR"},{"@type":"WebPage","@id":"https:\/\/footdavant.fr\/actualites\/antony-man-united-winger-offre-une-nouvelle-mise-a-jour-sur-le-vrai-futur-betis-apres-avoir-perdu-la-finale-de-la-ligue-de-conference\/","url":"https:\/\/footdavant.fr\/actualites\/antony-man-united-winger-offre-une-nouvelle-mise-a-jour-sur-le-vrai-futur-betis-apres-avoir-perdu-la-finale-de-la-ligue-de-conference\/","name":"Antony: Man United Winger offre une nouvelle mise \u00e0 jour sur le vrai futur Betis apr\u00e8s avoir perdu la finale de la ligue de conf\u00e9rence","isPartOf":{"@id":"https:\/\/footdavant.fr\/actualites\/#website"},"datePublished":"2025-06-05T01:48:10+00:00","dateModified":"2025-06-05T01:48:11+00:00","breadcrumb":{"@id":"https:\/\/footdavant.fr\/actualites\/antony-man-united-winger-offre-une-nouvelle-mise-a-jour-sur-le-vrai-futur-betis-apres-avoir-perdu-la-finale-de-la-ligue-de-conference\/#breadcrumb"},"inLanguage":"fr-FR","potentialAction":[{"@type":"ReadAction","target":["https:\/\/footdavant.fr\/actualites\/antony-man-united-winger-offre-une-nouvelle-mise-a-jour-sur-le-vrai-futur-betis-apres-avoir-perdu-la-finale-de-la-ligue-de-conference\/"]}]},{"@type":"BreadcrumbList","@id":"https:\/\/footdavant.fr\/actualites\/antony-man-united-winger-offre-une-nouvelle-mise-a-jour-sur-le-vrai-futur-betis-apres-avoir-perdu-la-finale-de-la-ligue-de-conference\/#breadcrumb","itemListElement":[{"@type":"ListItem","position":1,"name":"Accueil","item":"https:\/\/footdavant.fr\/actualites\/"},{"@type":"ListItem","position":2,"name":"Antony: Man United Winger offre une nouvelle mise \u00e0 jour sur le vrai futur Betis apr\u00e8s avoir perdu la finale de la ligue de conf\u00e9rence"}]},{"@type":"WebSite","@id":"https:\/\/footdavant.fr\/actualites\/#website","url":"https:\/\/footdavant.fr\/actualites\/","name":"Foot d'avant","description":"","publisher":{"@id":"https:\/\/footdavant.fr\/actualites\/#organization"},"potentialAction":[{"@type":"SearchAction","target":{"@type":"EntryPoint","urlTemplate":"https:\/\/footdavant.fr\/actualites\/?s={search_term_string}"},"query-input":"required name=search_term_string"}],"inLanguage":"fr-FR"},{"@type":"Organization","@id":"https:\/\/footdavant.fr\/actualites\/#organization","name":"Foot d'avant","url":"https:\/\/footdavant.fr\/actualites\/","logo":{"@type":"ImageObject","inLanguage":"fr-FR","@id":"https:\/\/footdavant.fr\/actualites\/#\/schema\/logo\/image\/","url":"https:\/\/footdavant.fr\/actualites\/wp-content\/uploads\/2023\/09\/Copy-of-FootDavant-Logo.png","contentUrl":"https:\/\/footdavant.fr\/actualites\/wp-content\/uploads\/2023\/09\/Copy-of-FootDavant-Logo.png","width":936,"height":549,"caption":"Foot d'avant"},"image":{"@id":"https:\/\/footdavant.fr\/actualites\/#\/schema\/logo\/image\/"},"sameAs":["https:\/\/www.facebook.com\/Footdavant\/","https:\/\/twitter.com\/FootdavantFr","https:\/\/www.instagram.com\/footdavant.fr\/"]},{"@type":"Person","@id":"https:\/\/footdavant.fr\/actualites\/#\/schema\/person\/bc222566d95871b37e597b3ed3ba5e1d","name":"Cl\u00e9ment","image":{"@type":"ImageObject","inLanguage":"fr-FR","@id":"https:\/\/footdavant.fr\/actualites\/#\/schema\/person\/image\/","url":"https:\/\/secure.gravatar.com\/avatar\/7728b29aac2719421e1a9159b2254c44?s=96&d=mm&r=g","contentUrl":"https:\/\/secure.gravatar.com\/avatar\/7728b29aac2719421e1a9159b2254c44?s=96&d=mm&r=g","caption":"Cl\u00e9ment"},"sameAs":["https:\/\/footdavant.fr\/"]}]}},"_links":{"self":[{"href":"https:\/\/footdavant.fr\/actualites\/wp-json\/wp\/v2\/posts\/24719"}],"collection":[{"href":"https:\/\/footdavant.fr\/actualites\/wp-json\/wp\/v2\/posts"}],"about":[{"href":"https:\/\/footdavant.fr\/actualites\/wp-json\/wp\/v2\/types\/post"}],"author":[{"embeddable":true,"href":"https:\/\/footdavant.fr\/actualites\/wp-json\/wp\/v2\/users\/1"}],"replies":[{"embeddable":true,"href":"https:\/\/footdavant.fr\/actualites\/wp-json\/wp\/v2\/comments?post=24719"}],"version-history":[{"count":1,"href":"https:\/\/footdavant.fr\/actualites\/wp-json\/wp\/v2\/posts\/24719\/revisions"}],"predecessor-version":[{"id":24721,"href":"https:\/\/footdavant.fr\/actualites\/wp-json\/wp\/v2\/posts\/24719\/revisions\/24721"}],"wp:featuredmedia":[{"embeddable":true,"href":"https:\/\/footdavant.fr\/actualites\/wp-json\/wp\/v2\/media\/24720"}],"wp:attachment":[{"href":"https:\/\/footdavant.fr\/actualites\/wp-json\/wp\/v2\/media?parent=24719"}],"wp:term":[{"taxonomy":"category","embeddable":true,"href":"https:\/\/footdavant.fr\/actualites\/wp-json\/wp\/v2\/categories?post=24719"},{"taxonomy":"post_tag","embeddable":true,"href":"https:\/\/footdavant.fr\/actualites\/wp-json\/wp\/v2\/tags?post=24719"}],"curies":[{"name":"wp","href":"https:\/\/api.w.org\/{rel}","templated":true}]}}