{"id":24722,"date":"2025-06-05T05:48:04","date_gmt":"2025-06-05T03:48:04","guid":{"rendered":"https:\/\/footdavant.fr\/actualites\/la-star-du-psg-dembele-a-soutenu-100-pour-ballon-dor-par-lentraineur-de-france-deschamps\/"},"modified":"2025-06-05T05:48:06","modified_gmt":"2025-06-05T03:48:06","slug":"la-star-du-psg-dembele-a-soutenu-100-pour-ballon-dor-par-lentraineur-de-france-deschamps","status":"publish","type":"post","link":"https:\/\/footdavant.fr\/actualites\/la-star-du-psg-dembele-a-soutenu-100-pour-ballon-dor-par-lentraineur-de-france-deschamps\/","title":{"rendered":"La star du PSG Dembele a soutenu \u00ab100%\u00bb pour Ballon d&#39;Or par l&#39;entra\u00eeneur de France Deschamps"},"content":{"rendered":"<div>\n<p>Ousmane Dembele m\u00e9rite 100% du Ballon d&#39;Or, selon l&#39;entra\u00eeneur de la France Didier Deschamps<\/p>\n<p>Dembele est le favori pour le prix individuel le plus prestigieux de football apr\u00e8s avoir jou\u00e9 un r\u00f4le instrumental dans la saison gagnante de Paris Saint-Germain, qui a \u00e9t\u00e9 plafonn\u00e9 avec une d\u00e9route 5-0 d&#39;Inter Milan lors de la finale de la Ligue des champions samedi dernier.<\/p>\n<p>L&#39;ancien attaquant de Barcelone n&#39;a pas marqu\u00e9 dans la pi\u00e8ce ma\u00eetresse d&#39;Allianz Arena. Cependant, il a aid\u00e9 les deuxi\u00e8me et quatri\u00e8me buts alors que le PSG a finalement mis fin \u00e0 sa premi\u00e8re couronne en Ligue des champions de la mani\u00e8re cat\u00e9gorique.<\/p>\n<p>Dembele a termin\u00e9 la saison avec 33 buts et 13 passes d\u00e9cisives dans toutes les comp\u00e9titions et, tandis que Barcelone met en vedette Lamine Yamal et Raphinha a des cas solides avec Liverpool Talisman Mohamed Salah, c&#39;est l&#39;international fran\u00e7ais qui ouvre la voie aux yeux des bookmakers.<\/p>\n<p>Il serait le sixi\u00e8me Fran\u00e7ais \u00e0 r\u00e9clamer le Ballon d&#39;Or, et a sans surprise le soutien complet de Deschamps.<\/p>\n<p>\u00ab\u00a0Bien s\u00fbr, je suis pour Ousmane, car il est fran\u00e7ais et avec la saison qu&#39;il c\u00e9l\u00e8bre\u00a0\u00bb, a d\u00e9clar\u00e9 Deschamps aux journalistes avant la demi-finale de la Ligue des nations de vendredi entre la France et l&#39;Espagne.<\/p>\n<p>\u00abDe toute \u00e9vidence, cette ligue des nations peut apporter des \u00e9l\u00e9ments de r\u00e9ponse, la Coupe du monde du club aussi. Si je dois choisir, je vous le dis, \u00e0 100%, bien s\u00fbr.<\/p>\n<p>\u00ab\u00a0Si vous me posez des questions sur les Espagnols, je ne pense pas qu&#39;ils vous diront la m\u00eame chose. Mais \u00e9videmment, Ousmane, avec la saison qu&#39;il a, le m\u00e9rite.\u00a0\u00bb<\/p>\n<p>Dembele et une pochette de ses co\u00e9quipiers du PSG sont tous dans l&#39;\u00e9quipe de France pour affronter l&#39;Espagne, avec D\u00e9sir\u00e9 Dou\u00e9 en lice pour comporter de son accolade en finale de la Ligue des champions. Bradley Barcola, Lucas Hern\u00e1ndez et Warren Za\u00efre-Emery sont \u00e9galement dans les pens\u00e9es de Deschamps, tout comme le duo inter-duo de Marcus Thuram et Benjamin Pavard.<\/p>\n<p>\u00ab\u00a0Ils sont l\u00e0, donc je compte sur eux\u00a0\u00bb, a d\u00e9clar\u00e9 Deschamps \u00e0 propos de ce groupe.<\/p>\n<p>\u00abJe les ai trouv\u00e9s [the PSG players] Tr\u00e8s heureux lundi soir, bien s\u00fbr, avec une certaine fatigue aussi. Ensuite, il y avait Benjamin et Marcus de l&#39;autre c\u00f4t\u00e9. Les sentiments et les \u00e9motions n&#39;\u00e9taient pas les m\u00eames.<\/p>\n<p>\u00ab\u00a0Id\u00e9alement, quand il y a un pic comme \u00e7a, bien s\u00fbr, vous devez toujours redescendre, mais maintenant, nous devons se relever rapidement parce que le match est proche.\u00a0\u00bb<\/p>\n<p>La victoire sur l&#39;Espagne \u00e0 Stuttgart verrait le contingent du PSG retourner sur les lieux de leur triomphe historique, les vainqueurs devaient affronter le Portugal en finale \u00e0 l&#39;Allianz Arena dimanche.<\/p>\n<\/div>\n","protected":false},"excerpt":{"rendered":"<p>Ousmane Dembele m\u00e9rite 100% du Ballon d&#39;Or, selon l&#39;entra\u00eeneur de la France Didier Deschamps Dembele est le favori pour le prix individuel le plus prestigieux<\/p>\n","protected":false},"author":1,"featured_media":24723,"comment_status":"closed","ping_status":"","sticky":false,"template":"","format":"standard","meta":{"footnotes":""},"categories":[3],"tags":[148,5019,7923,5386,760,5071,75,51,1656,6333,1621],"yoast_head":"<!-- This site is optimized with the Yoast SEO plugin v21.0 - https:\/\/yoast.com\/wordpress\/plugins\/seo\/ -->\n<title>La star du PSG Dembele a soutenu \u00ab100%\u00bb pour Ballon d&#039;Or par l&#039;entra\u00eeneur de France Deschamps<\/title>\n<meta name=\"robots\" content=\"index, follow, max-snippet:-1, max-image-preview:large, max-video-preview:-1\" \/>\n<link rel=\"canonical\" href=\"https:\/\/footdavant.fr\/actualites\/la-star-du-psg-dembele-a-soutenu-100-pour-ballon-dor-par-lentraineur-de-france-deschamps\/\" \/>\n<meta property=\"og:locale\" content=\"fr_FR\" \/>\n<meta property=\"og:type\" content=\"article\" \/>\n<meta property=\"og:title\" content=\"La star du PSG Dembele a soutenu \u00ab100%\u00bb pour Ballon d&#039;Or par l&#039;entra\u00eeneur de France Deschamps\" \/>\n<meta property=\"og:description\" content=\"Ousmane Dembele m\u00e9rite 100% du Ballon d&#039;Or, selon l&#039;entra\u00eeneur de la France Didier Deschamps Dembele est le favori pour le prix individuel le plus prestigieux\" \/>\n<meta property=\"og:url\" content=\"https:\/\/footdavant.fr\/actualites\/la-star-du-psg-dembele-a-soutenu-100-pour-ballon-dor-par-lentraineur-de-france-deschamps\/\" \/>\n<meta property=\"og:site_name\" content=\"Foot d&#039;avant\" \/>\n<meta property=\"article:publisher\" content=\"https:\/\/www.facebook.com\/Footdavant\/\" \/>\n<meta property=\"article:published_time\" content=\"2025-06-05T03:48:04+00:00\" \/>\n<meta property=\"article:modified_time\" content=\"2025-06-05T03:48:06+00:00\" \/>\n<meta property=\"og:image\" content=\"https:\/\/footdavant.fr\/actualites\/wp-content\/uploads\/2025\/06\/La-star-du-PSG-Dembele-a-soutenu-100-pour-Ballon.jpg\" \/>\n\t<meta property=\"og:image:width\" content=\"1200\" \/>\n\t<meta property=\"og:image:height\" content=\"800\" \/>\n\t<meta property=\"og:image:type\" content=\"image\/jpeg\" \/>\n<meta name=\"author\" content=\"Cl\u00e9ment\" \/>\n<meta name=\"twitter:card\" content=\"summary_large_image\" \/>\n<meta name=\"twitter:creator\" content=\"@FootdavantFr\" \/>\n<meta name=\"twitter:site\" content=\"@FootdavantFr\" \/>\n<meta name=\"twitter:label1\" content=\"\u00c9crit par\" \/>\n\t<meta name=\"twitter:data1\" content=\"Cl\u00e9ment\" \/>\n\t<meta name=\"twitter:label2\" content=\"Dur\u00e9e de lecture estim\u00e9e\" \/>\n\t<meta name=\"twitter:data2\" content=\"2 minutes\" \/>\n<script type=\"application\/ld+json\" class=\"yoast-schema-graph\">{\"@context\":\"https:\/\/schema.org\",\"@graph\":[{\"@type\":\"Article\",\"@id\":\"https:\/\/footdavant.fr\/actualites\/la-star-du-psg-dembele-a-soutenu-100-pour-ballon-dor-par-lentraineur-de-france-deschamps\/#article\",\"isPartOf\":{\"@id\":\"https:\/\/footdavant.fr\/actualites\/la-star-du-psg-dembele-a-soutenu-100-pour-ballon-dor-par-lentraineur-de-france-deschamps\/\"},\"author\":{\"name\":\"Cl\u00e9ment\",\"@id\":\"https:\/\/footdavant.fr\/actualites\/#\/schema\/person\/bc222566d95871b37e597b3ed3ba5e1d\"},\"headline\":\"La star du PSG Dembele a soutenu \u00ab100%\u00bb pour Ballon d&#39;Or par l&#39;entra\u00eeneur de France Deschamps\",\"datePublished\":\"2025-06-05T03:48:04+00:00\",\"dateModified\":\"2025-06-05T03:48:06+00:00\",\"mainEntityOfPage\":{\"@id\":\"https:\/\/footdavant.fr\/actualites\/la-star-du-psg-dembele-a-soutenu-100-pour-ballon-dor-par-lentraineur-de-france-deschamps\/\"},\"wordCount\":506,\"publisher\":{\"@id\":\"https:\/\/footdavant.fr\/actualites\/#organization\"},\"keywords\":[\"Ballon\",\"d39Or\",\"Dembele\",\"Deschamps\",\"France\",\"L39entra\u00eeneur\",\"par\",\"pour\",\"PSG\",\"soutenu\",\"Star\"],\"articleSection\":[\"Football\"],\"inLanguage\":\"fr-FR\"},{\"@type\":\"WebPage\",\"@id\":\"https:\/\/footdavant.fr\/actualites\/la-star-du-psg-dembele-a-soutenu-100-pour-ballon-dor-par-lentraineur-de-france-deschamps\/\",\"url\":\"https:\/\/footdavant.fr\/actualites\/la-star-du-psg-dembele-a-soutenu-100-pour-ballon-dor-par-lentraineur-de-france-deschamps\/\",\"name\":\"La star du PSG Dembele a soutenu \u00ab100%\u00bb pour Ballon d&#39;Or par l&#39;entra\u00eeneur de France Deschamps\",\"isPartOf\":{\"@id\":\"https:\/\/footdavant.fr\/actualites\/#website\"},\"datePublished\":\"2025-06-05T03:48:04+00:00\",\"dateModified\":\"2025-06-05T03:48:06+00:00\",\"breadcrumb\":{\"@id\":\"https:\/\/footdavant.fr\/actualites\/la-star-du-psg-dembele-a-soutenu-100-pour-ballon-dor-par-lentraineur-de-france-deschamps\/#breadcrumb\"},\"inLanguage\":\"fr-FR\",\"potentialAction\":[{\"@type\":\"ReadAction\",\"target\":[\"https:\/\/footdavant.fr\/actualites\/la-star-du-psg-dembele-a-soutenu-100-pour-ballon-dor-par-lentraineur-de-france-deschamps\/\"]}]},{\"@type\":\"BreadcrumbList\",\"@id\":\"https:\/\/footdavant.fr\/actualites\/la-star-du-psg-dembele-a-soutenu-100-pour-ballon-dor-par-lentraineur-de-france-deschamps\/#breadcrumb\",\"itemListElement\":[{\"@type\":\"ListItem\",\"position\":1,\"name\":\"Accueil\",\"item\":\"https:\/\/footdavant.fr\/actualites\/\"},{\"@type\":\"ListItem\",\"position\":2,\"name\":\"La star du PSG Dembele a soutenu \u00ab100%\u00bb pour Ballon d&#39;Or par l&#39;entra\u00eeneur de France Deschamps\"}]},{\"@type\":\"WebSite\",\"@id\":\"https:\/\/footdavant.fr\/actualites\/#website\",\"url\":\"https:\/\/footdavant.fr\/actualites\/\",\"name\":\"Foot d'avant\",\"description\":\"\",\"publisher\":{\"@id\":\"https:\/\/footdavant.fr\/actualites\/#organization\"},\"potentialAction\":[{\"@type\":\"SearchAction\",\"target\":{\"@type\":\"EntryPoint\",\"urlTemplate\":\"https:\/\/footdavant.fr\/actualites\/?s={search_term_string}\"},\"query-input\":\"required name=search_term_string\"}],\"inLanguage\":\"fr-FR\"},{\"@type\":\"Organization\",\"@id\":\"https:\/\/footdavant.fr\/actualites\/#organization\",\"name\":\"Foot d'avant\",\"url\":\"https:\/\/footdavant.fr\/actualites\/\",\"logo\":{\"@type\":\"ImageObject\",\"inLanguage\":\"fr-FR\",\"@id\":\"https:\/\/footdavant.fr\/actualites\/#\/schema\/logo\/image\/\",\"url\":\"https:\/\/footdavant.fr\/actualites\/wp-content\/uploads\/2023\/09\/Copy-of-FootDavant-Logo.png\",\"contentUrl\":\"https:\/\/footdavant.fr\/actualites\/wp-content\/uploads\/2023\/09\/Copy-of-FootDavant-Logo.png\",\"width\":936,\"height\":549,\"caption\":\"Foot d'avant\"},\"image\":{\"@id\":\"https:\/\/footdavant.fr\/actualites\/#\/schema\/logo\/image\/\"},\"sameAs\":[\"https:\/\/www.facebook.com\/Footdavant\/\",\"https:\/\/twitter.com\/FootdavantFr\",\"https:\/\/www.instagram.com\/footdavant.fr\/\"]},{\"@type\":\"Person\",\"@id\":\"https:\/\/footdavant.fr\/actualites\/#\/schema\/person\/bc222566d95871b37e597b3ed3ba5e1d\",\"name\":\"Cl\u00e9ment\",\"image\":{\"@type\":\"ImageObject\",\"inLanguage\":\"fr-FR\",\"@id\":\"https:\/\/footdavant.fr\/actualites\/#\/schema\/person\/image\/\",\"url\":\"https:\/\/secure.gravatar.com\/avatar\/7728b29aac2719421e1a9159b2254c44?s=96&d=mm&r=g\",\"contentUrl\":\"https:\/\/secure.gravatar.com\/avatar\/7728b29aac2719421e1a9159b2254c44?s=96&d=mm&r=g\",\"caption\":\"Cl\u00e9ment\"},\"sameAs\":[\"https:\/\/footdavant.fr\/\"]}]}<\/script>\n<!-- \/ Yoast SEO plugin. -->","yoast_head_json":{"title":"La star du PSG Dembele a soutenu \u00ab100%\u00bb pour Ballon d&#39;Or par l&#39;entra\u00eeneur de France Deschamps","robots":{"index":"index","follow":"follow","max-snippet":"max-snippet:-1","max-image-preview":"max-image-preview:large","max-video-preview":"max-video-preview:-1"},"canonical":"https:\/\/footdavant.fr\/actualites\/la-star-du-psg-dembele-a-soutenu-100-pour-ballon-dor-par-lentraineur-de-france-deschamps\/","og_locale":"fr_FR","og_type":"article","og_title":"La star du PSG Dembele a soutenu \u00ab100%\u00bb pour Ballon d&#39;Or par l&#39;entra\u00eeneur de France Deschamps","og_description":"Ousmane Dembele m\u00e9rite 100% du Ballon d&#39;Or, selon l&#39;entra\u00eeneur de la France Didier Deschamps Dembele est le favori pour le prix individuel le plus prestigieux","og_url":"https:\/\/footdavant.fr\/actualites\/la-star-du-psg-dembele-a-soutenu-100-pour-ballon-dor-par-lentraineur-de-france-deschamps\/","og_site_name":"Foot d&#039;avant","article_publisher":"https:\/\/www.facebook.com\/Footdavant\/","article_published_time":"2025-06-05T03:48:04+00:00","article_modified_time":"2025-06-05T03:48:06+00:00","og_image":[{"width":1200,"height":800,"url":"https:\/\/footdavant.fr\/actualites\/wp-content\/uploads\/2025\/06\/La-star-du-PSG-Dembele-a-soutenu-100-pour-Ballon.jpg","type":"image\/jpeg"}],"author":"Cl\u00e9ment","twitter_card":"summary_large_image","twitter_creator":"@FootdavantFr","twitter_site":"@FootdavantFr","twitter_misc":{"\u00c9crit par":"Cl\u00e9ment","Dur\u00e9e de lecture estim\u00e9e":"2 minutes"},"schema":{"@context":"https:\/\/schema.org","@graph":[{"@type":"Article","@id":"https:\/\/footdavant.fr\/actualites\/la-star-du-psg-dembele-a-soutenu-100-pour-ballon-dor-par-lentraineur-de-france-deschamps\/#article","isPartOf":{"@id":"https:\/\/footdavant.fr\/actualites\/la-star-du-psg-dembele-a-soutenu-100-pour-ballon-dor-par-lentraineur-de-france-deschamps\/"},"author":{"name":"Cl\u00e9ment","@id":"https:\/\/footdavant.fr\/actualites\/#\/schema\/person\/bc222566d95871b37e597b3ed3ba5e1d"},"headline":"La star du PSG Dembele a soutenu \u00ab100%\u00bb pour Ballon d&#39;Or par l&#39;entra\u00eeneur de France Deschamps","datePublished":"2025-06-05T03:48:04+00:00","dateModified":"2025-06-05T03:48:06+00:00","mainEntityOfPage":{"@id":"https:\/\/footdavant.fr\/actualites\/la-star-du-psg-dembele-a-soutenu-100-pour-ballon-dor-par-lentraineur-de-france-deschamps\/"},"wordCount":506,"publisher":{"@id":"https:\/\/footdavant.fr\/actualites\/#organization"},"keywords":["Ballon","d39Or","Dembele","Deschamps","France","L39entra\u00eeneur","par","pour","PSG","soutenu","Star"],"articleSection":["Football"],"inLanguage":"fr-FR"},{"@type":"WebPage","@id":"https:\/\/footdavant.fr\/actualites\/la-star-du-psg-dembele-a-soutenu-100-pour-ballon-dor-par-lentraineur-de-france-deschamps\/","url":"https:\/\/footdavant.fr\/actualites\/la-star-du-psg-dembele-a-soutenu-100-pour-ballon-dor-par-lentraineur-de-france-deschamps\/","name":"La star du PSG Dembele a soutenu \u00ab100%\u00bb pour Ballon d&#39;Or par l&#39;entra\u00eeneur de France Deschamps","isPartOf":{"@id":"https:\/\/footdavant.fr\/actualites\/#website"},"datePublished":"2025-06-05T03:48:04+00:00","dateModified":"2025-06-05T03:48:06+00:00","breadcrumb":{"@id":"https:\/\/footdavant.fr\/actualites\/la-star-du-psg-dembele-a-soutenu-100-pour-ballon-dor-par-lentraineur-de-france-deschamps\/#breadcrumb"},"inLanguage":"fr-FR","potentialAction":[{"@type":"ReadAction","target":["https:\/\/footdavant.fr\/actualites\/la-star-du-psg-dembele-a-soutenu-100-pour-ballon-dor-par-lentraineur-de-france-deschamps\/"]}]},{"@type":"BreadcrumbList","@id":"https:\/\/footdavant.fr\/actualites\/la-star-du-psg-dembele-a-soutenu-100-pour-ballon-dor-par-lentraineur-de-france-deschamps\/#breadcrumb","itemListElement":[{"@type":"ListItem","position":1,"name":"Accueil","item":"https:\/\/footdavant.fr\/actualites\/"},{"@type":"ListItem","position":2,"name":"La star du PSG Dembele a soutenu \u00ab100%\u00bb pour Ballon d&#39;Or par l&#39;entra\u00eeneur de France Deschamps"}]},{"@type":"WebSite","@id":"https:\/\/footdavant.fr\/actualites\/#website","url":"https:\/\/footdavant.fr\/actualites\/","name":"Foot d'avant","description":"","publisher":{"@id":"https:\/\/footdavant.fr\/actualites\/#organization"},"potentialAction":[{"@type":"SearchAction","target":{"@type":"EntryPoint","urlTemplate":"https:\/\/footdavant.fr\/actualites\/?s={search_term_string}"},"query-input":"required name=search_term_string"}],"inLanguage":"fr-FR"},{"@type":"Organization","@id":"https:\/\/footdavant.fr\/actualites\/#organization","name":"Foot d'avant","url":"https:\/\/footdavant.fr\/actualites\/","logo":{"@type":"ImageObject","inLanguage":"fr-FR","@id":"https:\/\/footdavant.fr\/actualites\/#\/schema\/logo\/image\/","url":"https:\/\/footdavant.fr\/actualites\/wp-content\/uploads\/2023\/09\/Copy-of-FootDavant-Logo.png","contentUrl":"https:\/\/footdavant.fr\/actualites\/wp-content\/uploads\/2023\/09\/Copy-of-FootDavant-Logo.png","width":936,"height":549,"caption":"Foot d'avant"},"image":{"@id":"https:\/\/footdavant.fr\/actualites\/#\/schema\/logo\/image\/"},"sameAs":["https:\/\/www.facebook.com\/Footdavant\/","https:\/\/twitter.com\/FootdavantFr","https:\/\/www.instagram.com\/footdavant.fr\/"]},{"@type":"Person","@id":"https:\/\/footdavant.fr\/actualites\/#\/schema\/person\/bc222566d95871b37e597b3ed3ba5e1d","name":"Cl\u00e9ment","image":{"@type":"ImageObject","inLanguage":"fr-FR","@id":"https:\/\/footdavant.fr\/actualites\/#\/schema\/person\/image\/","url":"https:\/\/secure.gravatar.com\/avatar\/7728b29aac2719421e1a9159b2254c44?s=96&d=mm&r=g","contentUrl":"https:\/\/secure.gravatar.com\/avatar\/7728b29aac2719421e1a9159b2254c44?s=96&d=mm&r=g","caption":"Cl\u00e9ment"},"sameAs":["https:\/\/footdavant.fr\/"]}]}},"_links":{"self":[{"href":"https:\/\/footdavant.fr\/actualites\/wp-json\/wp\/v2\/posts\/24722"}],"collection":[{"href":"https:\/\/footdavant.fr\/actualites\/wp-json\/wp\/v2\/posts"}],"about":[{"href":"https:\/\/footdavant.fr\/actualites\/wp-json\/wp\/v2\/types\/post"}],"author":[{"embeddable":true,"href":"https:\/\/footdavant.fr\/actualites\/wp-json\/wp\/v2\/users\/1"}],"replies":[{"embeddable":true,"href":"https:\/\/footdavant.fr\/actualites\/wp-json\/wp\/v2\/comments?post=24722"}],"version-history":[{"count":1,"href":"https:\/\/footdavant.fr\/actualites\/wp-json\/wp\/v2\/posts\/24722\/revisions"}],"predecessor-version":[{"id":24724,"href":"https:\/\/footdavant.fr\/actualites\/wp-json\/wp\/v2\/posts\/24722\/revisions\/24724"}],"wp:featuredmedia":[{"embeddable":true,"href":"https:\/\/footdavant.fr\/actualites\/wp-json\/wp\/v2\/media\/24723"}],"wp:attachment":[{"href":"https:\/\/footdavant.fr\/actualites\/wp-json\/wp\/v2\/media?parent=24722"}],"wp:term":[{"taxonomy":"category","embeddable":true,"href":"https:\/\/footdavant.fr\/actualites\/wp-json\/wp\/v2\/categories?post=24722"},{"taxonomy":"post_tag","embeddable":true,"href":"https:\/\/footdavant.fr\/actualites\/wp-json\/wp\/v2\/tags?post=24722"}],"curies":[{"name":"wp","href":"https:\/\/api.w.org\/{rel}","templated":true}]}}