{"id":2485,"date":"2023-12-14T19:00:44","date_gmt":"2023-12-14T18:00:44","guid":{"rendered":"https:\/\/footdavant.fr\/actualites\/actualites-de-lequipe-de-barcelone-blessure-liste-de-suspension-contre-royal-anvers\/"},"modified":"2023-12-14T19:00:44","modified_gmt":"2023-12-14T18:00:44","slug":"actualites-de-lequipe-de-barcelone-blessure-liste-de-suspension-contre-royal-anvers","status":"publish","type":"post","link":"https:\/\/footdavant.fr\/actualites\/actualites-de-lequipe-de-barcelone-blessure-liste-de-suspension-contre-royal-anvers\/","title":{"rendered":"Actualit\u00e9s de l&rsquo;\u00e9quipe de Barcelone : Blessure, liste de suspension contre Royal Anvers"},"content":{"rendered":"<p>Sports Mole r\u00e9sume les derni\u00e8res nouvelles sur les blessures et les suspensions de Barcelone avant le choc du groupe H de la Ligue des champions mercredi contre le Royal Anvers.<\/p>\n<div id=\"article_body\" itemprop=\"articleBody\">\n<p class=\"firstPara\">Il ne lui manque qu&rsquo;un point pour confirmer sa premi\u00e8re place <strong class=\"autotag\">Ligue des champions<\/strong> Groupe H, <strong class=\"autotag\">Barcelone<\/strong> direction la Belgique pour rencontrer <strong class=\"autotag\">Royal Anvers<\/strong> le mercredi soir.<\/p>\n<p><strong class=\"autotag\">Xavi<\/strong>L&rsquo;\u00e9quipe de Porto a pris 12 points lors de ses cinq premiers matches de groupe et s&rsquo;est assur\u00e9 une place en huiti\u00e8mes de finale en prenant le dessus sur Porto 2-1 lors de l&rsquo;avant-derni\u00e8re journ\u00e9e.<\/p>\n<p>Barcelone participera au tirage au sort en tant que vainqueur du groupe s&rsquo;il \u00e9vite la d\u00e9faite mercredi, mais ses espoirs de titre en Liga ont subi un nouveau coup dur ce week-end, alors que G\u00e9rone, de haut vol, a stup\u00e9fi\u00e9 les Blaugrana lors d&rsquo;une victoire 4-2.<\/p>\n<p>Ici, <strong>Taupe de sport<\/strong> r\u00e9sume les derni\u00e8res nouvelles sur les blessures et les suspensions de Barcelone avant leur affrontement avec Anvers, d\u00e9j\u00e0 \u00e9limin\u00e9, qui n&rsquo;a pas r\u00e9ussi \u00e0 gagner un seul point dans le groupe H jusqu&rsquo;\u00e0 pr\u00e9sent.<\/p>\n<hr>\n<p class=\"imgI\">\n<p><strong>Statut:<\/strong> Dehors<br \/><strong>Type de blessure :<\/strong> Maladie<br \/><strong>Date de retour possible :<\/strong> 16 d\u00e9cembre (contre Valence)<\/p>\n<p>Frenkie de Jong n&rsquo;a pas fait le d\u00e9placement \u00e0 Anvers pour cause de maladie, mais il devrait faire un retour rapide pour le choc de Liga de ce week-end contre Valence.<\/p>\n<p class=\"imgI\"><img decoding=\"async\" loading=\"lazy\" class=\"l\" src=\"https:\/\/footdavant.fr\/actualites\/wp-content\/uploads\/2023\/12\/1702576843_328_Actualites-de-lequipe-de-Barcelone-Blessure-liste-de-suspension.JPG\" title=\"Le gardien de Barcelone Marc-Andre ter Stegen le 14 mai 2023\" alt=\"Le gardien de Barcelone Marc-Andre ter Stegen le 14 mai 2023\" width=\"640\" height=\"480\"><\/p>\n<p><strong>Statut:<\/strong> Dehors<br \/><strong>Type de blessure :<\/strong> Dos<br \/><strong>Date de retour possible :<\/strong> Inconnu<\/p>\n<p>Plus t\u00f4t ce mois-ci, le gardien de premier choix Marc-Andre ter Stegen a subi une intervention chirurgicale pour corriger un probl\u00e8me de dos, et l&rsquo;international allemand devrait se r\u00e9adapter pendant quelques mois avant un \u00e9ventuel retour en f\u00e9vrier.<\/p>\n<hr>\n<p class=\"imgI\"><img decoding=\"async\" loading=\"lazy\" class=\"l\" src=\"https:\/\/footdavant.fr\/actualites\/wp-content\/uploads\/2023\/12\/Actualites-de-lequipe-de-Barcelone-Blessure-liste-de-suspension.jpg\" title=\"L'Espagnol Gavi r\u00e9agit apr\u00e8s s'\u00eatre bless\u00e9 le 19 novembre 2023\" alt=\"L'Espagnol Gavi r\u00e9agit apr\u00e8s s'\u00eatre bless\u00e9 le 19 novembre 2023\" width=\"640\" height=\"480\"><\/p>\n<p><strong>Statut:<\/strong> Dehors<br \/><strong>Type de blessure :<\/strong> Genou<br \/><strong>Date de retour possible :<\/strong> Inconnu<\/p>\n<p>L&rsquo;ancien vainqueur du Troph\u00e9e Kopa, Gavi, a subi une atroce blessure au LCA alors qu&rsquo;il jouait pour l&rsquo;Espagne le mois dernier, et le joueur de 19 ans devrait rater le reste de la campagne et potentiellement l&rsquo;Euro 2024 pour d\u00e9marrer.<\/p>\n<hr>\n<p class=\"imgI\"><img decoding=\"async\" loading=\"lazy\" class=\"l\" src=\"https:\/\/footdavant.fr\/actualites\/wp-content\/uploads\/2023\/12\/1702576843_674_Actualites-de-lequipe-de-Barcelone-Blessure-liste-de-suspension.jpg\" title=\"Marcos Alonso en action pour Barcelone le 27 ao\u00fbt 2023\" alt=\"Marcos Alonso en action pour Barcelone le 27 ao\u00fbt 2023\" width=\"640\" height=\"480\"><\/p>\n<p><strong>Statut:<\/strong> Dehors<br \/><strong>Type de blessure :<\/strong> Dos<br \/><strong>Date de retour possible :<\/strong> Inconnu<\/p>\n<p>Marcos Alonso est le deuxi\u00e8me joueur de Barcelone actuellement bless\u00e9 au dos, ce qui l&rsquo;a emp\u00each\u00e9 de se pr\u00e9senter contre G\u00e9rone, et rien n&rsquo;indique actuellement quand l&rsquo;arri\u00e8re gauche pourrait \u00eatre \u00e0 nouveau disponible.<\/p>\n<hr>\n<p class=\"imgI\"><img decoding=\"async\" loading=\"lazy\" class=\"l\" src=\"https:\/\/footdavant.fr\/actualites\/wp-content\/uploads\/2023\/12\/1702576844_746_Actualites-de-lequipe-de-Barcelone-Blessure-liste-de-suspension.jpg\" title=\"Le nouveau joueur du FC Barcelone Inigo Martinez pose pour une photo lors de sa pr\u00e9sentation le 13 juillet 2023\" alt=\"Le nouveau joueur du FC Barcelone Inigo Martinez pose pour une photo lors de sa pr\u00e9sentation le 13 juillet 2023\" width=\"640\" height=\"480\"><\/p>\n<p><strong>Statut:<\/strong> Dehors<br \/><strong>Type de blessure :<\/strong> Tendon<br \/><strong>Date de retour possible :<\/strong> Inconnu<\/p>\n<p>Inigo Martinez a souffert d&rsquo;un probl\u00e8me aux ischio-jambiers alors qu&rsquo;il s&rsquo;\u00e9chauffait pour le choc de Barcelone contre l&rsquo;Atletico Madrid le 3 d\u00e9cembre, et on pense que le d\u00e9fenseur central n&rsquo;a que peu de chances de rejouer cette ann\u00e9e civile.<\/p>\n<hr>\n<p><strong><\/p>\n<h2>LISTE DE SUSPENSION DE BARCELONE<\/h2>\n<p><\/strong><\/p>\n<p>Barcelone n&rsquo;a aucun joueur banni pour ce match, mais <strong class=\"autotag\">Jo\u00e3o F\u00e9lix<\/strong> et <strong class=\"autotag\">Ronald Araujo<\/strong> ratera le match aller des huiti\u00e8mes de finale des Blaugrana s&rsquo;ils sont avertis ici.<\/p>\n<hr>\n<\/div>\n","protected":false},"excerpt":{"rendered":"<p>Sports Mole r\u00e9sume les derni\u00e8res nouvelles sur les blessures et les suspensions de Barcelone avant le choc du groupe H de la Ligue des champions<\/p>\n","protected":false},"author":1,"featured_media":2486,"comment_status":"closed","ping_status":"","sticky":false,"template":"","format":"standard","meta":{"footnotes":""},"categories":[4],"tags":[7,1888,130,15,20,9,17,379,18],"yoast_head":"<!-- This site is optimized with the Yoast SEO plugin v21.0 - https:\/\/yoast.com\/wordpress\/plugins\/seo\/ -->\n<title>Actualit\u00e9s de l&#039;\u00e9quipe de Barcelone : Blessure, liste de suspension contre Royal Anvers<\/title>\n<meta name=\"robots\" content=\"index, follow, max-snippet:-1, max-image-preview:large, max-video-preview:-1\" \/>\n<link rel=\"canonical\" href=\"https:\/\/footdavant.fr\/actualites\/actualites-de-lequipe-de-barcelone-blessure-liste-de-suspension-contre-royal-anvers\/\" \/>\n<meta property=\"og:locale\" content=\"fr_FR\" \/>\n<meta property=\"og:type\" content=\"article\" \/>\n<meta property=\"og:title\" content=\"Actualit\u00e9s de l&#039;\u00e9quipe de Barcelone : Blessure, liste de suspension contre Royal Anvers\" \/>\n<meta property=\"og:description\" content=\"Sports Mole r\u00e9sume les derni\u00e8res nouvelles sur les blessures et les suspensions de Barcelone avant le choc du groupe H de la Ligue des champions\" \/>\n<meta property=\"og:url\" content=\"https:\/\/footdavant.fr\/actualites\/actualites-de-lequipe-de-barcelone-blessure-liste-de-suspension-contre-royal-anvers\/\" \/>\n<meta property=\"og:site_name\" content=\"Foot d&#039;avant\" \/>\n<meta property=\"article:publisher\" content=\"https:\/\/www.facebook.com\/Footdavant\/\" \/>\n<meta property=\"article:published_time\" content=\"2023-12-14T18:00:44+00:00\" \/>\n<meta property=\"og:image\" content=\"https:\/\/footdavant.fr\/actualites\/wp-content\/uploads\/2023\/12\/Actualites-de-lequipe-de-Barcelone-Blessure-liste-de-suspension.JPG\" \/>\n\t<meta property=\"og:image:width\" content=\"640\" \/>\n\t<meta property=\"og:image:height\" content=\"480\" \/>\n\t<meta property=\"og:image:type\" content=\"image\/jpeg\" \/>\n<meta name=\"author\" content=\"Cl\u00e9ment\" \/>\n<meta name=\"twitter:card\" content=\"summary_large_image\" \/>\n<meta name=\"twitter:creator\" content=\"@FootdavantFr\" \/>\n<meta name=\"twitter:site\" content=\"@FootdavantFr\" \/>\n<meta name=\"twitter:label1\" content=\"\u00c9crit par\" \/>\n\t<meta name=\"twitter:data1\" content=\"Cl\u00e9ment\" \/>\n\t<meta name=\"twitter:label2\" content=\"Dur\u00e9e de lecture estim\u00e9e\" \/>\n\t<meta name=\"twitter:data2\" content=\"2 minutes\" \/>\n<script type=\"application\/ld+json\" class=\"yoast-schema-graph\">{\"@context\":\"https:\/\/schema.org\",\"@graph\":[{\"@type\":\"Article\",\"@id\":\"https:\/\/footdavant.fr\/actualites\/actualites-de-lequipe-de-barcelone-blessure-liste-de-suspension-contre-royal-anvers\/#article\",\"isPartOf\":{\"@id\":\"https:\/\/footdavant.fr\/actualites\/actualites-de-lequipe-de-barcelone-blessure-liste-de-suspension-contre-royal-anvers\/\"},\"author\":{\"name\":\"Cl\u00e9ment\",\"@id\":\"https:\/\/footdavant.fr\/actualites\/#\/schema\/person\/bc222566d95871b37e597b3ed3ba5e1d\"},\"headline\":\"Actualit\u00e9s de l&rsquo;\u00e9quipe de Barcelone : Blessure, liste de suspension contre Royal Anvers\",\"datePublished\":\"2023-12-14T18:00:44+00:00\",\"dateModified\":\"2023-12-14T18:00:44+00:00\",\"mainEntityOfPage\":{\"@id\":\"https:\/\/footdavant.fr\/actualites\/actualites-de-lequipe-de-barcelone-blessure-liste-de-suspension-contre-royal-anvers\/\"},\"wordCount\":490,\"publisher\":{\"@id\":\"https:\/\/footdavant.fr\/actualites\/#organization\"},\"keywords\":[\"Actualit\u00e9s\",\"Anvers\",\"Barcelone\",\"Blessure\",\"contre\",\"l\u00e9quipe\",\"liste\",\"Royal\",\"suspension\"],\"articleSection\":[\"Champions League\"],\"inLanguage\":\"fr-FR\"},{\"@type\":\"WebPage\",\"@id\":\"https:\/\/footdavant.fr\/actualites\/actualites-de-lequipe-de-barcelone-blessure-liste-de-suspension-contre-royal-anvers\/\",\"url\":\"https:\/\/footdavant.fr\/actualites\/actualites-de-lequipe-de-barcelone-blessure-liste-de-suspension-contre-royal-anvers\/\",\"name\":\"Actualit\u00e9s de l'\u00e9quipe de Barcelone : Blessure, liste de suspension contre Royal Anvers\",\"isPartOf\":{\"@id\":\"https:\/\/footdavant.fr\/actualites\/#website\"},\"datePublished\":\"2023-12-14T18:00:44+00:00\",\"dateModified\":\"2023-12-14T18:00:44+00:00\",\"breadcrumb\":{\"@id\":\"https:\/\/footdavant.fr\/actualites\/actualites-de-lequipe-de-barcelone-blessure-liste-de-suspension-contre-royal-anvers\/#breadcrumb\"},\"inLanguage\":\"fr-FR\",\"potentialAction\":[{\"@type\":\"ReadAction\",\"target\":[\"https:\/\/footdavant.fr\/actualites\/actualites-de-lequipe-de-barcelone-blessure-liste-de-suspension-contre-royal-anvers\/\"]}]},{\"@type\":\"BreadcrumbList\",\"@id\":\"https:\/\/footdavant.fr\/actualites\/actualites-de-lequipe-de-barcelone-blessure-liste-de-suspension-contre-royal-anvers\/#breadcrumb\",\"itemListElement\":[{\"@type\":\"ListItem\",\"position\":1,\"name\":\"Accueil\",\"item\":\"https:\/\/footdavant.fr\/actualites\/\"},{\"@type\":\"ListItem\",\"position\":2,\"name\":\"Actualit\u00e9s de l&rsquo;\u00e9quipe de Barcelone : Blessure, liste de suspension contre Royal Anvers\"}]},{\"@type\":\"WebSite\",\"@id\":\"https:\/\/footdavant.fr\/actualites\/#website\",\"url\":\"https:\/\/footdavant.fr\/actualites\/\",\"name\":\"Foot d'avant\",\"description\":\"\",\"publisher\":{\"@id\":\"https:\/\/footdavant.fr\/actualites\/#organization\"},\"potentialAction\":[{\"@type\":\"SearchAction\",\"target\":{\"@type\":\"EntryPoint\",\"urlTemplate\":\"https:\/\/footdavant.fr\/actualites\/?s={search_term_string}\"},\"query-input\":\"required name=search_term_string\"}],\"inLanguage\":\"fr-FR\"},{\"@type\":\"Organization\",\"@id\":\"https:\/\/footdavant.fr\/actualites\/#organization\",\"name\":\"Foot d'avant\",\"url\":\"https:\/\/footdavant.fr\/actualites\/\",\"logo\":{\"@type\":\"ImageObject\",\"inLanguage\":\"fr-FR\",\"@id\":\"https:\/\/footdavant.fr\/actualites\/#\/schema\/logo\/image\/\",\"url\":\"https:\/\/footdavant.fr\/actualites\/wp-content\/uploads\/2023\/09\/Copy-of-FootDavant-Logo.png\",\"contentUrl\":\"https:\/\/footdavant.fr\/actualites\/wp-content\/uploads\/2023\/09\/Copy-of-FootDavant-Logo.png\",\"width\":936,\"height\":549,\"caption\":\"Foot d'avant\"},\"image\":{\"@id\":\"https:\/\/footdavant.fr\/actualites\/#\/schema\/logo\/image\/\"},\"sameAs\":[\"https:\/\/www.facebook.com\/Footdavant\/\",\"https:\/\/twitter.com\/FootdavantFr\",\"https:\/\/www.instagram.com\/footdavant.fr\/\"]},{\"@type\":\"Person\",\"@id\":\"https:\/\/footdavant.fr\/actualites\/#\/schema\/person\/bc222566d95871b37e597b3ed3ba5e1d\",\"name\":\"Cl\u00e9ment\",\"image\":{\"@type\":\"ImageObject\",\"inLanguage\":\"fr-FR\",\"@id\":\"https:\/\/footdavant.fr\/actualites\/#\/schema\/person\/image\/\",\"url\":\"https:\/\/secure.gravatar.com\/avatar\/7728b29aac2719421e1a9159b2254c44?s=96&d=mm&r=g\",\"contentUrl\":\"https:\/\/secure.gravatar.com\/avatar\/7728b29aac2719421e1a9159b2254c44?s=96&d=mm&r=g\",\"caption\":\"Cl\u00e9ment\"},\"sameAs\":[\"https:\/\/footdavant.fr\/\"]}]}<\/script>\n<!-- \/ Yoast SEO plugin. -->","yoast_head_json":{"title":"Actualit\u00e9s de l'\u00e9quipe de Barcelone : Blessure, liste de suspension contre Royal Anvers","robots":{"index":"index","follow":"follow","max-snippet":"max-snippet:-1","max-image-preview":"max-image-preview:large","max-video-preview":"max-video-preview:-1"},"canonical":"https:\/\/footdavant.fr\/actualites\/actualites-de-lequipe-de-barcelone-blessure-liste-de-suspension-contre-royal-anvers\/","og_locale":"fr_FR","og_type":"article","og_title":"Actualit\u00e9s de l'\u00e9quipe de Barcelone : Blessure, liste de suspension contre Royal Anvers","og_description":"Sports Mole r\u00e9sume les derni\u00e8res nouvelles sur les blessures et les suspensions de Barcelone avant le choc du groupe H de la Ligue des champions","og_url":"https:\/\/footdavant.fr\/actualites\/actualites-de-lequipe-de-barcelone-blessure-liste-de-suspension-contre-royal-anvers\/","og_site_name":"Foot d&#039;avant","article_publisher":"https:\/\/www.facebook.com\/Footdavant\/","article_published_time":"2023-12-14T18:00:44+00:00","og_image":[{"width":640,"height":480,"url":"https:\/\/footdavant.fr\/actualites\/wp-content\/uploads\/2023\/12\/Actualites-de-lequipe-de-Barcelone-Blessure-liste-de-suspension.JPG","type":"image\/jpeg"}],"author":"Cl\u00e9ment","twitter_card":"summary_large_image","twitter_creator":"@FootdavantFr","twitter_site":"@FootdavantFr","twitter_misc":{"\u00c9crit par":"Cl\u00e9ment","Dur\u00e9e de lecture estim\u00e9e":"2 minutes"},"schema":{"@context":"https:\/\/schema.org","@graph":[{"@type":"Article","@id":"https:\/\/footdavant.fr\/actualites\/actualites-de-lequipe-de-barcelone-blessure-liste-de-suspension-contre-royal-anvers\/#article","isPartOf":{"@id":"https:\/\/footdavant.fr\/actualites\/actualites-de-lequipe-de-barcelone-blessure-liste-de-suspension-contre-royal-anvers\/"},"author":{"name":"Cl\u00e9ment","@id":"https:\/\/footdavant.fr\/actualites\/#\/schema\/person\/bc222566d95871b37e597b3ed3ba5e1d"},"headline":"Actualit\u00e9s de l&rsquo;\u00e9quipe de Barcelone : Blessure, liste de suspension contre Royal Anvers","datePublished":"2023-12-14T18:00:44+00:00","dateModified":"2023-12-14T18:00:44+00:00","mainEntityOfPage":{"@id":"https:\/\/footdavant.fr\/actualites\/actualites-de-lequipe-de-barcelone-blessure-liste-de-suspension-contre-royal-anvers\/"},"wordCount":490,"publisher":{"@id":"https:\/\/footdavant.fr\/actualites\/#organization"},"keywords":["Actualit\u00e9s","Anvers","Barcelone","Blessure","contre","l\u00e9quipe","liste","Royal","suspension"],"articleSection":["Champions League"],"inLanguage":"fr-FR"},{"@type":"WebPage","@id":"https:\/\/footdavant.fr\/actualites\/actualites-de-lequipe-de-barcelone-blessure-liste-de-suspension-contre-royal-anvers\/","url":"https:\/\/footdavant.fr\/actualites\/actualites-de-lequipe-de-barcelone-blessure-liste-de-suspension-contre-royal-anvers\/","name":"Actualit\u00e9s de l'\u00e9quipe de Barcelone : Blessure, liste de suspension contre Royal Anvers","isPartOf":{"@id":"https:\/\/footdavant.fr\/actualites\/#website"},"datePublished":"2023-12-14T18:00:44+00:00","dateModified":"2023-12-14T18:00:44+00:00","breadcrumb":{"@id":"https:\/\/footdavant.fr\/actualites\/actualites-de-lequipe-de-barcelone-blessure-liste-de-suspension-contre-royal-anvers\/#breadcrumb"},"inLanguage":"fr-FR","potentialAction":[{"@type":"ReadAction","target":["https:\/\/footdavant.fr\/actualites\/actualites-de-lequipe-de-barcelone-blessure-liste-de-suspension-contre-royal-anvers\/"]}]},{"@type":"BreadcrumbList","@id":"https:\/\/footdavant.fr\/actualites\/actualites-de-lequipe-de-barcelone-blessure-liste-de-suspension-contre-royal-anvers\/#breadcrumb","itemListElement":[{"@type":"ListItem","position":1,"name":"Accueil","item":"https:\/\/footdavant.fr\/actualites\/"},{"@type":"ListItem","position":2,"name":"Actualit\u00e9s de l&rsquo;\u00e9quipe de Barcelone : Blessure, liste de suspension contre Royal Anvers"}]},{"@type":"WebSite","@id":"https:\/\/footdavant.fr\/actualites\/#website","url":"https:\/\/footdavant.fr\/actualites\/","name":"Foot d'avant","description":"","publisher":{"@id":"https:\/\/footdavant.fr\/actualites\/#organization"},"potentialAction":[{"@type":"SearchAction","target":{"@type":"EntryPoint","urlTemplate":"https:\/\/footdavant.fr\/actualites\/?s={search_term_string}"},"query-input":"required name=search_term_string"}],"inLanguage":"fr-FR"},{"@type":"Organization","@id":"https:\/\/footdavant.fr\/actualites\/#organization","name":"Foot d'avant","url":"https:\/\/footdavant.fr\/actualites\/","logo":{"@type":"ImageObject","inLanguage":"fr-FR","@id":"https:\/\/footdavant.fr\/actualites\/#\/schema\/logo\/image\/","url":"https:\/\/footdavant.fr\/actualites\/wp-content\/uploads\/2023\/09\/Copy-of-FootDavant-Logo.png","contentUrl":"https:\/\/footdavant.fr\/actualites\/wp-content\/uploads\/2023\/09\/Copy-of-FootDavant-Logo.png","width":936,"height":549,"caption":"Foot d'avant"},"image":{"@id":"https:\/\/footdavant.fr\/actualites\/#\/schema\/logo\/image\/"},"sameAs":["https:\/\/www.facebook.com\/Footdavant\/","https:\/\/twitter.com\/FootdavantFr","https:\/\/www.instagram.com\/footdavant.fr\/"]},{"@type":"Person","@id":"https:\/\/footdavant.fr\/actualites\/#\/schema\/person\/bc222566d95871b37e597b3ed3ba5e1d","name":"Cl\u00e9ment","image":{"@type":"ImageObject","inLanguage":"fr-FR","@id":"https:\/\/footdavant.fr\/actualites\/#\/schema\/person\/image\/","url":"https:\/\/secure.gravatar.com\/avatar\/7728b29aac2719421e1a9159b2254c44?s=96&d=mm&r=g","contentUrl":"https:\/\/secure.gravatar.com\/avatar\/7728b29aac2719421e1a9159b2254c44?s=96&d=mm&r=g","caption":"Cl\u00e9ment"},"sameAs":["https:\/\/footdavant.fr\/"]}]}},"_links":{"self":[{"href":"https:\/\/footdavant.fr\/actualites\/wp-json\/wp\/v2\/posts\/2485"}],"collection":[{"href":"https:\/\/footdavant.fr\/actualites\/wp-json\/wp\/v2\/posts"}],"about":[{"href":"https:\/\/footdavant.fr\/actualites\/wp-json\/wp\/v2\/types\/post"}],"author":[{"embeddable":true,"href":"https:\/\/footdavant.fr\/actualites\/wp-json\/wp\/v2\/users\/1"}],"replies":[{"embeddable":true,"href":"https:\/\/footdavant.fr\/actualites\/wp-json\/wp\/v2\/comments?post=2485"}],"version-history":[{"count":1,"href":"https:\/\/footdavant.fr\/actualites\/wp-json\/wp\/v2\/posts\/2485\/revisions"}],"predecessor-version":[{"id":2487,"href":"https:\/\/footdavant.fr\/actualites\/wp-json\/wp\/v2\/posts\/2485\/revisions\/2487"}],"wp:featuredmedia":[{"embeddable":true,"href":"https:\/\/footdavant.fr\/actualites\/wp-json\/wp\/v2\/media\/2486"}],"wp:attachment":[{"href":"https:\/\/footdavant.fr\/actualites\/wp-json\/wp\/v2\/media?parent=2485"}],"wp:term":[{"taxonomy":"category","embeddable":true,"href":"https:\/\/footdavant.fr\/actualites\/wp-json\/wp\/v2\/categories?post=2485"},{"taxonomy":"post_tag","embeddable":true,"href":"https:\/\/footdavant.fr\/actualites\/wp-json\/wp\/v2\/tags?post=2485"}],"curies":[{"name":"wp","href":"https:\/\/api.w.org\/{rel}","templated":true}]}}