{"id":2491,"date":"2023-12-14T20:50:16","date_gmt":"2023-12-14T19:50:16","guid":{"rendered":"https:\/\/footdavant.fr\/actualites\/wenger-organise-la-sortie-europeenne-smith-rowe-espere\/"},"modified":"2023-12-14T20:50:17","modified_gmt":"2023-12-14T19:50:17","slug":"wenger-organise-la-sortie-europeenne-smith-rowe-espere","status":"publish","type":"post","link":"https:\/\/footdavant.fr\/actualites\/wenger-organise-la-sortie-europeenne-smith-rowe-espere\/","title":{"rendered":"Wenger organise la sortie europ\u00e9enne : Smith Rowe esp\u00e8re"},"content":{"rendered":"<div>\n<p>Bonjour \u00e0 tous.<\/p>\n<p>Malgr\u00e9 toutes les plaintes sur le fait que Mikel Arteta n&rsquo;a pas utilis\u00e9 certains jeunes joueurs lors de notre dernier match de groupe en Ligue des Champions, ne perdons pas de vue que ce n&rsquo;\u00e9tait un probl\u00e8me que parce que nous avions d\u00e9j\u00e0 gagn\u00e9 notre groupe.  Le kilom\u00e9trage des gens variera en fonction de ce qu&rsquo;il a fait ou n&rsquo;a pas fait avec certains de ses rempla\u00e7ants contre le PSV, mais le plus important dans tout cela est le fait que nous sommes dans le tirage au sort des huiti\u00e8mes de finale qui aura lieu lundi midi.<\/p>\n<p>Contrairement \u00e0 Manchester United, comme on le sait d\u00e9j\u00e0, et aussi \u00e0 Newcastle United qui est sorti hier soir apr\u00e8s avoir perdu 2-1 face \u00e0 l&rsquo;AC Milan.  Le but vainqueur de ce match a \u00e9t\u00e9 marqu\u00e9 par Samuel Chukwueze, qui devait rejoindre Arsenal en 2016 apr\u00e8s avoir impressionn\u00e9 le Nigeria lors de la Coupe du monde U17.  Cet accord n&rsquo;a pas abouti \u00e0 cause de quelques complications lors des phases finales, il \u00e9tait \u00e0 Londres et sur le point de signer un accord, mais Arsenal n&rsquo;a pas pu trouver d&rsquo;accord avec son \u00e9quipe de l&rsquo;Acad\u00e9mie (ce qui ressemble un peu \u00e0 certains agents qui en ont demand\u00e9 plus, n&rsquo;est-ce pas ?) au d\u00e9c\u00e8s et on leur a dit o\u00f9 aller).<\/p>\n<p>Il s&rsquo;est ensuite rendu en Espagne pour jouer pour Villarreal et a particip\u00e9 aux deux demi-finales de la Ligue Europa en 2021 lorsque nous avons perdu contre l&rsquo;\u00e9quipe d&rsquo;Unai Emery.  L&rsquo;\u00e9t\u00e9 dernier, il a rejoint Milan, et hier soir, il est apparu \u00e0 la 84e minute pour marquer le but qui a condamn\u00e9 Newcastle United au dernier rang de son groupe de Ligue des Champions.<\/p>\n<p>Ars\u00e8ne Wenger a encore r\u00e9cidiv\u00e9.<\/p>\n<\/p>\n<p>Pour \u00eatre honn\u00eate, c&rsquo;est un peu dommage qu&rsquo;ils ne soient pas oblig\u00e9s de continuer en Ligue Europa, leur \u00e9quipe \u00e9tant \u00e9tir\u00e9e par la routine du jeudi\/dimanche, m\u00eame apr\u00e8s avoir fait quelques manigances sur le march\u00e9 de janvier en recrutant des joueurs de clubs saoudiens. , mais sans l&rsquo;in\u00e9vitabilit\u00e9 de S\u00e9ville dans cette comp\u00e9tition cette saison, une bonne vieille sortie est plut\u00f4t dr\u00f4le.  Vous d\u00e9testeriez les voir remporter la Ligue Europa, ou s&rsquo;amuser de quelque mani\u00e8re que ce soit.<\/p>\n<p>Je regardais le match du jour le week-end dernier et les supporters de West Ham signaient \u00ab\u00a0Champions d&rsquo;Europe, nous savons ce que nous sommes\u00a0\u00bb apr\u00e8s avoir remport\u00e9 la Conference League.  La derni\u00e8re chose dont tout fan de football a besoin, c&rsquo;est d&rsquo;entendre les supporters de Newcastle, torse nu et leurs foules poilues pendantes se balan\u00e7ant d&rsquo;un c\u00f4t\u00e9 \u00e0 l&rsquo;autre comme des m\u00e9duses \u00e0 moiti\u00e9 mortes dans un sac Tesco, chanter quelque chose de similaire \u2013 m\u00eame si cela n&rsquo;a aucun sens.  West Ham n&rsquo;est pas plus champion de l&rsquo;Europe que moi, et m\u00eame si je suis totalement pour la licence artistique, c&rsquo;est trop.<\/p>\n<p>Je suppose cependant qu&rsquo;il faut penser \u00e0 Bruno Guimaraes qui doit d\u00e9sormais composer avec moins de matches au cours desquels il peut commettre de violentes agressions contre ses adversaires.  N\u00e9anmoins, la Premier League s&rsquo;est montr\u00e9e tr\u00e8s accommodante, d\u00e9montrant \u00e0 plusieurs reprises que frapper quelqu&rsquo;un \u00e0 la t\u00eate n&rsquo;est pas un carton rouge, et avec un match contre Chelsea \u00e0 l&rsquo;horizon, il pourrait peut-\u00eatre y \u00e9vacuer une partie de sa frustration.<\/p>\n<p>\u2014<\/p>\n<p>Avec janvier \u00e0 l&rsquo;horizon, et ce n&rsquo;est pas si loin maintenant, nous pouvons nous attendre \u00e0 beaucoup de discussions autour d&rsquo;Arsenal et du renforcement de l&rsquo;\u00e9quipe.  On a beaucoup parl\u00e9 de recruter un attaquant, mais quand je regarde l&rsquo;\u00e9quipe, je pense que nos besoins sont plus pressants depuis plus longtemps.  Je ne serais pas contre l&rsquo;ajout d&rsquo;un attaquant, mais je m&rsquo;inqui\u00e8te beaucoup de la profondeur au milieu de terrain en raison du manque de disponibilit\u00e9 autour de Thomas Partey, et \u00e0 l&rsquo;arri\u00e8re o\u00f9 les blessures de Takehiro Tomiyasu et l&rsquo;absence continue de Jurrien Timber nous laissent l\u00e9gers.<\/p>\n<p>C&rsquo;est pourquoi je pense que le retour d&rsquo;Emile Smith Rowe est potentiellement tr\u00e8s important pour nous.  Je r\u00e9alise qu&rsquo;apr\u00e8s presque une saison et demie o\u00f9 les blessures l&rsquo;ont impact\u00e9, il est peut-\u00eatre na\u00eff de penser qu&rsquo;il pourrait \u00eatre un personnage cl\u00e9, mais quand on regarde les profils de joueurs que nous avons, il a juste quelque chose d&rsquo;un peu diff\u00e9rent chez lui.  Il me rappelle un peu Tomas Rosicky, en partie \u00e0 cause du \u00ab si seulement \u00bb qui l&rsquo;entoure et de sa forme physique, mais aussi de sa capacit\u00e9 \u00e0 trouver des espaces entre les lignes dans la moiti\u00e9 de terrain adverse.  Sa nettet\u00e9 de mouvement pourrait nous aider contre des \u00e9quipes qui sont en retrait, et lorsque nous avons analys\u00e9 le match de Villa et parl\u00e9 de vaincre leur pi\u00e8ge du hors-jeu, il aurait pu \u00eatre tr\u00e8s utile l\u00e0 aussi.<\/p>\n<p>Mais tout est question de forme physique, alors gardez tout crois\u00e9 pour qu&rsquo;il puisse revenir \u00e0 son vrai niveau \u2013 celui qui a vu le club lui remettre le maillot num\u00e9ro 10.  Ce n&rsquo;est qu&rsquo;un chiffre, bien s\u00fbr, mais dans la plupart des clubs, cela signifie autre chose, et c&rsquo;est tr\u00e8s vrai \u00e0 Arsenal.<\/p>\n<p>C\u00f4t\u00e9 rumeurs, ceux d\u2019entre vous qui aiment un peu Victor Osimhen dans le nord de Londres d\u00e9tournent le regard maintenant\u00a0:<\/p>\n<blockquote class=\"twitter-tweet\" data-width=\"550\" data-dnt=\"true\">\n<p lang=\"en\" dir=\"ltr\">\ud83d\udea8\ud83d\udd35 Naples parvient \u00e0 un accord de principe avec Victor Osimhen sur un nouveau contrat avec clause lib\u00e9ratoire incluse !<\/p>\n<p>Il sera valable jusqu&rsquo;en juin 2026, soit un an de plus.<\/p>\n<p>\u21aa\ufe0f\ud83c\uddf3\ud83c\uddec La valeur finale de la clause, TDB \u2014 pourrait \u00eatre d&rsquo;environ 130 millions d&rsquo;euros selon Sky.<\/p>\n<p>Annonce officielle attendue prochainement. <a rel=\"nofollow\" href=\"https:\/\/t.co\/nVPhOQDwzM\">pic.twitter.com\/nVPhOQDwzM<\/a><\/p>\n<p>-Fabrizio Romano (@FabrizioRomano) <a rel=\"nofollow\" href=\"https:\/\/twitter.com\/FabrizioRomano\/status\/1735025642649903502?ref_src=twsrc%5Etfw\">13 d\u00e9cembre 2023<\/a><\/p>\n<\/blockquote>\n<p>Cela exclut d\u00e9finitivement une d\u00e9cision en janvier, si jamais cela \u00e9tait envisag\u00e9 en premier lieu.  J&rsquo;ai \u00e9galement vu des suggestions de pr\u00eat d&rsquo;Ivan Toney, mais je ne comprends pas une seconde pourquoi Brentford ferait cela, m\u00eame si nous nous engageions \u00e0 payer des frais importants cet \u00e9t\u00e9.  Je suppose qu&rsquo;on ne sait jamais, mais cela semble peu probable.  Seulement quelques semaines avant que la fen\u00eatre ne s\u2019ouvre et que toute la folie commence \u00e0 se produire.<\/p>\n<p>Bon, restons-en l\u00e0 pour l&rsquo;instant.  Passe un bon moment.<\/p>\n<\/div>\n<p><script async src=\"https:\/\/platform.twitter.com\/widgets.js\" charset=\"utf-8\"><\/script><\/p>\n","protected":false},"excerpt":{"rendered":"<p>Bonjour \u00e0 tous. Malgr\u00e9 toutes les plaintes sur le fait que Mikel Arteta n&rsquo;a pas utilis\u00e9 certains jeunes joueurs lors de notre dernier match de<\/p>\n","protected":false},"author":1,"featured_media":2492,"comment_status":"closed","ping_status":"","sticky":false,"template":"","format":"standard","meta":{"footnotes":""},"categories":[3],"tags":[445,1552,2224,2146,2145,1263,2223],"yoast_head":"<!-- This site is optimized with the Yoast SEO plugin v21.0 - https:\/\/yoast.com\/wordpress\/plugins\/seo\/ -->\n<title>Wenger organise la sortie europ\u00e9enne : Smith Rowe esp\u00e8re<\/title>\n<meta name=\"robots\" content=\"index, follow, max-snippet:-1, max-image-preview:large, max-video-preview:-1\" \/>\n<link rel=\"canonical\" href=\"https:\/\/footdavant.fr\/actualites\/wenger-organise-la-sortie-europeenne-smith-rowe-espere\/\" \/>\n<meta property=\"og:locale\" content=\"fr_FR\" \/>\n<meta property=\"og:type\" content=\"article\" \/>\n<meta property=\"og:title\" content=\"Wenger organise la sortie europ\u00e9enne : Smith Rowe esp\u00e8re\" \/>\n<meta property=\"og:description\" content=\"Bonjour \u00e0 tous. Malgr\u00e9 toutes les plaintes sur le fait que Mikel Arteta n&rsquo;a pas utilis\u00e9 certains jeunes joueurs lors de notre dernier match de\" \/>\n<meta property=\"og:url\" content=\"https:\/\/footdavant.fr\/actualites\/wenger-organise-la-sortie-europeenne-smith-rowe-espere\/\" \/>\n<meta property=\"og:site_name\" content=\"Foot d&#039;avant\" \/>\n<meta property=\"article:publisher\" content=\"https:\/\/www.facebook.com\/Footdavant\/\" \/>\n<meta property=\"article:published_time\" content=\"2023-12-14T19:50:16+00:00\" \/>\n<meta property=\"article:modified_time\" content=\"2023-12-14T19:50:17+00:00\" \/>\n<meta property=\"og:image\" content=\"https:\/\/footdavant.fr\/actualites\/wp-content\/uploads\/2023\/12\/1702583417_Wenger-organise-la-sortie-europeenne-Smith-Rowe-espere.jpg\" \/>\n\t<meta property=\"og:image:width\" content=\"1500\" \/>\n\t<meta property=\"og:image:height\" content=\"750\" \/>\n\t<meta property=\"og:image:type\" content=\"image\/jpeg\" \/>\n<meta name=\"author\" content=\"Cl\u00e9ment\" \/>\n<meta name=\"twitter:card\" content=\"summary_large_image\" \/>\n<meta name=\"twitter:creator\" content=\"@FootdavantFr\" \/>\n<meta name=\"twitter:site\" content=\"@FootdavantFr\" \/>\n<meta name=\"twitter:label1\" content=\"\u00c9crit par\" \/>\n\t<meta name=\"twitter:data1\" content=\"Cl\u00e9ment\" \/>\n\t<meta name=\"twitter:label2\" content=\"Dur\u00e9e de lecture estim\u00e9e\" \/>\n\t<meta name=\"twitter:data2\" content=\"5 minutes\" \/>\n<script type=\"application\/ld+json\" class=\"yoast-schema-graph\">{\"@context\":\"https:\/\/schema.org\",\"@graph\":[{\"@type\":\"Article\",\"@id\":\"https:\/\/footdavant.fr\/actualites\/wenger-organise-la-sortie-europeenne-smith-rowe-espere\/#article\",\"isPartOf\":{\"@id\":\"https:\/\/footdavant.fr\/actualites\/wenger-organise-la-sortie-europeenne-smith-rowe-espere\/\"},\"author\":{\"name\":\"Cl\u00e9ment\",\"@id\":\"https:\/\/footdavant.fr\/actualites\/#\/schema\/person\/bc222566d95871b37e597b3ed3ba5e1d\"},\"headline\":\"Wenger organise la sortie europ\u00e9enne : Smith Rowe esp\u00e8re\",\"datePublished\":\"2023-12-14T19:50:16+00:00\",\"dateModified\":\"2023-12-14T19:50:17+00:00\",\"mainEntityOfPage\":{\"@id\":\"https:\/\/footdavant.fr\/actualites\/wenger-organise-la-sortie-europeenne-smith-rowe-espere\/\"},\"wordCount\":1040,\"publisher\":{\"@id\":\"https:\/\/footdavant.fr\/actualites\/#organization\"},\"keywords\":[\"esp\u00e8re\",\"europ\u00e9enne\",\"organise\",\"Rowe\",\"Smith\",\"sortie\",\"Wenger\"],\"articleSection\":[\"Football\"],\"inLanguage\":\"fr-FR\"},{\"@type\":\"WebPage\",\"@id\":\"https:\/\/footdavant.fr\/actualites\/wenger-organise-la-sortie-europeenne-smith-rowe-espere\/\",\"url\":\"https:\/\/footdavant.fr\/actualites\/wenger-organise-la-sortie-europeenne-smith-rowe-espere\/\",\"name\":\"Wenger organise la sortie europ\u00e9enne : Smith Rowe esp\u00e8re\",\"isPartOf\":{\"@id\":\"https:\/\/footdavant.fr\/actualites\/#website\"},\"datePublished\":\"2023-12-14T19:50:16+00:00\",\"dateModified\":\"2023-12-14T19:50:17+00:00\",\"breadcrumb\":{\"@id\":\"https:\/\/footdavant.fr\/actualites\/wenger-organise-la-sortie-europeenne-smith-rowe-espere\/#breadcrumb\"},\"inLanguage\":\"fr-FR\",\"potentialAction\":[{\"@type\":\"ReadAction\",\"target\":[\"https:\/\/footdavant.fr\/actualites\/wenger-organise-la-sortie-europeenne-smith-rowe-espere\/\"]}]},{\"@type\":\"BreadcrumbList\",\"@id\":\"https:\/\/footdavant.fr\/actualites\/wenger-organise-la-sortie-europeenne-smith-rowe-espere\/#breadcrumb\",\"itemListElement\":[{\"@type\":\"ListItem\",\"position\":1,\"name\":\"Accueil\",\"item\":\"https:\/\/footdavant.fr\/actualites\/\"},{\"@type\":\"ListItem\",\"position\":2,\"name\":\"Wenger organise la sortie europ\u00e9enne : Smith Rowe esp\u00e8re\"}]},{\"@type\":\"WebSite\",\"@id\":\"https:\/\/footdavant.fr\/actualites\/#website\",\"url\":\"https:\/\/footdavant.fr\/actualites\/\",\"name\":\"Foot d'avant\",\"description\":\"\",\"publisher\":{\"@id\":\"https:\/\/footdavant.fr\/actualites\/#organization\"},\"potentialAction\":[{\"@type\":\"SearchAction\",\"target\":{\"@type\":\"EntryPoint\",\"urlTemplate\":\"https:\/\/footdavant.fr\/actualites\/?s={search_term_string}\"},\"query-input\":\"required name=search_term_string\"}],\"inLanguage\":\"fr-FR\"},{\"@type\":\"Organization\",\"@id\":\"https:\/\/footdavant.fr\/actualites\/#organization\",\"name\":\"Foot d'avant\",\"url\":\"https:\/\/footdavant.fr\/actualites\/\",\"logo\":{\"@type\":\"ImageObject\",\"inLanguage\":\"fr-FR\",\"@id\":\"https:\/\/footdavant.fr\/actualites\/#\/schema\/logo\/image\/\",\"url\":\"https:\/\/footdavant.fr\/actualites\/wp-content\/uploads\/2023\/09\/Copy-of-FootDavant-Logo.png\",\"contentUrl\":\"https:\/\/footdavant.fr\/actualites\/wp-content\/uploads\/2023\/09\/Copy-of-FootDavant-Logo.png\",\"width\":936,\"height\":549,\"caption\":\"Foot d'avant\"},\"image\":{\"@id\":\"https:\/\/footdavant.fr\/actualites\/#\/schema\/logo\/image\/\"},\"sameAs\":[\"https:\/\/www.facebook.com\/Footdavant\/\",\"https:\/\/twitter.com\/FootdavantFr\",\"https:\/\/www.instagram.com\/footdavant.fr\/\"]},{\"@type\":\"Person\",\"@id\":\"https:\/\/footdavant.fr\/actualites\/#\/schema\/person\/bc222566d95871b37e597b3ed3ba5e1d\",\"name\":\"Cl\u00e9ment\",\"image\":{\"@type\":\"ImageObject\",\"inLanguage\":\"fr-FR\",\"@id\":\"https:\/\/footdavant.fr\/actualites\/#\/schema\/person\/image\/\",\"url\":\"https:\/\/secure.gravatar.com\/avatar\/7728b29aac2719421e1a9159b2254c44?s=96&d=mm&r=g\",\"contentUrl\":\"https:\/\/secure.gravatar.com\/avatar\/7728b29aac2719421e1a9159b2254c44?s=96&d=mm&r=g\",\"caption\":\"Cl\u00e9ment\"},\"sameAs\":[\"https:\/\/footdavant.fr\/\"]}]}<\/script>\n<!-- \/ Yoast SEO plugin. -->","yoast_head_json":{"title":"Wenger organise la sortie europ\u00e9enne : Smith Rowe esp\u00e8re","robots":{"index":"index","follow":"follow","max-snippet":"max-snippet:-1","max-image-preview":"max-image-preview:large","max-video-preview":"max-video-preview:-1"},"canonical":"https:\/\/footdavant.fr\/actualites\/wenger-organise-la-sortie-europeenne-smith-rowe-espere\/","og_locale":"fr_FR","og_type":"article","og_title":"Wenger organise la sortie europ\u00e9enne : Smith Rowe esp\u00e8re","og_description":"Bonjour \u00e0 tous. Malgr\u00e9 toutes les plaintes sur le fait que Mikel Arteta n&rsquo;a pas utilis\u00e9 certains jeunes joueurs lors de notre dernier match de","og_url":"https:\/\/footdavant.fr\/actualites\/wenger-organise-la-sortie-europeenne-smith-rowe-espere\/","og_site_name":"Foot d&#039;avant","article_publisher":"https:\/\/www.facebook.com\/Footdavant\/","article_published_time":"2023-12-14T19:50:16+00:00","article_modified_time":"2023-12-14T19:50:17+00:00","og_image":[{"width":1500,"height":750,"url":"https:\/\/footdavant.fr\/actualites\/wp-content\/uploads\/2023\/12\/1702583417_Wenger-organise-la-sortie-europeenne-Smith-Rowe-espere.jpg","type":"image\/jpeg"}],"author":"Cl\u00e9ment","twitter_card":"summary_large_image","twitter_creator":"@FootdavantFr","twitter_site":"@FootdavantFr","twitter_misc":{"\u00c9crit par":"Cl\u00e9ment","Dur\u00e9e de lecture estim\u00e9e":"5 minutes"},"schema":{"@context":"https:\/\/schema.org","@graph":[{"@type":"Article","@id":"https:\/\/footdavant.fr\/actualites\/wenger-organise-la-sortie-europeenne-smith-rowe-espere\/#article","isPartOf":{"@id":"https:\/\/footdavant.fr\/actualites\/wenger-organise-la-sortie-europeenne-smith-rowe-espere\/"},"author":{"name":"Cl\u00e9ment","@id":"https:\/\/footdavant.fr\/actualites\/#\/schema\/person\/bc222566d95871b37e597b3ed3ba5e1d"},"headline":"Wenger organise la sortie europ\u00e9enne : Smith Rowe esp\u00e8re","datePublished":"2023-12-14T19:50:16+00:00","dateModified":"2023-12-14T19:50:17+00:00","mainEntityOfPage":{"@id":"https:\/\/footdavant.fr\/actualites\/wenger-organise-la-sortie-europeenne-smith-rowe-espere\/"},"wordCount":1040,"publisher":{"@id":"https:\/\/footdavant.fr\/actualites\/#organization"},"keywords":["esp\u00e8re","europ\u00e9enne","organise","Rowe","Smith","sortie","Wenger"],"articleSection":["Football"],"inLanguage":"fr-FR"},{"@type":"WebPage","@id":"https:\/\/footdavant.fr\/actualites\/wenger-organise-la-sortie-europeenne-smith-rowe-espere\/","url":"https:\/\/footdavant.fr\/actualites\/wenger-organise-la-sortie-europeenne-smith-rowe-espere\/","name":"Wenger organise la sortie europ\u00e9enne : Smith Rowe esp\u00e8re","isPartOf":{"@id":"https:\/\/footdavant.fr\/actualites\/#website"},"datePublished":"2023-12-14T19:50:16+00:00","dateModified":"2023-12-14T19:50:17+00:00","breadcrumb":{"@id":"https:\/\/footdavant.fr\/actualites\/wenger-organise-la-sortie-europeenne-smith-rowe-espere\/#breadcrumb"},"inLanguage":"fr-FR","potentialAction":[{"@type":"ReadAction","target":["https:\/\/footdavant.fr\/actualites\/wenger-organise-la-sortie-europeenne-smith-rowe-espere\/"]}]},{"@type":"BreadcrumbList","@id":"https:\/\/footdavant.fr\/actualites\/wenger-organise-la-sortie-europeenne-smith-rowe-espere\/#breadcrumb","itemListElement":[{"@type":"ListItem","position":1,"name":"Accueil","item":"https:\/\/footdavant.fr\/actualites\/"},{"@type":"ListItem","position":2,"name":"Wenger organise la sortie europ\u00e9enne : Smith Rowe esp\u00e8re"}]},{"@type":"WebSite","@id":"https:\/\/footdavant.fr\/actualites\/#website","url":"https:\/\/footdavant.fr\/actualites\/","name":"Foot d'avant","description":"","publisher":{"@id":"https:\/\/footdavant.fr\/actualites\/#organization"},"potentialAction":[{"@type":"SearchAction","target":{"@type":"EntryPoint","urlTemplate":"https:\/\/footdavant.fr\/actualites\/?s={search_term_string}"},"query-input":"required name=search_term_string"}],"inLanguage":"fr-FR"},{"@type":"Organization","@id":"https:\/\/footdavant.fr\/actualites\/#organization","name":"Foot d'avant","url":"https:\/\/footdavant.fr\/actualites\/","logo":{"@type":"ImageObject","inLanguage":"fr-FR","@id":"https:\/\/footdavant.fr\/actualites\/#\/schema\/logo\/image\/","url":"https:\/\/footdavant.fr\/actualites\/wp-content\/uploads\/2023\/09\/Copy-of-FootDavant-Logo.png","contentUrl":"https:\/\/footdavant.fr\/actualites\/wp-content\/uploads\/2023\/09\/Copy-of-FootDavant-Logo.png","width":936,"height":549,"caption":"Foot d'avant"},"image":{"@id":"https:\/\/footdavant.fr\/actualites\/#\/schema\/logo\/image\/"},"sameAs":["https:\/\/www.facebook.com\/Footdavant\/","https:\/\/twitter.com\/FootdavantFr","https:\/\/www.instagram.com\/footdavant.fr\/"]},{"@type":"Person","@id":"https:\/\/footdavant.fr\/actualites\/#\/schema\/person\/bc222566d95871b37e597b3ed3ba5e1d","name":"Cl\u00e9ment","image":{"@type":"ImageObject","inLanguage":"fr-FR","@id":"https:\/\/footdavant.fr\/actualites\/#\/schema\/person\/image\/","url":"https:\/\/secure.gravatar.com\/avatar\/7728b29aac2719421e1a9159b2254c44?s=96&d=mm&r=g","contentUrl":"https:\/\/secure.gravatar.com\/avatar\/7728b29aac2719421e1a9159b2254c44?s=96&d=mm&r=g","caption":"Cl\u00e9ment"},"sameAs":["https:\/\/footdavant.fr\/"]}]}},"_links":{"self":[{"href":"https:\/\/footdavant.fr\/actualites\/wp-json\/wp\/v2\/posts\/2491"}],"collection":[{"href":"https:\/\/footdavant.fr\/actualites\/wp-json\/wp\/v2\/posts"}],"about":[{"href":"https:\/\/footdavant.fr\/actualites\/wp-json\/wp\/v2\/types\/post"}],"author":[{"embeddable":true,"href":"https:\/\/footdavant.fr\/actualites\/wp-json\/wp\/v2\/users\/1"}],"replies":[{"embeddable":true,"href":"https:\/\/footdavant.fr\/actualites\/wp-json\/wp\/v2\/comments?post=2491"}],"version-history":[{"count":1,"href":"https:\/\/footdavant.fr\/actualites\/wp-json\/wp\/v2\/posts\/2491\/revisions"}],"predecessor-version":[{"id":2493,"href":"https:\/\/footdavant.fr\/actualites\/wp-json\/wp\/v2\/posts\/2491\/revisions\/2493"}],"wp:featuredmedia":[{"embeddable":true,"href":"https:\/\/footdavant.fr\/actualites\/wp-json\/wp\/v2\/media\/2492"}],"wp:attachment":[{"href":"https:\/\/footdavant.fr\/actualites\/wp-json\/wp\/v2\/media?parent=2491"}],"wp:term":[{"taxonomy":"category","embeddable":true,"href":"https:\/\/footdavant.fr\/actualites\/wp-json\/wp\/v2\/categories?post=2491"},{"taxonomy":"post_tag","embeddable":true,"href":"https:\/\/footdavant.fr\/actualites\/wp-json\/wp\/v2\/tags?post=2491"}],"curies":[{"name":"wp","href":"https:\/\/api.w.org\/{rel}","templated":true}]}}