{"id":24993,"date":"2025-06-12T15:48:08","date_gmt":"2025-06-12T13:48:08","guid":{"rendered":"https:\/\/footdavant.fr\/actualites\/transferts-de-premier-league-confirmes-daujourdhui-jeudi-12-juin\/"},"modified":"2025-06-12T15:48:18","modified_gmt":"2025-06-12T13:48:18","slug":"transferts-de-premier-league-confirmes-daujourdhui-jeudi-12-juin","status":"publish","type":"post","link":"https:\/\/footdavant.fr\/actualites\/transferts-de-premier-league-confirmes-daujourdhui-jeudi-12-juin\/","title":{"rendered":"Transferts de Premier League confirm\u00e9s d&#39;aujourd&#39;hui: jeudi 12 juin"},"content":{"rendered":"<p>Gardez une trace de chaque accord de transfert d&#39;\u00e9t\u00e9 conclue impliquant des \u00e9quipes de Premier League gracieuset\u00e9 de l&#39;\u00e9coute quotidienne de Sports Mole.<\/p>\n<div id=\"article_body\" itemprop=\"articleBody\">\n<h3 class=\"firstPara\"><\/h3>\n<p>La fen\u00eatre de transfert d&#39;\u00e9t\u00e9 est d\u00e9sormais ouverte pour les clubs de Premier League, apr\u00e8s que la FIFA ait autoris\u00e9 une dispense sp\u00e9ciale pour permettre aux \u00e9quipes de signer des joueurs du 1er au 10 juin.<\/p>\n<p>Cette fen\u00eatre de bonus temporaire se fermera ensuite, avant de rouvrir le 16 juin et se d\u00e9roulera jusqu&#39;au 1er septembre, donnant \u00e0 chaque club la possibilit\u00e9 de renforcer ses rangs avant la campagne 2025-26.<\/p>\n<p>Ici, <strong>Taupe de sport<\/strong> Gardez une trace de chaque accord \u00e0 conclure impliquant des \u00e9quipes de Premier League au jour le jour tout au long de la fen\u00eatre de transfert d&#39;\u00e9t\u00e9.<\/p>\n<hr>\n<p><\/p>\n<h2>Jeudi 12 juin<\/h2>\n<p>Aucune offre confirm\u00e9e!<\/p>\n<hr>\n<p><\/p>\n<h2>Mercredi 11 juin<\/h2>\n<p>Tijjani Reijnders (CM | AC Milan \u00e0 <strong class=\"autotag\">MANCHESTER CITY<\/strong> | \u00a3 46,5 M)<\/p>\n<hr>\n<p><\/p>\n<h2>Mardi 10 juin<\/h2>\n<p><strong class=\"autotag\">Jobe Bellingham<\/strong> (CM | <strong class=\"autotag\">Sunderland<\/strong> au Borussia Dortmund | 27,8 M \u00a3)<\/p>\n<p><strong class=\"autotag\">Kieran Tierney<\/strong> (LB | <strong class=\"autotag\">Arsenal<\/strong> au Celtic | Gratuit)<\/p>\n<p><strong class=\"autotag\">Marcus Bettinelli<\/strong> (GK | <strong class=\"autotag\">Ch\u00e9lat<\/strong> \u00e0 Manchester City | Non divulgu\u00e9)<\/p>\n<p><strong class=\"autotag\">Dario Essugo<\/strong> (CM | Sporting Lisbonne \u00e0 Chelsea | 18,8 millions de livres sterling)<\/p>\n<p>Rayan Cherki (Am | Lyon \u00e0 Man City | 30,45 M \u00a3)<\/p>\n<hr>\n<p><\/p>\n<h2>Lundi 9 juin<\/h2>\n<p>Mamdou Sarr (CB | Strasbourg \u00e0 Chelsea | \u00a3 12 M)<\/p>\n<p><strong class=\"autotag\">Rayan Ait-Nouri<\/strong> (LB | <strong class=\"autotag\">Wolverhampton Wanderers<\/strong> \u00e0 Manchester City | 31 M \u00a3)<\/p>\n<hr>\n<p><\/p>\n<h2>Samedi 7 juin<\/h2>\n<p><strong class=\"autotag\">Armin Pecsi<\/strong> (Gk | puskas akademia \u00e0 <strong class=\"autotag\">Liverpool<\/strong> | 1,5 M \u00a3)<\/p>\n<hr>\n<p><\/p>\n<h2>Vendredi 6 juin<\/h2>\n<p><strong class=\"autotag\">Jean-Clair TODIBO<\/strong> (CB | Ravi de <strong class=\"autotag\">West Ham United<\/strong> | Non divulgu\u00e9)<\/p>\n<p><strong class=\"autotag\">Lloyd Kelly<\/strong> (CB | <strong class=\"autotag\">Newcastle United<\/strong> \u00e0 la Juventus | 20 millions de livres sterling)<\/p>\n<p><strong class=\"autotag\">Jorginho<\/strong> (CM | Arsenal \u00e0 Flamengo | Frais)<\/p>\n<hr>\n<p><\/p>\n<h2>Jeudi 5 juin<\/h2>\n<p>Antonio Cordero (RW | Malaga \u00e0 Newcastle United | non divulgu\u00e9e)<\/p>\n<hr>\n<p><\/p>\n<h2>Mercredi 4 juin<\/h2>\n<p><strong class=\"autotag\">Liam Delap<\/strong> (St | Ipswich Town \u00e0 Chelsea | 30 millions de livres sterling)<\/p>\n<hr>\n<p><\/p>\n<h2>Mardi 3 juin<\/h2>\n<p><strong class=\"autotag\">Caoimhin Kelleher<\/strong> (Gk | Liverpool \u00e0 <strong class=\"autotag\">Brentford<\/strong> | 12,5 millions de livres sterling)<\/p>\n<p><strong class=\"autotag\">Enzo le fee<\/strong> (Am | Roma \u00e0 Sunderland | 19,3 millions de livres sterling)<\/p>\n<p>Mark Flekken (GK | Brentford \u00e0 Bayer Leverkusen | 8 M \u00a3)<\/p>\n<hr>\n<p><\/p>\n<h2>Lundi 2 juin<\/h2>\n<p><strong class=\"autotag\">Romelle Donovan<\/strong> (Am | Birmingham City \u00e0 Brentford | non divulgu\u00e9e)<\/p>\n<p>Dario Essugo (DM | Sporting Lisbonne \u00e0 Chelsea | \u00a3 18 M)<\/p>\n<hr>\n<p><\/p>\n<h2>Dimanche 1er juin<\/h2>\n<p><strong class=\"autotag\">Tom Watson<\/strong> (LW | Sunderland \u00e0 Brighton &#038; Hove Albion | 10 millions de livres sterling)<\/p>\n<p><strong class=\"autotag\">Matheus cunha<\/strong> (Cf | Wolverhampton Wanderers \u00e0 <strong class=\"autotag\">Manchester United<\/strong> | 62,5 M \u00a3)<\/p>\n<p>Dean Huijsen (CB | <strong class=\"autotag\">Bournemouth<\/strong> au Real Madrid | 50 millions de livres sterling)<\/p>\n<hr>\n<div class=\"author_box\">\n<div class=\"author_box_banner\"> <\/div>\n<\/div>\n<\/div>\n","protected":false},"excerpt":{"rendered":"<p>Gardez une trace de chaque accord de transfert d&#39;\u00e9t\u00e9 conclue impliquant des \u00e9quipes de Premier League gracieuset\u00e9 de l&#39;\u00e9coute quotidienne de Sports Mole. La fen\u00eatre<\/p>\n","protected":false},"author":1,"featured_media":24994,"comment_status":"closed","ping_status":"","sticky":false,"template":"","format":"standard","meta":{"footnotes":""},"categories":[5],"tags":[5327,5891,2019,6649,202,201,1376],"yoast_head":"<!-- This site is optimized with the Yoast SEO plugin v21.0 - https:\/\/yoast.com\/wordpress\/plugins\/seo\/ -->\n<title>Transferts de Premier League confirm\u00e9s d&#039;aujourd&#039;hui: jeudi 12 juin<\/title>\n<meta name=\"robots\" content=\"index, follow, max-snippet:-1, max-image-preview:large, max-video-preview:-1\" \/>\n<link rel=\"canonical\" href=\"https:\/\/footdavant.fr\/actualites\/transferts-de-premier-league-confirmes-daujourdhui-jeudi-12-juin\/\" \/>\n<meta property=\"og:locale\" content=\"fr_FR\" \/>\n<meta property=\"og:type\" content=\"article\" \/>\n<meta property=\"og:title\" content=\"Transferts de Premier League confirm\u00e9s d&#039;aujourd&#039;hui: jeudi 12 juin\" \/>\n<meta property=\"og:description\" content=\"Gardez une trace de chaque accord de transfert d&#039;\u00e9t\u00e9 conclue impliquant des \u00e9quipes de Premier League gracieuset\u00e9 de l&#039;\u00e9coute quotidienne de Sports Mole. La fen\u00eatre\" \/>\n<meta property=\"og:url\" content=\"https:\/\/footdavant.fr\/actualites\/transferts-de-premier-league-confirmes-daujourdhui-jeudi-12-juin\/\" \/>\n<meta property=\"og:site_name\" content=\"Foot d&#039;avant\" \/>\n<meta property=\"article:publisher\" content=\"https:\/\/www.facebook.com\/Footdavant\/\" \/>\n<meta property=\"article:published_time\" content=\"2025-06-12T13:48:08+00:00\" \/>\n<meta property=\"article:modified_time\" content=\"2025-06-12T13:48:18+00:00\" \/>\n<meta property=\"og:image\" content=\"https:\/\/footdavant.fr\/actualites\/wp-content\/uploads\/2025\/06\/Transferts-de-Premier-League-confirmes-d39aujourd39hui-jeudi-12-juin.jpg\" \/>\n\t<meta property=\"og:image:width\" content=\"1280\" \/>\n\t<meta property=\"og:image:height\" content=\"960\" \/>\n\t<meta property=\"og:image:type\" content=\"image\/jpeg\" \/>\n<meta name=\"author\" content=\"Cl\u00e9ment\" \/>\n<meta name=\"twitter:card\" content=\"summary_large_image\" \/>\n<meta name=\"twitter:creator\" content=\"@FootdavantFr\" \/>\n<meta name=\"twitter:site\" content=\"@FootdavantFr\" \/>\n<meta name=\"twitter:label1\" content=\"\u00c9crit par\" \/>\n\t<meta name=\"twitter:data1\" content=\"Cl\u00e9ment\" \/>\n\t<meta name=\"twitter:label2\" content=\"Dur\u00e9e de lecture estim\u00e9e\" \/>\n\t<meta name=\"twitter:data2\" content=\"2 minutes\" \/>\n<script type=\"application\/ld+json\" class=\"yoast-schema-graph\">{\"@context\":\"https:\/\/schema.org\",\"@graph\":[{\"@type\":\"Article\",\"@id\":\"https:\/\/footdavant.fr\/actualites\/transferts-de-premier-league-confirmes-daujourdhui-jeudi-12-juin\/#article\",\"isPartOf\":{\"@id\":\"https:\/\/footdavant.fr\/actualites\/transferts-de-premier-league-confirmes-daujourdhui-jeudi-12-juin\/\"},\"author\":{\"name\":\"Cl\u00e9ment\",\"@id\":\"https:\/\/footdavant.fr\/actualites\/#\/schema\/person\/bc222566d95871b37e597b3ed3ba5e1d\"},\"headline\":\"Transferts de Premier League confirm\u00e9s d&#39;aujourd&#39;hui: jeudi 12 juin\",\"datePublished\":\"2025-06-12T13:48:08+00:00\",\"dateModified\":\"2025-06-12T13:48:18+00:00\",\"mainEntityOfPage\":{\"@id\":\"https:\/\/footdavant.fr\/actualites\/transferts-de-premier-league-confirmes-daujourdhui-jeudi-12-juin\/\"},\"wordCount\":357,\"publisher\":{\"@id\":\"https:\/\/footdavant.fr\/actualites\/#organization\"},\"keywords\":[\"confirm\u00e9s\",\"d39aujourd39hui\",\"jeudi\",\"juin\",\"League\",\"Premier\",\"transferts\"],\"articleSection\":[\"Premier League\"],\"inLanguage\":\"fr-FR\"},{\"@type\":\"WebPage\",\"@id\":\"https:\/\/footdavant.fr\/actualites\/transferts-de-premier-league-confirmes-daujourdhui-jeudi-12-juin\/\",\"url\":\"https:\/\/footdavant.fr\/actualites\/transferts-de-premier-league-confirmes-daujourdhui-jeudi-12-juin\/\",\"name\":\"Transferts de Premier League confirm\u00e9s d&#39;aujourd&#39;hui: jeudi 12 juin\",\"isPartOf\":{\"@id\":\"https:\/\/footdavant.fr\/actualites\/#website\"},\"datePublished\":\"2025-06-12T13:48:08+00:00\",\"dateModified\":\"2025-06-12T13:48:18+00:00\",\"breadcrumb\":{\"@id\":\"https:\/\/footdavant.fr\/actualites\/transferts-de-premier-league-confirmes-daujourdhui-jeudi-12-juin\/#breadcrumb\"},\"inLanguage\":\"fr-FR\",\"potentialAction\":[{\"@type\":\"ReadAction\",\"target\":[\"https:\/\/footdavant.fr\/actualites\/transferts-de-premier-league-confirmes-daujourdhui-jeudi-12-juin\/\"]}]},{\"@type\":\"BreadcrumbList\",\"@id\":\"https:\/\/footdavant.fr\/actualites\/transferts-de-premier-league-confirmes-daujourdhui-jeudi-12-juin\/#breadcrumb\",\"itemListElement\":[{\"@type\":\"ListItem\",\"position\":1,\"name\":\"Accueil\",\"item\":\"https:\/\/footdavant.fr\/actualites\/\"},{\"@type\":\"ListItem\",\"position\":2,\"name\":\"Transferts de Premier League confirm\u00e9s d&#39;aujourd&#39;hui: jeudi 12 juin\"}]},{\"@type\":\"WebSite\",\"@id\":\"https:\/\/footdavant.fr\/actualites\/#website\",\"url\":\"https:\/\/footdavant.fr\/actualites\/\",\"name\":\"Foot d'avant\",\"description\":\"\",\"publisher\":{\"@id\":\"https:\/\/footdavant.fr\/actualites\/#organization\"},\"potentialAction\":[{\"@type\":\"SearchAction\",\"target\":{\"@type\":\"EntryPoint\",\"urlTemplate\":\"https:\/\/footdavant.fr\/actualites\/?s={search_term_string}\"},\"query-input\":\"required name=search_term_string\"}],\"inLanguage\":\"fr-FR\"},{\"@type\":\"Organization\",\"@id\":\"https:\/\/footdavant.fr\/actualites\/#organization\",\"name\":\"Foot d'avant\",\"url\":\"https:\/\/footdavant.fr\/actualites\/\",\"logo\":{\"@type\":\"ImageObject\",\"inLanguage\":\"fr-FR\",\"@id\":\"https:\/\/footdavant.fr\/actualites\/#\/schema\/logo\/image\/\",\"url\":\"https:\/\/footdavant.fr\/actualites\/wp-content\/uploads\/2023\/09\/Copy-of-FootDavant-Logo.png\",\"contentUrl\":\"https:\/\/footdavant.fr\/actualites\/wp-content\/uploads\/2023\/09\/Copy-of-FootDavant-Logo.png\",\"width\":936,\"height\":549,\"caption\":\"Foot d'avant\"},\"image\":{\"@id\":\"https:\/\/footdavant.fr\/actualites\/#\/schema\/logo\/image\/\"},\"sameAs\":[\"https:\/\/www.facebook.com\/Footdavant\/\",\"https:\/\/twitter.com\/FootdavantFr\",\"https:\/\/www.instagram.com\/footdavant.fr\/\"]},{\"@type\":\"Person\",\"@id\":\"https:\/\/footdavant.fr\/actualites\/#\/schema\/person\/bc222566d95871b37e597b3ed3ba5e1d\",\"name\":\"Cl\u00e9ment\",\"image\":{\"@type\":\"ImageObject\",\"inLanguage\":\"fr-FR\",\"@id\":\"https:\/\/footdavant.fr\/actualites\/#\/schema\/person\/image\/\",\"url\":\"https:\/\/secure.gravatar.com\/avatar\/7728b29aac2719421e1a9159b2254c44?s=96&d=mm&r=g\",\"contentUrl\":\"https:\/\/secure.gravatar.com\/avatar\/7728b29aac2719421e1a9159b2254c44?s=96&d=mm&r=g\",\"caption\":\"Cl\u00e9ment\"},\"sameAs\":[\"https:\/\/footdavant.fr\/\"]}]}<\/script>\n<!-- \/ Yoast SEO plugin. -->","yoast_head_json":{"title":"Transferts de Premier League confirm\u00e9s d&#39;aujourd&#39;hui: jeudi 12 juin","robots":{"index":"index","follow":"follow","max-snippet":"max-snippet:-1","max-image-preview":"max-image-preview:large","max-video-preview":"max-video-preview:-1"},"canonical":"https:\/\/footdavant.fr\/actualites\/transferts-de-premier-league-confirmes-daujourdhui-jeudi-12-juin\/","og_locale":"fr_FR","og_type":"article","og_title":"Transferts de Premier League confirm\u00e9s d&#39;aujourd&#39;hui: jeudi 12 juin","og_description":"Gardez une trace de chaque accord de transfert d&#39;\u00e9t\u00e9 conclue impliquant des \u00e9quipes de Premier League gracieuset\u00e9 de l&#39;\u00e9coute quotidienne de Sports Mole. La fen\u00eatre","og_url":"https:\/\/footdavant.fr\/actualites\/transferts-de-premier-league-confirmes-daujourdhui-jeudi-12-juin\/","og_site_name":"Foot d&#039;avant","article_publisher":"https:\/\/www.facebook.com\/Footdavant\/","article_published_time":"2025-06-12T13:48:08+00:00","article_modified_time":"2025-06-12T13:48:18+00:00","og_image":[{"width":1280,"height":960,"url":"https:\/\/footdavant.fr\/actualites\/wp-content\/uploads\/2025\/06\/Transferts-de-Premier-League-confirmes-d39aujourd39hui-jeudi-12-juin.jpg","type":"image\/jpeg"}],"author":"Cl\u00e9ment","twitter_card":"summary_large_image","twitter_creator":"@FootdavantFr","twitter_site":"@FootdavantFr","twitter_misc":{"\u00c9crit par":"Cl\u00e9ment","Dur\u00e9e de lecture estim\u00e9e":"2 minutes"},"schema":{"@context":"https:\/\/schema.org","@graph":[{"@type":"Article","@id":"https:\/\/footdavant.fr\/actualites\/transferts-de-premier-league-confirmes-daujourdhui-jeudi-12-juin\/#article","isPartOf":{"@id":"https:\/\/footdavant.fr\/actualites\/transferts-de-premier-league-confirmes-daujourdhui-jeudi-12-juin\/"},"author":{"name":"Cl\u00e9ment","@id":"https:\/\/footdavant.fr\/actualites\/#\/schema\/person\/bc222566d95871b37e597b3ed3ba5e1d"},"headline":"Transferts de Premier League confirm\u00e9s d&#39;aujourd&#39;hui: jeudi 12 juin","datePublished":"2025-06-12T13:48:08+00:00","dateModified":"2025-06-12T13:48:18+00:00","mainEntityOfPage":{"@id":"https:\/\/footdavant.fr\/actualites\/transferts-de-premier-league-confirmes-daujourdhui-jeudi-12-juin\/"},"wordCount":357,"publisher":{"@id":"https:\/\/footdavant.fr\/actualites\/#organization"},"keywords":["confirm\u00e9s","d39aujourd39hui","jeudi","juin","League","Premier","transferts"],"articleSection":["Premier League"],"inLanguage":"fr-FR"},{"@type":"WebPage","@id":"https:\/\/footdavant.fr\/actualites\/transferts-de-premier-league-confirmes-daujourdhui-jeudi-12-juin\/","url":"https:\/\/footdavant.fr\/actualites\/transferts-de-premier-league-confirmes-daujourdhui-jeudi-12-juin\/","name":"Transferts de Premier League confirm\u00e9s d&#39;aujourd&#39;hui: jeudi 12 juin","isPartOf":{"@id":"https:\/\/footdavant.fr\/actualites\/#website"},"datePublished":"2025-06-12T13:48:08+00:00","dateModified":"2025-06-12T13:48:18+00:00","breadcrumb":{"@id":"https:\/\/footdavant.fr\/actualites\/transferts-de-premier-league-confirmes-daujourdhui-jeudi-12-juin\/#breadcrumb"},"inLanguage":"fr-FR","potentialAction":[{"@type":"ReadAction","target":["https:\/\/footdavant.fr\/actualites\/transferts-de-premier-league-confirmes-daujourdhui-jeudi-12-juin\/"]}]},{"@type":"BreadcrumbList","@id":"https:\/\/footdavant.fr\/actualites\/transferts-de-premier-league-confirmes-daujourdhui-jeudi-12-juin\/#breadcrumb","itemListElement":[{"@type":"ListItem","position":1,"name":"Accueil","item":"https:\/\/footdavant.fr\/actualites\/"},{"@type":"ListItem","position":2,"name":"Transferts de Premier League confirm\u00e9s d&#39;aujourd&#39;hui: jeudi 12 juin"}]},{"@type":"WebSite","@id":"https:\/\/footdavant.fr\/actualites\/#website","url":"https:\/\/footdavant.fr\/actualites\/","name":"Foot d'avant","description":"","publisher":{"@id":"https:\/\/footdavant.fr\/actualites\/#organization"},"potentialAction":[{"@type":"SearchAction","target":{"@type":"EntryPoint","urlTemplate":"https:\/\/footdavant.fr\/actualites\/?s={search_term_string}"},"query-input":"required name=search_term_string"}],"inLanguage":"fr-FR"},{"@type":"Organization","@id":"https:\/\/footdavant.fr\/actualites\/#organization","name":"Foot d'avant","url":"https:\/\/footdavant.fr\/actualites\/","logo":{"@type":"ImageObject","inLanguage":"fr-FR","@id":"https:\/\/footdavant.fr\/actualites\/#\/schema\/logo\/image\/","url":"https:\/\/footdavant.fr\/actualites\/wp-content\/uploads\/2023\/09\/Copy-of-FootDavant-Logo.png","contentUrl":"https:\/\/footdavant.fr\/actualites\/wp-content\/uploads\/2023\/09\/Copy-of-FootDavant-Logo.png","width":936,"height":549,"caption":"Foot d'avant"},"image":{"@id":"https:\/\/footdavant.fr\/actualites\/#\/schema\/logo\/image\/"},"sameAs":["https:\/\/www.facebook.com\/Footdavant\/","https:\/\/twitter.com\/FootdavantFr","https:\/\/www.instagram.com\/footdavant.fr\/"]},{"@type":"Person","@id":"https:\/\/footdavant.fr\/actualites\/#\/schema\/person\/bc222566d95871b37e597b3ed3ba5e1d","name":"Cl\u00e9ment","image":{"@type":"ImageObject","inLanguage":"fr-FR","@id":"https:\/\/footdavant.fr\/actualites\/#\/schema\/person\/image\/","url":"https:\/\/secure.gravatar.com\/avatar\/7728b29aac2719421e1a9159b2254c44?s=96&d=mm&r=g","contentUrl":"https:\/\/secure.gravatar.com\/avatar\/7728b29aac2719421e1a9159b2254c44?s=96&d=mm&r=g","caption":"Cl\u00e9ment"},"sameAs":["https:\/\/footdavant.fr\/"]}]}},"_links":{"self":[{"href":"https:\/\/footdavant.fr\/actualites\/wp-json\/wp\/v2\/posts\/24993"}],"collection":[{"href":"https:\/\/footdavant.fr\/actualites\/wp-json\/wp\/v2\/posts"}],"about":[{"href":"https:\/\/footdavant.fr\/actualites\/wp-json\/wp\/v2\/types\/post"}],"author":[{"embeddable":true,"href":"https:\/\/footdavant.fr\/actualites\/wp-json\/wp\/v2\/users\/1"}],"replies":[{"embeddable":true,"href":"https:\/\/footdavant.fr\/actualites\/wp-json\/wp\/v2\/comments?post=24993"}],"version-history":[{"count":1,"href":"https:\/\/footdavant.fr\/actualites\/wp-json\/wp\/v2\/posts\/24993\/revisions"}],"predecessor-version":[{"id":24995,"href":"https:\/\/footdavant.fr\/actualites\/wp-json\/wp\/v2\/posts\/24993\/revisions\/24995"}],"wp:featuredmedia":[{"embeddable":true,"href":"https:\/\/footdavant.fr\/actualites\/wp-json\/wp\/v2\/media\/24994"}],"wp:attachment":[{"href":"https:\/\/footdavant.fr\/actualites\/wp-json\/wp\/v2\/media?parent=24993"}],"wp:term":[{"taxonomy":"category","embeddable":true,"href":"https:\/\/footdavant.fr\/actualites\/wp-json\/wp\/v2\/categories?post=24993"},{"taxonomy":"post_tag","embeddable":true,"href":"https:\/\/footdavant.fr\/actualites\/wp-json\/wp\/v2\/tags?post=24993"}],"curies":[{"name":"wp","href":"https:\/\/api.w.org\/{rel}","templated":true}]}}