{"id":24996,"date":"2025-06-12T17:48:20","date_gmt":"2025-06-12T15:48:20","guid":{"rendered":"https:\/\/footdavant.fr\/actualites\/matheus-cunha-publie-un-demenagement-de-lhistoire-instagram-apres-lannonce-de-manchester-united-man-united-news-and-transfer-news\/"},"modified":"2025-06-12T17:48:23","modified_gmt":"2025-06-12T15:48:23","slug":"matheus-cunha-publie-un-demenagement-de-lhistoire-instagram-apres-lannonce-de-manchester-united-man-united-news-and-transfer-news","status":"publish","type":"post","link":"https:\/\/footdavant.fr\/actualites\/matheus-cunha-publie-un-demenagement-de-lhistoire-instagram-apres-lannonce-de-manchester-united-man-united-news-and-transfer-news\/","title":{"rendered":"Matheus Cunha publie un d\u00e9m\u00e9nagement de l&#39;histoire Instagram apr\u00e8s l&#39;annonce de Manchester United &#8211; Man United News and Transfer News"},"content":{"rendered":"<div id=\"penci-post-entry-inner\">\n<p>\t\t\t<i class=\"penci-post-countview-number-check\" style=\"display:none\">1<\/i><\/p>\n<p>Manchester United a confirm\u00e9 la signature de l&#39;attaquant br\u00e9silien Matheus Cunha, et le jeune de 26 ans n&#39;a pas perdu de temps \u00e0 marquer le moment avec un message personnel et \u00e9motionnel sur les r\u00e9seaux sociaux.<\/p>\n<p>En prenant \u00e0 Instagram un peu moins d&#39;une heure apr\u00e8s l&#39;annonce, Cunha a publi\u00e9 une photo sur son histoire montrant un Polaroid sign\u00e9 de lui souriant dans une chemise unie.<\/p>\n<\/p>\n<p>Accompagnant l&#39;image, il a \u00e9crit: \u00ab\u00a0Il s&#39;agit de vous suivre vos r\u00eaves!\u00a0\u00bb<\/p>\n<p>Cunha a d\u00e9velopp\u00e9 l&#39;importance de cette d\u00e9cision, r\u00e9v\u00e9lant que rejoindre United remplit une ambition \u00e0 vie.<\/p>\n<p>\u00ab\u00a0Il est difficile de mettre en mots mes sentiments de devenir un joueur de Manchester United\u00a0\u00bb, a-t-il d\u00e9clar\u00e9. \u00ab\u00a0Depuis que je suis un enfant au Br\u00e9sil \u00e0 regarder des matchs de Premier League \u00e0 la t\u00e9l\u00e9vision chez ma grand-m\u00e8re, United \u00e9tait mon \u00e9quipe anglaise pr\u00e9f\u00e9r\u00e9e et j&#39;ai r\u00eav\u00e9 de porter la chemise rouge.\u00a0\u00bb<\/p>\n<p>Le transfert est en pr\u00e9paration depuis plusieurs semaines, United d\u00e9sireux de renforcer ses options d&#39;attaque avant la campagne 2025\/26.<\/p>\n<p>Le directeur du football de United, Jason Wilcox, a soulign\u00e9 l&#39;excitation du club \u00e0 conclure l&#39;accord:<\/p>\n<p>\u00abApporter Matheus a \u00e9t\u00e9 l&#39;une de nos principales priorit\u00e9s pour cet \u00e9t\u00e9, nous sommes donc ravis d&#39;avoir termin\u00e9 sa signature si t\u00f4t dans la fen\u00eatre.\u00bb<\/p>\n<p>Cunha, qui a impressionn\u00e9 \u00e0 Molineux la saison derni\u00e8re avec son flair et sa polyvalence \u00e0 travers la ligne de front, a \u00e9t\u00e9 identifi\u00e9 comme un joueur capable d&#39;injecter de la cr\u00e9ativit\u00e9 et du mouvement dans le c\u00f4t\u00e9 de Ruben Amorim.<\/p>\n<p>Le nouvel homme de United a marqu\u00e9 15 buts et a fourni six passes d\u00e9cisives en Premier League dernier, malgr\u00e9 les Wolves termin\u00e9s dans la moiti\u00e9 inf\u00e9rieure de la table.<\/p>\n<p>Sa capacit\u00e9 \u00e0 tomber profond\u00e9ment, Link Play and Drive chez Defenders offre une dynamique diff\u00e9rente \u00e0 ce que United a actuellement dans leur service avanc\u00e9.<\/p>\n<p>La signature marque \u00e9galement la premi\u00e8re grande acquisition d&#39;attaque de United de la fen\u00eatre, avec d&#39;autres mouvements attendus dans les semaines \u00e0 venir alors que le club cherche \u00e0 s&#39;adresser aux zones cl\u00e9s \u00e0 travers le terrain.<\/p>\n<hr>\n<p>Suivez-nous sur bluesky: @ PeopleSerson.bsky.social<\/p>\n<p><!-- CONTENT END 3 --><\/p><\/div>\n","protected":false},"excerpt":{"rendered":"<p>1 Manchester United a confirm\u00e9 la signature de l&#39;attaquant br\u00e9silien Matheus Cunha, et le jeune de 26 ans n&#39;a pas perdu de temps \u00e0 marquer<\/p>\n","protected":false},"author":1,"featured_media":24997,"comment_status":"closed","ping_status":"","sticky":false,"template":"","format":"standard","meta":{"footnotes":""},"categories":[3],"tags":[25,2092,1856,2057,4567,4296,24,11,769,409,1107,2732,13],"yoast_head":"<!-- This site is optimized with the Yoast SEO plugin v21.0 - https:\/\/yoast.com\/wordpress\/plugins\/seo\/ -->\n<title>Matheus Cunha publie un d\u00e9m\u00e9nagement de l&#039;histoire Instagram apr\u00e8s l&#039;annonce de Manchester United - Man United News and Transfer News<\/title>\n<meta name=\"robots\" content=\"index, follow, max-snippet:-1, max-image-preview:large, max-video-preview:-1\" \/>\n<link rel=\"canonical\" href=\"https:\/\/footdavant.fr\/actualites\/matheus-cunha-publie-un-demenagement-de-lhistoire-instagram-apres-lannonce-de-manchester-united-man-united-news-and-transfer-news\/\" \/>\n<meta property=\"og:locale\" content=\"fr_FR\" \/>\n<meta property=\"og:type\" content=\"article\" \/>\n<meta property=\"og:title\" content=\"Matheus Cunha publie un d\u00e9m\u00e9nagement de l&#039;histoire Instagram apr\u00e8s l&#039;annonce de Manchester United - Man United News and Transfer News\" \/>\n<meta property=\"og:description\" content=\"1 Manchester United a confirm\u00e9 la signature de l&#039;attaquant br\u00e9silien Matheus Cunha, et le jeune de 26 ans n&#039;a pas perdu de temps \u00e0 marquer\" \/>\n<meta property=\"og:url\" content=\"https:\/\/footdavant.fr\/actualites\/matheus-cunha-publie-un-demenagement-de-lhistoire-instagram-apres-lannonce-de-manchester-united-man-united-news-and-transfer-news\/\" \/>\n<meta property=\"og:site_name\" content=\"Foot d&#039;avant\" \/>\n<meta property=\"article:publisher\" content=\"https:\/\/www.facebook.com\/Footdavant\/\" \/>\n<meta property=\"article:published_time\" content=\"2025-06-12T15:48:20+00:00\" \/>\n<meta property=\"article:modified_time\" content=\"2025-06-12T15:48:23+00:00\" \/>\n<meta property=\"og:image\" content=\"https:\/\/footdavant.fr\/actualites\/wp-content\/uploads\/2025\/06\/Matheus-Cunha-publie-un-demenagement-de-l39histoire-Instagram-apres-l39annonce.jpg\" \/>\n\t<meta property=\"og:image:width\" content=\"1600\" \/>\n\t<meta property=\"og:image:height\" content=\"706\" \/>\n\t<meta property=\"og:image:type\" content=\"image\/jpeg\" \/>\n<meta name=\"author\" content=\"Cl\u00e9ment\" \/>\n<meta name=\"twitter:card\" content=\"summary_large_image\" \/>\n<meta name=\"twitter:creator\" content=\"@FootdavantFr\" \/>\n<meta name=\"twitter:site\" content=\"@FootdavantFr\" \/>\n<meta name=\"twitter:label1\" content=\"\u00c9crit par\" \/>\n\t<meta name=\"twitter:data1\" content=\"Cl\u00e9ment\" \/>\n\t<meta name=\"twitter:label2\" content=\"Dur\u00e9e de lecture estim\u00e9e\" \/>\n\t<meta name=\"twitter:data2\" content=\"2 minutes\" \/>\n<script type=\"application\/ld+json\" class=\"yoast-schema-graph\">{\"@context\":\"https:\/\/schema.org\",\"@graph\":[{\"@type\":\"Article\",\"@id\":\"https:\/\/footdavant.fr\/actualites\/matheus-cunha-publie-un-demenagement-de-lhistoire-instagram-apres-lannonce-de-manchester-united-man-united-news-and-transfer-news\/#article\",\"isPartOf\":{\"@id\":\"https:\/\/footdavant.fr\/actualites\/matheus-cunha-publie-un-demenagement-de-lhistoire-instagram-apres-lannonce-de-manchester-united-man-united-news-and-transfer-news\/\"},\"author\":{\"name\":\"Cl\u00e9ment\",\"@id\":\"https:\/\/footdavant.fr\/actualites\/#\/schema\/person\/bc222566d95871b37e597b3ed3ba5e1d\"},\"headline\":\"Matheus Cunha publie un d\u00e9m\u00e9nagement de l&#39;histoire Instagram apr\u00e8s l&#39;annonce de Manchester United &#8211; Man United News and Transfer News\",\"datePublished\":\"2025-06-12T15:48:20+00:00\",\"dateModified\":\"2025-06-12T15:48:23+00:00\",\"mainEntityOfPage\":{\"@id\":\"https:\/\/footdavant.fr\/actualites\/matheus-cunha-publie-un-demenagement-de-lhistoire-instagram-apres-lannonce-de-manchester-united-man-united-news-and-transfer-news\/\"},\"wordCount\":405,\"publisher\":{\"@id\":\"https:\/\/footdavant.fr\/actualites\/#organization\"},\"keywords\":[\"apr\u00e8s\",\"Cunha\",\"d\u00e9m\u00e9nagement\",\"Instagram\",\"l39annonce\",\"l39histoire\",\"Man\",\"Manchester\",\"Matheus\",\"News\",\"publi\u00e9\",\"Transfer\",\"United\"],\"articleSection\":[\"Football\"],\"inLanguage\":\"fr-FR\"},{\"@type\":\"WebPage\",\"@id\":\"https:\/\/footdavant.fr\/actualites\/matheus-cunha-publie-un-demenagement-de-lhistoire-instagram-apres-lannonce-de-manchester-united-man-united-news-and-transfer-news\/\",\"url\":\"https:\/\/footdavant.fr\/actualites\/matheus-cunha-publie-un-demenagement-de-lhistoire-instagram-apres-lannonce-de-manchester-united-man-united-news-and-transfer-news\/\",\"name\":\"Matheus Cunha publie un d\u00e9m\u00e9nagement de l&#39;histoire Instagram apr\u00e8s l&#39;annonce de Manchester United - Man United News and Transfer News\",\"isPartOf\":{\"@id\":\"https:\/\/footdavant.fr\/actualites\/#website\"},\"datePublished\":\"2025-06-12T15:48:20+00:00\",\"dateModified\":\"2025-06-12T15:48:23+00:00\",\"breadcrumb\":{\"@id\":\"https:\/\/footdavant.fr\/actualites\/matheus-cunha-publie-un-demenagement-de-lhistoire-instagram-apres-lannonce-de-manchester-united-man-united-news-and-transfer-news\/#breadcrumb\"},\"inLanguage\":\"fr-FR\",\"potentialAction\":[{\"@type\":\"ReadAction\",\"target\":[\"https:\/\/footdavant.fr\/actualites\/matheus-cunha-publie-un-demenagement-de-lhistoire-instagram-apres-lannonce-de-manchester-united-man-united-news-and-transfer-news\/\"]}]},{\"@type\":\"BreadcrumbList\",\"@id\":\"https:\/\/footdavant.fr\/actualites\/matheus-cunha-publie-un-demenagement-de-lhistoire-instagram-apres-lannonce-de-manchester-united-man-united-news-and-transfer-news\/#breadcrumb\",\"itemListElement\":[{\"@type\":\"ListItem\",\"position\":1,\"name\":\"Accueil\",\"item\":\"https:\/\/footdavant.fr\/actualites\/\"},{\"@type\":\"ListItem\",\"position\":2,\"name\":\"Matheus Cunha publie un d\u00e9m\u00e9nagement de l&#39;histoire Instagram apr\u00e8s l&#39;annonce de Manchester United &#8211; Man United News and Transfer News\"}]},{\"@type\":\"WebSite\",\"@id\":\"https:\/\/footdavant.fr\/actualites\/#website\",\"url\":\"https:\/\/footdavant.fr\/actualites\/\",\"name\":\"Foot d'avant\",\"description\":\"\",\"publisher\":{\"@id\":\"https:\/\/footdavant.fr\/actualites\/#organization\"},\"potentialAction\":[{\"@type\":\"SearchAction\",\"target\":{\"@type\":\"EntryPoint\",\"urlTemplate\":\"https:\/\/footdavant.fr\/actualites\/?s={search_term_string}\"},\"query-input\":\"required name=search_term_string\"}],\"inLanguage\":\"fr-FR\"},{\"@type\":\"Organization\",\"@id\":\"https:\/\/footdavant.fr\/actualites\/#organization\",\"name\":\"Foot d'avant\",\"url\":\"https:\/\/footdavant.fr\/actualites\/\",\"logo\":{\"@type\":\"ImageObject\",\"inLanguage\":\"fr-FR\",\"@id\":\"https:\/\/footdavant.fr\/actualites\/#\/schema\/logo\/image\/\",\"url\":\"https:\/\/footdavant.fr\/actualites\/wp-content\/uploads\/2023\/09\/Copy-of-FootDavant-Logo.png\",\"contentUrl\":\"https:\/\/footdavant.fr\/actualites\/wp-content\/uploads\/2023\/09\/Copy-of-FootDavant-Logo.png\",\"width\":936,\"height\":549,\"caption\":\"Foot d'avant\"},\"image\":{\"@id\":\"https:\/\/footdavant.fr\/actualites\/#\/schema\/logo\/image\/\"},\"sameAs\":[\"https:\/\/www.facebook.com\/Footdavant\/\",\"https:\/\/twitter.com\/FootdavantFr\",\"https:\/\/www.instagram.com\/footdavant.fr\/\"]},{\"@type\":\"Person\",\"@id\":\"https:\/\/footdavant.fr\/actualites\/#\/schema\/person\/bc222566d95871b37e597b3ed3ba5e1d\",\"name\":\"Cl\u00e9ment\",\"image\":{\"@type\":\"ImageObject\",\"inLanguage\":\"fr-FR\",\"@id\":\"https:\/\/footdavant.fr\/actualites\/#\/schema\/person\/image\/\",\"url\":\"https:\/\/secure.gravatar.com\/avatar\/7728b29aac2719421e1a9159b2254c44?s=96&d=mm&r=g\",\"contentUrl\":\"https:\/\/secure.gravatar.com\/avatar\/7728b29aac2719421e1a9159b2254c44?s=96&d=mm&r=g\",\"caption\":\"Cl\u00e9ment\"},\"sameAs\":[\"https:\/\/footdavant.fr\/\"]}]}<\/script>\n<!-- \/ Yoast SEO plugin. -->","yoast_head_json":{"title":"Matheus Cunha publie un d\u00e9m\u00e9nagement de l&#39;histoire Instagram apr\u00e8s l&#39;annonce de Manchester United - Man United News and Transfer News","robots":{"index":"index","follow":"follow","max-snippet":"max-snippet:-1","max-image-preview":"max-image-preview:large","max-video-preview":"max-video-preview:-1"},"canonical":"https:\/\/footdavant.fr\/actualites\/matheus-cunha-publie-un-demenagement-de-lhistoire-instagram-apres-lannonce-de-manchester-united-man-united-news-and-transfer-news\/","og_locale":"fr_FR","og_type":"article","og_title":"Matheus Cunha publie un d\u00e9m\u00e9nagement de l&#39;histoire Instagram apr\u00e8s l&#39;annonce de Manchester United - Man United News and Transfer News","og_description":"1 Manchester United a confirm\u00e9 la signature de l&#39;attaquant br\u00e9silien Matheus Cunha, et le jeune de 26 ans n&#39;a pas perdu de temps \u00e0 marquer","og_url":"https:\/\/footdavant.fr\/actualites\/matheus-cunha-publie-un-demenagement-de-lhistoire-instagram-apres-lannonce-de-manchester-united-man-united-news-and-transfer-news\/","og_site_name":"Foot d&#039;avant","article_publisher":"https:\/\/www.facebook.com\/Footdavant\/","article_published_time":"2025-06-12T15:48:20+00:00","article_modified_time":"2025-06-12T15:48:23+00:00","og_image":[{"width":1600,"height":706,"url":"https:\/\/footdavant.fr\/actualites\/wp-content\/uploads\/2025\/06\/Matheus-Cunha-publie-un-demenagement-de-l39histoire-Instagram-apres-l39annonce.jpg","type":"image\/jpeg"}],"author":"Cl\u00e9ment","twitter_card":"summary_large_image","twitter_creator":"@FootdavantFr","twitter_site":"@FootdavantFr","twitter_misc":{"\u00c9crit par":"Cl\u00e9ment","Dur\u00e9e de lecture estim\u00e9e":"2 minutes"},"schema":{"@context":"https:\/\/schema.org","@graph":[{"@type":"Article","@id":"https:\/\/footdavant.fr\/actualites\/matheus-cunha-publie-un-demenagement-de-lhistoire-instagram-apres-lannonce-de-manchester-united-man-united-news-and-transfer-news\/#article","isPartOf":{"@id":"https:\/\/footdavant.fr\/actualites\/matheus-cunha-publie-un-demenagement-de-lhistoire-instagram-apres-lannonce-de-manchester-united-man-united-news-and-transfer-news\/"},"author":{"name":"Cl\u00e9ment","@id":"https:\/\/footdavant.fr\/actualites\/#\/schema\/person\/bc222566d95871b37e597b3ed3ba5e1d"},"headline":"Matheus Cunha publie un d\u00e9m\u00e9nagement de l&#39;histoire Instagram apr\u00e8s l&#39;annonce de Manchester United &#8211; Man United News and Transfer News","datePublished":"2025-06-12T15:48:20+00:00","dateModified":"2025-06-12T15:48:23+00:00","mainEntityOfPage":{"@id":"https:\/\/footdavant.fr\/actualites\/matheus-cunha-publie-un-demenagement-de-lhistoire-instagram-apres-lannonce-de-manchester-united-man-united-news-and-transfer-news\/"},"wordCount":405,"publisher":{"@id":"https:\/\/footdavant.fr\/actualites\/#organization"},"keywords":["apr\u00e8s","Cunha","d\u00e9m\u00e9nagement","Instagram","l39annonce","l39histoire","Man","Manchester","Matheus","News","publi\u00e9","Transfer","United"],"articleSection":["Football"],"inLanguage":"fr-FR"},{"@type":"WebPage","@id":"https:\/\/footdavant.fr\/actualites\/matheus-cunha-publie-un-demenagement-de-lhistoire-instagram-apres-lannonce-de-manchester-united-man-united-news-and-transfer-news\/","url":"https:\/\/footdavant.fr\/actualites\/matheus-cunha-publie-un-demenagement-de-lhistoire-instagram-apres-lannonce-de-manchester-united-man-united-news-and-transfer-news\/","name":"Matheus Cunha publie un d\u00e9m\u00e9nagement de l&#39;histoire Instagram apr\u00e8s l&#39;annonce de Manchester United - Man United News and Transfer News","isPartOf":{"@id":"https:\/\/footdavant.fr\/actualites\/#website"},"datePublished":"2025-06-12T15:48:20+00:00","dateModified":"2025-06-12T15:48:23+00:00","breadcrumb":{"@id":"https:\/\/footdavant.fr\/actualites\/matheus-cunha-publie-un-demenagement-de-lhistoire-instagram-apres-lannonce-de-manchester-united-man-united-news-and-transfer-news\/#breadcrumb"},"inLanguage":"fr-FR","potentialAction":[{"@type":"ReadAction","target":["https:\/\/footdavant.fr\/actualites\/matheus-cunha-publie-un-demenagement-de-lhistoire-instagram-apres-lannonce-de-manchester-united-man-united-news-and-transfer-news\/"]}]},{"@type":"BreadcrumbList","@id":"https:\/\/footdavant.fr\/actualites\/matheus-cunha-publie-un-demenagement-de-lhistoire-instagram-apres-lannonce-de-manchester-united-man-united-news-and-transfer-news\/#breadcrumb","itemListElement":[{"@type":"ListItem","position":1,"name":"Accueil","item":"https:\/\/footdavant.fr\/actualites\/"},{"@type":"ListItem","position":2,"name":"Matheus Cunha publie un d\u00e9m\u00e9nagement de l&#39;histoire Instagram apr\u00e8s l&#39;annonce de Manchester United &#8211; Man United News and Transfer News"}]},{"@type":"WebSite","@id":"https:\/\/footdavant.fr\/actualites\/#website","url":"https:\/\/footdavant.fr\/actualites\/","name":"Foot d'avant","description":"","publisher":{"@id":"https:\/\/footdavant.fr\/actualites\/#organization"},"potentialAction":[{"@type":"SearchAction","target":{"@type":"EntryPoint","urlTemplate":"https:\/\/footdavant.fr\/actualites\/?s={search_term_string}"},"query-input":"required name=search_term_string"}],"inLanguage":"fr-FR"},{"@type":"Organization","@id":"https:\/\/footdavant.fr\/actualites\/#organization","name":"Foot d'avant","url":"https:\/\/footdavant.fr\/actualites\/","logo":{"@type":"ImageObject","inLanguage":"fr-FR","@id":"https:\/\/footdavant.fr\/actualites\/#\/schema\/logo\/image\/","url":"https:\/\/footdavant.fr\/actualites\/wp-content\/uploads\/2023\/09\/Copy-of-FootDavant-Logo.png","contentUrl":"https:\/\/footdavant.fr\/actualites\/wp-content\/uploads\/2023\/09\/Copy-of-FootDavant-Logo.png","width":936,"height":549,"caption":"Foot d'avant"},"image":{"@id":"https:\/\/footdavant.fr\/actualites\/#\/schema\/logo\/image\/"},"sameAs":["https:\/\/www.facebook.com\/Footdavant\/","https:\/\/twitter.com\/FootdavantFr","https:\/\/www.instagram.com\/footdavant.fr\/"]},{"@type":"Person","@id":"https:\/\/footdavant.fr\/actualites\/#\/schema\/person\/bc222566d95871b37e597b3ed3ba5e1d","name":"Cl\u00e9ment","image":{"@type":"ImageObject","inLanguage":"fr-FR","@id":"https:\/\/footdavant.fr\/actualites\/#\/schema\/person\/image\/","url":"https:\/\/secure.gravatar.com\/avatar\/7728b29aac2719421e1a9159b2254c44?s=96&d=mm&r=g","contentUrl":"https:\/\/secure.gravatar.com\/avatar\/7728b29aac2719421e1a9159b2254c44?s=96&d=mm&r=g","caption":"Cl\u00e9ment"},"sameAs":["https:\/\/footdavant.fr\/"]}]}},"_links":{"self":[{"href":"https:\/\/footdavant.fr\/actualites\/wp-json\/wp\/v2\/posts\/24996"}],"collection":[{"href":"https:\/\/footdavant.fr\/actualites\/wp-json\/wp\/v2\/posts"}],"about":[{"href":"https:\/\/footdavant.fr\/actualites\/wp-json\/wp\/v2\/types\/post"}],"author":[{"embeddable":true,"href":"https:\/\/footdavant.fr\/actualites\/wp-json\/wp\/v2\/users\/1"}],"replies":[{"embeddable":true,"href":"https:\/\/footdavant.fr\/actualites\/wp-json\/wp\/v2\/comments?post=24996"}],"version-history":[{"count":1,"href":"https:\/\/footdavant.fr\/actualites\/wp-json\/wp\/v2\/posts\/24996\/revisions"}],"predecessor-version":[{"id":24998,"href":"https:\/\/footdavant.fr\/actualites\/wp-json\/wp\/v2\/posts\/24996\/revisions\/24998"}],"wp:featuredmedia":[{"embeddable":true,"href":"https:\/\/footdavant.fr\/actualites\/wp-json\/wp\/v2\/media\/24997"}],"wp:attachment":[{"href":"https:\/\/footdavant.fr\/actualites\/wp-json\/wp\/v2\/media?parent=24996"}],"wp:term":[{"taxonomy":"category","embeddable":true,"href":"https:\/\/footdavant.fr\/actualites\/wp-json\/wp\/v2\/categories?post=24996"},{"taxonomy":"post_tag","embeddable":true,"href":"https:\/\/footdavant.fr\/actualites\/wp-json\/wp\/v2\/tags?post=24996"}],"curies":[{"name":"wp","href":"https:\/\/api.w.org\/{rel}","templated":true}]}}