{"id":25006,"date":"2025-06-13T03:48:02","date_gmt":"2025-06-13T01:48:02","guid":{"rendered":"https:\/\/footdavant.fr\/actualites\/arsenal-man-united-lie-a-viktor-gyokerres-publie-une-declaration-de-transfert-dans-stern-social-media-post\/"},"modified":"2025-06-13T03:48:04","modified_gmt":"2025-06-13T01:48:04","slug":"arsenal-man-united-lie-a-viktor-gyokerres-publie-une-declaration-de-transfert-dans-stern-social-media-post","status":"publish","type":"post","link":"https:\/\/footdavant.fr\/actualites\/arsenal-man-united-lie-a-viktor-gyokerres-publie-une-declaration-de-transfert-dans-stern-social-media-post\/","title":{"rendered":"Arsenal, Man United li\u00e9 \u00e0 Viktor Gyokerres publie une d\u00e9claration de transfert dans Stern Social Media Post"},"content":{"rendered":"<p>L&#39;attaquant sportif de Lisbonne Viktor GyokerS publie une d\u00e9claration pour lutter contre les sp\u00e9culations r\u00e9centes entourant sa situation actuelle, au milieu de l&#39;int\u00e9r\u00eat d&#39;Arsenal et de Manchester United.<\/p>\n<div id=\"article_body\" itemprop=\"articleBody\">\n<h3 class=\"firstPara\"><\/h3>\n<p><strong class=\"autotag\">Lisbonne sportive<\/strong> gr\u00e9viste <strong class=\"autotag\">Viktor Gyokerres<\/strong> a apport\u00e9 les m\u00e9dias sociaux pour r\u00e9pondre aux sp\u00e9culations r\u00e9centes entourant sa situation, au milieu de l&#39;int\u00e9r\u00eat signal\u00e9 de <strong class=\"autotag\">Arsenal<\/strong> et <strong class=\"autotag\">Manchester United<\/strong>. <\/p>\n<p>Gyokerres a b\u00e2ti une r\u00e9putation en tant que l&#39;un des attaquants les plus prolifiques d&#39;Europe au cours de son s\u00e9jour de deux ans dans la capitale portugaise.<\/p>\n<p>L&#39;international su\u00e9dois a marqu\u00e9 97 buts en 102 apparitions en comp\u00e9tition au cours des deux derni\u00e8res saisons, aidant Sporting \u00e0 remporter deux titres de primeira Liga et le Taca de Portugal.<\/p>\n<p>La forme impressionnante de Gyokerres devant le but a conduit \u00e0 transf\u00e9rer des liens avec Arsenal et Man United. <\/p>\n<p>La relation entre Gyokerres et Sporting semble avoir aigri ces derniers jours sur un probl\u00e8me entourant le prix demand\u00e9 du joueur. <\/p>\n<p class=\"imgI\">\n<h2>Gyokerres publie une d\u00e9claration solide<\/h2>\n<p>Les sp\u00e9culations pr\u00e9c\u00e9dentes ont sugg\u00e9r\u00e9 que Sporting a conclu un accord de gentleman avec Gyokerres pour le vendre pour 60 millions d&#39;euros (51 millions de livres sterling), plus 10 millions d&#39;euros de 8,5 millions de livres sterling) en modules compl\u00e9mentaires.<\/p>\n<p>Cependant, le pr\u00e9sident sportif Frederico Varandas a insist\u00e9 sur le fait qu&#39;il n&#39;avait \u00ab\u00a0jamais promis\u00a0\u00bb cet arrangement, alors qu&#39;il a \u00e9t\u00e9 signal\u00e9 que Gyokerres est pr\u00eat \u00e0 se mettre en gr\u00e8ve pour forcer une sortie. <\/p>\n<p>Le joueur de 27 ans s&#39;est maintenant rendu sur les r\u00e9seaux sociaux pour publier une d\u00e9claration s\u00e9v\u00e8re en r\u00e9ponse \u00e0 la sp\u00e9culation r\u00e9cente et \u00e0 la conversation entourant son avenir.<\/p>\n<p>Dans un message publi\u00e9 sur Instagram, Gyokerres a \u00e9crit: \u00ab\u00a0Il y a beaucoup de pourparlers en ce moment, la plupart de cela est faux. Je parlerai quand le moment sera venu.\u00a0\u00bb<\/p>\n<p class=\"imgI\"><img decoding=\"async\" alt=\"Sporting Geovany Quenda et Viktor Gyokerres de Lisbonne le 22 septembre 2024\" class=\"vanilla-lazyload article-image\" src=\"https:\/\/footdavant.fr\/actualites\/wp-content\/uploads\/2025\/06\/Arsenal-Man-United-lie-a-Viktor-Gyokerres-publie-une-declaration.jpg\"><\/p>\n<h2>Combien exigera le sport pour Gyokerres?<\/h2>\n<p>Gyokerres est sous contrat avec Sporting jusqu&#39;\u00e0 l&#39;\u00e9t\u00e9 2028, avec son accord contenant une clause de lib\u00e9ration de 100 millions d&#39;euros (85 millions de livres sterling). <\/p>\n<p>Plut\u00f4t que d&#39;exiger le montant de sa clause de lib\u00e9ration, le point de vente portugais <em>Enregistrer<\/em> rapportent que Sporting demandera environ 80 millions d&#39;euros (67 millions de livres sterling) pour sanctionner le d\u00e9part de Gyokerres cet \u00e9t\u00e9.<\/p>\n<p>Arsenal aurait fait une offre de 51 millions de livres sterling pour l&#39;attaquant su\u00e9dois, mais cette proposition devrait \u00eatre rejet\u00e9e par les champions de la Liga de Primeira. <\/p>\n<p>Les Gunners sont d\u00e9sireux de recruter un nouveau num\u00e9ro neuf pour ajouter \u00e0 leurs options actuelles de Gabriel Jesus et Kai Havertz.<\/p>\n<p>Pendant ce temps, Man United consid\u00e8re les Gyokerres comme une cible potentielle, alors qu&#39;ils cherchent \u00e0 signer un nouvel attaquant apr\u00e8s les difficult\u00e9s de Rasmus Hojlund devant le but. <\/p>\n<\/div>\n","protected":false},"excerpt":{"rendered":"<p>L&#39;attaquant sportif de Lisbonne Viktor GyokerS publie une d\u00e9claration pour lutter contre les sp\u00e9culations r\u00e9centes entourant sa situation actuelle, au milieu de l&#39;int\u00e9r\u00eat d&#39;Arsenal et<\/p>\n","protected":false},"author":1,"featured_media":25007,"comment_status":"closed","ping_status":"","sticky":false,"template":"","format":"standard","meta":{"footnotes":""},"categories":[5],"tags":[67,19,749,8694,301,24,9542,9543,1107,9541,9540,700,92,13,2303],"yoast_head":"<!-- This site is optimized with the Yoast SEO plugin v21.0 - https:\/\/yoast.com\/wordpress\/plugins\/seo\/ -->\n<title>Arsenal, Man United li\u00e9 \u00e0 Viktor Gyokerres publie une d\u00e9claration de transfert dans Stern Social Media Post<\/title>\n<meta name=\"robots\" content=\"index, follow, max-snippet:-1, max-image-preview:large, max-video-preview:-1\" \/>\n<link rel=\"canonical\" href=\"https:\/\/footdavant.fr\/actualites\/arsenal-man-united-lie-a-viktor-gyokerres-publie-une-declaration-de-transfert-dans-stern-social-media-post\/\" \/>\n<meta property=\"og:locale\" content=\"fr_FR\" \/>\n<meta property=\"og:type\" content=\"article\" \/>\n<meta property=\"og:title\" content=\"Arsenal, Man United li\u00e9 \u00e0 Viktor Gyokerres publie une d\u00e9claration de transfert dans Stern Social Media Post\" \/>\n<meta property=\"og:description\" content=\"L&#039;attaquant sportif de Lisbonne Viktor GyokerS publie une d\u00e9claration pour lutter contre les sp\u00e9culations r\u00e9centes entourant sa situation actuelle, au milieu de l&#039;int\u00e9r\u00eat d&#039;Arsenal et\" \/>\n<meta property=\"og:url\" content=\"https:\/\/footdavant.fr\/actualites\/arsenal-man-united-lie-a-viktor-gyokerres-publie-une-declaration-de-transfert-dans-stern-social-media-post\/\" \/>\n<meta property=\"og:site_name\" content=\"Foot d&#039;avant\" \/>\n<meta property=\"article:publisher\" content=\"https:\/\/www.facebook.com\/Footdavant\/\" \/>\n<meta property=\"article:published_time\" content=\"2025-06-13T01:48:02+00:00\" \/>\n<meta property=\"article:modified_time\" content=\"2025-06-13T01:48:04+00:00\" \/>\n<meta property=\"og:image\" content=\"https:\/\/footdavant.fr\/actualites\/wp-content\/uploads\/2025\/06\/1749779283_Arsenal-Man-United-lie-a-Viktor-Gyokerres-publie-une-declaration.jpg\" \/>\n\t<meta property=\"og:image:width\" content=\"1280\" \/>\n\t<meta property=\"og:image:height\" content=\"960\" \/>\n\t<meta property=\"og:image:type\" content=\"image\/jpeg\" \/>\n<meta name=\"author\" content=\"Cl\u00e9ment\" \/>\n<meta name=\"twitter:card\" content=\"summary_large_image\" \/>\n<meta name=\"twitter:creator\" content=\"@FootdavantFr\" \/>\n<meta name=\"twitter:site\" content=\"@FootdavantFr\" \/>\n<meta name=\"twitter:label1\" content=\"\u00c9crit par\" \/>\n\t<meta name=\"twitter:data1\" content=\"Cl\u00e9ment\" \/>\n\t<meta name=\"twitter:label2\" content=\"Dur\u00e9e de lecture estim\u00e9e\" \/>\n\t<meta name=\"twitter:data2\" content=\"2 minutes\" \/>\n<script type=\"application\/ld+json\" class=\"yoast-schema-graph\">{\"@context\":\"https:\/\/schema.org\",\"@graph\":[{\"@type\":\"Article\",\"@id\":\"https:\/\/footdavant.fr\/actualites\/arsenal-man-united-lie-a-viktor-gyokerres-publie-une-declaration-de-transfert-dans-stern-social-media-post\/#article\",\"isPartOf\":{\"@id\":\"https:\/\/footdavant.fr\/actualites\/arsenal-man-united-lie-a-viktor-gyokerres-publie-une-declaration-de-transfert-dans-stern-social-media-post\/\"},\"author\":{\"name\":\"Cl\u00e9ment\",\"@id\":\"https:\/\/footdavant.fr\/actualites\/#\/schema\/person\/bc222566d95871b37e597b3ed3ba5e1d\"},\"headline\":\"Arsenal, Man United li\u00e9 \u00e0 Viktor Gyokerres publie une d\u00e9claration de transfert dans Stern Social Media Post\",\"datePublished\":\"2025-06-13T01:48:02+00:00\",\"dateModified\":\"2025-06-13T01:48:04+00:00\",\"mainEntityOfPage\":{\"@id\":\"https:\/\/footdavant.fr\/actualites\/arsenal-man-united-lie-a-viktor-gyokerres-publie-une-declaration-de-transfert-dans-stern-social-media-post\/\"},\"wordCount\":506,\"publisher\":{\"@id\":\"https:\/\/footdavant.fr\/actualites\/#organization\"},\"keywords\":[\"Arsenal\",\"dans\",\"D\u00e9claration\",\"Gyokerres\",\"li\u00e9\",\"Man\",\"Media\",\"Post\",\"publi\u00e9\",\"Social\",\"Stern\",\"transfert\",\"une\",\"United\",\"Viktor\"],\"articleSection\":[\"Premier League\"],\"inLanguage\":\"fr-FR\"},{\"@type\":\"WebPage\",\"@id\":\"https:\/\/footdavant.fr\/actualites\/arsenal-man-united-lie-a-viktor-gyokerres-publie-une-declaration-de-transfert-dans-stern-social-media-post\/\",\"url\":\"https:\/\/footdavant.fr\/actualites\/arsenal-man-united-lie-a-viktor-gyokerres-publie-une-declaration-de-transfert-dans-stern-social-media-post\/\",\"name\":\"Arsenal, Man United li\u00e9 \u00e0 Viktor Gyokerres publie une d\u00e9claration de transfert dans Stern Social Media Post\",\"isPartOf\":{\"@id\":\"https:\/\/footdavant.fr\/actualites\/#website\"},\"datePublished\":\"2025-06-13T01:48:02+00:00\",\"dateModified\":\"2025-06-13T01:48:04+00:00\",\"breadcrumb\":{\"@id\":\"https:\/\/footdavant.fr\/actualites\/arsenal-man-united-lie-a-viktor-gyokerres-publie-une-declaration-de-transfert-dans-stern-social-media-post\/#breadcrumb\"},\"inLanguage\":\"fr-FR\",\"potentialAction\":[{\"@type\":\"ReadAction\",\"target\":[\"https:\/\/footdavant.fr\/actualites\/arsenal-man-united-lie-a-viktor-gyokerres-publie-une-declaration-de-transfert-dans-stern-social-media-post\/\"]}]},{\"@type\":\"BreadcrumbList\",\"@id\":\"https:\/\/footdavant.fr\/actualites\/arsenal-man-united-lie-a-viktor-gyokerres-publie-une-declaration-de-transfert-dans-stern-social-media-post\/#breadcrumb\",\"itemListElement\":[{\"@type\":\"ListItem\",\"position\":1,\"name\":\"Accueil\",\"item\":\"https:\/\/footdavant.fr\/actualites\/\"},{\"@type\":\"ListItem\",\"position\":2,\"name\":\"Arsenal, Man United li\u00e9 \u00e0 Viktor Gyokerres publie une d\u00e9claration de transfert dans Stern Social Media Post\"}]},{\"@type\":\"WebSite\",\"@id\":\"https:\/\/footdavant.fr\/actualites\/#website\",\"url\":\"https:\/\/footdavant.fr\/actualites\/\",\"name\":\"Foot d'avant\",\"description\":\"\",\"publisher\":{\"@id\":\"https:\/\/footdavant.fr\/actualites\/#organization\"},\"potentialAction\":[{\"@type\":\"SearchAction\",\"target\":{\"@type\":\"EntryPoint\",\"urlTemplate\":\"https:\/\/footdavant.fr\/actualites\/?s={search_term_string}\"},\"query-input\":\"required name=search_term_string\"}],\"inLanguage\":\"fr-FR\"},{\"@type\":\"Organization\",\"@id\":\"https:\/\/footdavant.fr\/actualites\/#organization\",\"name\":\"Foot d'avant\",\"url\":\"https:\/\/footdavant.fr\/actualites\/\",\"logo\":{\"@type\":\"ImageObject\",\"inLanguage\":\"fr-FR\",\"@id\":\"https:\/\/footdavant.fr\/actualites\/#\/schema\/logo\/image\/\",\"url\":\"https:\/\/footdavant.fr\/actualites\/wp-content\/uploads\/2023\/09\/Copy-of-FootDavant-Logo.png\",\"contentUrl\":\"https:\/\/footdavant.fr\/actualites\/wp-content\/uploads\/2023\/09\/Copy-of-FootDavant-Logo.png\",\"width\":936,\"height\":549,\"caption\":\"Foot d'avant\"},\"image\":{\"@id\":\"https:\/\/footdavant.fr\/actualites\/#\/schema\/logo\/image\/\"},\"sameAs\":[\"https:\/\/www.facebook.com\/Footdavant\/\",\"https:\/\/twitter.com\/FootdavantFr\",\"https:\/\/www.instagram.com\/footdavant.fr\/\"]},{\"@type\":\"Person\",\"@id\":\"https:\/\/footdavant.fr\/actualites\/#\/schema\/person\/bc222566d95871b37e597b3ed3ba5e1d\",\"name\":\"Cl\u00e9ment\",\"image\":{\"@type\":\"ImageObject\",\"inLanguage\":\"fr-FR\",\"@id\":\"https:\/\/footdavant.fr\/actualites\/#\/schema\/person\/image\/\",\"url\":\"https:\/\/secure.gravatar.com\/avatar\/7728b29aac2719421e1a9159b2254c44?s=96&d=mm&r=g\",\"contentUrl\":\"https:\/\/secure.gravatar.com\/avatar\/7728b29aac2719421e1a9159b2254c44?s=96&d=mm&r=g\",\"caption\":\"Cl\u00e9ment\"},\"sameAs\":[\"https:\/\/footdavant.fr\/\"]}]}<\/script>\n<!-- \/ Yoast SEO plugin. -->","yoast_head_json":{"title":"Arsenal, Man United li\u00e9 \u00e0 Viktor Gyokerres publie une d\u00e9claration de transfert dans Stern Social Media Post","robots":{"index":"index","follow":"follow","max-snippet":"max-snippet:-1","max-image-preview":"max-image-preview:large","max-video-preview":"max-video-preview:-1"},"canonical":"https:\/\/footdavant.fr\/actualites\/arsenal-man-united-lie-a-viktor-gyokerres-publie-une-declaration-de-transfert-dans-stern-social-media-post\/","og_locale":"fr_FR","og_type":"article","og_title":"Arsenal, Man United li\u00e9 \u00e0 Viktor Gyokerres publie une d\u00e9claration de transfert dans Stern Social Media Post","og_description":"L&#39;attaquant sportif de Lisbonne Viktor GyokerS publie une d\u00e9claration pour lutter contre les sp\u00e9culations r\u00e9centes entourant sa situation actuelle, au milieu de l&#39;int\u00e9r\u00eat d&#39;Arsenal et","og_url":"https:\/\/footdavant.fr\/actualites\/arsenal-man-united-lie-a-viktor-gyokerres-publie-une-declaration-de-transfert-dans-stern-social-media-post\/","og_site_name":"Foot d&#039;avant","article_publisher":"https:\/\/www.facebook.com\/Footdavant\/","article_published_time":"2025-06-13T01:48:02+00:00","article_modified_time":"2025-06-13T01:48:04+00:00","og_image":[{"width":1280,"height":960,"url":"https:\/\/footdavant.fr\/actualites\/wp-content\/uploads\/2025\/06\/1749779283_Arsenal-Man-United-lie-a-Viktor-Gyokerres-publie-une-declaration.jpg","type":"image\/jpeg"}],"author":"Cl\u00e9ment","twitter_card":"summary_large_image","twitter_creator":"@FootdavantFr","twitter_site":"@FootdavantFr","twitter_misc":{"\u00c9crit par":"Cl\u00e9ment","Dur\u00e9e de lecture estim\u00e9e":"2 minutes"},"schema":{"@context":"https:\/\/schema.org","@graph":[{"@type":"Article","@id":"https:\/\/footdavant.fr\/actualites\/arsenal-man-united-lie-a-viktor-gyokerres-publie-une-declaration-de-transfert-dans-stern-social-media-post\/#article","isPartOf":{"@id":"https:\/\/footdavant.fr\/actualites\/arsenal-man-united-lie-a-viktor-gyokerres-publie-une-declaration-de-transfert-dans-stern-social-media-post\/"},"author":{"name":"Cl\u00e9ment","@id":"https:\/\/footdavant.fr\/actualites\/#\/schema\/person\/bc222566d95871b37e597b3ed3ba5e1d"},"headline":"Arsenal, Man United li\u00e9 \u00e0 Viktor Gyokerres publie une d\u00e9claration de transfert dans Stern Social Media Post","datePublished":"2025-06-13T01:48:02+00:00","dateModified":"2025-06-13T01:48:04+00:00","mainEntityOfPage":{"@id":"https:\/\/footdavant.fr\/actualites\/arsenal-man-united-lie-a-viktor-gyokerres-publie-une-declaration-de-transfert-dans-stern-social-media-post\/"},"wordCount":506,"publisher":{"@id":"https:\/\/footdavant.fr\/actualites\/#organization"},"keywords":["Arsenal","dans","D\u00e9claration","Gyokerres","li\u00e9","Man","Media","Post","publi\u00e9","Social","Stern","transfert","une","United","Viktor"],"articleSection":["Premier League"],"inLanguage":"fr-FR"},{"@type":"WebPage","@id":"https:\/\/footdavant.fr\/actualites\/arsenal-man-united-lie-a-viktor-gyokerres-publie-une-declaration-de-transfert-dans-stern-social-media-post\/","url":"https:\/\/footdavant.fr\/actualites\/arsenal-man-united-lie-a-viktor-gyokerres-publie-une-declaration-de-transfert-dans-stern-social-media-post\/","name":"Arsenal, Man United li\u00e9 \u00e0 Viktor Gyokerres publie une d\u00e9claration de transfert dans Stern Social Media Post","isPartOf":{"@id":"https:\/\/footdavant.fr\/actualites\/#website"},"datePublished":"2025-06-13T01:48:02+00:00","dateModified":"2025-06-13T01:48:04+00:00","breadcrumb":{"@id":"https:\/\/footdavant.fr\/actualites\/arsenal-man-united-lie-a-viktor-gyokerres-publie-une-declaration-de-transfert-dans-stern-social-media-post\/#breadcrumb"},"inLanguage":"fr-FR","potentialAction":[{"@type":"ReadAction","target":["https:\/\/footdavant.fr\/actualites\/arsenal-man-united-lie-a-viktor-gyokerres-publie-une-declaration-de-transfert-dans-stern-social-media-post\/"]}]},{"@type":"BreadcrumbList","@id":"https:\/\/footdavant.fr\/actualites\/arsenal-man-united-lie-a-viktor-gyokerres-publie-une-declaration-de-transfert-dans-stern-social-media-post\/#breadcrumb","itemListElement":[{"@type":"ListItem","position":1,"name":"Accueil","item":"https:\/\/footdavant.fr\/actualites\/"},{"@type":"ListItem","position":2,"name":"Arsenal, Man United li\u00e9 \u00e0 Viktor Gyokerres publie une d\u00e9claration de transfert dans Stern Social Media Post"}]},{"@type":"WebSite","@id":"https:\/\/footdavant.fr\/actualites\/#website","url":"https:\/\/footdavant.fr\/actualites\/","name":"Foot d'avant","description":"","publisher":{"@id":"https:\/\/footdavant.fr\/actualites\/#organization"},"potentialAction":[{"@type":"SearchAction","target":{"@type":"EntryPoint","urlTemplate":"https:\/\/footdavant.fr\/actualites\/?s={search_term_string}"},"query-input":"required name=search_term_string"}],"inLanguage":"fr-FR"},{"@type":"Organization","@id":"https:\/\/footdavant.fr\/actualites\/#organization","name":"Foot d'avant","url":"https:\/\/footdavant.fr\/actualites\/","logo":{"@type":"ImageObject","inLanguage":"fr-FR","@id":"https:\/\/footdavant.fr\/actualites\/#\/schema\/logo\/image\/","url":"https:\/\/footdavant.fr\/actualites\/wp-content\/uploads\/2023\/09\/Copy-of-FootDavant-Logo.png","contentUrl":"https:\/\/footdavant.fr\/actualites\/wp-content\/uploads\/2023\/09\/Copy-of-FootDavant-Logo.png","width":936,"height":549,"caption":"Foot d'avant"},"image":{"@id":"https:\/\/footdavant.fr\/actualites\/#\/schema\/logo\/image\/"},"sameAs":["https:\/\/www.facebook.com\/Footdavant\/","https:\/\/twitter.com\/FootdavantFr","https:\/\/www.instagram.com\/footdavant.fr\/"]},{"@type":"Person","@id":"https:\/\/footdavant.fr\/actualites\/#\/schema\/person\/bc222566d95871b37e597b3ed3ba5e1d","name":"Cl\u00e9ment","image":{"@type":"ImageObject","inLanguage":"fr-FR","@id":"https:\/\/footdavant.fr\/actualites\/#\/schema\/person\/image\/","url":"https:\/\/secure.gravatar.com\/avatar\/7728b29aac2719421e1a9159b2254c44?s=96&d=mm&r=g","contentUrl":"https:\/\/secure.gravatar.com\/avatar\/7728b29aac2719421e1a9159b2254c44?s=96&d=mm&r=g","caption":"Cl\u00e9ment"},"sameAs":["https:\/\/footdavant.fr\/"]}]}},"_links":{"self":[{"href":"https:\/\/footdavant.fr\/actualites\/wp-json\/wp\/v2\/posts\/25006"}],"collection":[{"href":"https:\/\/footdavant.fr\/actualites\/wp-json\/wp\/v2\/posts"}],"about":[{"href":"https:\/\/footdavant.fr\/actualites\/wp-json\/wp\/v2\/types\/post"}],"author":[{"embeddable":true,"href":"https:\/\/footdavant.fr\/actualites\/wp-json\/wp\/v2\/users\/1"}],"replies":[{"embeddable":true,"href":"https:\/\/footdavant.fr\/actualites\/wp-json\/wp\/v2\/comments?post=25006"}],"version-history":[{"count":1,"href":"https:\/\/footdavant.fr\/actualites\/wp-json\/wp\/v2\/posts\/25006\/revisions"}],"predecessor-version":[{"id":25008,"href":"https:\/\/footdavant.fr\/actualites\/wp-json\/wp\/v2\/posts\/25006\/revisions\/25008"}],"wp:featuredmedia":[{"embeddable":true,"href":"https:\/\/footdavant.fr\/actualites\/wp-json\/wp\/v2\/media\/25007"}],"wp:attachment":[{"href":"https:\/\/footdavant.fr\/actualites\/wp-json\/wp\/v2\/media?parent=25006"}],"wp:term":[{"taxonomy":"category","embeddable":true,"href":"https:\/\/footdavant.fr\/actualites\/wp-json\/wp\/v2\/categories?post=25006"},{"taxonomy":"post_tag","embeddable":true,"href":"https:\/\/footdavant.fr\/actualites\/wp-json\/wp\/v2\/tags?post=25006"}],"curies":[{"name":"wp","href":"https:\/\/api.w.org\/{rel}","templated":true}]}}