{"id":25009,"date":"2025-06-13T05:48:11","date_gmt":"2025-06-13T03:48:11","guid":{"rendered":"https:\/\/footdavant.fr\/actualites\/giovanni-van-bronckhorst-sest-aligne-pour-rejoindre-le-personnel-de-liverpool-sous-slot\/"},"modified":"2025-06-13T05:48:14","modified_gmt":"2025-06-13T03:48:14","slug":"giovanni-van-bronckhorst-sest-aligne-pour-rejoindre-le-personnel-de-liverpool-sous-slot","status":"publish","type":"post","link":"https:\/\/footdavant.fr\/actualites\/giovanni-van-bronckhorst-sest-aligne-pour-rejoindre-le-personnel-de-liverpool-sous-slot\/","title":{"rendered":"Giovanni van Bronckhorst s&#39;est align\u00e9 pour rejoindre le personnel de Liverpool sous Slot"},"content":{"rendered":"<div id=\"article-body\">\n<!-- Article Start --><\/p>\n<p>Liverpool semble se rapprocher d&#39;un ajout majeur en arri\u00e8re-salle, avec un ancien international n\u00e9erlandais qui apparemment au centre de notre personnel d&#39;entra\u00eeneurs remodel\u00e9 pour la saison prochaine.<\/p>\n<p>Selon le journaliste de Mail Sport Lewis Steele sur <a rel=\"nofollow\" href=\"https:\/\/twitter.com\/lewissteele_\/status\/1933192661852144078?s=48\">X<\/a>Giovanni van Bronckhorst, 50 ans, est maintenant pour rejoindre l&#39;\u00e9quipe d&#39;Arne Slot apr\u00e8s le retour de Johnny Heitinga \u00e0 Ajax.<\/p>\n<p>Van Bronckhorst, comme notre entra\u00eeneur-chef, a pr\u00e9c\u00e9demment lev\u00e9 le titre d&#39;Eredivisie avec Feyenoord, et apporte \u00e9galement plus de pedigree de haut niveau des sorts en charge des Rangers, qu&#39;il a guid\u00e9s vers une finale de la Ligue Europa, et Besiktas.<\/p>\n<p>Cette d\u00e9cision repr\u00e9senterait une autre forte d\u00e9monstration d&#39;intention des champions de Premier League, alors que le club cherche \u00e0 reproduire la structure et la synergie claires qui ont d\u00e9fini l&#39;\u00e8re Jurgen Klopp.<\/p>\n<p>Apr\u00e8s avoir remport\u00e9 la ligue lors de sa premi\u00e8re saison, Slot est maintenant soutenu non seulement sur le march\u00e9 des transferts &#8211; avec des mouvements pour Florian Wirtz toujours en d\u00e9veloppement &#8211; mais aussi dans la pirogue.<\/p>\n<h2>Van Bronckhorst Move approfondirait le noyau n\u00e9erlandais de Liverpool<\/h2>\n<figure class=\"wp-caption alignnone\"><picture><source type=\"image\/webp\" data- data-><\/source><\/picture><\/figure>\n<p>L&#39;arriv\u00e9e de Van Bronckhorst renforcerait encore notre connexion n\u00e9erlandaise croissante, la configuration de coaching du nouvel look comprenant d\u00e9j\u00e0 plusieurs liens Eredivisie.<\/p>\n<p>La sortie de Heitinga laisse un \u00e9cart qui doit \u00eatre combl\u00e9 rapidement pour soutenir les pr\u00e9paratifs de la prochaine campagne.<\/p>\n<p>Mais faire venir un autre manager avec des informations d&#39;identification gagnantes envoie un message sur la fa\u00e7on dont nous avons l&#39;intention de construire \u00e0 partir d&#39;une position de force.<\/p>\n<p>Bien que l&#39;accent reste sur l&#39;ajout de la qualit\u00e9 sur le terrain &#8211; avec des pourparlers en cours pour Milos Kerkez et Florian Wirtz &#8211; des d\u00e9cisions comme celle-ci pourraient s&#39;av\u00e9rer tout aussi importantes.<\/p>\n<p>L&#39;exp\u00e9rience de Van Bronckhorst dans plusieurs grandes ligues europ\u00e9ennes, ainsi que sa capacit\u00e9 \u00e0 op\u00e9rer sous pression, pourraient faire de lui un lieutenant id\u00e9al pour aider les machines \u00e0 trouver un deuxi\u00e8me titre successif.<\/p>\n<\/p>\n<blockquote class=\"twitter-lazy tweet-txt lazyload\" data-width=\"500\" data-dnt=\"true\">\n<p lang=\"en\" dir=\"ltr\">Actualit\u00e9s adjointes de Liverpool: l&#39;ancien international n\u00e9erlandais Giovanni van Bronckhorst, un candidat de premier plan pour rejoindre le personnel d&#39;Arne Slot apr\u00e8s le d\u00e9part de Johnny Heitinga \u00e0 Ajax. <\/p>\n<p>50 ans a g\u00e9r\u00e9 Feyenoord, Rangers et Besiktas. <a rel=\"nofollow\" href=\"https:\/\/twitter.com\/hashtag\/LFC?src=hash&amp;ref_src=twsrc%5Etfw\">#Lfc<\/a> \ud83d\udd34\ud83c\uddf3\ud83c\uddf1<\/p>\n<p>&#8211; Lewis Steele (@Lewissteele_) <a rel=\"nofollow\" href=\"https:\/\/twitter.com\/LewisSteele_\/status\/1933192661852144078?ref_src=twsrc%5Etfw\">12 juin 2025<\/a><\/p>\n<\/blockquote>\n<article class=\"text-token-text-primary w-full\" dir=\"auto\" data-testid=\"conversation-turn-280\" data-scroll-anchor=\"true\">\n<\/article>\n<p><!-- Article End -->\t\t\t\t<\/div>\n<p><script async src=\"https:\/\/platform.twitter.com\/widgets.js\" charset=\"utf-8\"><\/script><\/p>\n","protected":false},"excerpt":{"rendered":"<p>Liverpool semble se rapprocher d&#39;un ajout majeur en arri\u00e8re-salle, avec un ancien international n\u00e9erlandais qui apparemment au centre de notre personnel d&#39;entra\u00eeneurs remodel\u00e9 pour la<\/p>\n","protected":false},"author":1,"featured_media":25010,"comment_status":"closed","ping_status":"","sticky":false,"template":"","format":"standard","meta":{"footnotes":""},"categories":[3],"tags":[5871,9544,3286,53,2182,51,309,4381,4732,1301,783],"yoast_head":"<!-- This site is optimized with the Yoast SEO plugin v21.0 - https:\/\/yoast.com\/wordpress\/plugins\/seo\/ -->\n<title>Giovanni van Bronckhorst s&#039;est align\u00e9 pour rejoindre le personnel de Liverpool sous Slot<\/title>\n<meta name=\"robots\" content=\"index, follow, max-snippet:-1, max-image-preview:large, max-video-preview:-1\" \/>\n<link rel=\"canonical\" href=\"https:\/\/footdavant.fr\/actualites\/giovanni-van-bronckhorst-sest-aligne-pour-rejoindre-le-personnel-de-liverpool-sous-slot\/\" \/>\n<meta property=\"og:locale\" content=\"fr_FR\" \/>\n<meta property=\"og:type\" content=\"article\" \/>\n<meta property=\"og:title\" content=\"Giovanni van Bronckhorst s&#039;est align\u00e9 pour rejoindre le personnel de Liverpool sous Slot\" \/>\n<meta property=\"og:description\" content=\"Liverpool semble se rapprocher d&#039;un ajout majeur en arri\u00e8re-salle, avec un ancien international n\u00e9erlandais qui apparemment au centre de notre personnel d&#039;entra\u00eeneurs remodel\u00e9 pour la\" \/>\n<meta property=\"og:url\" content=\"https:\/\/footdavant.fr\/actualites\/giovanni-van-bronckhorst-sest-aligne-pour-rejoindre-le-personnel-de-liverpool-sous-slot\/\" \/>\n<meta property=\"og:site_name\" content=\"Foot d&#039;avant\" \/>\n<meta property=\"article:publisher\" content=\"https:\/\/www.facebook.com\/Footdavant\/\" \/>\n<meta property=\"article:published_time\" content=\"2025-06-13T03:48:11+00:00\" \/>\n<meta property=\"article:modified_time\" content=\"2025-06-13T03:48:14+00:00\" \/>\n<meta property=\"og:image\" content=\"https:\/\/footdavant.fr\/actualites\/wp-content\/uploads\/2025\/06\/1749786492_Giovanni-van-Bronckhorst-s39est-aligne-pour-rejoindre-le-personnel-de.jpg\" \/>\n\t<meta property=\"og:image:width\" content=\"1248\" \/>\n\t<meta property=\"og:image:height\" content=\"826\" \/>\n\t<meta property=\"og:image:type\" content=\"image\/jpeg\" \/>\n<meta name=\"author\" content=\"Cl\u00e9ment\" \/>\n<meta name=\"twitter:card\" content=\"summary_large_image\" \/>\n<meta name=\"twitter:creator\" content=\"@FootdavantFr\" \/>\n<meta name=\"twitter:site\" content=\"@FootdavantFr\" \/>\n<meta name=\"twitter:label1\" content=\"\u00c9crit par\" \/>\n\t<meta name=\"twitter:data1\" content=\"Cl\u00e9ment\" \/>\n\t<meta name=\"twitter:label2\" content=\"Dur\u00e9e de lecture estim\u00e9e\" \/>\n\t<meta name=\"twitter:data2\" content=\"2 minutes\" \/>\n<script type=\"application\/ld+json\" class=\"yoast-schema-graph\">{\"@context\":\"https:\/\/schema.org\",\"@graph\":[{\"@type\":\"Article\",\"@id\":\"https:\/\/footdavant.fr\/actualites\/giovanni-van-bronckhorst-sest-aligne-pour-rejoindre-le-personnel-de-liverpool-sous-slot\/#article\",\"isPartOf\":{\"@id\":\"https:\/\/footdavant.fr\/actualites\/giovanni-van-bronckhorst-sest-aligne-pour-rejoindre-le-personnel-de-liverpool-sous-slot\/\"},\"author\":{\"name\":\"Cl\u00e9ment\",\"@id\":\"https:\/\/footdavant.fr\/actualites\/#\/schema\/person\/bc222566d95871b37e597b3ed3ba5e1d\"},\"headline\":\"Giovanni van Bronckhorst s&#39;est align\u00e9 pour rejoindre le personnel de Liverpool sous Slot\",\"datePublished\":\"2025-06-13T03:48:11+00:00\",\"dateModified\":\"2025-06-13T03:48:14+00:00\",\"mainEntityOfPage\":{\"@id\":\"https:\/\/footdavant.fr\/actualites\/giovanni-van-bronckhorst-sest-aligne-pour-rejoindre-le-personnel-de-liverpool-sous-slot\/\"},\"wordCount\":413,\"publisher\":{\"@id\":\"https:\/\/footdavant.fr\/actualites\/#organization\"},\"keywords\":[\"aligne\",\"Bronckhorst\",\"Giovanni\",\"Liverpool\",\"personnel\",\"pour\",\"rejoindre\",\"s39est\",\"Slot\",\"sous\",\"van\"],\"articleSection\":[\"Football\"],\"inLanguage\":\"fr-FR\"},{\"@type\":\"WebPage\",\"@id\":\"https:\/\/footdavant.fr\/actualites\/giovanni-van-bronckhorst-sest-aligne-pour-rejoindre-le-personnel-de-liverpool-sous-slot\/\",\"url\":\"https:\/\/footdavant.fr\/actualites\/giovanni-van-bronckhorst-sest-aligne-pour-rejoindre-le-personnel-de-liverpool-sous-slot\/\",\"name\":\"Giovanni van Bronckhorst s&#39;est align\u00e9 pour rejoindre le personnel de Liverpool sous Slot\",\"isPartOf\":{\"@id\":\"https:\/\/footdavant.fr\/actualites\/#website\"},\"datePublished\":\"2025-06-13T03:48:11+00:00\",\"dateModified\":\"2025-06-13T03:48:14+00:00\",\"breadcrumb\":{\"@id\":\"https:\/\/footdavant.fr\/actualites\/giovanni-van-bronckhorst-sest-aligne-pour-rejoindre-le-personnel-de-liverpool-sous-slot\/#breadcrumb\"},\"inLanguage\":\"fr-FR\",\"potentialAction\":[{\"@type\":\"ReadAction\",\"target\":[\"https:\/\/footdavant.fr\/actualites\/giovanni-van-bronckhorst-sest-aligne-pour-rejoindre-le-personnel-de-liverpool-sous-slot\/\"]}]},{\"@type\":\"BreadcrumbList\",\"@id\":\"https:\/\/footdavant.fr\/actualites\/giovanni-van-bronckhorst-sest-aligne-pour-rejoindre-le-personnel-de-liverpool-sous-slot\/#breadcrumb\",\"itemListElement\":[{\"@type\":\"ListItem\",\"position\":1,\"name\":\"Accueil\",\"item\":\"https:\/\/footdavant.fr\/actualites\/\"},{\"@type\":\"ListItem\",\"position\":2,\"name\":\"Giovanni van Bronckhorst s&#39;est align\u00e9 pour rejoindre le personnel de Liverpool sous Slot\"}]},{\"@type\":\"WebSite\",\"@id\":\"https:\/\/footdavant.fr\/actualites\/#website\",\"url\":\"https:\/\/footdavant.fr\/actualites\/\",\"name\":\"Foot d'avant\",\"description\":\"\",\"publisher\":{\"@id\":\"https:\/\/footdavant.fr\/actualites\/#organization\"},\"potentialAction\":[{\"@type\":\"SearchAction\",\"target\":{\"@type\":\"EntryPoint\",\"urlTemplate\":\"https:\/\/footdavant.fr\/actualites\/?s={search_term_string}\"},\"query-input\":\"required name=search_term_string\"}],\"inLanguage\":\"fr-FR\"},{\"@type\":\"Organization\",\"@id\":\"https:\/\/footdavant.fr\/actualites\/#organization\",\"name\":\"Foot d'avant\",\"url\":\"https:\/\/footdavant.fr\/actualites\/\",\"logo\":{\"@type\":\"ImageObject\",\"inLanguage\":\"fr-FR\",\"@id\":\"https:\/\/footdavant.fr\/actualites\/#\/schema\/logo\/image\/\",\"url\":\"https:\/\/footdavant.fr\/actualites\/wp-content\/uploads\/2023\/09\/Copy-of-FootDavant-Logo.png\",\"contentUrl\":\"https:\/\/footdavant.fr\/actualites\/wp-content\/uploads\/2023\/09\/Copy-of-FootDavant-Logo.png\",\"width\":936,\"height\":549,\"caption\":\"Foot d'avant\"},\"image\":{\"@id\":\"https:\/\/footdavant.fr\/actualites\/#\/schema\/logo\/image\/\"},\"sameAs\":[\"https:\/\/www.facebook.com\/Footdavant\/\",\"https:\/\/twitter.com\/FootdavantFr\",\"https:\/\/www.instagram.com\/footdavant.fr\/\"]},{\"@type\":\"Person\",\"@id\":\"https:\/\/footdavant.fr\/actualites\/#\/schema\/person\/bc222566d95871b37e597b3ed3ba5e1d\",\"name\":\"Cl\u00e9ment\",\"image\":{\"@type\":\"ImageObject\",\"inLanguage\":\"fr-FR\",\"@id\":\"https:\/\/footdavant.fr\/actualites\/#\/schema\/person\/image\/\",\"url\":\"https:\/\/secure.gravatar.com\/avatar\/7728b29aac2719421e1a9159b2254c44?s=96&d=mm&r=g\",\"contentUrl\":\"https:\/\/secure.gravatar.com\/avatar\/7728b29aac2719421e1a9159b2254c44?s=96&d=mm&r=g\",\"caption\":\"Cl\u00e9ment\"},\"sameAs\":[\"https:\/\/footdavant.fr\/\"]}]}<\/script>\n<!-- \/ Yoast SEO plugin. -->","yoast_head_json":{"title":"Giovanni van Bronckhorst s&#39;est align\u00e9 pour rejoindre le personnel de Liverpool sous Slot","robots":{"index":"index","follow":"follow","max-snippet":"max-snippet:-1","max-image-preview":"max-image-preview:large","max-video-preview":"max-video-preview:-1"},"canonical":"https:\/\/footdavant.fr\/actualites\/giovanni-van-bronckhorst-sest-aligne-pour-rejoindre-le-personnel-de-liverpool-sous-slot\/","og_locale":"fr_FR","og_type":"article","og_title":"Giovanni van Bronckhorst s&#39;est align\u00e9 pour rejoindre le personnel de Liverpool sous Slot","og_description":"Liverpool semble se rapprocher d&#39;un ajout majeur en arri\u00e8re-salle, avec un ancien international n\u00e9erlandais qui apparemment au centre de notre personnel d&#39;entra\u00eeneurs remodel\u00e9 pour la","og_url":"https:\/\/footdavant.fr\/actualites\/giovanni-van-bronckhorst-sest-aligne-pour-rejoindre-le-personnel-de-liverpool-sous-slot\/","og_site_name":"Foot d&#039;avant","article_publisher":"https:\/\/www.facebook.com\/Footdavant\/","article_published_time":"2025-06-13T03:48:11+00:00","article_modified_time":"2025-06-13T03:48:14+00:00","og_image":[{"width":1248,"height":826,"url":"https:\/\/footdavant.fr\/actualites\/wp-content\/uploads\/2025\/06\/1749786492_Giovanni-van-Bronckhorst-s39est-aligne-pour-rejoindre-le-personnel-de.jpg","type":"image\/jpeg"}],"author":"Cl\u00e9ment","twitter_card":"summary_large_image","twitter_creator":"@FootdavantFr","twitter_site":"@FootdavantFr","twitter_misc":{"\u00c9crit par":"Cl\u00e9ment","Dur\u00e9e de lecture estim\u00e9e":"2 minutes"},"schema":{"@context":"https:\/\/schema.org","@graph":[{"@type":"Article","@id":"https:\/\/footdavant.fr\/actualites\/giovanni-van-bronckhorst-sest-aligne-pour-rejoindre-le-personnel-de-liverpool-sous-slot\/#article","isPartOf":{"@id":"https:\/\/footdavant.fr\/actualites\/giovanni-van-bronckhorst-sest-aligne-pour-rejoindre-le-personnel-de-liverpool-sous-slot\/"},"author":{"name":"Cl\u00e9ment","@id":"https:\/\/footdavant.fr\/actualites\/#\/schema\/person\/bc222566d95871b37e597b3ed3ba5e1d"},"headline":"Giovanni van Bronckhorst s&#39;est align\u00e9 pour rejoindre le personnel de Liverpool sous Slot","datePublished":"2025-06-13T03:48:11+00:00","dateModified":"2025-06-13T03:48:14+00:00","mainEntityOfPage":{"@id":"https:\/\/footdavant.fr\/actualites\/giovanni-van-bronckhorst-sest-aligne-pour-rejoindre-le-personnel-de-liverpool-sous-slot\/"},"wordCount":413,"publisher":{"@id":"https:\/\/footdavant.fr\/actualites\/#organization"},"keywords":["aligne","Bronckhorst","Giovanni","Liverpool","personnel","pour","rejoindre","s39est","Slot","sous","van"],"articleSection":["Football"],"inLanguage":"fr-FR"},{"@type":"WebPage","@id":"https:\/\/footdavant.fr\/actualites\/giovanni-van-bronckhorst-sest-aligne-pour-rejoindre-le-personnel-de-liverpool-sous-slot\/","url":"https:\/\/footdavant.fr\/actualites\/giovanni-van-bronckhorst-sest-aligne-pour-rejoindre-le-personnel-de-liverpool-sous-slot\/","name":"Giovanni van Bronckhorst s&#39;est align\u00e9 pour rejoindre le personnel de Liverpool sous Slot","isPartOf":{"@id":"https:\/\/footdavant.fr\/actualites\/#website"},"datePublished":"2025-06-13T03:48:11+00:00","dateModified":"2025-06-13T03:48:14+00:00","breadcrumb":{"@id":"https:\/\/footdavant.fr\/actualites\/giovanni-van-bronckhorst-sest-aligne-pour-rejoindre-le-personnel-de-liverpool-sous-slot\/#breadcrumb"},"inLanguage":"fr-FR","potentialAction":[{"@type":"ReadAction","target":["https:\/\/footdavant.fr\/actualites\/giovanni-van-bronckhorst-sest-aligne-pour-rejoindre-le-personnel-de-liverpool-sous-slot\/"]}]},{"@type":"BreadcrumbList","@id":"https:\/\/footdavant.fr\/actualites\/giovanni-van-bronckhorst-sest-aligne-pour-rejoindre-le-personnel-de-liverpool-sous-slot\/#breadcrumb","itemListElement":[{"@type":"ListItem","position":1,"name":"Accueil","item":"https:\/\/footdavant.fr\/actualites\/"},{"@type":"ListItem","position":2,"name":"Giovanni van Bronckhorst s&#39;est align\u00e9 pour rejoindre le personnel de Liverpool sous Slot"}]},{"@type":"WebSite","@id":"https:\/\/footdavant.fr\/actualites\/#website","url":"https:\/\/footdavant.fr\/actualites\/","name":"Foot d'avant","description":"","publisher":{"@id":"https:\/\/footdavant.fr\/actualites\/#organization"},"potentialAction":[{"@type":"SearchAction","target":{"@type":"EntryPoint","urlTemplate":"https:\/\/footdavant.fr\/actualites\/?s={search_term_string}"},"query-input":"required name=search_term_string"}],"inLanguage":"fr-FR"},{"@type":"Organization","@id":"https:\/\/footdavant.fr\/actualites\/#organization","name":"Foot d'avant","url":"https:\/\/footdavant.fr\/actualites\/","logo":{"@type":"ImageObject","inLanguage":"fr-FR","@id":"https:\/\/footdavant.fr\/actualites\/#\/schema\/logo\/image\/","url":"https:\/\/footdavant.fr\/actualites\/wp-content\/uploads\/2023\/09\/Copy-of-FootDavant-Logo.png","contentUrl":"https:\/\/footdavant.fr\/actualites\/wp-content\/uploads\/2023\/09\/Copy-of-FootDavant-Logo.png","width":936,"height":549,"caption":"Foot d'avant"},"image":{"@id":"https:\/\/footdavant.fr\/actualites\/#\/schema\/logo\/image\/"},"sameAs":["https:\/\/www.facebook.com\/Footdavant\/","https:\/\/twitter.com\/FootdavantFr","https:\/\/www.instagram.com\/footdavant.fr\/"]},{"@type":"Person","@id":"https:\/\/footdavant.fr\/actualites\/#\/schema\/person\/bc222566d95871b37e597b3ed3ba5e1d","name":"Cl\u00e9ment","image":{"@type":"ImageObject","inLanguage":"fr-FR","@id":"https:\/\/footdavant.fr\/actualites\/#\/schema\/person\/image\/","url":"https:\/\/secure.gravatar.com\/avatar\/7728b29aac2719421e1a9159b2254c44?s=96&d=mm&r=g","contentUrl":"https:\/\/secure.gravatar.com\/avatar\/7728b29aac2719421e1a9159b2254c44?s=96&d=mm&r=g","caption":"Cl\u00e9ment"},"sameAs":["https:\/\/footdavant.fr\/"]}]}},"_links":{"self":[{"href":"https:\/\/footdavant.fr\/actualites\/wp-json\/wp\/v2\/posts\/25009"}],"collection":[{"href":"https:\/\/footdavant.fr\/actualites\/wp-json\/wp\/v2\/posts"}],"about":[{"href":"https:\/\/footdavant.fr\/actualites\/wp-json\/wp\/v2\/types\/post"}],"author":[{"embeddable":true,"href":"https:\/\/footdavant.fr\/actualites\/wp-json\/wp\/v2\/users\/1"}],"replies":[{"embeddable":true,"href":"https:\/\/footdavant.fr\/actualites\/wp-json\/wp\/v2\/comments?post=25009"}],"version-history":[{"count":1,"href":"https:\/\/footdavant.fr\/actualites\/wp-json\/wp\/v2\/posts\/25009\/revisions"}],"predecessor-version":[{"id":25011,"href":"https:\/\/footdavant.fr\/actualites\/wp-json\/wp\/v2\/posts\/25009\/revisions\/25011"}],"wp:featuredmedia":[{"embeddable":true,"href":"https:\/\/footdavant.fr\/actualites\/wp-json\/wp\/v2\/media\/25010"}],"wp:attachment":[{"href":"https:\/\/footdavant.fr\/actualites\/wp-json\/wp\/v2\/media?parent=25009"}],"wp:term":[{"taxonomy":"category","embeddable":true,"href":"https:\/\/footdavant.fr\/actualites\/wp-json\/wp\/v2\/categories?post=25009"},{"taxonomy":"post_tag","embeddable":true,"href":"https:\/\/footdavant.fr\/actualites\/wp-json\/wp\/v2\/tags?post=25009"}],"curies":[{"name":"wp","href":"https:\/\/api.w.org\/{rel}","templated":true}]}}