{"id":25015,"date":"2025-06-13T09:48:06","date_gmt":"2025-06-13T07:48:06","guid":{"rendered":"https:\/\/footdavant.fr\/actualites\/les-new-england-patriots-devoilent-la-statue-de-tom-brady-lors-de-leur-match-de-pre-saison-le-8-aout\/"},"modified":"2025-06-13T09:48:07","modified_gmt":"2025-06-13T07:48:07","slug":"les-new-england-patriots-devoilent-la-statue-de-tom-brady-lors-de-leur-match-de-pre-saison-le-8-aout","status":"publish","type":"post","link":"https:\/\/footdavant.fr\/actualites\/les-new-england-patriots-devoilent-la-statue-de-tom-brady-lors-de-leur-match-de-pre-saison-le-8-aout\/","title":{"rendered":"Les New England Patriots d\u00e9voilent la statue de Tom Brady lors de leur match de pr\u00e9-saison le 8 ao\u00fbt"},"content":{"rendered":"<div>\n<p>Lors de cette intronisation au Temple de la renomm\u00e9e, les Patriots ont annonc\u00e9 que Brady serait honor\u00e9 d&#39;une statue. En raison de son calendrier de diffusion charg\u00e9 avec Fox, Brady n&#39;a pas pu \u00eatre en Nouvelle-Angleterre la saison derni\u00e8re. Le 8 ao\u00fbt, les Patriots d\u00e9voilent la statue de Tom Brady lors de leur match de pr\u00e9-saison contre les commandants.<\/p>\n<h2>La statue de Tom Brady est en bronze et mesure 12 pieds de haut<\/h2>\n<blockquote class=\"twitter-tweet\">\n<p dir=\"ltr\" lang=\"en\">Marquez vos calendriers: le <a rel=\"nofollow\" href=\"https:\/\/twitter.com\/hashtag\/Patriots?src=hash&amp;ref_src=twsrc%5Etfw\">#Patriots<\/a> d\u00e9voilera sa statue de Tom Brady le 8 ao\u00fbt avant leur match de pr\u00e9-saison contre le <a rel=\"nofollow\" href=\"https:\/\/twitter.com\/hashtag\/Commanders?src=hash&amp;ref_src=twsrc%5Etfw\"># Commandes<\/a>.<\/p>\n<p>&#8211; Ian Rapoport (@rapsheet) <a rel=\"nofollow\" href=\"https:\/\/twitter.com\/RapSheet\/status\/1933198740577276149?ref_src=twsrc%5Etfw\">12 juin 2025<\/a><\/p>\n<\/blockquote>\n<p>Le 12 juin 2025, les Patriots ont annonc\u00e9 qu&#39;ils d\u00e9voileraient la statue de Tom Brady le 8 ao\u00fbt lors de leur match de pr\u00e9-saison contre les commandants. La c\u00e9r\u00e9monie aura lieu \u00e0 l&#39;ext\u00e9rieur du Temple de la renomm\u00e9e des Patriots \u00e0 Patriot Place. Cette annonce a \u00e9t\u00e9 faite exactement un an apr\u00e8s que Brady a \u00e9t\u00e9 intronis\u00e9 au Temple de la renomm\u00e9e des Patriots. L&#39;\u00e9t\u00e9 dernier, 60,00 fans ont fait l&#39;objet d&#39;un stade Gillette pour c\u00e9l\u00e9brer le sept fois champion du Super Bowl.<\/p>\n<p>Six de ces sept championnats \u00e9taient avec les Patrios. La Nouvelle-Angleterre a gagn\u00e9 en 2001, 2003, 2004, 2014, 2016 et 2018. Tom a compl\u00e8tement chang\u00e9 la trajectoire de la franchise des Patriots lorsqu&#39;il est devenu le QB de d\u00e9part. Il a remplac\u00e9 un bless\u00e9 Drew Bledsoe en 2001, et le reste appartient \u00e0 l&#39;histoire. Au cours de sa carri\u00e8re historique de la NFL, Brady est un bowler professionnel \u00e0 15 reprises, un MVP de ligue triple, un MVP quintuple du Super Bowl et une s\u00e9lection \u00e0 trois reprises en premi\u00e8re \u00e9quipe All-Pro.<\/p>\n<p>Apr\u00e8s la saison 2022, Tom Brady a pris sa retraite de la NFL apr\u00e8s 23 saisons. Il est admissible au Temple de la renomm\u00e9e de la NFL en 2028. Le joueur de 47 ans d\u00e9tient plusieurs records de tous les temps de la NFL, dont 89 214 verges par la passe, 649 passes de touch\u00e9 et 251 victoires en saison r\u00e9guli\u00e8re. Brady a 219 victoires en saison r\u00e9guli\u00e8re, 74 751 verges par la passe et 541 touch\u00e9s avec les Patriots. Le 8 ao\u00fbt, les Patriots d\u00e9voilent la statue de Tom Brady lors de leur match de pr\u00e9-saison contre les commandants. Une autre fa\u00e7on d&#39;honorer le l\u00e9gendaire QB qui a r\u00e9\u00e9crit l&#39;histoire des Patriots de la Nouvelle-Angleterre.<\/p>\n<\/p><\/div>\n<p><script async src=\"https:\/\/platform.twitter.com\/widgets.js\" charset=\"utf-8\"><\/script><\/p>\n","protected":false},"excerpt":{"rendered":"<p>Lors de cette intronisation au Temple de la renomm\u00e9e, les Patriots ont annonc\u00e9 que Brady serait honor\u00e9 d&#39;une statue. En raison de son calendrier de<\/p>\n","protected":false},"author":1,"featured_media":25016,"comment_status":"closed","ping_status":"","sticky":false,"template":"","format":"standard","meta":{"footnotes":""},"categories":[3],"tags":[8240,7205,9545,4021,93,486,64,257,1288,1517,9546,2405],"yoast_head":"<!-- This site is optimized with the Yoast SEO plugin v21.0 - https:\/\/yoast.com\/wordpress\/plugins\/seo\/ -->\n<title>Les New England Patriots d\u00e9voilent la statue de Tom Brady lors de leur match de pr\u00e9-saison le 8 ao\u00fbt<\/title>\n<meta name=\"robots\" content=\"index, follow, max-snippet:-1, max-image-preview:large, max-video-preview:-1\" \/>\n<link rel=\"canonical\" href=\"https:\/\/footdavant.fr\/actualites\/les-new-england-patriots-devoilent-la-statue-de-tom-brady-lors-de-leur-match-de-pre-saison-le-8-aout\/\" \/>\n<meta property=\"og:locale\" content=\"fr_FR\" \/>\n<meta property=\"og:type\" content=\"article\" \/>\n<meta property=\"og:title\" content=\"Les New England Patriots d\u00e9voilent la statue de Tom Brady lors de leur match de pr\u00e9-saison le 8 ao\u00fbt\" \/>\n<meta property=\"og:description\" content=\"Lors de cette intronisation au Temple de la renomm\u00e9e, les Patriots ont annonc\u00e9 que Brady serait honor\u00e9 d&#039;une statue. En raison de son calendrier de\" \/>\n<meta property=\"og:url\" content=\"https:\/\/footdavant.fr\/actualites\/les-new-england-patriots-devoilent-la-statue-de-tom-brady-lors-de-leur-match-de-pre-saison-le-8-aout\/\" \/>\n<meta property=\"og:site_name\" content=\"Foot d&#039;avant\" \/>\n<meta property=\"article:publisher\" content=\"https:\/\/www.facebook.com\/Footdavant\/\" \/>\n<meta property=\"article:published_time\" content=\"2025-06-13T07:48:06+00:00\" \/>\n<meta property=\"article:modified_time\" content=\"2025-06-13T07:48:07+00:00\" \/>\n<meta property=\"og:image\" content=\"https:\/\/footdavant.fr\/actualites\/wp-content\/uploads\/2025\/06\/Les-New-England-Patriots-devoilent-la-statue-de-Tom-Brady.jpg\" \/>\n\t<meta property=\"og:image:width\" content=\"696\" \/>\n\t<meta property=\"og:image:height\" content=\"464\" \/>\n\t<meta property=\"og:image:type\" content=\"image\/jpeg\" \/>\n<meta name=\"author\" content=\"Cl\u00e9ment\" \/>\n<meta name=\"twitter:card\" content=\"summary_large_image\" \/>\n<meta name=\"twitter:creator\" content=\"@FootdavantFr\" \/>\n<meta name=\"twitter:site\" content=\"@FootdavantFr\" \/>\n<meta name=\"twitter:label1\" content=\"\u00c9crit par\" \/>\n\t<meta name=\"twitter:data1\" content=\"Cl\u00e9ment\" \/>\n\t<meta name=\"twitter:label2\" content=\"Dur\u00e9e de lecture estim\u00e9e\" \/>\n\t<meta name=\"twitter:data2\" content=\"2 minutes\" \/>\n<script type=\"application\/ld+json\" class=\"yoast-schema-graph\">{\"@context\":\"https:\/\/schema.org\",\"@graph\":[{\"@type\":\"Article\",\"@id\":\"https:\/\/footdavant.fr\/actualites\/les-new-england-patriots-devoilent-la-statue-de-tom-brady-lors-de-leur-match-de-pre-saison-le-8-aout\/#article\",\"isPartOf\":{\"@id\":\"https:\/\/footdavant.fr\/actualites\/les-new-england-patriots-devoilent-la-statue-de-tom-brady-lors-de-leur-match-de-pre-saison-le-8-aout\/\"},\"author\":{\"name\":\"Cl\u00e9ment\",\"@id\":\"https:\/\/footdavant.fr\/actualites\/#\/schema\/person\/bc222566d95871b37e597b3ed3ba5e1d\"},\"headline\":\"Les New England Patriots d\u00e9voilent la statue de Tom Brady lors de leur match de pr\u00e9-saison le 8 ao\u00fbt\",\"datePublished\":\"2025-06-13T07:48:06+00:00\",\"dateModified\":\"2025-06-13T07:48:07+00:00\",\"mainEntityOfPage\":{\"@id\":\"https:\/\/footdavant.fr\/actualites\/les-new-england-patriots-devoilent-la-statue-de-tom-brady-lors-de-leur-match-de-pre-saison-le-8-aout\/\"},\"wordCount\":429,\"publisher\":{\"@id\":\"https:\/\/footdavant.fr\/actualites\/#organization\"},\"keywords\":[\"ao\u00fbt\",\"Brady\",\"d\u00e9voilent\",\"England\",\"les\",\"leur\",\"lors\",\"match\",\"Patriots\",\"pr\u00e9saison\",\"statue\",\"Tom\"],\"articleSection\":[\"Football\"],\"inLanguage\":\"fr-FR\"},{\"@type\":\"WebPage\",\"@id\":\"https:\/\/footdavant.fr\/actualites\/les-new-england-patriots-devoilent-la-statue-de-tom-brady-lors-de-leur-match-de-pre-saison-le-8-aout\/\",\"url\":\"https:\/\/footdavant.fr\/actualites\/les-new-england-patriots-devoilent-la-statue-de-tom-brady-lors-de-leur-match-de-pre-saison-le-8-aout\/\",\"name\":\"Les New England Patriots d\u00e9voilent la statue de Tom Brady lors de leur match de pr\u00e9-saison le 8 ao\u00fbt\",\"isPartOf\":{\"@id\":\"https:\/\/footdavant.fr\/actualites\/#website\"},\"datePublished\":\"2025-06-13T07:48:06+00:00\",\"dateModified\":\"2025-06-13T07:48:07+00:00\",\"breadcrumb\":{\"@id\":\"https:\/\/footdavant.fr\/actualites\/les-new-england-patriots-devoilent-la-statue-de-tom-brady-lors-de-leur-match-de-pre-saison-le-8-aout\/#breadcrumb\"},\"inLanguage\":\"fr-FR\",\"potentialAction\":[{\"@type\":\"ReadAction\",\"target\":[\"https:\/\/footdavant.fr\/actualites\/les-new-england-patriots-devoilent-la-statue-de-tom-brady-lors-de-leur-match-de-pre-saison-le-8-aout\/\"]}]},{\"@type\":\"BreadcrumbList\",\"@id\":\"https:\/\/footdavant.fr\/actualites\/les-new-england-patriots-devoilent-la-statue-de-tom-brady-lors-de-leur-match-de-pre-saison-le-8-aout\/#breadcrumb\",\"itemListElement\":[{\"@type\":\"ListItem\",\"position\":1,\"name\":\"Accueil\",\"item\":\"https:\/\/footdavant.fr\/actualites\/\"},{\"@type\":\"ListItem\",\"position\":2,\"name\":\"Les New England Patriots d\u00e9voilent la statue de Tom Brady lors de leur match de pr\u00e9-saison le 8 ao\u00fbt\"}]},{\"@type\":\"WebSite\",\"@id\":\"https:\/\/footdavant.fr\/actualites\/#website\",\"url\":\"https:\/\/footdavant.fr\/actualites\/\",\"name\":\"Foot d'avant\",\"description\":\"\",\"publisher\":{\"@id\":\"https:\/\/footdavant.fr\/actualites\/#organization\"},\"potentialAction\":[{\"@type\":\"SearchAction\",\"target\":{\"@type\":\"EntryPoint\",\"urlTemplate\":\"https:\/\/footdavant.fr\/actualites\/?s={search_term_string}\"},\"query-input\":\"required name=search_term_string\"}],\"inLanguage\":\"fr-FR\"},{\"@type\":\"Organization\",\"@id\":\"https:\/\/footdavant.fr\/actualites\/#organization\",\"name\":\"Foot d'avant\",\"url\":\"https:\/\/footdavant.fr\/actualites\/\",\"logo\":{\"@type\":\"ImageObject\",\"inLanguage\":\"fr-FR\",\"@id\":\"https:\/\/footdavant.fr\/actualites\/#\/schema\/logo\/image\/\",\"url\":\"https:\/\/footdavant.fr\/actualites\/wp-content\/uploads\/2023\/09\/Copy-of-FootDavant-Logo.png\",\"contentUrl\":\"https:\/\/footdavant.fr\/actualites\/wp-content\/uploads\/2023\/09\/Copy-of-FootDavant-Logo.png\",\"width\":936,\"height\":549,\"caption\":\"Foot d'avant\"},\"image\":{\"@id\":\"https:\/\/footdavant.fr\/actualites\/#\/schema\/logo\/image\/\"},\"sameAs\":[\"https:\/\/www.facebook.com\/Footdavant\/\",\"https:\/\/twitter.com\/FootdavantFr\",\"https:\/\/www.instagram.com\/footdavant.fr\/\"]},{\"@type\":\"Person\",\"@id\":\"https:\/\/footdavant.fr\/actualites\/#\/schema\/person\/bc222566d95871b37e597b3ed3ba5e1d\",\"name\":\"Cl\u00e9ment\",\"image\":{\"@type\":\"ImageObject\",\"inLanguage\":\"fr-FR\",\"@id\":\"https:\/\/footdavant.fr\/actualites\/#\/schema\/person\/image\/\",\"url\":\"https:\/\/secure.gravatar.com\/avatar\/7728b29aac2719421e1a9159b2254c44?s=96&d=mm&r=g\",\"contentUrl\":\"https:\/\/secure.gravatar.com\/avatar\/7728b29aac2719421e1a9159b2254c44?s=96&d=mm&r=g\",\"caption\":\"Cl\u00e9ment\"},\"sameAs\":[\"https:\/\/footdavant.fr\/\"]}]}<\/script>\n<!-- \/ Yoast SEO plugin. -->","yoast_head_json":{"title":"Les New England Patriots d\u00e9voilent la statue de Tom Brady lors de leur match de pr\u00e9-saison le 8 ao\u00fbt","robots":{"index":"index","follow":"follow","max-snippet":"max-snippet:-1","max-image-preview":"max-image-preview:large","max-video-preview":"max-video-preview:-1"},"canonical":"https:\/\/footdavant.fr\/actualites\/les-new-england-patriots-devoilent-la-statue-de-tom-brady-lors-de-leur-match-de-pre-saison-le-8-aout\/","og_locale":"fr_FR","og_type":"article","og_title":"Les New England Patriots d\u00e9voilent la statue de Tom Brady lors de leur match de pr\u00e9-saison le 8 ao\u00fbt","og_description":"Lors de cette intronisation au Temple de la renomm\u00e9e, les Patriots ont annonc\u00e9 que Brady serait honor\u00e9 d&#39;une statue. En raison de son calendrier de","og_url":"https:\/\/footdavant.fr\/actualites\/les-new-england-patriots-devoilent-la-statue-de-tom-brady-lors-de-leur-match-de-pre-saison-le-8-aout\/","og_site_name":"Foot d&#039;avant","article_publisher":"https:\/\/www.facebook.com\/Footdavant\/","article_published_time":"2025-06-13T07:48:06+00:00","article_modified_time":"2025-06-13T07:48:07+00:00","og_image":[{"width":696,"height":464,"url":"https:\/\/footdavant.fr\/actualites\/wp-content\/uploads\/2025\/06\/Les-New-England-Patriots-devoilent-la-statue-de-Tom-Brady.jpg","type":"image\/jpeg"}],"author":"Cl\u00e9ment","twitter_card":"summary_large_image","twitter_creator":"@FootdavantFr","twitter_site":"@FootdavantFr","twitter_misc":{"\u00c9crit par":"Cl\u00e9ment","Dur\u00e9e de lecture estim\u00e9e":"2 minutes"},"schema":{"@context":"https:\/\/schema.org","@graph":[{"@type":"Article","@id":"https:\/\/footdavant.fr\/actualites\/les-new-england-patriots-devoilent-la-statue-de-tom-brady-lors-de-leur-match-de-pre-saison-le-8-aout\/#article","isPartOf":{"@id":"https:\/\/footdavant.fr\/actualites\/les-new-england-patriots-devoilent-la-statue-de-tom-brady-lors-de-leur-match-de-pre-saison-le-8-aout\/"},"author":{"name":"Cl\u00e9ment","@id":"https:\/\/footdavant.fr\/actualites\/#\/schema\/person\/bc222566d95871b37e597b3ed3ba5e1d"},"headline":"Les New England Patriots d\u00e9voilent la statue de Tom Brady lors de leur match de pr\u00e9-saison le 8 ao\u00fbt","datePublished":"2025-06-13T07:48:06+00:00","dateModified":"2025-06-13T07:48:07+00:00","mainEntityOfPage":{"@id":"https:\/\/footdavant.fr\/actualites\/les-new-england-patriots-devoilent-la-statue-de-tom-brady-lors-de-leur-match-de-pre-saison-le-8-aout\/"},"wordCount":429,"publisher":{"@id":"https:\/\/footdavant.fr\/actualites\/#organization"},"keywords":["ao\u00fbt","Brady","d\u00e9voilent","England","les","leur","lors","match","Patriots","pr\u00e9saison","statue","Tom"],"articleSection":["Football"],"inLanguage":"fr-FR"},{"@type":"WebPage","@id":"https:\/\/footdavant.fr\/actualites\/les-new-england-patriots-devoilent-la-statue-de-tom-brady-lors-de-leur-match-de-pre-saison-le-8-aout\/","url":"https:\/\/footdavant.fr\/actualites\/les-new-england-patriots-devoilent-la-statue-de-tom-brady-lors-de-leur-match-de-pre-saison-le-8-aout\/","name":"Les New England Patriots d\u00e9voilent la statue de Tom Brady lors de leur match de pr\u00e9-saison le 8 ao\u00fbt","isPartOf":{"@id":"https:\/\/footdavant.fr\/actualites\/#website"},"datePublished":"2025-06-13T07:48:06+00:00","dateModified":"2025-06-13T07:48:07+00:00","breadcrumb":{"@id":"https:\/\/footdavant.fr\/actualites\/les-new-england-patriots-devoilent-la-statue-de-tom-brady-lors-de-leur-match-de-pre-saison-le-8-aout\/#breadcrumb"},"inLanguage":"fr-FR","potentialAction":[{"@type":"ReadAction","target":["https:\/\/footdavant.fr\/actualites\/les-new-england-patriots-devoilent-la-statue-de-tom-brady-lors-de-leur-match-de-pre-saison-le-8-aout\/"]}]},{"@type":"BreadcrumbList","@id":"https:\/\/footdavant.fr\/actualites\/les-new-england-patriots-devoilent-la-statue-de-tom-brady-lors-de-leur-match-de-pre-saison-le-8-aout\/#breadcrumb","itemListElement":[{"@type":"ListItem","position":1,"name":"Accueil","item":"https:\/\/footdavant.fr\/actualites\/"},{"@type":"ListItem","position":2,"name":"Les New England Patriots d\u00e9voilent la statue de Tom Brady lors de leur match de pr\u00e9-saison le 8 ao\u00fbt"}]},{"@type":"WebSite","@id":"https:\/\/footdavant.fr\/actualites\/#website","url":"https:\/\/footdavant.fr\/actualites\/","name":"Foot d'avant","description":"","publisher":{"@id":"https:\/\/footdavant.fr\/actualites\/#organization"},"potentialAction":[{"@type":"SearchAction","target":{"@type":"EntryPoint","urlTemplate":"https:\/\/footdavant.fr\/actualites\/?s={search_term_string}"},"query-input":"required name=search_term_string"}],"inLanguage":"fr-FR"},{"@type":"Organization","@id":"https:\/\/footdavant.fr\/actualites\/#organization","name":"Foot d'avant","url":"https:\/\/footdavant.fr\/actualites\/","logo":{"@type":"ImageObject","inLanguage":"fr-FR","@id":"https:\/\/footdavant.fr\/actualites\/#\/schema\/logo\/image\/","url":"https:\/\/footdavant.fr\/actualites\/wp-content\/uploads\/2023\/09\/Copy-of-FootDavant-Logo.png","contentUrl":"https:\/\/footdavant.fr\/actualites\/wp-content\/uploads\/2023\/09\/Copy-of-FootDavant-Logo.png","width":936,"height":549,"caption":"Foot d'avant"},"image":{"@id":"https:\/\/footdavant.fr\/actualites\/#\/schema\/logo\/image\/"},"sameAs":["https:\/\/www.facebook.com\/Footdavant\/","https:\/\/twitter.com\/FootdavantFr","https:\/\/www.instagram.com\/footdavant.fr\/"]},{"@type":"Person","@id":"https:\/\/footdavant.fr\/actualites\/#\/schema\/person\/bc222566d95871b37e597b3ed3ba5e1d","name":"Cl\u00e9ment","image":{"@type":"ImageObject","inLanguage":"fr-FR","@id":"https:\/\/footdavant.fr\/actualites\/#\/schema\/person\/image\/","url":"https:\/\/secure.gravatar.com\/avatar\/7728b29aac2719421e1a9159b2254c44?s=96&d=mm&r=g","contentUrl":"https:\/\/secure.gravatar.com\/avatar\/7728b29aac2719421e1a9159b2254c44?s=96&d=mm&r=g","caption":"Cl\u00e9ment"},"sameAs":["https:\/\/footdavant.fr\/"]}]}},"_links":{"self":[{"href":"https:\/\/footdavant.fr\/actualites\/wp-json\/wp\/v2\/posts\/25015"}],"collection":[{"href":"https:\/\/footdavant.fr\/actualites\/wp-json\/wp\/v2\/posts"}],"about":[{"href":"https:\/\/footdavant.fr\/actualites\/wp-json\/wp\/v2\/types\/post"}],"author":[{"embeddable":true,"href":"https:\/\/footdavant.fr\/actualites\/wp-json\/wp\/v2\/users\/1"}],"replies":[{"embeddable":true,"href":"https:\/\/footdavant.fr\/actualites\/wp-json\/wp\/v2\/comments?post=25015"}],"version-history":[{"count":1,"href":"https:\/\/footdavant.fr\/actualites\/wp-json\/wp\/v2\/posts\/25015\/revisions"}],"predecessor-version":[{"id":25017,"href":"https:\/\/footdavant.fr\/actualites\/wp-json\/wp\/v2\/posts\/25015\/revisions\/25017"}],"wp:featuredmedia":[{"embeddable":true,"href":"https:\/\/footdavant.fr\/actualites\/wp-json\/wp\/v2\/media\/25016"}],"wp:attachment":[{"href":"https:\/\/footdavant.fr\/actualites\/wp-json\/wp\/v2\/media?parent=25015"}],"wp:term":[{"taxonomy":"category","embeddable":true,"href":"https:\/\/footdavant.fr\/actualites\/wp-json\/wp\/v2\/categories?post=25015"},{"taxonomy":"post_tag","embeddable":true,"href":"https:\/\/footdavant.fr\/actualites\/wp-json\/wp\/v2\/tags?post=25015"}],"curies":[{"name":"wp","href":"https:\/\/api.w.org\/{rel}","templated":true}]}}