{"id":2503,"date":"2023-12-15T01:50:54","date_gmt":"2023-12-15T00:50:54","guid":{"rendered":"https:\/\/footdavant.fr\/actualites\/mohamed-salah-et-alisson-becker-parmi-les-joueurs-de-liverpool-se-sont-reposes-pour-le-match-nul-contre-lunion-sg\/"},"modified":"2023-12-15T01:50:55","modified_gmt":"2023-12-15T00:50:55","slug":"mohamed-salah-et-alisson-becker-parmi-les-joueurs-de-liverpool-se-sont-reposes-pour-le-match-nul-contre-lunion-sg","status":"publish","type":"post","link":"https:\/\/footdavant.fr\/actualites\/mohamed-salah-et-alisson-becker-parmi-les-joueurs-de-liverpool-se-sont-reposes-pour-le-match-nul-contre-lunion-sg\/","title":{"rendered":"Mohamed Salah et Alisson Becker parmi les joueurs de Liverpool se sont repos\u00e9s pour le match nul contre l&rsquo;Union SG"},"content":{"rendered":"<p>Mohamed Salah, Alisson Becker, Virgil van Dijk et Trent Alexander-Arnold sont absents de l&rsquo;\u00e9quipe de Liverpool pour leur affrontement en Ligue Europa contre l&rsquo;Union SG.<\/p>\n<div id=\"article_body\" itemprop=\"articleBody\">\n<h3 class=\"firstPara\">\n<strong class=\"autotag\">Liverpool<\/strong> directeur <strong class=\"autotag\">J\u00fcrgen Klopp<\/strong> a laiss\u00e9 plusieurs noms v\u00e9n\u00e9r\u00e9s \u00e0 la maison pour la finale des Reds <strong class=\"autotag\">Ligue Europa<\/strong> match de phase de groupes contre <strong class=\"autotag\">Union SG<\/strong> le jeudi soir.<\/h3>\n<p>Les g\u00e9ants du Merseyside se rendent en Belgique en toute s\u00e9curit\u00e9, sachant qu&rsquo;ils se qualifieront pour les huiti\u00e8mes de finale en tant que vainqueurs du Groupe E, quoi qu&rsquo;il arrive lors de la derni\u00e8re journ\u00e9e, apr\u00e8s avoir accumul\u00e9 12 points sur les 15 propos\u00e9s.<\/p>\n<p>L&rsquo;\u00e9quipe de Klopp s&rsquo;est assur\u00e9e d&rsquo;une place en huiti\u00e8mes de finale en battant le LASK Linz 4-0 \u00e0 domicile lors de l&rsquo;avant-derni\u00e8re journ\u00e9e, \u00e9vitant ainsi les \u00e9liminatoires avec une \u00e9quipe \u00e9limin\u00e9e de la Ligue des champions.<\/p>\n<p>Les Reds ont beaucoup tourn\u00e9 en Ligue Europa tout au long de la saison, et avec rien d&rsquo;autre que de la fiert\u00e9 en jeu au stade Constant Vanden Stock, Klopp apportera encore une fois des changements en abondance.<\/p>\n<p>Un groupe de 23 hommes a pris le vol pour la Belgique pour la derni\u00e8re journ\u00e9e, et il y a quelques absents notables parmi la troupe de Liverpool, dont l&rsquo;attaquant vedette. <strong class=\"autotag\">Mohamed Salah<\/strong>.<\/p>\n<p>L&rsquo;international \u00e9gyptien a franchi deux \u00e9tapes lors de la victoire du week-end contre Crystal Palace, inscrivant son 200e but \u00e0 Liverpool et son 150e but en Premier League. Il a \u00e9galement particip\u00e9 aux cinq affrontements de son \u00e9quipe dans le groupe E de la Ligue Europa jusqu&rsquo;\u00e0 pr\u00e9sent, marquant trois fois et en fournissant un. assister.<\/p>\n<p class=\"imgI\">\n<p>Cependant, Salah b\u00e9n\u00e9ficiera d&rsquo;un repos bien m\u00e9rit\u00e9 avant le choc \u00e0 domicile de Premier League contre Manchester United, dimanche, tandis que le gardien de premier choix <strong class=\"autotag\">Alisson Becker<\/strong> est \u00e9galement absent suite \u00e0 sa r\u00e9cente gu\u00e9rison d&rsquo;un probl\u00e8me aux ischio-jambiers.<\/p>\n<p>Caoimhin Kelleher, Marcelo Pitagula et Fabian Mrozek ont \u200b\u200b\u00e9t\u00e9 appel\u00e9s comme options d&rsquo;arr\u00eat des tirs des Reds, tandis que le duo d\u00e9fensif <strong class=\"autotag\">Trent Alexander-Arnold<\/strong> et <strong class=\"autotag\">Virgile van Dijk<\/strong> ont \u00e9galement \u00e9t\u00e9 omis de l\u2019\u00e9quipe.<\/p>\n<p>Plusieurs joueurs seniors ont n\u00e9anmoins fait le voyage, notamment <strong class=\"autotag\">Dominik Szoboszlai<\/strong>, <strong class=\"autotag\">Luis D\u00edaz<\/strong>, <strong class=\"autotag\">Darwin Nu\u00f1ez<\/strong> et <strong class=\"autotag\">Ibrahima Konat\u00e9<\/strong>qui rejoignent une pl\u00e9thore de produits de l&rsquo;acad\u00e9mie dans le groupe de voyage.<\/p>\n<p><strong class=\"autotag\">Conor Bradley<\/strong>, <strong class=\"autotag\">Calum Scanlon<\/strong>, <strong class=\"autotag\">Tom Hill<\/strong> et <strong class=\"autotag\">James McConnell<\/strong> fera partie des joueurs des moins de 21 ans qui viseront de pr\u00e9cieuses minutes en \u00e9quipe premi\u00e8re jeudi, tandis que Ben Doak et <strong class=\"autotag\">Kaide Gordon<\/strong> Il semblerait qu\u2019il se battra pour remplacer Salah \u00e0 l\u2019\u00e9chelle internationale.<\/p>\n<p>Alors que Liverpool se qualifie pour les huiti\u00e8mes de finale en tant que vainqueur de groupe, l&rsquo;Union SG a encore beaucoup \u00e0 jouer \u00e0 domicile, puisque l&rsquo;\u00e9quipe belge occupe la troisi\u00e8me place du groupe avec cinq points \u00e0 son actif, soit trois moins bien que Toulouse.<\/p>\n<p>L&rsquo;Union SG pourrait se faufiler \u00e0 la deuxi\u00e8me place s&rsquo;il battait Liverpool et que Toulouse perdait contre le LASK Linz, mais un match nul ou une victoire de l&rsquo;\u00e9quipe fran\u00e7aise verrait les h\u00f4tes r\u00e9trograd\u00e9s en s\u00e9ries \u00e9liminatoires de la Ligue Europa Conference.<\/p>\n<hr>\n<h2>L&rsquo;\u00c9QUIPE DE LIVERPOOL AU COMPLET<\/h2>\n<p>Gomez, Endo, Konate, Diaz, Szoboszlai, Nunez, Jones, Gakpo, Elliott, Tsimikas, Gravenberch, Chambers, Pitaluga, Scanlon, Gordon, Doak, McConnell, Kelleher, Koumas, Quansah, Hill, Bradley, Mrozek<\/p>\n<\/div>\n","protected":false},"excerpt":{"rendered":"<p>Mohamed Salah, Alisson Becker, Virgil van Dijk et Trent Alexander-Arnold sont absents de l&rsquo;\u00e9quipe de Liverpool pour leur affrontement en Ligue Europa contre l&rsquo;Union SG.<\/p>\n","protected":false},"author":1,"featured_media":2504,"comment_status":"closed","ping_status":"","sticky":false,"template":"","format":"standard","meta":{"footnotes":""},"categories":[5],"tags":[1591,1901,20,220,93,53,2082,257,334,492,1048,51,2227,335,45],"yoast_head":"<!-- This site is optimized with the Yoast SEO plugin v21.0 - https:\/\/yoast.com\/wordpress\/plugins\/seo\/ -->\n<title>Mohamed Salah et Alisson Becker parmi les joueurs de Liverpool se sont repos\u00e9s pour le match nul contre l&#039;Union SG<\/title>\n<meta name=\"robots\" content=\"index, follow, max-snippet:-1, max-image-preview:large, max-video-preview:-1\" \/>\n<link rel=\"canonical\" href=\"https:\/\/footdavant.fr\/actualites\/mohamed-salah-et-alisson-becker-parmi-les-joueurs-de-liverpool-se-sont-reposes-pour-le-match-nul-contre-lunion-sg\/\" \/>\n<meta property=\"og:locale\" content=\"fr_FR\" \/>\n<meta property=\"og:type\" content=\"article\" \/>\n<meta property=\"og:title\" content=\"Mohamed Salah et Alisson Becker parmi les joueurs de Liverpool se sont repos\u00e9s pour le match nul contre l&#039;Union SG\" \/>\n<meta property=\"og:description\" content=\"Mohamed Salah, Alisson Becker, Virgil van Dijk et Trent Alexander-Arnold sont absents de l&rsquo;\u00e9quipe de Liverpool pour leur affrontement en Ligue Europa contre l&rsquo;Union SG.\" \/>\n<meta property=\"og:url\" content=\"https:\/\/footdavant.fr\/actualites\/mohamed-salah-et-alisson-becker-parmi-les-joueurs-de-liverpool-se-sont-reposes-pour-le-match-nul-contre-lunion-sg\/\" \/>\n<meta property=\"og:site_name\" content=\"Foot d&#039;avant\" \/>\n<meta property=\"article:publisher\" content=\"https:\/\/www.facebook.com\/Footdavant\/\" \/>\n<meta property=\"article:published_time\" content=\"2023-12-15T00:50:54+00:00\" \/>\n<meta property=\"article:modified_time\" content=\"2023-12-15T00:50:55+00:00\" \/>\n<meta property=\"og:image\" content=\"https:\/\/footdavant.fr\/actualites\/wp-content\/uploads\/2023\/12\/Mohamed-Salah-et-Alisson-Becker-parmi-les-joueurs-de-Liverpool.JPG\" \/>\n\t<meta property=\"og:image:width\" content=\"640\" \/>\n\t<meta property=\"og:image:height\" content=\"480\" \/>\n\t<meta property=\"og:image:type\" content=\"image\/jpeg\" \/>\n<meta name=\"author\" content=\"Cl\u00e9ment\" \/>\n<meta name=\"twitter:card\" content=\"summary_large_image\" \/>\n<meta name=\"twitter:creator\" content=\"@FootdavantFr\" \/>\n<meta name=\"twitter:site\" content=\"@FootdavantFr\" \/>\n<meta name=\"twitter:label1\" content=\"\u00c9crit par\" \/>\n\t<meta name=\"twitter:data1\" content=\"Cl\u00e9ment\" \/>\n\t<meta name=\"twitter:label2\" content=\"Dur\u00e9e de lecture estim\u00e9e\" \/>\n\t<meta name=\"twitter:data2\" content=\"3 minutes\" \/>\n<script type=\"application\/ld+json\" class=\"yoast-schema-graph\">{\"@context\":\"https:\/\/schema.org\",\"@graph\":[{\"@type\":\"Article\",\"@id\":\"https:\/\/footdavant.fr\/actualites\/mohamed-salah-et-alisson-becker-parmi-les-joueurs-de-liverpool-se-sont-reposes-pour-le-match-nul-contre-lunion-sg\/#article\",\"isPartOf\":{\"@id\":\"https:\/\/footdavant.fr\/actualites\/mohamed-salah-et-alisson-becker-parmi-les-joueurs-de-liverpool-se-sont-reposes-pour-le-match-nul-contre-lunion-sg\/\"},\"author\":{\"name\":\"Cl\u00e9ment\",\"@id\":\"https:\/\/footdavant.fr\/actualites\/#\/schema\/person\/bc222566d95871b37e597b3ed3ba5e1d\"},\"headline\":\"Mohamed Salah et Alisson Becker parmi les joueurs de Liverpool se sont repos\u00e9s pour le match nul contre l&rsquo;Union SG\",\"datePublished\":\"2023-12-15T00:50:54+00:00\",\"dateModified\":\"2023-12-15T00:50:55+00:00\",\"mainEntityOfPage\":{\"@id\":\"https:\/\/footdavant.fr\/actualites\/mohamed-salah-et-alisson-becker-parmi-les-joueurs-de-liverpool-se-sont-reposes-pour-le-match-nul-contre-lunion-sg\/\"},\"wordCount\":586,\"publisher\":{\"@id\":\"https:\/\/footdavant.fr\/actualites\/#organization\"},\"keywords\":[\"Alisson\",\"Becker\",\"contre\",\"joueurs\",\"les\",\"Liverpool\",\"lUnion\",\"match\",\"Mohamed\",\"nul\",\"parmi\",\"pour\",\"repos\u00e9s\",\"Salah\",\"sont\"],\"articleSection\":[\"Premier League\"],\"inLanguage\":\"fr-FR\"},{\"@type\":\"WebPage\",\"@id\":\"https:\/\/footdavant.fr\/actualites\/mohamed-salah-et-alisson-becker-parmi-les-joueurs-de-liverpool-se-sont-reposes-pour-le-match-nul-contre-lunion-sg\/\",\"url\":\"https:\/\/footdavant.fr\/actualites\/mohamed-salah-et-alisson-becker-parmi-les-joueurs-de-liverpool-se-sont-reposes-pour-le-match-nul-contre-lunion-sg\/\",\"name\":\"Mohamed Salah et Alisson Becker parmi les joueurs de Liverpool se sont repos\u00e9s pour le match nul contre l'Union SG\",\"isPartOf\":{\"@id\":\"https:\/\/footdavant.fr\/actualites\/#website\"},\"datePublished\":\"2023-12-15T00:50:54+00:00\",\"dateModified\":\"2023-12-15T00:50:55+00:00\",\"breadcrumb\":{\"@id\":\"https:\/\/footdavant.fr\/actualites\/mohamed-salah-et-alisson-becker-parmi-les-joueurs-de-liverpool-se-sont-reposes-pour-le-match-nul-contre-lunion-sg\/#breadcrumb\"},\"inLanguage\":\"fr-FR\",\"potentialAction\":[{\"@type\":\"ReadAction\",\"target\":[\"https:\/\/footdavant.fr\/actualites\/mohamed-salah-et-alisson-becker-parmi-les-joueurs-de-liverpool-se-sont-reposes-pour-le-match-nul-contre-lunion-sg\/\"]}]},{\"@type\":\"BreadcrumbList\",\"@id\":\"https:\/\/footdavant.fr\/actualites\/mohamed-salah-et-alisson-becker-parmi-les-joueurs-de-liverpool-se-sont-reposes-pour-le-match-nul-contre-lunion-sg\/#breadcrumb\",\"itemListElement\":[{\"@type\":\"ListItem\",\"position\":1,\"name\":\"Accueil\",\"item\":\"https:\/\/footdavant.fr\/actualites\/\"},{\"@type\":\"ListItem\",\"position\":2,\"name\":\"Mohamed Salah et Alisson Becker parmi les joueurs de Liverpool se sont repos\u00e9s pour le match nul contre l&rsquo;Union SG\"}]},{\"@type\":\"WebSite\",\"@id\":\"https:\/\/footdavant.fr\/actualites\/#website\",\"url\":\"https:\/\/footdavant.fr\/actualites\/\",\"name\":\"Foot d'avant\",\"description\":\"\",\"publisher\":{\"@id\":\"https:\/\/footdavant.fr\/actualites\/#organization\"},\"potentialAction\":[{\"@type\":\"SearchAction\",\"target\":{\"@type\":\"EntryPoint\",\"urlTemplate\":\"https:\/\/footdavant.fr\/actualites\/?s={search_term_string}\"},\"query-input\":\"required name=search_term_string\"}],\"inLanguage\":\"fr-FR\"},{\"@type\":\"Organization\",\"@id\":\"https:\/\/footdavant.fr\/actualites\/#organization\",\"name\":\"Foot d'avant\",\"url\":\"https:\/\/footdavant.fr\/actualites\/\",\"logo\":{\"@type\":\"ImageObject\",\"inLanguage\":\"fr-FR\",\"@id\":\"https:\/\/footdavant.fr\/actualites\/#\/schema\/logo\/image\/\",\"url\":\"https:\/\/footdavant.fr\/actualites\/wp-content\/uploads\/2023\/09\/Copy-of-FootDavant-Logo.png\",\"contentUrl\":\"https:\/\/footdavant.fr\/actualites\/wp-content\/uploads\/2023\/09\/Copy-of-FootDavant-Logo.png\",\"width\":936,\"height\":549,\"caption\":\"Foot d'avant\"},\"image\":{\"@id\":\"https:\/\/footdavant.fr\/actualites\/#\/schema\/logo\/image\/\"},\"sameAs\":[\"https:\/\/www.facebook.com\/Footdavant\/\",\"https:\/\/twitter.com\/FootdavantFr\",\"https:\/\/www.instagram.com\/footdavant.fr\/\"]},{\"@type\":\"Person\",\"@id\":\"https:\/\/footdavant.fr\/actualites\/#\/schema\/person\/bc222566d95871b37e597b3ed3ba5e1d\",\"name\":\"Cl\u00e9ment\",\"image\":{\"@type\":\"ImageObject\",\"inLanguage\":\"fr-FR\",\"@id\":\"https:\/\/footdavant.fr\/actualites\/#\/schema\/person\/image\/\",\"url\":\"https:\/\/secure.gravatar.com\/avatar\/7728b29aac2719421e1a9159b2254c44?s=96&d=mm&r=g\",\"contentUrl\":\"https:\/\/secure.gravatar.com\/avatar\/7728b29aac2719421e1a9159b2254c44?s=96&d=mm&r=g\",\"caption\":\"Cl\u00e9ment\"},\"sameAs\":[\"https:\/\/footdavant.fr\/\"]}]}<\/script>\n<!-- \/ Yoast SEO plugin. -->","yoast_head_json":{"title":"Mohamed Salah et Alisson Becker parmi les joueurs de Liverpool se sont repos\u00e9s pour le match nul contre l'Union SG","robots":{"index":"index","follow":"follow","max-snippet":"max-snippet:-1","max-image-preview":"max-image-preview:large","max-video-preview":"max-video-preview:-1"},"canonical":"https:\/\/footdavant.fr\/actualites\/mohamed-salah-et-alisson-becker-parmi-les-joueurs-de-liverpool-se-sont-reposes-pour-le-match-nul-contre-lunion-sg\/","og_locale":"fr_FR","og_type":"article","og_title":"Mohamed Salah et Alisson Becker parmi les joueurs de Liverpool se sont repos\u00e9s pour le match nul contre l'Union SG","og_description":"Mohamed Salah, Alisson Becker, Virgil van Dijk et Trent Alexander-Arnold sont absents de l&rsquo;\u00e9quipe de Liverpool pour leur affrontement en Ligue Europa contre l&rsquo;Union SG.","og_url":"https:\/\/footdavant.fr\/actualites\/mohamed-salah-et-alisson-becker-parmi-les-joueurs-de-liverpool-se-sont-reposes-pour-le-match-nul-contre-lunion-sg\/","og_site_name":"Foot d&#039;avant","article_publisher":"https:\/\/www.facebook.com\/Footdavant\/","article_published_time":"2023-12-15T00:50:54+00:00","article_modified_time":"2023-12-15T00:50:55+00:00","og_image":[{"width":640,"height":480,"url":"https:\/\/footdavant.fr\/actualites\/wp-content\/uploads\/2023\/12\/Mohamed-Salah-et-Alisson-Becker-parmi-les-joueurs-de-Liverpool.JPG","type":"image\/jpeg"}],"author":"Cl\u00e9ment","twitter_card":"summary_large_image","twitter_creator":"@FootdavantFr","twitter_site":"@FootdavantFr","twitter_misc":{"\u00c9crit par":"Cl\u00e9ment","Dur\u00e9e de lecture estim\u00e9e":"3 minutes"},"schema":{"@context":"https:\/\/schema.org","@graph":[{"@type":"Article","@id":"https:\/\/footdavant.fr\/actualites\/mohamed-salah-et-alisson-becker-parmi-les-joueurs-de-liverpool-se-sont-reposes-pour-le-match-nul-contre-lunion-sg\/#article","isPartOf":{"@id":"https:\/\/footdavant.fr\/actualites\/mohamed-salah-et-alisson-becker-parmi-les-joueurs-de-liverpool-se-sont-reposes-pour-le-match-nul-contre-lunion-sg\/"},"author":{"name":"Cl\u00e9ment","@id":"https:\/\/footdavant.fr\/actualites\/#\/schema\/person\/bc222566d95871b37e597b3ed3ba5e1d"},"headline":"Mohamed Salah et Alisson Becker parmi les joueurs de Liverpool se sont repos\u00e9s pour le match nul contre l&rsquo;Union SG","datePublished":"2023-12-15T00:50:54+00:00","dateModified":"2023-12-15T00:50:55+00:00","mainEntityOfPage":{"@id":"https:\/\/footdavant.fr\/actualites\/mohamed-salah-et-alisson-becker-parmi-les-joueurs-de-liverpool-se-sont-reposes-pour-le-match-nul-contre-lunion-sg\/"},"wordCount":586,"publisher":{"@id":"https:\/\/footdavant.fr\/actualites\/#organization"},"keywords":["Alisson","Becker","contre","joueurs","les","Liverpool","lUnion","match","Mohamed","nul","parmi","pour","repos\u00e9s","Salah","sont"],"articleSection":["Premier League"],"inLanguage":"fr-FR"},{"@type":"WebPage","@id":"https:\/\/footdavant.fr\/actualites\/mohamed-salah-et-alisson-becker-parmi-les-joueurs-de-liverpool-se-sont-reposes-pour-le-match-nul-contre-lunion-sg\/","url":"https:\/\/footdavant.fr\/actualites\/mohamed-salah-et-alisson-becker-parmi-les-joueurs-de-liverpool-se-sont-reposes-pour-le-match-nul-contre-lunion-sg\/","name":"Mohamed Salah et Alisson Becker parmi les joueurs de Liverpool se sont repos\u00e9s pour le match nul contre l'Union SG","isPartOf":{"@id":"https:\/\/footdavant.fr\/actualites\/#website"},"datePublished":"2023-12-15T00:50:54+00:00","dateModified":"2023-12-15T00:50:55+00:00","breadcrumb":{"@id":"https:\/\/footdavant.fr\/actualites\/mohamed-salah-et-alisson-becker-parmi-les-joueurs-de-liverpool-se-sont-reposes-pour-le-match-nul-contre-lunion-sg\/#breadcrumb"},"inLanguage":"fr-FR","potentialAction":[{"@type":"ReadAction","target":["https:\/\/footdavant.fr\/actualites\/mohamed-salah-et-alisson-becker-parmi-les-joueurs-de-liverpool-se-sont-reposes-pour-le-match-nul-contre-lunion-sg\/"]}]},{"@type":"BreadcrumbList","@id":"https:\/\/footdavant.fr\/actualites\/mohamed-salah-et-alisson-becker-parmi-les-joueurs-de-liverpool-se-sont-reposes-pour-le-match-nul-contre-lunion-sg\/#breadcrumb","itemListElement":[{"@type":"ListItem","position":1,"name":"Accueil","item":"https:\/\/footdavant.fr\/actualites\/"},{"@type":"ListItem","position":2,"name":"Mohamed Salah et Alisson Becker parmi les joueurs de Liverpool se sont repos\u00e9s pour le match nul contre l&rsquo;Union SG"}]},{"@type":"WebSite","@id":"https:\/\/footdavant.fr\/actualites\/#website","url":"https:\/\/footdavant.fr\/actualites\/","name":"Foot d'avant","description":"","publisher":{"@id":"https:\/\/footdavant.fr\/actualites\/#organization"},"potentialAction":[{"@type":"SearchAction","target":{"@type":"EntryPoint","urlTemplate":"https:\/\/footdavant.fr\/actualites\/?s={search_term_string}"},"query-input":"required name=search_term_string"}],"inLanguage":"fr-FR"},{"@type":"Organization","@id":"https:\/\/footdavant.fr\/actualites\/#organization","name":"Foot d'avant","url":"https:\/\/footdavant.fr\/actualites\/","logo":{"@type":"ImageObject","inLanguage":"fr-FR","@id":"https:\/\/footdavant.fr\/actualites\/#\/schema\/logo\/image\/","url":"https:\/\/footdavant.fr\/actualites\/wp-content\/uploads\/2023\/09\/Copy-of-FootDavant-Logo.png","contentUrl":"https:\/\/footdavant.fr\/actualites\/wp-content\/uploads\/2023\/09\/Copy-of-FootDavant-Logo.png","width":936,"height":549,"caption":"Foot d'avant"},"image":{"@id":"https:\/\/footdavant.fr\/actualites\/#\/schema\/logo\/image\/"},"sameAs":["https:\/\/www.facebook.com\/Footdavant\/","https:\/\/twitter.com\/FootdavantFr","https:\/\/www.instagram.com\/footdavant.fr\/"]},{"@type":"Person","@id":"https:\/\/footdavant.fr\/actualites\/#\/schema\/person\/bc222566d95871b37e597b3ed3ba5e1d","name":"Cl\u00e9ment","image":{"@type":"ImageObject","inLanguage":"fr-FR","@id":"https:\/\/footdavant.fr\/actualites\/#\/schema\/person\/image\/","url":"https:\/\/secure.gravatar.com\/avatar\/7728b29aac2719421e1a9159b2254c44?s=96&d=mm&r=g","contentUrl":"https:\/\/secure.gravatar.com\/avatar\/7728b29aac2719421e1a9159b2254c44?s=96&d=mm&r=g","caption":"Cl\u00e9ment"},"sameAs":["https:\/\/footdavant.fr\/"]}]}},"_links":{"self":[{"href":"https:\/\/footdavant.fr\/actualites\/wp-json\/wp\/v2\/posts\/2503"}],"collection":[{"href":"https:\/\/footdavant.fr\/actualites\/wp-json\/wp\/v2\/posts"}],"about":[{"href":"https:\/\/footdavant.fr\/actualites\/wp-json\/wp\/v2\/types\/post"}],"author":[{"embeddable":true,"href":"https:\/\/footdavant.fr\/actualites\/wp-json\/wp\/v2\/users\/1"}],"replies":[{"embeddable":true,"href":"https:\/\/footdavant.fr\/actualites\/wp-json\/wp\/v2\/comments?post=2503"}],"version-history":[{"count":1,"href":"https:\/\/footdavant.fr\/actualites\/wp-json\/wp\/v2\/posts\/2503\/revisions"}],"predecessor-version":[{"id":2505,"href":"https:\/\/footdavant.fr\/actualites\/wp-json\/wp\/v2\/posts\/2503\/revisions\/2505"}],"wp:featuredmedia":[{"embeddable":true,"href":"https:\/\/footdavant.fr\/actualites\/wp-json\/wp\/v2\/media\/2504"}],"wp:attachment":[{"href":"https:\/\/footdavant.fr\/actualites\/wp-json\/wp\/v2\/media?parent=2503"}],"wp:term":[{"taxonomy":"category","embeddable":true,"href":"https:\/\/footdavant.fr\/actualites\/wp-json\/wp\/v2\/categories?post=2503"},{"taxonomy":"post_tag","embeddable":true,"href":"https:\/\/footdavant.fr\/actualites\/wp-json\/wp\/v2\/tags?post=2503"}],"curies":[{"name":"wp","href":"https:\/\/api.w.org\/{rel}","templated":true}]}}