{"id":25032,"date":"2025-06-13T21:48:06","date_gmt":"2025-06-13T19:48:06","guid":{"rendered":"https:\/\/footdavant.fr\/actualites\/profondeur-flexibilite-et-quoi-faire-avec-nwaneri\/"},"modified":"2025-06-13T21:48:08","modified_gmt":"2025-06-13T19:48:08","slug":"profondeur-flexibilite-et-quoi-faire-avec-nwaneri","status":"publish","type":"post","link":"https:\/\/footdavant.fr\/actualites\/profondeur-flexibilite-et-quoi-faire-avec-nwaneri\/","title":{"rendered":"Profondeur, flexibilit\u00e9 et quoi faire avec Nwaneri"},"content":{"rendered":"<div>\n<p>Bonjour et joyeux vendredi 13 \u00e0 tous! J&#39;esp\u00e8re qu&#39;il n&#39;y a rien de effrayant au coin de la rue.<\/p>\n<p>Je pensais commencer par la performance d&#39;Ethan Nwaneri pour les U21 d&#39;Angleterre hier soir, seulement pour voir les \u00e9quipes entrer et son nom r\u00e9pertori\u00e9 parmi les rempla\u00e7ants. Hmm. Mais il s&#39;est poursuivi! Et il semble qu&#39;il ait eu une tr\u00e8s tr\u00e8s charg\u00e9e de 20 minutes dans la victoire 3-1.<\/p>\n<p>Plus int\u00e9ressant, il est venu et a jou\u00e9 \u00e0 droite, tourmentant l&#39;arri\u00e8re gauche tch\u00e8que encore et encore. Pour tous les discours sur la construction de l&#39;\u00e9quipe et ce qui doit \u00eatre fait cet \u00e9t\u00e9, beaucoup de ces d\u00e9cisions de transfert reposent entre les mains de ce que Mikel Arteta pr\u00e9voit r\u00e9ellement de faire avec certains des joueurs que nous avons d\u00e9j\u00e0 au club.<\/p>\n<p>Il y en a un peu au milieu de terrain &#8211; j&#39;y reviendrai &#8211; mais cela existe massivement avec Nwaneri. La plupart du bruit semble sugg\u00e9rer qu&#39;il est consid\u00e9r\u00e9 comme un milieu de terrain, \u00e0 la fois par ceux du club et seul, mais il n&#39;a encore que 18 ans et je ne pense pas qu&#39;il devrait n\u00e9cessairement \u00eatre pigeonn\u00e9 de cette fa\u00e7on. Cette saison (la saison derni\u00e8re? Vous savez ce que je veux dire!) Les minutes sont venues \u00e0 droite parce que c&#39;\u00e9tait l\u00e0 que nous avions besoin de lui. Il se pourrait que nous arrivions \u00e0 la fin de cette fen\u00eatre de transfert et que nous manquons une fois de plus un peu de profondeur \u00e0 droite, mais nous avons trouv\u00e9 quelqu&#39;un pour s&#39;asseoir \u00e0 la place d&#39;Odegaard de temps en temps. Si l&#39;ouverture pendant les minutes est large, c&#39;est l\u00e0 qu&#39;il obtiendra ses minutes.<\/p>\n<p>Saka lui-m\u00eame a pass\u00e9 beaucoup de temps \u00e0 l&#39;arri\u00e8re gauche lorsqu&#39;il a jou\u00e9 pour la premi\u00e8re fois pour la premi\u00e8re \u00e9quipe et il n&#39;a pas fait de d\u00e9parts r\u00e9guliers \u00e0 droite jusqu&#39;en d\u00e9cembre 2020 \/ janvier 2021, apr\u00e8s avoir eu 19 ans. Le c\u0153ur du terrain et lui demandant de courir les choses.<\/p>\n<p>Qui sait, peut-\u00eatre qu&#39;il fait un saut au cours des prochains mois et regarde plus chez lui au milieu de terrain en Premier League, mais je ne pense pas qu&#39;il soit n\u00e9cessaire de faire un choix d\u00e9finitif sur l&#39;endroit o\u00f9 il finit \u00e0 long terme si t\u00f4t. Je comprends peut-\u00eatre l&#39;utiliser peut-\u00eatre dans ce r\u00f4le de huit gauche, mais je serais r\u00e9ticent \u00e0 l&#39;\u00e9loigner du c\u00f4t\u00e9 droit du terrain o\u00f9 il peut utiliser cette escapade d\u00e9j\u00e0-traditionnelle Arjen Robben \u00e0 l&#39;int\u00e9rieur qui lui permet de viser et d&#39;envelopper son pied gauche autour du ballon.<\/p>\n<p>Si vous le gardez l\u00e0-bas, cela signifie qu&#39;il ne jouera que lorsque Saka ou Odegaard ne le font pas, donc je pense que c&#39;est le travail du manager de pr\u00e9parer des moyens de les rassembler tous les trois sur le terrain &#8211; peut-\u00eatre qu&#39;Odegaard se d\u00e9place ou Saka se d\u00e9place vers un autre poste? Ce n&#39;est pas parce qu&#39;il est de classe mondiale \u00e0 droite qu&#39;il ne pouvait pas contribuer \u00e0 des performances de classe mondiale un peu plus sur le terrain ou \u00e0 gauche. Je comprendrais la r\u00e9ticence \u00e0 le d\u00e9placer, mais c&#39;est quelque chose auquel je serais ouvert d&#39;esprit.<\/p>\n<p>Comme je l&#39;ai mentionn\u00e9 ci-dessus, je pense que le milieu de terrain est un autre endroit int\u00e9ressant si nous parlons de la profondeur de l&#39;escouade. Thomas Partey a parl\u00e9 \u00e0 3Sports au Ghana de son avenir avec son contrat qui expire, mais les choses sont toujours en l&#39;air.<\/p>\n<blockquote>\n<p>\u00abJe pense que la premi\u00e8re chose est o\u00f9 \u00eates-vous heureux et o\u00f9 vous sentez-vous chez vous\u2026 alors il s&#39;agit de votre prochain objectif ce que vous voulez r\u00e9aliser ensuite. Vous devez toujours regarder tout cela et \u00e0 la fin de la journ\u00e9e, nous avons tous une famille qui a besoin d&#39;argent, c&#39;est notre esprit.<\/p>\n<p>\u00abNous ne sommes pas plus jeunes. Il y a beaucoup de choses o\u00f9 vous devez regarder maintenant avec une famille, o\u00f9 vous voulez qu&#39;ils soient heureux.<\/p>\n<p>\u00abJe ne peux rien d\u00e9cider et je dois juste laisser \u00e7a \u00e0 mon agent et au club. Moi, je veux juste profiter du football.\u00bb<\/p>\n<\/blockquote>\n<p>Avec Martin Zubimenddi qui se rendait \u00e0 venir et Jorginho qui sortait, \u00e9videmment de garder Partey signifierait que nous augmentons la profondeur, plut\u00f4t que de garder les m\u00eames chiffres au milieu de terrain. Mais je ne suis pas si s\u00fbr que nous en avons besoin.<\/p>\n<p>Declan Rice et Myles Lewis-Skelly seraient les sauvegardes de cette position Zubimenddi et nous avons beaucoup de profondeur dans les r\u00f4les qu&#39;ils jouent habituellement. Les minutes pourraient \u00eatre difficiles \u00e0 trouver pour Mikel Merino l&#39;ann\u00e9e prochaine si Rice est toujours dans ce r\u00f4le de huit &#8211; plus d&#39;un tiers des minutes de la Premier League de Merino la saison derni\u00e8re sont venues et cela ne devrait pas se reproduire &#8211; et Kai Havertz peut \u00e9galement jouer au milieu de terrain, et peut-\u00eatre parfois pour obtenir ses minutes r\u00e9guli\u00e8res si un nouvel attaquant arrive.<\/p>\n<p>Lewis-Skelly n&#39;est pas test\u00e9 au milieu de terrain \u00e0 ce niveau, ce qui est clair, mais il a tous les attributs pour jouer l\u00e0-bas et nous avons de nombreuses alternatives \u00e0 l&#39;arri\u00e8re gauche, avec Riccardo Calafiori, Jakub Kiwior et Jurrien Timber \u00e0 condition que nous puissions en tirer de plus de Ben White pour jouer de l&#39;autre c\u00f4t\u00e9 de la d\u00e9fense.<\/p>\n<p>Je ne sais pas, que tout me semble \u00eatre une couverture ad\u00e9quate dans ces zones du terrain.<\/p>\n<p>En parlant de milieux de terrain qui sont en fait d&#39;arri\u00e8re gauche et vice versa, il semble que l&#39;ancien tireur Giovanni van Bronckhorst va faire un retour au football anglais pour rejoindre le personnel d&#39;entra\u00eeneurs d&#39;Arne Slot \u00e0 Liverpool. Van Bronckhorst a fait une apparition \u00e0 Anfield au cours de sa carri\u00e8re de joueur a \u00e9t\u00e9 envoy\u00e9 apr\u00e8s seulement 36 minutes. Je ne sais pas quel genre de pr\u00e9sage pourrait \u00eatre, mais il sait se faire envoyer \u00e0 Anfield et s&#39;il pouvait transmettre une de ces connaissances \u00e0 l&#39;\u00e9quipe actuelle de Liverpool, ce serait bien pour moi. Voici les points forts de ce jeu avant de toucher rapidement quelque chose de bien moins acceptable:<\/p>\n<p><a href=\"https:\/\/www.youtube.com\/watch?v=ps5aitUify\">https:\/\/www.youtube.com\/watch?v=ps5aitUify<\/a><\/p>\n<p>Depuis que Brentford a \u00e9t\u00e9 promu, j&#39;ai toujours pens\u00e9 \u00e0 Thomas Frank comme un manager intelligent, humble, bien parl\u00e9 et magnanime. Il m&#39;a frapp\u00e9 pendant un certain temps en tant que personne qui m\u00e9ritait peut-\u00eatre un coup dans un club avec la capacit\u00e9 d&#39;obtenir un coup de poing plus lourd que Brentford.<\/p>\n<p>De toute \u00e9vidence, j&#39;avais tort.<\/p>\n<p>Pour un peu plus sur les joueurs de profondeur et d&#39;\u00e9quipe, Tim a obtenu un nouveau morceau sur le r\u00f4le et l&#39;importance de Leandro Trossard au cours de la saison derni\u00e8re.<\/p>\n<p>Je vais le laisser l\u00e0 pour aujourd&#39;hui et vous rattraper demain. Si quelque chose de grand se produit, nous vous ferons couvert sur Arseblog.News. Bravo \u00e0 tout!<\/p>\n<\/div>\n","protected":false},"excerpt":{"rendered":"<p>Bonjour et joyeux vendredi 13 \u00e0 tous! J&#39;esp\u00e8re qu&#39;il n&#39;y a rien de effrayant au coin de la rue. Je pensais commencer par la performance<\/p>\n","protected":false},"author":1,"featured_media":25033,"comment_status":"closed","ping_status":"","sticky":false,"template":"","format":"standard","meta":{"footnotes":""},"categories":[3],"tags":[91,1423,4737,2144,1103,1563],"yoast_head":"<!-- This site is optimized with the Yoast SEO plugin v21.0 - https:\/\/yoast.com\/wordpress\/plugins\/seo\/ -->\n<title>Profondeur, flexibilit\u00e9 et quoi faire avec Nwaneri<\/title>\n<meta name=\"robots\" content=\"index, follow, max-snippet:-1, max-image-preview:large, max-video-preview:-1\" \/>\n<link rel=\"canonical\" href=\"https:\/\/footdavant.fr\/actualites\/profondeur-flexibilite-et-quoi-faire-avec-nwaneri\/\" \/>\n<meta property=\"og:locale\" content=\"fr_FR\" \/>\n<meta property=\"og:type\" content=\"article\" \/>\n<meta property=\"og:title\" content=\"Profondeur, flexibilit\u00e9 et quoi faire avec Nwaneri\" \/>\n<meta property=\"og:description\" content=\"Bonjour et joyeux vendredi 13 \u00e0 tous! J&#039;esp\u00e8re qu&#039;il n&#039;y a rien de effrayant au coin de la rue. Je pensais commencer par la performance\" \/>\n<meta property=\"og:url\" content=\"https:\/\/footdavant.fr\/actualites\/profondeur-flexibilite-et-quoi-faire-avec-nwaneri\/\" \/>\n<meta property=\"og:site_name\" content=\"Foot d&#039;avant\" \/>\n<meta property=\"article:publisher\" content=\"https:\/\/www.facebook.com\/Footdavant\/\" \/>\n<meta property=\"article:published_time\" content=\"2025-06-13T19:48:06+00:00\" \/>\n<meta property=\"article:modified_time\" content=\"2025-06-13T19:48:08+00:00\" \/>\n<meta property=\"og:image\" content=\"https:\/\/footdavant.fr\/actualites\/wp-content\/uploads\/2025\/06\/Profondeur-flexibilite-et-quoi-faire-avec-Nwaneri.jpg\" \/>\n\t<meta property=\"og:image:width\" content=\"1500\" \/>\n\t<meta property=\"og:image:height\" content=\"750\" \/>\n\t<meta property=\"og:image:type\" content=\"image\/jpeg\" \/>\n<meta name=\"author\" content=\"Cl\u00e9ment\" \/>\n<meta name=\"twitter:card\" content=\"summary_large_image\" \/>\n<meta name=\"twitter:creator\" content=\"@FootdavantFr\" \/>\n<meta name=\"twitter:site\" content=\"@FootdavantFr\" \/>\n<meta name=\"twitter:label1\" content=\"\u00c9crit par\" \/>\n\t<meta name=\"twitter:data1\" content=\"Cl\u00e9ment\" \/>\n\t<meta name=\"twitter:label2\" content=\"Dur\u00e9e de lecture estim\u00e9e\" \/>\n\t<meta name=\"twitter:data2\" content=\"6 minutes\" \/>\n<script type=\"application\/ld+json\" class=\"yoast-schema-graph\">{\"@context\":\"https:\/\/schema.org\",\"@graph\":[{\"@type\":\"Article\",\"@id\":\"https:\/\/footdavant.fr\/actualites\/profondeur-flexibilite-et-quoi-faire-avec-nwaneri\/#article\",\"isPartOf\":{\"@id\":\"https:\/\/footdavant.fr\/actualites\/profondeur-flexibilite-et-quoi-faire-avec-nwaneri\/\"},\"author\":{\"name\":\"Cl\u00e9ment\",\"@id\":\"https:\/\/footdavant.fr\/actualites\/#\/schema\/person\/bc222566d95871b37e597b3ed3ba5e1d\"},\"headline\":\"Profondeur, flexibilit\u00e9 et quoi faire avec Nwaneri\",\"datePublished\":\"2025-06-13T19:48:06+00:00\",\"dateModified\":\"2025-06-13T19:48:08+00:00\",\"mainEntityOfPage\":{\"@id\":\"https:\/\/footdavant.fr\/actualites\/profondeur-flexibilite-et-quoi-faire-avec-nwaneri\/\"},\"wordCount\":1243,\"publisher\":{\"@id\":\"https:\/\/footdavant.fr\/actualites\/#organization\"},\"keywords\":[\"avec\",\"faire\",\"flexibilit\u00e9\",\"Nwaneri\",\"profondeur\",\"quoi\"],\"articleSection\":[\"Football\"],\"inLanguage\":\"fr-FR\"},{\"@type\":\"WebPage\",\"@id\":\"https:\/\/footdavant.fr\/actualites\/profondeur-flexibilite-et-quoi-faire-avec-nwaneri\/\",\"url\":\"https:\/\/footdavant.fr\/actualites\/profondeur-flexibilite-et-quoi-faire-avec-nwaneri\/\",\"name\":\"Profondeur, flexibilit\u00e9 et quoi faire avec Nwaneri\",\"isPartOf\":{\"@id\":\"https:\/\/footdavant.fr\/actualites\/#website\"},\"datePublished\":\"2025-06-13T19:48:06+00:00\",\"dateModified\":\"2025-06-13T19:48:08+00:00\",\"breadcrumb\":{\"@id\":\"https:\/\/footdavant.fr\/actualites\/profondeur-flexibilite-et-quoi-faire-avec-nwaneri\/#breadcrumb\"},\"inLanguage\":\"fr-FR\",\"potentialAction\":[{\"@type\":\"ReadAction\",\"target\":[\"https:\/\/footdavant.fr\/actualites\/profondeur-flexibilite-et-quoi-faire-avec-nwaneri\/\"]}]},{\"@type\":\"BreadcrumbList\",\"@id\":\"https:\/\/footdavant.fr\/actualites\/profondeur-flexibilite-et-quoi-faire-avec-nwaneri\/#breadcrumb\",\"itemListElement\":[{\"@type\":\"ListItem\",\"position\":1,\"name\":\"Accueil\",\"item\":\"https:\/\/footdavant.fr\/actualites\/\"},{\"@type\":\"ListItem\",\"position\":2,\"name\":\"Profondeur, flexibilit\u00e9 et quoi faire avec Nwaneri\"}]},{\"@type\":\"WebSite\",\"@id\":\"https:\/\/footdavant.fr\/actualites\/#website\",\"url\":\"https:\/\/footdavant.fr\/actualites\/\",\"name\":\"Foot d'avant\",\"description\":\"\",\"publisher\":{\"@id\":\"https:\/\/footdavant.fr\/actualites\/#organization\"},\"potentialAction\":[{\"@type\":\"SearchAction\",\"target\":{\"@type\":\"EntryPoint\",\"urlTemplate\":\"https:\/\/footdavant.fr\/actualites\/?s={search_term_string}\"},\"query-input\":\"required name=search_term_string\"}],\"inLanguage\":\"fr-FR\"},{\"@type\":\"Organization\",\"@id\":\"https:\/\/footdavant.fr\/actualites\/#organization\",\"name\":\"Foot d'avant\",\"url\":\"https:\/\/footdavant.fr\/actualites\/\",\"logo\":{\"@type\":\"ImageObject\",\"inLanguage\":\"fr-FR\",\"@id\":\"https:\/\/footdavant.fr\/actualites\/#\/schema\/logo\/image\/\",\"url\":\"https:\/\/footdavant.fr\/actualites\/wp-content\/uploads\/2023\/09\/Copy-of-FootDavant-Logo.png\",\"contentUrl\":\"https:\/\/footdavant.fr\/actualites\/wp-content\/uploads\/2023\/09\/Copy-of-FootDavant-Logo.png\",\"width\":936,\"height\":549,\"caption\":\"Foot d'avant\"},\"image\":{\"@id\":\"https:\/\/footdavant.fr\/actualites\/#\/schema\/logo\/image\/\"},\"sameAs\":[\"https:\/\/www.facebook.com\/Footdavant\/\",\"https:\/\/twitter.com\/FootdavantFr\",\"https:\/\/www.instagram.com\/footdavant.fr\/\"]},{\"@type\":\"Person\",\"@id\":\"https:\/\/footdavant.fr\/actualites\/#\/schema\/person\/bc222566d95871b37e597b3ed3ba5e1d\",\"name\":\"Cl\u00e9ment\",\"image\":{\"@type\":\"ImageObject\",\"inLanguage\":\"fr-FR\",\"@id\":\"https:\/\/footdavant.fr\/actualites\/#\/schema\/person\/image\/\",\"url\":\"https:\/\/secure.gravatar.com\/avatar\/7728b29aac2719421e1a9159b2254c44?s=96&d=mm&r=g\",\"contentUrl\":\"https:\/\/secure.gravatar.com\/avatar\/7728b29aac2719421e1a9159b2254c44?s=96&d=mm&r=g\",\"caption\":\"Cl\u00e9ment\"},\"sameAs\":[\"https:\/\/footdavant.fr\/\"]}]}<\/script>\n<!-- \/ Yoast SEO plugin. -->","yoast_head_json":{"title":"Profondeur, flexibilit\u00e9 et quoi faire avec Nwaneri","robots":{"index":"index","follow":"follow","max-snippet":"max-snippet:-1","max-image-preview":"max-image-preview:large","max-video-preview":"max-video-preview:-1"},"canonical":"https:\/\/footdavant.fr\/actualites\/profondeur-flexibilite-et-quoi-faire-avec-nwaneri\/","og_locale":"fr_FR","og_type":"article","og_title":"Profondeur, flexibilit\u00e9 et quoi faire avec Nwaneri","og_description":"Bonjour et joyeux vendredi 13 \u00e0 tous! J&#39;esp\u00e8re qu&#39;il n&#39;y a rien de effrayant au coin de la rue. Je pensais commencer par la performance","og_url":"https:\/\/footdavant.fr\/actualites\/profondeur-flexibilite-et-quoi-faire-avec-nwaneri\/","og_site_name":"Foot d&#039;avant","article_publisher":"https:\/\/www.facebook.com\/Footdavant\/","article_published_time":"2025-06-13T19:48:06+00:00","article_modified_time":"2025-06-13T19:48:08+00:00","og_image":[{"width":1500,"height":750,"url":"https:\/\/footdavant.fr\/actualites\/wp-content\/uploads\/2025\/06\/Profondeur-flexibilite-et-quoi-faire-avec-Nwaneri.jpg","type":"image\/jpeg"}],"author":"Cl\u00e9ment","twitter_card":"summary_large_image","twitter_creator":"@FootdavantFr","twitter_site":"@FootdavantFr","twitter_misc":{"\u00c9crit par":"Cl\u00e9ment","Dur\u00e9e de lecture estim\u00e9e":"6 minutes"},"schema":{"@context":"https:\/\/schema.org","@graph":[{"@type":"Article","@id":"https:\/\/footdavant.fr\/actualites\/profondeur-flexibilite-et-quoi-faire-avec-nwaneri\/#article","isPartOf":{"@id":"https:\/\/footdavant.fr\/actualites\/profondeur-flexibilite-et-quoi-faire-avec-nwaneri\/"},"author":{"name":"Cl\u00e9ment","@id":"https:\/\/footdavant.fr\/actualites\/#\/schema\/person\/bc222566d95871b37e597b3ed3ba5e1d"},"headline":"Profondeur, flexibilit\u00e9 et quoi faire avec Nwaneri","datePublished":"2025-06-13T19:48:06+00:00","dateModified":"2025-06-13T19:48:08+00:00","mainEntityOfPage":{"@id":"https:\/\/footdavant.fr\/actualites\/profondeur-flexibilite-et-quoi-faire-avec-nwaneri\/"},"wordCount":1243,"publisher":{"@id":"https:\/\/footdavant.fr\/actualites\/#organization"},"keywords":["avec","faire","flexibilit\u00e9","Nwaneri","profondeur","quoi"],"articleSection":["Football"],"inLanguage":"fr-FR"},{"@type":"WebPage","@id":"https:\/\/footdavant.fr\/actualites\/profondeur-flexibilite-et-quoi-faire-avec-nwaneri\/","url":"https:\/\/footdavant.fr\/actualites\/profondeur-flexibilite-et-quoi-faire-avec-nwaneri\/","name":"Profondeur, flexibilit\u00e9 et quoi faire avec Nwaneri","isPartOf":{"@id":"https:\/\/footdavant.fr\/actualites\/#website"},"datePublished":"2025-06-13T19:48:06+00:00","dateModified":"2025-06-13T19:48:08+00:00","breadcrumb":{"@id":"https:\/\/footdavant.fr\/actualites\/profondeur-flexibilite-et-quoi-faire-avec-nwaneri\/#breadcrumb"},"inLanguage":"fr-FR","potentialAction":[{"@type":"ReadAction","target":["https:\/\/footdavant.fr\/actualites\/profondeur-flexibilite-et-quoi-faire-avec-nwaneri\/"]}]},{"@type":"BreadcrumbList","@id":"https:\/\/footdavant.fr\/actualites\/profondeur-flexibilite-et-quoi-faire-avec-nwaneri\/#breadcrumb","itemListElement":[{"@type":"ListItem","position":1,"name":"Accueil","item":"https:\/\/footdavant.fr\/actualites\/"},{"@type":"ListItem","position":2,"name":"Profondeur, flexibilit\u00e9 et quoi faire avec Nwaneri"}]},{"@type":"WebSite","@id":"https:\/\/footdavant.fr\/actualites\/#website","url":"https:\/\/footdavant.fr\/actualites\/","name":"Foot d'avant","description":"","publisher":{"@id":"https:\/\/footdavant.fr\/actualites\/#organization"},"potentialAction":[{"@type":"SearchAction","target":{"@type":"EntryPoint","urlTemplate":"https:\/\/footdavant.fr\/actualites\/?s={search_term_string}"},"query-input":"required name=search_term_string"}],"inLanguage":"fr-FR"},{"@type":"Organization","@id":"https:\/\/footdavant.fr\/actualites\/#organization","name":"Foot d'avant","url":"https:\/\/footdavant.fr\/actualites\/","logo":{"@type":"ImageObject","inLanguage":"fr-FR","@id":"https:\/\/footdavant.fr\/actualites\/#\/schema\/logo\/image\/","url":"https:\/\/footdavant.fr\/actualites\/wp-content\/uploads\/2023\/09\/Copy-of-FootDavant-Logo.png","contentUrl":"https:\/\/footdavant.fr\/actualites\/wp-content\/uploads\/2023\/09\/Copy-of-FootDavant-Logo.png","width":936,"height":549,"caption":"Foot d'avant"},"image":{"@id":"https:\/\/footdavant.fr\/actualites\/#\/schema\/logo\/image\/"},"sameAs":["https:\/\/www.facebook.com\/Footdavant\/","https:\/\/twitter.com\/FootdavantFr","https:\/\/www.instagram.com\/footdavant.fr\/"]},{"@type":"Person","@id":"https:\/\/footdavant.fr\/actualites\/#\/schema\/person\/bc222566d95871b37e597b3ed3ba5e1d","name":"Cl\u00e9ment","image":{"@type":"ImageObject","inLanguage":"fr-FR","@id":"https:\/\/footdavant.fr\/actualites\/#\/schema\/person\/image\/","url":"https:\/\/secure.gravatar.com\/avatar\/7728b29aac2719421e1a9159b2254c44?s=96&d=mm&r=g","contentUrl":"https:\/\/secure.gravatar.com\/avatar\/7728b29aac2719421e1a9159b2254c44?s=96&d=mm&r=g","caption":"Cl\u00e9ment"},"sameAs":["https:\/\/footdavant.fr\/"]}]}},"_links":{"self":[{"href":"https:\/\/footdavant.fr\/actualites\/wp-json\/wp\/v2\/posts\/25032"}],"collection":[{"href":"https:\/\/footdavant.fr\/actualites\/wp-json\/wp\/v2\/posts"}],"about":[{"href":"https:\/\/footdavant.fr\/actualites\/wp-json\/wp\/v2\/types\/post"}],"author":[{"embeddable":true,"href":"https:\/\/footdavant.fr\/actualites\/wp-json\/wp\/v2\/users\/1"}],"replies":[{"embeddable":true,"href":"https:\/\/footdavant.fr\/actualites\/wp-json\/wp\/v2\/comments?post=25032"}],"version-history":[{"count":1,"href":"https:\/\/footdavant.fr\/actualites\/wp-json\/wp\/v2\/posts\/25032\/revisions"}],"predecessor-version":[{"id":25034,"href":"https:\/\/footdavant.fr\/actualites\/wp-json\/wp\/v2\/posts\/25032\/revisions\/25034"}],"wp:featuredmedia":[{"embeddable":true,"href":"https:\/\/footdavant.fr\/actualites\/wp-json\/wp\/v2\/media\/25033"}],"wp:attachment":[{"href":"https:\/\/footdavant.fr\/actualites\/wp-json\/wp\/v2\/media?parent=25032"}],"wp:term":[{"taxonomy":"category","embeddable":true,"href":"https:\/\/footdavant.fr\/actualites\/wp-json\/wp\/v2\/categories?post=25032"},{"taxonomy":"post_tag","embeddable":true,"href":"https:\/\/footdavant.fr\/actualites\/wp-json\/wp\/v2\/tags?post=25032"}],"curies":[{"name":"wp","href":"https:\/\/api.w.org\/{rel}","templated":true}]}}