{"id":25035,"date":"2025-06-13T23:48:03","date_gmt":"2025-06-13T21:48:03","guid":{"rendered":"https:\/\/footdavant.fr\/actualites\/man-united-transfer-news-antony-dernier-revele-apres-le-spectaculaire-pret-spectaculaire-de-lattaquant-chez-real-betis\/"},"modified":"2025-06-13T23:48:06","modified_gmt":"2025-06-13T21:48:06","slug":"man-united-transfer-news-antony-dernier-revele-apres-le-spectaculaire-pret-spectaculaire-de-lattaquant-chez-real-betis","status":"publish","type":"post","link":"https:\/\/footdavant.fr\/actualites\/man-united-transfer-news-antony-dernier-revele-apres-le-spectaculaire-pret-spectaculaire-de-lattaquant-chez-real-betis\/","title":{"rendered":"Man United Transfer News: Antony Dernier r\u00e9v\u00e9l\u00e9 apr\u00e8s le spectaculaire pr\u00eat spectaculaire de l&#39;attaquant chez Real Betis"},"content":{"rendered":"<p>Le PDG du Real Betis, Ramon Alarcon, a d\u00e9clar\u00e9 que son club \u00ab\u00a0travaille\u00a0\u00bb sur la signature d&#39;Antony apr\u00e8s le sort de pr\u00eat r\u00e9ussi de l&#39;attaquant de Manchester United.<\/p>\n<div id=\"article_body\" itemprop=\"articleBody\">\n<h3 class=\"firstPara\"><\/h3>\n<p><strong class=\"autotag\">Real Betis<\/strong> Le PDG Ramon Alarcon a r\u00e9v\u00e9l\u00e9 que son club \u00ab\u00a0travaille\u00a0\u00bb sur la signature <strong class=\"autotag\">Arros\u00e9<\/strong> suivant le <strong class=\"autotag\">Manchester United<\/strong> Sort de pr\u00eat r\u00e9ussi de l&#39;attaquant.<\/p>\n<p>Antony a excell\u00e9 \u00e0 Real Betis dans la seconde moiti\u00e9 de la campagne 2024-25, marquant neuf buts et enregistrant cinq passes d\u00e9cisives en 26 apparitions toutes comp\u00e9titions.<\/p>\n<p>Le joueur de 25 ans a jou\u00e9 son r\u00f4le en aidant l&#39;\u00e9quipe de Manuel Pellegrini \u00e0 atteindre la finale de la ligue de conf\u00e9rence, alors qu&#39;il a \u00e9galement contribu\u00e9 \u00e0 ce qui s&#39;est av\u00e9r\u00e9 \u00eatre une sixi\u00e8me place dans le haut vol d&#39;Espagne.<\/p>\n<p>Dans l&#39;\u00e9tat actuel des choses, Antony reviendra \u00e0 Man United pour la pr\u00e9-saison le mois prochain, mais les Red Devils esp\u00e8rent le vendre pendant la fen\u00eatre de transfert de cet \u00e9t\u00e9.<\/p>\n<p>Selon Alarcon, le vrai Betis \u00ab\u00a0va peu \u00e0 peu\u00a0\u00bb, le club a soumissionner pour re-signer le Sud-Am\u00e9rique.<\/p>\n<p>\u00ab\u00a0Travailler, travailler &#8230; c&#39;est encore tr\u00e8s t\u00f4t. Nous allons petit \u00e0 petit, car il y a encore beaucoup d&#39;espace de march\u00e9 \u00e0 remplir. C&#39;est tr\u00e8s long, et cela n&#39;a m\u00eame pas vraiment commenc\u00e9\u00a0\u00bb, a d\u00e9clar\u00e9 Alarcon <em>Estadio Deportivo<\/em>.<\/p>\n<p class=\"imgI\">\n<h2>Le vrai betis \u00ab\u00a0travaillant\u00a0\u00bb pour re-signe Antony de Man United<\/h2>\n<p>Antony n&#39;a r\u00e9ussi que 12 buts et cinq passes d\u00e9cisives en 96 apparitions pour Man United, l&#39;attaquant a du mal \u00e0 faire sa marque apr\u00e8s son arriv\u00e9e de l&#39;Ajax.<\/p>\n<p>L&#39;attaquant a toujours parl\u00e9 de son bonheur \u00e0 Real Betis dans la seconde moiti\u00e9 de la saison derni\u00e8re et a d\u00e9clar\u00e9 \u00e0 plusieurs reprises qu&#39;il \u00e9tait plus heureux de la vie en Espagne.<\/p>\n<p>Cependant, il reste \u00e0 voir si la vraie Betis peut signer Antony sur une base permanente en raison des chiffres impliqu\u00e9s, car son excellente forme a plac\u00e9 Man United dans une position plus forte.<\/p>\n<p>Un autre accord sur le pr\u00eat est consid\u00e9r\u00e9 comme une possibilit\u00e9, mais <strong class=\"autotag\">Bayer Leverkusen<\/strong>, <strong class=\"autotag\">Atletico Madrid<\/strong> et <strong class=\"autotag\">Juventus<\/strong> sont \u00e9galement cens\u00e9s garder un \u0153il attentif sur la situation.<\/p>\n<p>Man United doit vendre Antony pour 32,5 millions de livres sterling pour s&#39;assurer qu&#39;une perte n&#39;est pas enregistr\u00e9e sur son d\u00e9m\u00e9nagement de l&#39;Ajax, et il est entendu que le club a fix\u00e9 ce chiffre comme le prix demand\u00e9.<\/p>\n<p class=\"imgI\"><img decoding=\"async\" alt=\"Alejandro Garnacho de Manchester United le 21 mai 2025\" class=\"vanilla-lazyload article-image\" src=\"https:\/\/footdavant.fr\/actualites\/wp-content\/uploads\/2025\/06\/1749563316_46_Bryan-MBEUMO-veut-un-contrat-quintuple-your-mony-a-Man-United-avant.jpg\"><\/p>\n<h2>Quels autres assaillants pourraient quitter Man United cet \u00e9t\u00e9?<\/h2>\n<p>Man United devrait r\u00e9viser leur attaque cet \u00e9t\u00e9, et un accord pour Wolverhampton Wanderers en avant <strong class=\"autotag\">Matheus cunha<\/strong> \u00e9tait <strong>Confirm\u00e9 jeudi apr\u00e8s-midi<\/strong>.<\/p>\n<p><strong class=\"autotag\">Brentford<\/strong>&#39;s <strong class=\"autotag\">Bryan Mbeumo<\/strong>, <strong class=\"autotag\">Lisbonne sportive<\/strong>&#39;s <strong class=\"autotag\">Viktor Gyokerres<\/strong> et <strong class=\"autotag\">Eintracht Francfort<\/strong>&#39;s <strong class=\"autotag\">Hugo Ekitike<\/strong> sont \u00e9galement consid\u00e9r\u00e9s comme des cibles potentielles pour les Red Devils cet \u00e9t\u00e9.<\/p>\n<p><strong class=\"autotag\">Marcus Rashford<\/strong> et <strong class=\"autotag\">Jadon Sancho<\/strong> sont pr\u00eats \u00e0 suivre Antony de la porte de sortie cet \u00e9t\u00e9, tandis que <strong class=\"autotag\">Alejandro Garnacho<\/strong> est \u00e9galement pr\u00eat \u00e0 partir.<\/p>\n<p>Garnacho a \u00e9t\u00e9 impliqu\u00e9 dans la tourn\u00e9e d&#39;apr\u00e8s-saison de Man United, mais aurait \u00e9t\u00e9 invit\u00e9 \u00e0 trouver une nouvelle \u00e9quipe, avec autant que <strong>Cinq clubs qui se battaient pour sa signature<\/strong>.<\/p>\n<p>Les Red Devils souhaiteraient dans la r\u00e9gion de 70 millions de livres sterling pour Garnacho, qui a marqu\u00e9 26 buts et enregistr\u00e9 22 passes d\u00e9cisives en 144 apparitions pour le club dans toutes les comp\u00e9titions.<\/p>\n<div class=\"author_box\">\n<div class=\"author_box_banner\"> <img decoding=\"async\" class=\"author_img\" src=\"https:\/\/footdavant.fr\/actualites\/wp-content\/uploads\/2025\/06\/1749851283_714_Man-United-Transfer-News-Antony-Dernier-revele-apres-le-spectaculaire.jpg\"><\/div>\n<\/div>\n<\/div>\n","protected":false},"excerpt":{"rendered":"<p>Le PDG du Real Betis, Ramon Alarcon, a d\u00e9clar\u00e9 que son club \u00ab\u00a0travaille\u00a0\u00bb sur la signature d&#39;Antony apr\u00e8s le sort de pr\u00eat r\u00e9ussi de l&#39;attaquant<\/p>\n","protected":false},"author":1,"featured_media":25036,"comment_status":"closed","ping_status":"","sticky":false,"template":"","format":"standard","meta":{"footnotes":""},"categories":[5],"tags":[753,25,5131,3712,2317,4304,24,409,165,302,415,4511,2732,13],"yoast_head":"<!-- This site is optimized with the Yoast SEO plugin v21.0 - https:\/\/yoast.com\/wordpress\/plugins\/seo\/ -->\n<title>Man United Transfer News: Antony Dernier r\u00e9v\u00e9l\u00e9 apr\u00e8s le spectaculaire pr\u00eat spectaculaire de l&#039;attaquant chez Real Betis<\/title>\n<meta name=\"robots\" content=\"index, follow, max-snippet:-1, max-image-preview:large, max-video-preview:-1\" \/>\n<link rel=\"canonical\" href=\"https:\/\/footdavant.fr\/actualites\/man-united-transfer-news-antony-dernier-revele-apres-le-spectaculaire-pret-spectaculaire-de-lattaquant-chez-real-betis\/\" \/>\n<meta property=\"og:locale\" content=\"fr_FR\" \/>\n<meta property=\"og:type\" content=\"article\" \/>\n<meta property=\"og:title\" content=\"Man United Transfer News: Antony Dernier r\u00e9v\u00e9l\u00e9 apr\u00e8s le spectaculaire pr\u00eat spectaculaire de l&#039;attaquant chez Real Betis\" \/>\n<meta property=\"og:description\" content=\"Le PDG du Real Betis, Ramon Alarcon, a d\u00e9clar\u00e9 que son club \u00ab\u00a0travaille\u00a0\u00bb sur la signature d&#039;Antony apr\u00e8s le sort de pr\u00eat r\u00e9ussi de l&#039;attaquant\" \/>\n<meta property=\"og:url\" content=\"https:\/\/footdavant.fr\/actualites\/man-united-transfer-news-antony-dernier-revele-apres-le-spectaculaire-pret-spectaculaire-de-lattaquant-chez-real-betis\/\" \/>\n<meta property=\"og:site_name\" content=\"Foot d&#039;avant\" \/>\n<meta property=\"article:publisher\" content=\"https:\/\/www.facebook.com\/Footdavant\/\" \/>\n<meta property=\"article:published_time\" content=\"2025-06-13T21:48:03+00:00\" \/>\n<meta property=\"article:modified_time\" content=\"2025-06-13T21:48:06+00:00\" \/>\n<meta property=\"og:image\" content=\"https:\/\/footdavant.fr\/actualites\/wp-content\/uploads\/2025\/06\/1749851284_Man-United-Transfer-News-Antony-Dernier-revele-apres-le-spectaculaire.jpg\" \/>\n\t<meta property=\"og:image:width\" content=\"1281\" \/>\n\t<meta property=\"og:image:height\" content=\"960\" \/>\n\t<meta property=\"og:image:type\" content=\"image\/jpeg\" \/>\n<meta name=\"author\" content=\"Cl\u00e9ment\" \/>\n<meta name=\"twitter:card\" content=\"summary_large_image\" \/>\n<meta name=\"twitter:creator\" content=\"@FootdavantFr\" \/>\n<meta name=\"twitter:site\" content=\"@FootdavantFr\" \/>\n<meta name=\"twitter:label1\" content=\"\u00c9crit par\" \/>\n\t<meta name=\"twitter:data1\" content=\"Cl\u00e9ment\" \/>\n\t<meta name=\"twitter:label2\" content=\"Dur\u00e9e de lecture estim\u00e9e\" \/>\n\t<meta name=\"twitter:data2\" content=\"3 minutes\" \/>\n<script type=\"application\/ld+json\" class=\"yoast-schema-graph\">{\"@context\":\"https:\/\/schema.org\",\"@graph\":[{\"@type\":\"Article\",\"@id\":\"https:\/\/footdavant.fr\/actualites\/man-united-transfer-news-antony-dernier-revele-apres-le-spectaculaire-pret-spectaculaire-de-lattaquant-chez-real-betis\/#article\",\"isPartOf\":{\"@id\":\"https:\/\/footdavant.fr\/actualites\/man-united-transfer-news-antony-dernier-revele-apres-le-spectaculaire-pret-spectaculaire-de-lattaquant-chez-real-betis\/\"},\"author\":{\"name\":\"Cl\u00e9ment\",\"@id\":\"https:\/\/footdavant.fr\/actualites\/#\/schema\/person\/bc222566d95871b37e597b3ed3ba5e1d\"},\"headline\":\"Man United Transfer News: Antony Dernier r\u00e9v\u00e9l\u00e9 apr\u00e8s le spectaculaire pr\u00eat spectaculaire de l&#39;attaquant chez Real Betis\",\"datePublished\":\"2025-06-13T21:48:03+00:00\",\"dateModified\":\"2025-06-13T21:48:06+00:00\",\"mainEntityOfPage\":{\"@id\":\"https:\/\/footdavant.fr\/actualites\/man-united-transfer-news-antony-dernier-revele-apres-le-spectaculaire-pret-spectaculaire-de-lattaquant-chez-real-betis\/\"},\"wordCount\":600,\"publisher\":{\"@id\":\"https:\/\/footdavant.fr\/actualites\/#organization\"},\"keywords\":[\"Antony\",\"apr\u00e8s\",\"Betis\",\"chez\",\"dernier\",\"l39attaquant\",\"Man\",\"News\",\"pr\u00eat\",\"Real\",\"r\u00e9v\u00e8le\",\"spectaculaire\",\"Transfer\",\"United\"],\"articleSection\":[\"Premier League\"],\"inLanguage\":\"fr-FR\"},{\"@type\":\"WebPage\",\"@id\":\"https:\/\/footdavant.fr\/actualites\/man-united-transfer-news-antony-dernier-revele-apres-le-spectaculaire-pret-spectaculaire-de-lattaquant-chez-real-betis\/\",\"url\":\"https:\/\/footdavant.fr\/actualites\/man-united-transfer-news-antony-dernier-revele-apres-le-spectaculaire-pret-spectaculaire-de-lattaquant-chez-real-betis\/\",\"name\":\"Man United Transfer News: Antony Dernier r\u00e9v\u00e9l\u00e9 apr\u00e8s le spectaculaire pr\u00eat spectaculaire de l&#39;attaquant chez Real Betis\",\"isPartOf\":{\"@id\":\"https:\/\/footdavant.fr\/actualites\/#website\"},\"datePublished\":\"2025-06-13T21:48:03+00:00\",\"dateModified\":\"2025-06-13T21:48:06+00:00\",\"breadcrumb\":{\"@id\":\"https:\/\/footdavant.fr\/actualites\/man-united-transfer-news-antony-dernier-revele-apres-le-spectaculaire-pret-spectaculaire-de-lattaquant-chez-real-betis\/#breadcrumb\"},\"inLanguage\":\"fr-FR\",\"potentialAction\":[{\"@type\":\"ReadAction\",\"target\":[\"https:\/\/footdavant.fr\/actualites\/man-united-transfer-news-antony-dernier-revele-apres-le-spectaculaire-pret-spectaculaire-de-lattaquant-chez-real-betis\/\"]}]},{\"@type\":\"BreadcrumbList\",\"@id\":\"https:\/\/footdavant.fr\/actualites\/man-united-transfer-news-antony-dernier-revele-apres-le-spectaculaire-pret-spectaculaire-de-lattaquant-chez-real-betis\/#breadcrumb\",\"itemListElement\":[{\"@type\":\"ListItem\",\"position\":1,\"name\":\"Accueil\",\"item\":\"https:\/\/footdavant.fr\/actualites\/\"},{\"@type\":\"ListItem\",\"position\":2,\"name\":\"Man United Transfer News: Antony Dernier r\u00e9v\u00e9l\u00e9 apr\u00e8s le spectaculaire pr\u00eat spectaculaire de l&#39;attaquant chez Real Betis\"}]},{\"@type\":\"WebSite\",\"@id\":\"https:\/\/footdavant.fr\/actualites\/#website\",\"url\":\"https:\/\/footdavant.fr\/actualites\/\",\"name\":\"Foot d'avant\",\"description\":\"\",\"publisher\":{\"@id\":\"https:\/\/footdavant.fr\/actualites\/#organization\"},\"potentialAction\":[{\"@type\":\"SearchAction\",\"target\":{\"@type\":\"EntryPoint\",\"urlTemplate\":\"https:\/\/footdavant.fr\/actualites\/?s={search_term_string}\"},\"query-input\":\"required name=search_term_string\"}],\"inLanguage\":\"fr-FR\"},{\"@type\":\"Organization\",\"@id\":\"https:\/\/footdavant.fr\/actualites\/#organization\",\"name\":\"Foot d'avant\",\"url\":\"https:\/\/footdavant.fr\/actualites\/\",\"logo\":{\"@type\":\"ImageObject\",\"inLanguage\":\"fr-FR\",\"@id\":\"https:\/\/footdavant.fr\/actualites\/#\/schema\/logo\/image\/\",\"url\":\"https:\/\/footdavant.fr\/actualites\/wp-content\/uploads\/2023\/09\/Copy-of-FootDavant-Logo.png\",\"contentUrl\":\"https:\/\/footdavant.fr\/actualites\/wp-content\/uploads\/2023\/09\/Copy-of-FootDavant-Logo.png\",\"width\":936,\"height\":549,\"caption\":\"Foot d'avant\"},\"image\":{\"@id\":\"https:\/\/footdavant.fr\/actualites\/#\/schema\/logo\/image\/\"},\"sameAs\":[\"https:\/\/www.facebook.com\/Footdavant\/\",\"https:\/\/twitter.com\/FootdavantFr\",\"https:\/\/www.instagram.com\/footdavant.fr\/\"]},{\"@type\":\"Person\",\"@id\":\"https:\/\/footdavant.fr\/actualites\/#\/schema\/person\/bc222566d95871b37e597b3ed3ba5e1d\",\"name\":\"Cl\u00e9ment\",\"image\":{\"@type\":\"ImageObject\",\"inLanguage\":\"fr-FR\",\"@id\":\"https:\/\/footdavant.fr\/actualites\/#\/schema\/person\/image\/\",\"url\":\"https:\/\/secure.gravatar.com\/avatar\/7728b29aac2719421e1a9159b2254c44?s=96&d=mm&r=g\",\"contentUrl\":\"https:\/\/secure.gravatar.com\/avatar\/7728b29aac2719421e1a9159b2254c44?s=96&d=mm&r=g\",\"caption\":\"Cl\u00e9ment\"},\"sameAs\":[\"https:\/\/footdavant.fr\/\"]}]}<\/script>\n<!-- \/ Yoast SEO plugin. -->","yoast_head_json":{"title":"Man United Transfer News: Antony Dernier r\u00e9v\u00e9l\u00e9 apr\u00e8s le spectaculaire pr\u00eat spectaculaire de l&#39;attaquant chez Real Betis","robots":{"index":"index","follow":"follow","max-snippet":"max-snippet:-1","max-image-preview":"max-image-preview:large","max-video-preview":"max-video-preview:-1"},"canonical":"https:\/\/footdavant.fr\/actualites\/man-united-transfer-news-antony-dernier-revele-apres-le-spectaculaire-pret-spectaculaire-de-lattaquant-chez-real-betis\/","og_locale":"fr_FR","og_type":"article","og_title":"Man United Transfer News: Antony Dernier r\u00e9v\u00e9l\u00e9 apr\u00e8s le spectaculaire pr\u00eat spectaculaire de l&#39;attaquant chez Real Betis","og_description":"Le PDG du Real Betis, Ramon Alarcon, a d\u00e9clar\u00e9 que son club \u00ab\u00a0travaille\u00a0\u00bb sur la signature d&#39;Antony apr\u00e8s le sort de pr\u00eat r\u00e9ussi de l&#39;attaquant","og_url":"https:\/\/footdavant.fr\/actualites\/man-united-transfer-news-antony-dernier-revele-apres-le-spectaculaire-pret-spectaculaire-de-lattaquant-chez-real-betis\/","og_site_name":"Foot d&#039;avant","article_publisher":"https:\/\/www.facebook.com\/Footdavant\/","article_published_time":"2025-06-13T21:48:03+00:00","article_modified_time":"2025-06-13T21:48:06+00:00","og_image":[{"width":1281,"height":960,"url":"https:\/\/footdavant.fr\/actualites\/wp-content\/uploads\/2025\/06\/1749851284_Man-United-Transfer-News-Antony-Dernier-revele-apres-le-spectaculaire.jpg","type":"image\/jpeg"}],"author":"Cl\u00e9ment","twitter_card":"summary_large_image","twitter_creator":"@FootdavantFr","twitter_site":"@FootdavantFr","twitter_misc":{"\u00c9crit par":"Cl\u00e9ment","Dur\u00e9e de lecture estim\u00e9e":"3 minutes"},"schema":{"@context":"https:\/\/schema.org","@graph":[{"@type":"Article","@id":"https:\/\/footdavant.fr\/actualites\/man-united-transfer-news-antony-dernier-revele-apres-le-spectaculaire-pret-spectaculaire-de-lattaquant-chez-real-betis\/#article","isPartOf":{"@id":"https:\/\/footdavant.fr\/actualites\/man-united-transfer-news-antony-dernier-revele-apres-le-spectaculaire-pret-spectaculaire-de-lattaquant-chez-real-betis\/"},"author":{"name":"Cl\u00e9ment","@id":"https:\/\/footdavant.fr\/actualites\/#\/schema\/person\/bc222566d95871b37e597b3ed3ba5e1d"},"headline":"Man United Transfer News: Antony Dernier r\u00e9v\u00e9l\u00e9 apr\u00e8s le spectaculaire pr\u00eat spectaculaire de l&#39;attaquant chez Real Betis","datePublished":"2025-06-13T21:48:03+00:00","dateModified":"2025-06-13T21:48:06+00:00","mainEntityOfPage":{"@id":"https:\/\/footdavant.fr\/actualites\/man-united-transfer-news-antony-dernier-revele-apres-le-spectaculaire-pret-spectaculaire-de-lattaquant-chez-real-betis\/"},"wordCount":600,"publisher":{"@id":"https:\/\/footdavant.fr\/actualites\/#organization"},"keywords":["Antony","apr\u00e8s","Betis","chez","dernier","l39attaquant","Man","News","pr\u00eat","Real","r\u00e9v\u00e8le","spectaculaire","Transfer","United"],"articleSection":["Premier League"],"inLanguage":"fr-FR"},{"@type":"WebPage","@id":"https:\/\/footdavant.fr\/actualites\/man-united-transfer-news-antony-dernier-revele-apres-le-spectaculaire-pret-spectaculaire-de-lattaquant-chez-real-betis\/","url":"https:\/\/footdavant.fr\/actualites\/man-united-transfer-news-antony-dernier-revele-apres-le-spectaculaire-pret-spectaculaire-de-lattaquant-chez-real-betis\/","name":"Man United Transfer News: Antony Dernier r\u00e9v\u00e9l\u00e9 apr\u00e8s le spectaculaire pr\u00eat spectaculaire de l&#39;attaquant chez Real Betis","isPartOf":{"@id":"https:\/\/footdavant.fr\/actualites\/#website"},"datePublished":"2025-06-13T21:48:03+00:00","dateModified":"2025-06-13T21:48:06+00:00","breadcrumb":{"@id":"https:\/\/footdavant.fr\/actualites\/man-united-transfer-news-antony-dernier-revele-apres-le-spectaculaire-pret-spectaculaire-de-lattaquant-chez-real-betis\/#breadcrumb"},"inLanguage":"fr-FR","potentialAction":[{"@type":"ReadAction","target":["https:\/\/footdavant.fr\/actualites\/man-united-transfer-news-antony-dernier-revele-apres-le-spectaculaire-pret-spectaculaire-de-lattaquant-chez-real-betis\/"]}]},{"@type":"BreadcrumbList","@id":"https:\/\/footdavant.fr\/actualites\/man-united-transfer-news-antony-dernier-revele-apres-le-spectaculaire-pret-spectaculaire-de-lattaquant-chez-real-betis\/#breadcrumb","itemListElement":[{"@type":"ListItem","position":1,"name":"Accueil","item":"https:\/\/footdavant.fr\/actualites\/"},{"@type":"ListItem","position":2,"name":"Man United Transfer News: Antony Dernier r\u00e9v\u00e9l\u00e9 apr\u00e8s le spectaculaire pr\u00eat spectaculaire de l&#39;attaquant chez Real Betis"}]},{"@type":"WebSite","@id":"https:\/\/footdavant.fr\/actualites\/#website","url":"https:\/\/footdavant.fr\/actualites\/","name":"Foot d'avant","description":"","publisher":{"@id":"https:\/\/footdavant.fr\/actualites\/#organization"},"potentialAction":[{"@type":"SearchAction","target":{"@type":"EntryPoint","urlTemplate":"https:\/\/footdavant.fr\/actualites\/?s={search_term_string}"},"query-input":"required name=search_term_string"}],"inLanguage":"fr-FR"},{"@type":"Organization","@id":"https:\/\/footdavant.fr\/actualites\/#organization","name":"Foot d'avant","url":"https:\/\/footdavant.fr\/actualites\/","logo":{"@type":"ImageObject","inLanguage":"fr-FR","@id":"https:\/\/footdavant.fr\/actualites\/#\/schema\/logo\/image\/","url":"https:\/\/footdavant.fr\/actualites\/wp-content\/uploads\/2023\/09\/Copy-of-FootDavant-Logo.png","contentUrl":"https:\/\/footdavant.fr\/actualites\/wp-content\/uploads\/2023\/09\/Copy-of-FootDavant-Logo.png","width":936,"height":549,"caption":"Foot d'avant"},"image":{"@id":"https:\/\/footdavant.fr\/actualites\/#\/schema\/logo\/image\/"},"sameAs":["https:\/\/www.facebook.com\/Footdavant\/","https:\/\/twitter.com\/FootdavantFr","https:\/\/www.instagram.com\/footdavant.fr\/"]},{"@type":"Person","@id":"https:\/\/footdavant.fr\/actualites\/#\/schema\/person\/bc222566d95871b37e597b3ed3ba5e1d","name":"Cl\u00e9ment","image":{"@type":"ImageObject","inLanguage":"fr-FR","@id":"https:\/\/footdavant.fr\/actualites\/#\/schema\/person\/image\/","url":"https:\/\/secure.gravatar.com\/avatar\/7728b29aac2719421e1a9159b2254c44?s=96&d=mm&r=g","contentUrl":"https:\/\/secure.gravatar.com\/avatar\/7728b29aac2719421e1a9159b2254c44?s=96&d=mm&r=g","caption":"Cl\u00e9ment"},"sameAs":["https:\/\/footdavant.fr\/"]}]}},"_links":{"self":[{"href":"https:\/\/footdavant.fr\/actualites\/wp-json\/wp\/v2\/posts\/25035"}],"collection":[{"href":"https:\/\/footdavant.fr\/actualites\/wp-json\/wp\/v2\/posts"}],"about":[{"href":"https:\/\/footdavant.fr\/actualites\/wp-json\/wp\/v2\/types\/post"}],"author":[{"embeddable":true,"href":"https:\/\/footdavant.fr\/actualites\/wp-json\/wp\/v2\/users\/1"}],"replies":[{"embeddable":true,"href":"https:\/\/footdavant.fr\/actualites\/wp-json\/wp\/v2\/comments?post=25035"}],"version-history":[{"count":1,"href":"https:\/\/footdavant.fr\/actualites\/wp-json\/wp\/v2\/posts\/25035\/revisions"}],"predecessor-version":[{"id":25037,"href":"https:\/\/footdavant.fr\/actualites\/wp-json\/wp\/v2\/posts\/25035\/revisions\/25037"}],"wp:featuredmedia":[{"embeddable":true,"href":"https:\/\/footdavant.fr\/actualites\/wp-json\/wp\/v2\/media\/25036"}],"wp:attachment":[{"href":"https:\/\/footdavant.fr\/actualites\/wp-json\/wp\/v2\/media?parent=25035"}],"wp:term":[{"taxonomy":"category","embeddable":true,"href":"https:\/\/footdavant.fr\/actualites\/wp-json\/wp\/v2\/categories?post=25035"},{"taxonomy":"post_tag","embeddable":true,"href":"https:\/\/footdavant.fr\/actualites\/wp-json\/wp\/v2\/tags?post=25035"}],"curies":[{"name":"wp","href":"https:\/\/api.w.org\/{rel}","templated":true}]}}