{"id":25038,"date":"2025-06-14T01:48:16","date_gmt":"2025-06-13T23:48:16","guid":{"rendered":"https:\/\/footdavant.fr\/actualites\/position-du-bayern-sur-43-millions-de-livres-sterling-kim-min-jae-ouvre-la-porte-a-liverpool\/"},"modified":"2025-06-14T01:48:21","modified_gmt":"2025-06-13T23:48:21","slug":"position-du-bayern-sur-43-millions-de-livres-sterling-kim-min-jae-ouvre-la-porte-a-liverpool","status":"publish","type":"post","link":"https:\/\/footdavant.fr\/actualites\/position-du-bayern-sur-43-millions-de-livres-sterling-kim-min-jae-ouvre-la-porte-a-liverpool\/","title":{"rendered":"Position du Bayern sur 43 millions de livres sterling Kim Min-jae ouvre la porte \u00e0 Liverpool"},"content":{"rendered":"<div id=\"article-body\">\n<!-- Article Start --><\/p>\n<p>Liverpool pourrait retourner \u00e0 la Bundesliga cet \u00e9t\u00e9, mais seulement si un d\u00e9part cl\u00e9 ouvrira la voie \u00e0 un d\u00e9m\u00e9nagement.<\/p>\n<p>Selon Christian Falk via le briefing quotidien, le Bayern Munich est ouvert \u00e0 la vente de l&#39;international sud-cor\u00e9en Kim Min-jae, avec son avenir et actuellement sur la table.<\/p>\n<p>Les clubs saoudiens sont int\u00e9ress\u00e9s, mais Falk ajoute que nous et Manchester United sont tous les deux <\/p>\n<p>Le joueur de 27 ans a co\u00fbt\u00e9 au Bayern environ 43 millions de livres sterling en 2023 et \u00e9tait auparavant exceptionnel pour Napoli.<\/p>\n<p>Bien qu&#39;il n&#39;ait pas \u00e9t\u00e9 un d\u00e9marreur clou\u00e9 en Allemagne, son pedigree est incontestable et son style physique et agressif conviendrait \u00e0 la Premier League.<\/p>\n<p>Mais tout d\u00e9m\u00e9nagement possible \u00e0 Anfield est susceptible de d\u00e9pendre de ce qui se passe avec nos d\u00e9fenseurs centraux actuels.<\/p>\n<h2>L&#39;avenir de l&#39;arri\u00e8re-centre pourrait d\u00e9clencher un swoop de bundesliga de style Wirtz<\/h2>\n<figure class=\"wp-caption alignnone\"><picture><source type=\"image\/webp\" data- data-><\/source><\/picture><\/figure>\n<p>Jarell Quansah a des admirateurs chez Bayer Leverkusen, tandis que Joe Gomez continue de susciter l&#39;int\u00e9r\u00eat et pourrait chercher un nouveau d\u00e9fi apr\u00e8s avoir relev\u00e9 le titre sous la fente d&#39;Arne.<\/p>\n<p>Pendant ce temps, Ibou Konate est sur le point d&#39;entrer dans les 12 derniers mois de son accord et aurait demand\u00e9 une augmentation de salaire de 40% &#8211; si le club accepte ces conditions reste \u00e0 voir.<\/p>\n<p>Au moins, nous savons que Virgil Van Dijk ne partira pas cet \u00e9t\u00e9 apr\u00e8s avoir commis son avenir aux Reds.<\/p>\n<p>Le fait que le joueur soit apparemment, selon Falk, sugg\u00e8re que toute d\u00e9cision pour Kim soit tr\u00e8s bien en veille jusqu&#39;\u00e0 ce qu&#39;une vue claire du march\u00e9 puisse \u00eatre v\u00e9rifi\u00e9e.<\/p>\n<p>Nous avons d\u00e9j\u00e0 fait une descente dans Bayer Leverkusen pour Jeremie Frimpong et avons finalement convenu de frais de record britannique pour Florian Wirtz &#8211; les deux indicateurs que la Bundesliga reste un terrain fertile pour le recrutement intelligent.<\/p>\n<p>Si Quansah, Gomez Konate Go, qui pourrait ouvrir la porte \u00e0 un autre swoop.<\/p>\n<article class=\"text-token-text-primary w-full\" dir=\"auto\" data-testid=\"conversation-turn-280\" data-scroll-anchor=\"true\">\n<\/article>\n<p><!-- Article End -->\t\t\t\t<\/div>\n","protected":false},"excerpt":{"rendered":"<p>Liverpool pourrait retourner \u00e0 la Bundesliga cet \u00e9t\u00e9, mais seulement si un d\u00e9part cl\u00e9 ouvrira la voie \u00e0 un d\u00e9m\u00e9nagement. Selon Christian Falk via le<\/p>\n","protected":false},"author":1,"featured_media":25039,"comment_status":"closed","ping_status":"","sticky":false,"template":"","format":"standard","meta":{"footnotes":""},"categories":[3],"tags":[340,9551,53,115,114,9552,593,594,2283,116,103],"yoast_head":"<!-- This site is optimized with the Yoast SEO plugin v21.0 - https:\/\/yoast.com\/wordpress\/plugins\/seo\/ -->\n<title>Position du Bayern sur 43 millions de livres sterling Kim Min-jae ouvre la porte \u00e0 Liverpool<\/title>\n<meta name=\"robots\" content=\"index, follow, max-snippet:-1, max-image-preview:large, max-video-preview:-1\" \/>\n<link rel=\"canonical\" href=\"https:\/\/footdavant.fr\/actualites\/position-du-bayern-sur-43-millions-de-livres-sterling-kim-min-jae-ouvre-la-porte-a-liverpool\/\" \/>\n<meta property=\"og:locale\" content=\"fr_FR\" \/>\n<meta property=\"og:type\" content=\"article\" \/>\n<meta property=\"og:title\" content=\"Position du Bayern sur 43 millions de livres sterling Kim Min-jae ouvre la porte \u00e0 Liverpool\" \/>\n<meta property=\"og:description\" content=\"Liverpool pourrait retourner \u00e0 la Bundesliga cet \u00e9t\u00e9, mais seulement si un d\u00e9part cl\u00e9 ouvrira la voie \u00e0 un d\u00e9m\u00e9nagement. Selon Christian Falk via le\" \/>\n<meta property=\"og:url\" content=\"https:\/\/footdavant.fr\/actualites\/position-du-bayern-sur-43-millions-de-livres-sterling-kim-min-jae-ouvre-la-porte-a-liverpool\/\" \/>\n<meta property=\"og:site_name\" content=\"Foot d&#039;avant\" \/>\n<meta property=\"article:publisher\" content=\"https:\/\/www.facebook.com\/Footdavant\/\" \/>\n<meta property=\"article:published_time\" content=\"2025-06-13T23:48:16+00:00\" \/>\n<meta property=\"article:modified_time\" content=\"2025-06-13T23:48:21+00:00\" \/>\n<meta property=\"og:image\" content=\"https:\/\/footdavant.fr\/actualites\/wp-content\/uploads\/2025\/06\/1749858498_Position-du-Bayern-sur-43-millions-de-livres-sterling-Kim.jpg\" \/>\n\t<meta property=\"og:image:width\" content=\"1920\" \/>\n\t<meta property=\"og:image:height\" content=\"960\" \/>\n\t<meta property=\"og:image:type\" content=\"image\/jpeg\" \/>\n<meta name=\"author\" content=\"Cl\u00e9ment\" \/>\n<meta name=\"twitter:card\" content=\"summary_large_image\" \/>\n<meta name=\"twitter:creator\" content=\"@FootdavantFr\" \/>\n<meta name=\"twitter:site\" content=\"@FootdavantFr\" \/>\n<meta name=\"twitter:label1\" content=\"\u00c9crit par\" \/>\n\t<meta name=\"twitter:data1\" content=\"Cl\u00e9ment\" \/>\n\t<meta name=\"twitter:label2\" content=\"Dur\u00e9e de lecture estim\u00e9e\" \/>\n\t<meta name=\"twitter:data2\" content=\"2 minutes\" \/>\n<script type=\"application\/ld+json\" class=\"yoast-schema-graph\">{\"@context\":\"https:\/\/schema.org\",\"@graph\":[{\"@type\":\"Article\",\"@id\":\"https:\/\/footdavant.fr\/actualites\/position-du-bayern-sur-43-millions-de-livres-sterling-kim-min-jae-ouvre-la-porte-a-liverpool\/#article\",\"isPartOf\":{\"@id\":\"https:\/\/footdavant.fr\/actualites\/position-du-bayern-sur-43-millions-de-livres-sterling-kim-min-jae-ouvre-la-porte-a-liverpool\/\"},\"author\":{\"name\":\"Cl\u00e9ment\",\"@id\":\"https:\/\/footdavant.fr\/actualites\/#\/schema\/person\/bc222566d95871b37e597b3ed3ba5e1d\"},\"headline\":\"Position du Bayern sur 43 millions de livres sterling Kim Min-jae ouvre la porte \u00e0 Liverpool\",\"datePublished\":\"2025-06-13T23:48:16+00:00\",\"dateModified\":\"2025-06-13T23:48:21+00:00\",\"mainEntityOfPage\":{\"@id\":\"https:\/\/footdavant.fr\/actualites\/position-du-bayern-sur-43-millions-de-livres-sterling-kim-min-jae-ouvre-la-porte-a-liverpool\/\"},\"wordCount\":352,\"publisher\":{\"@id\":\"https:\/\/footdavant.fr\/actualites\/#organization\"},\"keywords\":[\"Bayern\",\"Kim\",\"Liverpool\",\"livres\",\"millions\",\"Minjae\",\"ouvre\",\"porte\",\"position\",\"sterling\",\"sur\"],\"articleSection\":[\"Football\"],\"inLanguage\":\"fr-FR\"},{\"@type\":\"WebPage\",\"@id\":\"https:\/\/footdavant.fr\/actualites\/position-du-bayern-sur-43-millions-de-livres-sterling-kim-min-jae-ouvre-la-porte-a-liverpool\/\",\"url\":\"https:\/\/footdavant.fr\/actualites\/position-du-bayern-sur-43-millions-de-livres-sterling-kim-min-jae-ouvre-la-porte-a-liverpool\/\",\"name\":\"Position du Bayern sur 43 millions de livres sterling Kim Min-jae ouvre la porte \u00e0 Liverpool\",\"isPartOf\":{\"@id\":\"https:\/\/footdavant.fr\/actualites\/#website\"},\"datePublished\":\"2025-06-13T23:48:16+00:00\",\"dateModified\":\"2025-06-13T23:48:21+00:00\",\"breadcrumb\":{\"@id\":\"https:\/\/footdavant.fr\/actualites\/position-du-bayern-sur-43-millions-de-livres-sterling-kim-min-jae-ouvre-la-porte-a-liverpool\/#breadcrumb\"},\"inLanguage\":\"fr-FR\",\"potentialAction\":[{\"@type\":\"ReadAction\",\"target\":[\"https:\/\/footdavant.fr\/actualites\/position-du-bayern-sur-43-millions-de-livres-sterling-kim-min-jae-ouvre-la-porte-a-liverpool\/\"]}]},{\"@type\":\"BreadcrumbList\",\"@id\":\"https:\/\/footdavant.fr\/actualites\/position-du-bayern-sur-43-millions-de-livres-sterling-kim-min-jae-ouvre-la-porte-a-liverpool\/#breadcrumb\",\"itemListElement\":[{\"@type\":\"ListItem\",\"position\":1,\"name\":\"Accueil\",\"item\":\"https:\/\/footdavant.fr\/actualites\/\"},{\"@type\":\"ListItem\",\"position\":2,\"name\":\"Position du Bayern sur 43 millions de livres sterling Kim Min-jae ouvre la porte \u00e0 Liverpool\"}]},{\"@type\":\"WebSite\",\"@id\":\"https:\/\/footdavant.fr\/actualites\/#website\",\"url\":\"https:\/\/footdavant.fr\/actualites\/\",\"name\":\"Foot d'avant\",\"description\":\"\",\"publisher\":{\"@id\":\"https:\/\/footdavant.fr\/actualites\/#organization\"},\"potentialAction\":[{\"@type\":\"SearchAction\",\"target\":{\"@type\":\"EntryPoint\",\"urlTemplate\":\"https:\/\/footdavant.fr\/actualites\/?s={search_term_string}\"},\"query-input\":\"required name=search_term_string\"}],\"inLanguage\":\"fr-FR\"},{\"@type\":\"Organization\",\"@id\":\"https:\/\/footdavant.fr\/actualites\/#organization\",\"name\":\"Foot d'avant\",\"url\":\"https:\/\/footdavant.fr\/actualites\/\",\"logo\":{\"@type\":\"ImageObject\",\"inLanguage\":\"fr-FR\",\"@id\":\"https:\/\/footdavant.fr\/actualites\/#\/schema\/logo\/image\/\",\"url\":\"https:\/\/footdavant.fr\/actualites\/wp-content\/uploads\/2023\/09\/Copy-of-FootDavant-Logo.png\",\"contentUrl\":\"https:\/\/footdavant.fr\/actualites\/wp-content\/uploads\/2023\/09\/Copy-of-FootDavant-Logo.png\",\"width\":936,\"height\":549,\"caption\":\"Foot d'avant\"},\"image\":{\"@id\":\"https:\/\/footdavant.fr\/actualites\/#\/schema\/logo\/image\/\"},\"sameAs\":[\"https:\/\/www.facebook.com\/Footdavant\/\",\"https:\/\/twitter.com\/FootdavantFr\",\"https:\/\/www.instagram.com\/footdavant.fr\/\"]},{\"@type\":\"Person\",\"@id\":\"https:\/\/footdavant.fr\/actualites\/#\/schema\/person\/bc222566d95871b37e597b3ed3ba5e1d\",\"name\":\"Cl\u00e9ment\",\"image\":{\"@type\":\"ImageObject\",\"inLanguage\":\"fr-FR\",\"@id\":\"https:\/\/footdavant.fr\/actualites\/#\/schema\/person\/image\/\",\"url\":\"https:\/\/secure.gravatar.com\/avatar\/7728b29aac2719421e1a9159b2254c44?s=96&d=mm&r=g\",\"contentUrl\":\"https:\/\/secure.gravatar.com\/avatar\/7728b29aac2719421e1a9159b2254c44?s=96&d=mm&r=g\",\"caption\":\"Cl\u00e9ment\"},\"sameAs\":[\"https:\/\/footdavant.fr\/\"]}]}<\/script>\n<!-- \/ Yoast SEO plugin. -->","yoast_head_json":{"title":"Position du Bayern sur 43 millions de livres sterling Kim Min-jae ouvre la porte \u00e0 Liverpool","robots":{"index":"index","follow":"follow","max-snippet":"max-snippet:-1","max-image-preview":"max-image-preview:large","max-video-preview":"max-video-preview:-1"},"canonical":"https:\/\/footdavant.fr\/actualites\/position-du-bayern-sur-43-millions-de-livres-sterling-kim-min-jae-ouvre-la-porte-a-liverpool\/","og_locale":"fr_FR","og_type":"article","og_title":"Position du Bayern sur 43 millions de livres sterling Kim Min-jae ouvre la porte \u00e0 Liverpool","og_description":"Liverpool pourrait retourner \u00e0 la Bundesliga cet \u00e9t\u00e9, mais seulement si un d\u00e9part cl\u00e9 ouvrira la voie \u00e0 un d\u00e9m\u00e9nagement. Selon Christian Falk via le","og_url":"https:\/\/footdavant.fr\/actualites\/position-du-bayern-sur-43-millions-de-livres-sterling-kim-min-jae-ouvre-la-porte-a-liverpool\/","og_site_name":"Foot d&#039;avant","article_publisher":"https:\/\/www.facebook.com\/Footdavant\/","article_published_time":"2025-06-13T23:48:16+00:00","article_modified_time":"2025-06-13T23:48:21+00:00","og_image":[{"width":1920,"height":960,"url":"https:\/\/footdavant.fr\/actualites\/wp-content\/uploads\/2025\/06\/1749858498_Position-du-Bayern-sur-43-millions-de-livres-sterling-Kim.jpg","type":"image\/jpeg"}],"author":"Cl\u00e9ment","twitter_card":"summary_large_image","twitter_creator":"@FootdavantFr","twitter_site":"@FootdavantFr","twitter_misc":{"\u00c9crit par":"Cl\u00e9ment","Dur\u00e9e de lecture estim\u00e9e":"2 minutes"},"schema":{"@context":"https:\/\/schema.org","@graph":[{"@type":"Article","@id":"https:\/\/footdavant.fr\/actualites\/position-du-bayern-sur-43-millions-de-livres-sterling-kim-min-jae-ouvre-la-porte-a-liverpool\/#article","isPartOf":{"@id":"https:\/\/footdavant.fr\/actualites\/position-du-bayern-sur-43-millions-de-livres-sterling-kim-min-jae-ouvre-la-porte-a-liverpool\/"},"author":{"name":"Cl\u00e9ment","@id":"https:\/\/footdavant.fr\/actualites\/#\/schema\/person\/bc222566d95871b37e597b3ed3ba5e1d"},"headline":"Position du Bayern sur 43 millions de livres sterling Kim Min-jae ouvre la porte \u00e0 Liverpool","datePublished":"2025-06-13T23:48:16+00:00","dateModified":"2025-06-13T23:48:21+00:00","mainEntityOfPage":{"@id":"https:\/\/footdavant.fr\/actualites\/position-du-bayern-sur-43-millions-de-livres-sterling-kim-min-jae-ouvre-la-porte-a-liverpool\/"},"wordCount":352,"publisher":{"@id":"https:\/\/footdavant.fr\/actualites\/#organization"},"keywords":["Bayern","Kim","Liverpool","livres","millions","Minjae","ouvre","porte","position","sterling","sur"],"articleSection":["Football"],"inLanguage":"fr-FR"},{"@type":"WebPage","@id":"https:\/\/footdavant.fr\/actualites\/position-du-bayern-sur-43-millions-de-livres-sterling-kim-min-jae-ouvre-la-porte-a-liverpool\/","url":"https:\/\/footdavant.fr\/actualites\/position-du-bayern-sur-43-millions-de-livres-sterling-kim-min-jae-ouvre-la-porte-a-liverpool\/","name":"Position du Bayern sur 43 millions de livres sterling Kim Min-jae ouvre la porte \u00e0 Liverpool","isPartOf":{"@id":"https:\/\/footdavant.fr\/actualites\/#website"},"datePublished":"2025-06-13T23:48:16+00:00","dateModified":"2025-06-13T23:48:21+00:00","breadcrumb":{"@id":"https:\/\/footdavant.fr\/actualites\/position-du-bayern-sur-43-millions-de-livres-sterling-kim-min-jae-ouvre-la-porte-a-liverpool\/#breadcrumb"},"inLanguage":"fr-FR","potentialAction":[{"@type":"ReadAction","target":["https:\/\/footdavant.fr\/actualites\/position-du-bayern-sur-43-millions-de-livres-sterling-kim-min-jae-ouvre-la-porte-a-liverpool\/"]}]},{"@type":"BreadcrumbList","@id":"https:\/\/footdavant.fr\/actualites\/position-du-bayern-sur-43-millions-de-livres-sterling-kim-min-jae-ouvre-la-porte-a-liverpool\/#breadcrumb","itemListElement":[{"@type":"ListItem","position":1,"name":"Accueil","item":"https:\/\/footdavant.fr\/actualites\/"},{"@type":"ListItem","position":2,"name":"Position du Bayern sur 43 millions de livres sterling Kim Min-jae ouvre la porte \u00e0 Liverpool"}]},{"@type":"WebSite","@id":"https:\/\/footdavant.fr\/actualites\/#website","url":"https:\/\/footdavant.fr\/actualites\/","name":"Foot d'avant","description":"","publisher":{"@id":"https:\/\/footdavant.fr\/actualites\/#organization"},"potentialAction":[{"@type":"SearchAction","target":{"@type":"EntryPoint","urlTemplate":"https:\/\/footdavant.fr\/actualites\/?s={search_term_string}"},"query-input":"required name=search_term_string"}],"inLanguage":"fr-FR"},{"@type":"Organization","@id":"https:\/\/footdavant.fr\/actualites\/#organization","name":"Foot d'avant","url":"https:\/\/footdavant.fr\/actualites\/","logo":{"@type":"ImageObject","inLanguage":"fr-FR","@id":"https:\/\/footdavant.fr\/actualites\/#\/schema\/logo\/image\/","url":"https:\/\/footdavant.fr\/actualites\/wp-content\/uploads\/2023\/09\/Copy-of-FootDavant-Logo.png","contentUrl":"https:\/\/footdavant.fr\/actualites\/wp-content\/uploads\/2023\/09\/Copy-of-FootDavant-Logo.png","width":936,"height":549,"caption":"Foot d'avant"},"image":{"@id":"https:\/\/footdavant.fr\/actualites\/#\/schema\/logo\/image\/"},"sameAs":["https:\/\/www.facebook.com\/Footdavant\/","https:\/\/twitter.com\/FootdavantFr","https:\/\/www.instagram.com\/footdavant.fr\/"]},{"@type":"Person","@id":"https:\/\/footdavant.fr\/actualites\/#\/schema\/person\/bc222566d95871b37e597b3ed3ba5e1d","name":"Cl\u00e9ment","image":{"@type":"ImageObject","inLanguage":"fr-FR","@id":"https:\/\/footdavant.fr\/actualites\/#\/schema\/person\/image\/","url":"https:\/\/secure.gravatar.com\/avatar\/7728b29aac2719421e1a9159b2254c44?s=96&d=mm&r=g","contentUrl":"https:\/\/secure.gravatar.com\/avatar\/7728b29aac2719421e1a9159b2254c44?s=96&d=mm&r=g","caption":"Cl\u00e9ment"},"sameAs":["https:\/\/footdavant.fr\/"]}]}},"_links":{"self":[{"href":"https:\/\/footdavant.fr\/actualites\/wp-json\/wp\/v2\/posts\/25038"}],"collection":[{"href":"https:\/\/footdavant.fr\/actualites\/wp-json\/wp\/v2\/posts"}],"about":[{"href":"https:\/\/footdavant.fr\/actualites\/wp-json\/wp\/v2\/types\/post"}],"author":[{"embeddable":true,"href":"https:\/\/footdavant.fr\/actualites\/wp-json\/wp\/v2\/users\/1"}],"replies":[{"embeddable":true,"href":"https:\/\/footdavant.fr\/actualites\/wp-json\/wp\/v2\/comments?post=25038"}],"version-history":[{"count":1,"href":"https:\/\/footdavant.fr\/actualites\/wp-json\/wp\/v2\/posts\/25038\/revisions"}],"predecessor-version":[{"id":25040,"href":"https:\/\/footdavant.fr\/actualites\/wp-json\/wp\/v2\/posts\/25038\/revisions\/25040"}],"wp:featuredmedia":[{"embeddable":true,"href":"https:\/\/footdavant.fr\/actualites\/wp-json\/wp\/v2\/media\/25039"}],"wp:attachment":[{"href":"https:\/\/footdavant.fr\/actualites\/wp-json\/wp\/v2\/media?parent=25038"}],"wp:term":[{"taxonomy":"category","embeddable":true,"href":"https:\/\/footdavant.fr\/actualites\/wp-json\/wp\/v2\/categories?post=25038"},{"taxonomy":"post_tag","embeddable":true,"href":"https:\/\/footdavant.fr\/actualites\/wp-json\/wp\/v2\/tags?post=25038"}],"curies":[{"name":"wp","href":"https:\/\/api.w.org\/{rel}","templated":true}]}}