{"id":2506,"date":"2023-12-15T02:54:26","date_gmt":"2023-12-15T01:54:26","guid":{"rendered":"https:\/\/footdavant.fr\/actualites\/alexander-mattison-exclu-pour-samedi\/"},"modified":"2023-12-15T02:54:27","modified_gmt":"2023-12-15T01:54:27","slug":"alexander-mattison-exclu-pour-samedi","status":"publish","type":"post","link":"https:\/\/footdavant.fr\/actualites\/alexander-mattison-exclu-pour-samedi\/","title":{"rendered":"Alexander Mattison exclu pour samedi"},"content":{"rendered":"<div>\n<\/p>\n<blockquote class=\"twitter-tweet\">\n<p dir=\"ltr\" lang=\"en\">Les Vikings ont exclu le RB Alexander Mattison pour le match de samedi \u00e0 Cincinnati et classent le WR Justin Jefferson comme discutable.<\/p>\n<p>\u2013Adam Schefter (@AdamSchefter) <a rel=\"nofollow\" href=\"https:\/\/twitter.com\/AdamSchefter\/status\/1735380224986972226?ref_src=twsrc%5Etfw\">14 d\u00e9cembre 2023<\/a><\/p>\n<\/blockquote>\n<p>Mattison s&rsquo;est bless\u00e9 \u00e0 la cheville la semaine derni\u00e8re contre les Raiders de Las Vegas.  La gravit\u00e9 de la blessure \u00e0 la cheville n&rsquo;est pas connue, mais il s&rsquo;agirait probablement d&rsquo;une entorse de la cheville.  Cela signifierait qu\u2019il sera absent au moins cette semaine et peut-\u00eatre au-del\u00e0 de cette semaine \u00e9galement.  Les entorses hautes de la cheville sont difficiles \u00e0 projeter.  Certains joueurs ne peuvent pas manquer \u00e0 tout moment ou manquer 2 \u00e0 3 semaines.  Il semble que Mattison sera sur ce calendrier de 2 \u00e0 3 semaines.<\/p>\n<p>Mattison a \u00e9t\u00e9 le rempla\u00e7ant de Dalvin Cook au cours des trois derni\u00e8res saisons et vient de signer une nouvelle prolongation de contrat avec les Vikings.  La production n&rsquo;a pas vraiment \u00e9t\u00e9 excellente puisque Mattison ne totalise en moyenne que 3,9 verges par course et n&rsquo;a toujours pas r\u00e9ussi de touch\u00e9 au sol cette saison.<\/p>\n<\/p>\n<blockquote class=\"twitter-tweet\">\n<p dir=\"ltr\" lang=\"en\">\ud83d\udea8Derni\u00e8res nouvelles\ud83d\udea8<\/p>\n<p>Alexander Mattison \u2013 Exclu ce samedi.<\/p>\n<p>\u2b50\ufe0fD\u00e9marrez Ty Chandler en toute confiance en tant que RB2. <a rel=\"nofollow\" href=\"https:\/\/twitter.com\/hashtag\/FantasyFootball?src=hash&amp;ref_src=twsrc%5Etfw\">#Football fantastique<\/a> <a rel=\"nofollow\" href=\"https:\/\/twitter.com\/hashtag\/NFL?src=hash&amp;ref_src=twsrc%5Etfw\">#NFL<\/a> <a rel=\"nofollow\" href=\"https:\/\/t.co\/bPS6KYJRm9\">pic.twitter.com\/bPS6KYJRm9<\/a><\/p>\n<p>\u2013 SleezBallFF (@SleezBallFF) <a rel=\"nofollow\" href=\"https:\/\/twitter.com\/SleezBallFF\/status\/1735380501786182065?ref_src=twsrc%5Etfw\">14 d\u00e9cembre 2023<\/a><\/p>\n<\/blockquote>\n<p>Le prochain homme dans la salle des porteurs de ballon est le joueur de deuxi\u00e8me ann\u00e9e Ty Chandler.  Chandler a \u00e9t\u00e9 le compl\u00e9ment de Mattison une fois que Cam Akers \u00e9tait absent pour la saison.  Il a une tonne de vitesse et la capacit\u00e9 d\u2019interrompre une longue course.  Chandler r\u00e9ussit \u00e9galement bien \u00e0 capter les passes hors du champ arri\u00e8re.  Il a un meilleur nombre de verges par course que Mattison \u00e0 4,1, mais cette attaque n&rsquo;est peut-\u00eatre pas la m\u00eame avec Nick Mullens sous le centre.<\/p>\n<p>Les Vikings du Minnesota ont une fiche de +3 contre les Bengals de Cincinnati selon les paris sportifs du Minnesota.<\/p>\n<p>Quoi qu\u2019il en soit, ce match devrait \u00eatre tr\u00e8s comp\u00e9titif puisque les deux \u00e9quipes sont sur le point de participer aux s\u00e9ries \u00e9liminatoires.  Cependant, tout d\u00e9pend du quart-arri\u00e8re suppl\u00e9ant qui joue le mieux.  Il est logique que les Bengals soient favoris\u00e9s puisqu\u2019ils ont la liste la plus saine en attaque.<\/p>\n<\/p><\/div>\n<p><script async src=\"https:\/\/platform.twitter.com\/widgets.js\" charset=\"utf-8\"><\/script><\/p>\n","protected":false},"excerpt":{"rendered":"<p>Les Vikings ont exclu le RB Alexander Mattison pour le match de samedi \u00e0 Cincinnati et classent le WR Justin Jefferson comme discutable. \u2013Adam Schefter<\/p>\n","protected":false},"author":1,"featured_media":2507,"comment_status":"closed","ping_status":"","sticky":false,"template":"","format":"standard","meta":{"footnotes":""},"categories":[3],"tags":[331,180,2228,51,2135],"yoast_head":"<!-- This site is optimized with the Yoast SEO plugin v21.0 - https:\/\/yoast.com\/wordpress\/plugins\/seo\/ -->\n<title>Alexander Mattison exclu pour samedi<\/title>\n<meta name=\"robots\" content=\"index, follow, max-snippet:-1, max-image-preview:large, max-video-preview:-1\" \/>\n<link rel=\"canonical\" href=\"https:\/\/footdavant.fr\/actualites\/alexander-mattison-exclu-pour-samedi\/\" \/>\n<meta property=\"og:locale\" content=\"fr_FR\" \/>\n<meta property=\"og:type\" content=\"article\" \/>\n<meta property=\"og:title\" content=\"Alexander Mattison exclu pour samedi\" \/>\n<meta property=\"og:description\" content=\"Les Vikings ont exclu le RB Alexander Mattison pour le match de samedi \u00e0 Cincinnati et classent le WR Justin Jefferson comme discutable. \u2013Adam Schefter\" \/>\n<meta property=\"og:url\" content=\"https:\/\/footdavant.fr\/actualites\/alexander-mattison-exclu-pour-samedi\/\" \/>\n<meta property=\"og:site_name\" content=\"Foot d&#039;avant\" \/>\n<meta property=\"article:publisher\" content=\"https:\/\/www.facebook.com\/Footdavant\/\" \/>\n<meta property=\"article:published_time\" content=\"2023-12-15T01:54:26+00:00\" \/>\n<meta property=\"article:modified_time\" content=\"2023-12-15T01:54:27+00:00\" \/>\n<meta property=\"og:image\" content=\"https:\/\/footdavant.fr\/actualites\/wp-content\/uploads\/2023\/12\/Alexander-Mattison-exclu-pour-samedi.jpg\" \/>\n\t<meta property=\"og:image:width\" content=\"1200\" \/>\n\t<meta property=\"og:image:height\" content=\"800\" \/>\n\t<meta property=\"og:image:type\" content=\"image\/jpeg\" \/>\n<meta name=\"author\" content=\"Cl\u00e9ment\" \/>\n<meta name=\"twitter:card\" content=\"summary_large_image\" \/>\n<meta name=\"twitter:creator\" content=\"@FootdavantFr\" \/>\n<meta name=\"twitter:site\" content=\"@FootdavantFr\" \/>\n<meta name=\"twitter:label1\" content=\"\u00c9crit par\" \/>\n\t<meta name=\"twitter:data1\" content=\"Cl\u00e9ment\" \/>\n\t<meta name=\"twitter:label2\" content=\"Dur\u00e9e de lecture estim\u00e9e\" \/>\n\t<meta name=\"twitter:data2\" content=\"2 minutes\" \/>\n<script type=\"application\/ld+json\" class=\"yoast-schema-graph\">{\"@context\":\"https:\/\/schema.org\",\"@graph\":[{\"@type\":\"Article\",\"@id\":\"https:\/\/footdavant.fr\/actualites\/alexander-mattison-exclu-pour-samedi\/#article\",\"isPartOf\":{\"@id\":\"https:\/\/footdavant.fr\/actualites\/alexander-mattison-exclu-pour-samedi\/\"},\"author\":{\"name\":\"Cl\u00e9ment\",\"@id\":\"https:\/\/footdavant.fr\/actualites\/#\/schema\/person\/bc222566d95871b37e597b3ed3ba5e1d\"},\"headline\":\"Alexander Mattison exclu pour samedi\",\"datePublished\":\"2023-12-15T01:54:26+00:00\",\"dateModified\":\"2023-12-15T01:54:27+00:00\",\"mainEntityOfPage\":{\"@id\":\"https:\/\/footdavant.fr\/actualites\/alexander-mattison-exclu-pour-samedi\/\"},\"wordCount\":372,\"publisher\":{\"@id\":\"https:\/\/footdavant.fr\/actualites\/#organization\"},\"keywords\":[\"Alexander\",\"exclu\",\"Mattison\",\"pour\",\"samedi\"],\"articleSection\":[\"Football\"],\"inLanguage\":\"fr-FR\"},{\"@type\":\"WebPage\",\"@id\":\"https:\/\/footdavant.fr\/actualites\/alexander-mattison-exclu-pour-samedi\/\",\"url\":\"https:\/\/footdavant.fr\/actualites\/alexander-mattison-exclu-pour-samedi\/\",\"name\":\"Alexander Mattison exclu pour samedi\",\"isPartOf\":{\"@id\":\"https:\/\/footdavant.fr\/actualites\/#website\"},\"datePublished\":\"2023-12-15T01:54:26+00:00\",\"dateModified\":\"2023-12-15T01:54:27+00:00\",\"breadcrumb\":{\"@id\":\"https:\/\/footdavant.fr\/actualites\/alexander-mattison-exclu-pour-samedi\/#breadcrumb\"},\"inLanguage\":\"fr-FR\",\"potentialAction\":[{\"@type\":\"ReadAction\",\"target\":[\"https:\/\/footdavant.fr\/actualites\/alexander-mattison-exclu-pour-samedi\/\"]}]},{\"@type\":\"BreadcrumbList\",\"@id\":\"https:\/\/footdavant.fr\/actualites\/alexander-mattison-exclu-pour-samedi\/#breadcrumb\",\"itemListElement\":[{\"@type\":\"ListItem\",\"position\":1,\"name\":\"Accueil\",\"item\":\"https:\/\/footdavant.fr\/actualites\/\"},{\"@type\":\"ListItem\",\"position\":2,\"name\":\"Alexander Mattison exclu pour samedi\"}]},{\"@type\":\"WebSite\",\"@id\":\"https:\/\/footdavant.fr\/actualites\/#website\",\"url\":\"https:\/\/footdavant.fr\/actualites\/\",\"name\":\"Foot d'avant\",\"description\":\"\",\"publisher\":{\"@id\":\"https:\/\/footdavant.fr\/actualites\/#organization\"},\"potentialAction\":[{\"@type\":\"SearchAction\",\"target\":{\"@type\":\"EntryPoint\",\"urlTemplate\":\"https:\/\/footdavant.fr\/actualites\/?s={search_term_string}\"},\"query-input\":\"required name=search_term_string\"}],\"inLanguage\":\"fr-FR\"},{\"@type\":\"Organization\",\"@id\":\"https:\/\/footdavant.fr\/actualites\/#organization\",\"name\":\"Foot d'avant\",\"url\":\"https:\/\/footdavant.fr\/actualites\/\",\"logo\":{\"@type\":\"ImageObject\",\"inLanguage\":\"fr-FR\",\"@id\":\"https:\/\/footdavant.fr\/actualites\/#\/schema\/logo\/image\/\",\"url\":\"https:\/\/footdavant.fr\/actualites\/wp-content\/uploads\/2023\/09\/Copy-of-FootDavant-Logo.png\",\"contentUrl\":\"https:\/\/footdavant.fr\/actualites\/wp-content\/uploads\/2023\/09\/Copy-of-FootDavant-Logo.png\",\"width\":936,\"height\":549,\"caption\":\"Foot d'avant\"},\"image\":{\"@id\":\"https:\/\/footdavant.fr\/actualites\/#\/schema\/logo\/image\/\"},\"sameAs\":[\"https:\/\/www.facebook.com\/Footdavant\/\",\"https:\/\/twitter.com\/FootdavantFr\",\"https:\/\/www.instagram.com\/footdavant.fr\/\"]},{\"@type\":\"Person\",\"@id\":\"https:\/\/footdavant.fr\/actualites\/#\/schema\/person\/bc222566d95871b37e597b3ed3ba5e1d\",\"name\":\"Cl\u00e9ment\",\"image\":{\"@type\":\"ImageObject\",\"inLanguage\":\"fr-FR\",\"@id\":\"https:\/\/footdavant.fr\/actualites\/#\/schema\/person\/image\/\",\"url\":\"https:\/\/secure.gravatar.com\/avatar\/7728b29aac2719421e1a9159b2254c44?s=96&d=mm&r=g\",\"contentUrl\":\"https:\/\/secure.gravatar.com\/avatar\/7728b29aac2719421e1a9159b2254c44?s=96&d=mm&r=g\",\"caption\":\"Cl\u00e9ment\"},\"sameAs\":[\"https:\/\/footdavant.fr\/\"]}]}<\/script>\n<!-- \/ Yoast SEO plugin. -->","yoast_head_json":{"title":"Alexander Mattison exclu pour samedi","robots":{"index":"index","follow":"follow","max-snippet":"max-snippet:-1","max-image-preview":"max-image-preview:large","max-video-preview":"max-video-preview:-1"},"canonical":"https:\/\/footdavant.fr\/actualites\/alexander-mattison-exclu-pour-samedi\/","og_locale":"fr_FR","og_type":"article","og_title":"Alexander Mattison exclu pour samedi","og_description":"Les Vikings ont exclu le RB Alexander Mattison pour le match de samedi \u00e0 Cincinnati et classent le WR Justin Jefferson comme discutable. \u2013Adam Schefter","og_url":"https:\/\/footdavant.fr\/actualites\/alexander-mattison-exclu-pour-samedi\/","og_site_name":"Foot d&#039;avant","article_publisher":"https:\/\/www.facebook.com\/Footdavant\/","article_published_time":"2023-12-15T01:54:26+00:00","article_modified_time":"2023-12-15T01:54:27+00:00","og_image":[{"width":1200,"height":800,"url":"https:\/\/footdavant.fr\/actualites\/wp-content\/uploads\/2023\/12\/Alexander-Mattison-exclu-pour-samedi.jpg","type":"image\/jpeg"}],"author":"Cl\u00e9ment","twitter_card":"summary_large_image","twitter_creator":"@FootdavantFr","twitter_site":"@FootdavantFr","twitter_misc":{"\u00c9crit par":"Cl\u00e9ment","Dur\u00e9e de lecture estim\u00e9e":"2 minutes"},"schema":{"@context":"https:\/\/schema.org","@graph":[{"@type":"Article","@id":"https:\/\/footdavant.fr\/actualites\/alexander-mattison-exclu-pour-samedi\/#article","isPartOf":{"@id":"https:\/\/footdavant.fr\/actualites\/alexander-mattison-exclu-pour-samedi\/"},"author":{"name":"Cl\u00e9ment","@id":"https:\/\/footdavant.fr\/actualites\/#\/schema\/person\/bc222566d95871b37e597b3ed3ba5e1d"},"headline":"Alexander Mattison exclu pour samedi","datePublished":"2023-12-15T01:54:26+00:00","dateModified":"2023-12-15T01:54:27+00:00","mainEntityOfPage":{"@id":"https:\/\/footdavant.fr\/actualites\/alexander-mattison-exclu-pour-samedi\/"},"wordCount":372,"publisher":{"@id":"https:\/\/footdavant.fr\/actualites\/#organization"},"keywords":["Alexander","exclu","Mattison","pour","samedi"],"articleSection":["Football"],"inLanguage":"fr-FR"},{"@type":"WebPage","@id":"https:\/\/footdavant.fr\/actualites\/alexander-mattison-exclu-pour-samedi\/","url":"https:\/\/footdavant.fr\/actualites\/alexander-mattison-exclu-pour-samedi\/","name":"Alexander Mattison exclu pour samedi","isPartOf":{"@id":"https:\/\/footdavant.fr\/actualites\/#website"},"datePublished":"2023-12-15T01:54:26+00:00","dateModified":"2023-12-15T01:54:27+00:00","breadcrumb":{"@id":"https:\/\/footdavant.fr\/actualites\/alexander-mattison-exclu-pour-samedi\/#breadcrumb"},"inLanguage":"fr-FR","potentialAction":[{"@type":"ReadAction","target":["https:\/\/footdavant.fr\/actualites\/alexander-mattison-exclu-pour-samedi\/"]}]},{"@type":"BreadcrumbList","@id":"https:\/\/footdavant.fr\/actualites\/alexander-mattison-exclu-pour-samedi\/#breadcrumb","itemListElement":[{"@type":"ListItem","position":1,"name":"Accueil","item":"https:\/\/footdavant.fr\/actualites\/"},{"@type":"ListItem","position":2,"name":"Alexander Mattison exclu pour samedi"}]},{"@type":"WebSite","@id":"https:\/\/footdavant.fr\/actualites\/#website","url":"https:\/\/footdavant.fr\/actualites\/","name":"Foot d'avant","description":"","publisher":{"@id":"https:\/\/footdavant.fr\/actualites\/#organization"},"potentialAction":[{"@type":"SearchAction","target":{"@type":"EntryPoint","urlTemplate":"https:\/\/footdavant.fr\/actualites\/?s={search_term_string}"},"query-input":"required name=search_term_string"}],"inLanguage":"fr-FR"},{"@type":"Organization","@id":"https:\/\/footdavant.fr\/actualites\/#organization","name":"Foot d'avant","url":"https:\/\/footdavant.fr\/actualites\/","logo":{"@type":"ImageObject","inLanguage":"fr-FR","@id":"https:\/\/footdavant.fr\/actualites\/#\/schema\/logo\/image\/","url":"https:\/\/footdavant.fr\/actualites\/wp-content\/uploads\/2023\/09\/Copy-of-FootDavant-Logo.png","contentUrl":"https:\/\/footdavant.fr\/actualites\/wp-content\/uploads\/2023\/09\/Copy-of-FootDavant-Logo.png","width":936,"height":549,"caption":"Foot d'avant"},"image":{"@id":"https:\/\/footdavant.fr\/actualites\/#\/schema\/logo\/image\/"},"sameAs":["https:\/\/www.facebook.com\/Footdavant\/","https:\/\/twitter.com\/FootdavantFr","https:\/\/www.instagram.com\/footdavant.fr\/"]},{"@type":"Person","@id":"https:\/\/footdavant.fr\/actualites\/#\/schema\/person\/bc222566d95871b37e597b3ed3ba5e1d","name":"Cl\u00e9ment","image":{"@type":"ImageObject","inLanguage":"fr-FR","@id":"https:\/\/footdavant.fr\/actualites\/#\/schema\/person\/image\/","url":"https:\/\/secure.gravatar.com\/avatar\/7728b29aac2719421e1a9159b2254c44?s=96&d=mm&r=g","contentUrl":"https:\/\/secure.gravatar.com\/avatar\/7728b29aac2719421e1a9159b2254c44?s=96&d=mm&r=g","caption":"Cl\u00e9ment"},"sameAs":["https:\/\/footdavant.fr\/"]}]}},"_links":{"self":[{"href":"https:\/\/footdavant.fr\/actualites\/wp-json\/wp\/v2\/posts\/2506"}],"collection":[{"href":"https:\/\/footdavant.fr\/actualites\/wp-json\/wp\/v2\/posts"}],"about":[{"href":"https:\/\/footdavant.fr\/actualites\/wp-json\/wp\/v2\/types\/post"}],"author":[{"embeddable":true,"href":"https:\/\/footdavant.fr\/actualites\/wp-json\/wp\/v2\/users\/1"}],"replies":[{"embeddable":true,"href":"https:\/\/footdavant.fr\/actualites\/wp-json\/wp\/v2\/comments?post=2506"}],"version-history":[{"count":1,"href":"https:\/\/footdavant.fr\/actualites\/wp-json\/wp\/v2\/posts\/2506\/revisions"}],"predecessor-version":[{"id":2508,"href":"https:\/\/footdavant.fr\/actualites\/wp-json\/wp\/v2\/posts\/2506\/revisions\/2508"}],"wp:featuredmedia":[{"embeddable":true,"href":"https:\/\/footdavant.fr\/actualites\/wp-json\/wp\/v2\/media\/2507"}],"wp:attachment":[{"href":"https:\/\/footdavant.fr\/actualites\/wp-json\/wp\/v2\/media?parent=2506"}],"wp:term":[{"taxonomy":"category","embeddable":true,"href":"https:\/\/footdavant.fr\/actualites\/wp-json\/wp\/v2\/categories?post=2506"},{"taxonomy":"post_tag","embeddable":true,"href":"https:\/\/footdavant.fr\/actualites\/wp-json\/wp\/v2\/tags?post=2506"}],"curies":[{"name":"wp","href":"https:\/\/api.w.org\/{rel}","templated":true}]}}