{"id":25068,"date":"2025-06-14T21:48:02","date_gmt":"2025-06-14T19:48:02","guid":{"rendered":"https:\/\/footdavant.fr\/actualites\/ete-americain-chaud-humide-mais-pas-pour-arsenal\/"},"modified":"2025-06-14T21:48:07","modified_gmt":"2025-06-14T19:48:07","slug":"ete-americain-chaud-humide-mais-pas-pour-arsenal","status":"publish","type":"post","link":"https:\/\/footdavant.fr\/actualites\/ete-americain-chaud-humide-mais-pas-pour-arsenal\/","title":{"rendered":"\u00c9t\u00e9 am\u00e9ricain chaud humide &#8230; mais pas pour Arsenal!"},"content":{"rendered":"<div>\n<p>Bonjour et un bon week-end! Le soleil brille, les oiseaux gazouillent et ma fille m&#39;a permis de dormir suffisamment pour que je commette le stylo m\u00e9taphorique sur papier ce matin.<\/p>\n<p>Voyons si je peux \u00e9crire tout ce qui a du sens.<\/p>\n<p>Ce bourdonnement ennuyeux que vous pouvez entendre en arri\u00e8re-plan est la lente approche de l&#39;\u00e9toile inaugurale de la mort du monde de la FIFA Club, mettant en vedette des m\u00e9chants tels que Manchester City, Chelsea, Paris Saint-Germain, Real Madrid et Bayern Munich. Hourra pour le football et le jeu mondial r\u00e9unissant les gens!<\/p>\n<p>Le tournoi d\u00e9marre ce soir (1h du matin au Royaume-Uni) avec la r\u00e9ponse \u00e0 la question que nous posons tous depuis des ann\u00e9es: Inter Miami a obtenu ce qu&#39;il faut pour battre Al-Ahly dans un stade \u00e0 moiti\u00e9 vide dans l&#39;\u00e9t\u00e9 de Floridien humide?<\/p>\n<p>Plus sinc\u00e8rement, je suis ravi qu&#39;Arsenal ne soit pas l\u00e0 cet \u00e9t\u00e9. Le tournoi est une prise d&#39;argent claire, elle manque de prestige, peu importe le nombre de fois que Gianni Infantino est repr\u00e9sent\u00e9 dans le bureau ovale, et il faut faire un certain football pour ploner quelque chose au milieu du calendrier sans un niveau record de consid\u00e9ration pour les joueurs, pour les fans, pour les locaux, et pour litt\u00e9ralement toute personne qui a m\u00eame envisag\u00e9 de s&#39;asseoir pour regarder un match. Enfin, quelque chose pour nous rassembler tous.<\/p>\n<p>La toile de fond en Am\u00e9rique en ce moment est \u00e0 peu pr\u00e8s aussi dystopique que possible, les s\u00e9nateurs \u00e9tant menott\u00e9s, personne ne s&#39;appr\u00eate \u00e0 utiliser une salle de bain sans risquer d&#39;\u00eatre accus\u00e9 d&#39;\u00eatre dans le mauvais, et quiconque n&#39;est pas assez blanc en se demandant s&#39;ils pourraient \u00eatre jet\u00e9s \u00e0 l&#39;arri\u00e8re d&#39;une camionnette, \u00e0 ne jamais \u00eatre revus.<\/p>\n<p>Je suppose que c&#39;est un endroit id\u00e9al pour la FIFA de faire leur truc, ils ont fait tourner les yeux et les fans en train de voler le long du chemin dans un art. Tenez-vous \u00e0 ce que vous savez!<\/p>\n<p>Sur le plan sportif, je me demande s&#39;il y a un avantage \u00e0 avoir pour Arsenal en ne soit pas impliqu\u00e9. Bien s\u00fbr, il n&#39;y a aucune chance d&#39;une manne massive comme pour ceux qui sont en comp\u00e9tition, mais nous venons de sortir de l&#39;arri\u00e8re d&#39;une saison qui a \u00e9t\u00e9 extr\u00eamement perturb\u00e9e par des blessures. Ces blessures ont \u00e9t\u00e9 presque exclusivement subies par des joueurs qui ont \u00e0 peine eu une pause pendant des ann\u00e9es.<\/p>\n<p>La saison 2019\/20 s&#39;est termin\u00e9e tard en raison de la pand\u00e9mie, for\u00e7ant \u00e9galement la saison 2020\/21 \u00e0 commencer tard. L&#39;\u00e9t\u00e9 2021 a vu un retard d&#39;euros. La saison 2021\/22 a commenc\u00e9 plus t\u00f4t que d&#39;habitude et s&#39;est termin\u00e9e plus tard que d&#39;habitude, avec beaucoup de joueurs jouant en Coupe du monde Bang au milieu de tout cela. Puis il y a \u00e9galement eu un euros l&#39;\u00e9t\u00e9 dernier. Pour beaucoup de joueurs, l&#39;\u00e9t\u00e9 2023 a \u00e9t\u00e9 la seule vraie pause au cours des cinq derni\u00e8res ann\u00e9es. Et m\u00eame alors, Bukayo Saka a marqu\u00e9 un tripl\u00e9 pour l&#39;Angleterre le 19 juin 2023, puis a marqu\u00e9 sept minutes apr\u00e8s la pr\u00e9-saison d&#39;Arsenal le 13 juillet. C&#39;est un miracle qu&#39;il a fait aussi longtemps qu&#39;il l&#39;a fait sans blessure grave.<\/p>\n<p>Cette fois-ci, tout le monde a la chance de se d\u00e9tendre et de profiter de ses vacances. Il y a environ six semaines \u00e0 partir des matchs internationaux qui venaient de jouer \u00e0 notre premier match de saison, qui survient plus de huit semaines depuis la derni\u00e8re journ\u00e9e de notre saison contre Southampton.<\/p>\n<ul>\n<li>25 mai &#8211; Final Premier League match<\/li>\n<li>10 juin &#8211; Final Game International<\/li>\n<li>23 juillet &#8211; Le premier match de pr\u00e9-saison d&#39;Arsenal (contre Milan)<\/li>\n<\/ul>\n<p>Ce genre de rupture doit \u00eatre meilleur pour les joueurs que la nature d&#39;arr\u00eat tronqu\u00e9e des joueurs qui jouent cet \u00e9t\u00e9. Manchester City et Chelsea n&#39;ont m\u00eame pas encore annonc\u00e9 de matchs de pr\u00e9-saison, probablement parce que leurs plans changent en fonction de la dur\u00e9e de la Coupe du monde du club. La finale a lieu le 13 juillet et la saison de Premier League d\u00e9bute le week-end 16\/17 ao\u00fbt.<\/p>\n<p>La semaine derni\u00e8re, Thomas Tuchel parlait de l&#39;impact du tournoi cet \u00e9t\u00e9 (les liens devraient ouvrir dans un nouvel onglet aujourd&#39;hui &#8211; excuses pour hier et crier pour le rappel dans les culs!) Et autant que je veux \u00eatre en d\u00e9saccord avec tout ce que Tuchel dit, je ne pouvais pas.<\/p>\n<blockquote>\n<p>\u00abJe pense que [the Club World Cup] aura un impact \u00e9norme et cela donnera \u00e0 Liverpool et \u00e0 Arsenal un \u00e9norme avantage dans la prochaine saison pour ne pas \u00eatre l\u00e0, \u00ab\u00a0<\/p>\n<\/blockquote>\n<p>Tuchel gave England players two weeks off rather than one before having them report for international duty and it seems that went down well but also, ultimately, didn&#39;t help when it came to actually feeling like they had a break: Speaking about the players he had on international duty with England, he said they<\/p>\n<blockquote>\n<p>\u00abApr\u00e8s une longue saison, ils ressentent la fatigue. Harry [Kane] a dit qu&#39;il avait envie de venir apr\u00e8s une semaine aurait \u00e9t\u00e9 beaucoup plus difficile.<\/p>\n<p>\u00ab\u00a0C&#39;\u00e9tait plus facile de venir apr\u00e8s deux semaines. Cela lui a donn\u00e9 une sorte de rafra\u00eechissement, et il y avait beaucoup de joueurs qui sont revenus apr\u00e8s une semaine, et ils ont dit\u00a0\u00bb Ah, nous \u00e9tions juste en mode vacances, et maintenant nous avons remis les bottes. \u00ab\u00a0\u00a0\u00bb<\/p>\n<\/blockquote>\n<p>Donc, arriver apr\u00e8s une semaine de cong\u00e9 aurait \u00e9t\u00e9 plus difficile, mais arriver apr\u00e8s deux signifiait qu&#39;ils venaient de se d\u00e9tendre avant la fin brusquement de leurs vacances. Et soyons r\u00e9els, ce n&#39;est pas comme si vous pouviez r\u00e9ellement vous d\u00e9tendre et se d\u00e9tendre compl\u00e8tement et profiter de ces vacances quand vous savez que vous devrez vous entra\u00eener \u00e0 nouveau dans quelques jours de toute fa\u00e7on. Pas \u00e9tonnant qu&#39;ils ne puissent pas jouer.<\/p>\n<p>Pour les joueurs de la Coupe du monde du club, il n&#39;y a pas de vraie pause. Peut-\u00eatre que cela ne les affectera pas en ao\u00fbt ou septembre, mais alors que nous entrons dans le slog qui peut \u00eatre d\u00e9cembre, janvier, f\u00e9vrier, vous esp\u00e9rez que Arsenal sera mieux \u00e9quip\u00e9 pour continuer que les \u00e9quipes impliqu\u00e9es au cours des prochaines semaines. Et ce n&#39;est pas seulement Man City et Chelsea, mais un certain nombre de c\u00f4t\u00e9s que nous pourrions \u00e9galement affronter en Ligue des champions.<\/p>\n<p>La FIFA \u00e9tendra sans aucun doute la comp\u00e9tition \u00e0 128 \u00e9quipes et essaiera de la faire jouer tous les deux \u00e9t\u00e9s avant longtemps, ce qui signifie qu&#39;Arsenal &#8211; r\u00e9ticent \u00e0 dire non \u00e0 l&#39;argent propos\u00e9 &#8211; sera balay\u00e9 ce qui sera finalement renomm\u00e9 comme le marqueur de trois mois jou\u00e9 dans les hivers punissants sur Mars avec ce serpent bae au sel invit\u00e9 \u00e0 la propagation du ballon avant chaque coup de pied. Tant que rien de tout cela n&#39;est le cas, je serai reconnaissant pour le cong\u00e9 bien m\u00e9rit\u00e9 pour nos joueurs.<\/p>\n<p>Tout comme Mars, il ne se passe pas grand-chose sur le front des nouvelles en ce moment. Diario, disons, Rodrygo a fait un \u00abtour complet \u00e0 180 degr\u00e9s\u00bb au Real Madrid apr\u00e8s quelques jours de formation sous Xabi Alonso et est maintenant enthousiasm\u00e9 par ce que l&#39;avenir nous r\u00e9serve. Peu importe combien Arsenal est int\u00e9ress\u00e9, cela ressemble \u00e0 un accord qui ne se produit que si le joueur le pousse, mais si Alonso va l&#39;utiliser r\u00e9guli\u00e8rement, nous pouvons probablement le noter.<\/p>\n<p>On parle plus de Nico Williams qui parle au Bayern et \u00e0 Barcelone, et apparemment dispos\u00e9 \u00e0 accepter une fraction des demandes de salaire qu&#39;il a donn\u00e9es au premier si cela signifie rejoindre ce dernier. Cela ressemble \u00e0 de nouveau l&#39;\u00e9t\u00e9 dernier.<\/p>\n<p>C&#39;est votre sort de ma part pour les prochains jours, je vais sortir le barbecue ce week-end et profiter de suffisamment de boissons pour me faire des \u00e9tourdissements mais trop peu pour ruiner mon sommeil. Tim est en service de vous emmener tout au long du week-end et de lancer la nouvelle semaine, et j&#39;ai h\u00e2te de retourner \u00e0 mon r\u00f4le de lecteur quotidien. Bravo \u00e0 tous, passez un excellent week-end!<\/p>\n<\/div>\n","protected":false},"excerpt":{"rendered":"<p>Bonjour et un bon week-end! Le soleil brille, les oiseaux gazouillent et ma fille m&#39;a permis de dormir suffisamment pour que je commette le stylo<\/p>\n","protected":false},"author":1,"featured_media":25069,"comment_status":"closed","ping_status":"","sticky":false,"template":"","format":"standard","meta":{"footnotes":""},"categories":[3],"tags":[5402,67,7035,776,9561,365,71,51],"yoast_head":"<!-- This site is optimized with the Yoast SEO plugin v21.0 - https:\/\/yoast.com\/wordpress\/plugins\/seo\/ -->\n<title>\u00c9t\u00e9 am\u00e9ricain chaud humide ... mais pas pour Arsenal!<\/title>\n<meta name=\"robots\" content=\"index, follow, max-snippet:-1, max-image-preview:large, max-video-preview:-1\" \/>\n<link rel=\"canonical\" href=\"https:\/\/footdavant.fr\/actualites\/ete-americain-chaud-humide-mais-pas-pour-arsenal\/\" \/>\n<meta property=\"og:locale\" content=\"fr_FR\" \/>\n<meta property=\"og:type\" content=\"article\" \/>\n<meta property=\"og:title\" content=\"\u00c9t\u00e9 am\u00e9ricain chaud humide ... mais pas pour Arsenal!\" \/>\n<meta property=\"og:description\" content=\"Bonjour et un bon week-end! Le soleil brille, les oiseaux gazouillent et ma fille m&#039;a permis de dormir suffisamment pour que je commette le stylo\" \/>\n<meta property=\"og:url\" content=\"https:\/\/footdavant.fr\/actualites\/ete-americain-chaud-humide-mais-pas-pour-arsenal\/\" \/>\n<meta property=\"og:site_name\" content=\"Foot d&#039;avant\" \/>\n<meta property=\"article:publisher\" content=\"https:\/\/www.facebook.com\/Footdavant\/\" \/>\n<meta property=\"article:published_time\" content=\"2025-06-14T19:48:02+00:00\" \/>\n<meta property=\"article:modified_time\" content=\"2025-06-14T19:48:07+00:00\" \/>\n<meta property=\"og:image\" content=\"https:\/\/footdavant.fr\/actualites\/wp-content\/uploads\/2025\/06\/Ete-americain-chaud-humide-mais-pas-pour-Arsenal-1024x515.png\" \/>\n\t<meta property=\"og:image:width\" content=\"1024\" \/>\n\t<meta property=\"og:image:height\" content=\"515\" \/>\n\t<meta property=\"og:image:type\" content=\"image\/png\" \/>\n<meta name=\"author\" content=\"Cl\u00e9ment\" \/>\n<meta name=\"twitter:card\" content=\"summary_large_image\" \/>\n<meta name=\"twitter:creator\" content=\"@FootdavantFr\" \/>\n<meta name=\"twitter:site\" content=\"@FootdavantFr\" \/>\n<meta name=\"twitter:label1\" content=\"\u00c9crit par\" \/>\n\t<meta name=\"twitter:data1\" content=\"Cl\u00e9ment\" \/>\n\t<meta name=\"twitter:label2\" content=\"Dur\u00e9e de lecture estim\u00e9e\" \/>\n\t<meta name=\"twitter:data2\" content=\"7 minutes\" \/>\n<script type=\"application\/ld+json\" class=\"yoast-schema-graph\">{\"@context\":\"https:\/\/schema.org\",\"@graph\":[{\"@type\":\"Article\",\"@id\":\"https:\/\/footdavant.fr\/actualites\/ete-americain-chaud-humide-mais-pas-pour-arsenal\/#article\",\"isPartOf\":{\"@id\":\"https:\/\/footdavant.fr\/actualites\/ete-americain-chaud-humide-mais-pas-pour-arsenal\/\"},\"author\":{\"name\":\"Cl\u00e9ment\",\"@id\":\"https:\/\/footdavant.fr\/actualites\/#\/schema\/person\/bc222566d95871b37e597b3ed3ba5e1d\"},\"headline\":\"\u00c9t\u00e9 am\u00e9ricain chaud humide &#8230; mais pas pour Arsenal!\",\"datePublished\":\"2025-06-14T19:48:02+00:00\",\"dateModified\":\"2025-06-14T19:48:07+00:00\",\"mainEntityOfPage\":{\"@id\":\"https:\/\/footdavant.fr\/actualites\/ete-americain-chaud-humide-mais-pas-pour-arsenal\/\"},\"wordCount\":1437,\"publisher\":{\"@id\":\"https:\/\/footdavant.fr\/actualites\/#organization\"},\"keywords\":[\"am\u00e9ricain\",\"Arsenal\",\"chaud\",\"\u00e9t\u00e9\",\"humide\",\"mais\",\"pas\",\"pour\"],\"articleSection\":[\"Football\"],\"inLanguage\":\"fr-FR\"},{\"@type\":\"WebPage\",\"@id\":\"https:\/\/footdavant.fr\/actualites\/ete-americain-chaud-humide-mais-pas-pour-arsenal\/\",\"url\":\"https:\/\/footdavant.fr\/actualites\/ete-americain-chaud-humide-mais-pas-pour-arsenal\/\",\"name\":\"\u00c9t\u00e9 am\u00e9ricain chaud humide ... mais pas pour Arsenal!\",\"isPartOf\":{\"@id\":\"https:\/\/footdavant.fr\/actualites\/#website\"},\"datePublished\":\"2025-06-14T19:48:02+00:00\",\"dateModified\":\"2025-06-14T19:48:07+00:00\",\"breadcrumb\":{\"@id\":\"https:\/\/footdavant.fr\/actualites\/ete-americain-chaud-humide-mais-pas-pour-arsenal\/#breadcrumb\"},\"inLanguage\":\"fr-FR\",\"potentialAction\":[{\"@type\":\"ReadAction\",\"target\":[\"https:\/\/footdavant.fr\/actualites\/ete-americain-chaud-humide-mais-pas-pour-arsenal\/\"]}]},{\"@type\":\"BreadcrumbList\",\"@id\":\"https:\/\/footdavant.fr\/actualites\/ete-americain-chaud-humide-mais-pas-pour-arsenal\/#breadcrumb\",\"itemListElement\":[{\"@type\":\"ListItem\",\"position\":1,\"name\":\"Accueil\",\"item\":\"https:\/\/footdavant.fr\/actualites\/\"},{\"@type\":\"ListItem\",\"position\":2,\"name\":\"\u00c9t\u00e9 am\u00e9ricain chaud humide &#8230; mais pas pour Arsenal!\"}]},{\"@type\":\"WebSite\",\"@id\":\"https:\/\/footdavant.fr\/actualites\/#website\",\"url\":\"https:\/\/footdavant.fr\/actualites\/\",\"name\":\"Foot d'avant\",\"description\":\"\",\"publisher\":{\"@id\":\"https:\/\/footdavant.fr\/actualites\/#organization\"},\"potentialAction\":[{\"@type\":\"SearchAction\",\"target\":{\"@type\":\"EntryPoint\",\"urlTemplate\":\"https:\/\/footdavant.fr\/actualites\/?s={search_term_string}\"},\"query-input\":\"required name=search_term_string\"}],\"inLanguage\":\"fr-FR\"},{\"@type\":\"Organization\",\"@id\":\"https:\/\/footdavant.fr\/actualites\/#organization\",\"name\":\"Foot d'avant\",\"url\":\"https:\/\/footdavant.fr\/actualites\/\",\"logo\":{\"@type\":\"ImageObject\",\"inLanguage\":\"fr-FR\",\"@id\":\"https:\/\/footdavant.fr\/actualites\/#\/schema\/logo\/image\/\",\"url\":\"https:\/\/footdavant.fr\/actualites\/wp-content\/uploads\/2023\/09\/Copy-of-FootDavant-Logo.png\",\"contentUrl\":\"https:\/\/footdavant.fr\/actualites\/wp-content\/uploads\/2023\/09\/Copy-of-FootDavant-Logo.png\",\"width\":936,\"height\":549,\"caption\":\"Foot d'avant\"},\"image\":{\"@id\":\"https:\/\/footdavant.fr\/actualites\/#\/schema\/logo\/image\/\"},\"sameAs\":[\"https:\/\/www.facebook.com\/Footdavant\/\",\"https:\/\/twitter.com\/FootdavantFr\",\"https:\/\/www.instagram.com\/footdavant.fr\/\"]},{\"@type\":\"Person\",\"@id\":\"https:\/\/footdavant.fr\/actualites\/#\/schema\/person\/bc222566d95871b37e597b3ed3ba5e1d\",\"name\":\"Cl\u00e9ment\",\"image\":{\"@type\":\"ImageObject\",\"inLanguage\":\"fr-FR\",\"@id\":\"https:\/\/footdavant.fr\/actualites\/#\/schema\/person\/image\/\",\"url\":\"https:\/\/secure.gravatar.com\/avatar\/7728b29aac2719421e1a9159b2254c44?s=96&d=mm&r=g\",\"contentUrl\":\"https:\/\/secure.gravatar.com\/avatar\/7728b29aac2719421e1a9159b2254c44?s=96&d=mm&r=g\",\"caption\":\"Cl\u00e9ment\"},\"sameAs\":[\"https:\/\/footdavant.fr\/\"]}]}<\/script>\n<!-- \/ Yoast SEO plugin. -->","yoast_head_json":{"title":"\u00c9t\u00e9 am\u00e9ricain chaud humide ... mais pas pour Arsenal!","robots":{"index":"index","follow":"follow","max-snippet":"max-snippet:-1","max-image-preview":"max-image-preview:large","max-video-preview":"max-video-preview:-1"},"canonical":"https:\/\/footdavant.fr\/actualites\/ete-americain-chaud-humide-mais-pas-pour-arsenal\/","og_locale":"fr_FR","og_type":"article","og_title":"\u00c9t\u00e9 am\u00e9ricain chaud humide ... mais pas pour Arsenal!","og_description":"Bonjour et un bon week-end! Le soleil brille, les oiseaux gazouillent et ma fille m&#39;a permis de dormir suffisamment pour que je commette le stylo","og_url":"https:\/\/footdavant.fr\/actualites\/ete-americain-chaud-humide-mais-pas-pour-arsenal\/","og_site_name":"Foot d&#039;avant","article_publisher":"https:\/\/www.facebook.com\/Footdavant\/","article_published_time":"2025-06-14T19:48:02+00:00","article_modified_time":"2025-06-14T19:48:07+00:00","og_image":[{"width":1024,"height":515,"url":"https:\/\/footdavant.fr\/actualites\/wp-content\/uploads\/2025\/06\/Ete-americain-chaud-humide-mais-pas-pour-Arsenal-1024x515.png","type":"image\/png"}],"author":"Cl\u00e9ment","twitter_card":"summary_large_image","twitter_creator":"@FootdavantFr","twitter_site":"@FootdavantFr","twitter_misc":{"\u00c9crit par":"Cl\u00e9ment","Dur\u00e9e de lecture estim\u00e9e":"7 minutes"},"schema":{"@context":"https:\/\/schema.org","@graph":[{"@type":"Article","@id":"https:\/\/footdavant.fr\/actualites\/ete-americain-chaud-humide-mais-pas-pour-arsenal\/#article","isPartOf":{"@id":"https:\/\/footdavant.fr\/actualites\/ete-americain-chaud-humide-mais-pas-pour-arsenal\/"},"author":{"name":"Cl\u00e9ment","@id":"https:\/\/footdavant.fr\/actualites\/#\/schema\/person\/bc222566d95871b37e597b3ed3ba5e1d"},"headline":"\u00c9t\u00e9 am\u00e9ricain chaud humide &#8230; mais pas pour Arsenal!","datePublished":"2025-06-14T19:48:02+00:00","dateModified":"2025-06-14T19:48:07+00:00","mainEntityOfPage":{"@id":"https:\/\/footdavant.fr\/actualites\/ete-americain-chaud-humide-mais-pas-pour-arsenal\/"},"wordCount":1437,"publisher":{"@id":"https:\/\/footdavant.fr\/actualites\/#organization"},"keywords":["am\u00e9ricain","Arsenal","chaud","\u00e9t\u00e9","humide","mais","pas","pour"],"articleSection":["Football"],"inLanguage":"fr-FR"},{"@type":"WebPage","@id":"https:\/\/footdavant.fr\/actualites\/ete-americain-chaud-humide-mais-pas-pour-arsenal\/","url":"https:\/\/footdavant.fr\/actualites\/ete-americain-chaud-humide-mais-pas-pour-arsenal\/","name":"\u00c9t\u00e9 am\u00e9ricain chaud humide ... mais pas pour Arsenal!","isPartOf":{"@id":"https:\/\/footdavant.fr\/actualites\/#website"},"datePublished":"2025-06-14T19:48:02+00:00","dateModified":"2025-06-14T19:48:07+00:00","breadcrumb":{"@id":"https:\/\/footdavant.fr\/actualites\/ete-americain-chaud-humide-mais-pas-pour-arsenal\/#breadcrumb"},"inLanguage":"fr-FR","potentialAction":[{"@type":"ReadAction","target":["https:\/\/footdavant.fr\/actualites\/ete-americain-chaud-humide-mais-pas-pour-arsenal\/"]}]},{"@type":"BreadcrumbList","@id":"https:\/\/footdavant.fr\/actualites\/ete-americain-chaud-humide-mais-pas-pour-arsenal\/#breadcrumb","itemListElement":[{"@type":"ListItem","position":1,"name":"Accueil","item":"https:\/\/footdavant.fr\/actualites\/"},{"@type":"ListItem","position":2,"name":"\u00c9t\u00e9 am\u00e9ricain chaud humide &#8230; mais pas pour Arsenal!"}]},{"@type":"WebSite","@id":"https:\/\/footdavant.fr\/actualites\/#website","url":"https:\/\/footdavant.fr\/actualites\/","name":"Foot d'avant","description":"","publisher":{"@id":"https:\/\/footdavant.fr\/actualites\/#organization"},"potentialAction":[{"@type":"SearchAction","target":{"@type":"EntryPoint","urlTemplate":"https:\/\/footdavant.fr\/actualites\/?s={search_term_string}"},"query-input":"required name=search_term_string"}],"inLanguage":"fr-FR"},{"@type":"Organization","@id":"https:\/\/footdavant.fr\/actualites\/#organization","name":"Foot d'avant","url":"https:\/\/footdavant.fr\/actualites\/","logo":{"@type":"ImageObject","inLanguage":"fr-FR","@id":"https:\/\/footdavant.fr\/actualites\/#\/schema\/logo\/image\/","url":"https:\/\/footdavant.fr\/actualites\/wp-content\/uploads\/2023\/09\/Copy-of-FootDavant-Logo.png","contentUrl":"https:\/\/footdavant.fr\/actualites\/wp-content\/uploads\/2023\/09\/Copy-of-FootDavant-Logo.png","width":936,"height":549,"caption":"Foot d'avant"},"image":{"@id":"https:\/\/footdavant.fr\/actualites\/#\/schema\/logo\/image\/"},"sameAs":["https:\/\/www.facebook.com\/Footdavant\/","https:\/\/twitter.com\/FootdavantFr","https:\/\/www.instagram.com\/footdavant.fr\/"]},{"@type":"Person","@id":"https:\/\/footdavant.fr\/actualites\/#\/schema\/person\/bc222566d95871b37e597b3ed3ba5e1d","name":"Cl\u00e9ment","image":{"@type":"ImageObject","inLanguage":"fr-FR","@id":"https:\/\/footdavant.fr\/actualites\/#\/schema\/person\/image\/","url":"https:\/\/secure.gravatar.com\/avatar\/7728b29aac2719421e1a9159b2254c44?s=96&d=mm&r=g","contentUrl":"https:\/\/secure.gravatar.com\/avatar\/7728b29aac2719421e1a9159b2254c44?s=96&d=mm&r=g","caption":"Cl\u00e9ment"},"sameAs":["https:\/\/footdavant.fr\/"]}]}},"_links":{"self":[{"href":"https:\/\/footdavant.fr\/actualites\/wp-json\/wp\/v2\/posts\/25068"}],"collection":[{"href":"https:\/\/footdavant.fr\/actualites\/wp-json\/wp\/v2\/posts"}],"about":[{"href":"https:\/\/footdavant.fr\/actualites\/wp-json\/wp\/v2\/types\/post"}],"author":[{"embeddable":true,"href":"https:\/\/footdavant.fr\/actualites\/wp-json\/wp\/v2\/users\/1"}],"replies":[{"embeddable":true,"href":"https:\/\/footdavant.fr\/actualites\/wp-json\/wp\/v2\/comments?post=25068"}],"version-history":[{"count":1,"href":"https:\/\/footdavant.fr\/actualites\/wp-json\/wp\/v2\/posts\/25068\/revisions"}],"predecessor-version":[{"id":25070,"href":"https:\/\/footdavant.fr\/actualites\/wp-json\/wp\/v2\/posts\/25068\/revisions\/25070"}],"wp:featuredmedia":[{"embeddable":true,"href":"https:\/\/footdavant.fr\/actualites\/wp-json\/wp\/v2\/media\/25069"}],"wp:attachment":[{"href":"https:\/\/footdavant.fr\/actualites\/wp-json\/wp\/v2\/media?parent=25068"}],"wp:term":[{"taxonomy":"category","embeddable":true,"href":"https:\/\/footdavant.fr\/actualites\/wp-json\/wp\/v2\/categories?post=25068"},{"taxonomy":"post_tag","embeddable":true,"href":"https:\/\/footdavant.fr\/actualites\/wp-json\/wp\/v2\/tags?post=25068"}],"curies":[{"name":"wp","href":"https:\/\/api.w.org\/{rel}","templated":true}]}}