{"id":25073,"date":"2025-06-15T01:48:02","date_gmt":"2025-06-14T23:48:02","guid":{"rendered":"https:\/\/footdavant.fr\/actualites\/pourquoi-hamann-est-convaincu-que-florian-wirtz-sera-un-succes-a-liverpool\/"},"modified":"2025-06-15T01:48:05","modified_gmt":"2025-06-14T23:48:05","slug":"pourquoi-hamann-est-convaincu-que-florian-wirtz-sera-un-succes-a-liverpool","status":"publish","type":"post","link":"https:\/\/footdavant.fr\/actualites\/pourquoi-hamann-est-convaincu-que-florian-wirtz-sera-un-succes-a-liverpool\/","title":{"rendered":"Pourquoi Hamann est convaincu que Florian Wirtz \u00absera un succ\u00e8s\u00bb \u00e0 Liverpool"},"content":{"rendered":"<div id=\"article-body\">\n<!-- Article Start --><\/p>\n<p>Lorsque vous d\u00e9pensez 116,5 millions de livres sterling pour un joueur &#8211; car Liverpool est sur le point de faire avec Florian Wirtz &#8211; vous pouvez vous sentir assez confiant que vous obtenez un footballeur exceptionnellement bon.<\/p>\n<p>Les Reds ont conclu un accord pour le montant susmentionn\u00e9 pour signer la star de Bayer Leverkusen, comme l&#39;a rapport\u00e9 Sky Sports News vendredi, et un coll\u00e8gue allemand qui a pass\u00e9 plusieurs ann\u00e9es \u00e0 Anfield est convaincu que ce n&#39;est pas seulement la capacit\u00e9 technique de 22 ans qui brillera sur le Merseyside.<\/p>\n<p>Didi Hamann est devenue bien vers\u00e9e \u00e0 la physicalit\u00e9 de la Premier League de son temps dans le football anglais, et il est assez convaincu que le meneur de jeu de 5 pieds 9 n&#39;aura aucun probl\u00e8me \u00e0 s&#39;adapter \u00e0 cet \u00e9l\u00e9ment de l&#39;\u00e9lite de l&#39;Angleterre.<\/p>\n<h2>Hamann soutient Wirtz pour s&#39;adapter aux demandes du football de Premier League<\/h2>\n<p>Parlant de Wirtz sur le podcast Aldo Meets, l&#39;ancien milieu de terrain de Liverpool a d\u00e9clar\u00e9: <\/p>\n<\/p>\n<figure id=\"attachment_274410\" aria-describedby=\"caption-attachment-274410\" style=\"width: 761px\" class=\"wp-caption alignnone\"><picture><source type=\"image\/webp\" data- data-><\/source><\/picture><\/figure>\n<h2>Wirtz peut-il s&#39;adapter \u00e0 la physicalit\u00e9 de la Premier League?<\/h2>\n<p>Nous avons souvent vu des footballeurs qui excellent en Ligue europ\u00e9enne continentale lutter contre la physicalit\u00e9 de la Premier League, mais Hamann &#8211; qui sait ce que c&#39;est que de jouer au plus haut niveau en Angleterre et en Allemagne &#8211; semble convaincu que ce ne sera pas un probl\u00e8me pour Wirtz.<\/p>\n<p>Ses qualit\u00e9s de technicien dans le r\u00f4le num\u00e9ro 10 ont \u00e9t\u00e9 \u00e9videntes tout au long de son s\u00e9jour avec Leverkusen, et son record de 57 buts et 65 passes d\u00e9cisives en 197 matchs pour le club en dit long, mais qu&#39;en est-il des attributs de la possession de 22 ans?<\/p>\n<p>Statistiquement, il ne semble pas \u00eatre le joueur le plus fort du monde &#8211; selon FBREF, il se classe parmi les 35% les plus bas pour le succ\u00e8s du tacle et du duel a\u00e9rien par rapport aux pairs positionnels dans les cinq ligues principales d&#39;Europe au cours de la derni\u00e8re ann\u00e9e.<\/p>\n<p>Il est sorti en t\u00eate dans seulement 20% de ses batailles a\u00e9riennes dans la Bundesliga la saison derni\u00e8re, bien qu&#39;il ait remport\u00e9 20 plaqu\u00e9s sur les 32 qu&#39;il a tent\u00e9.<\/p>\n<p>Ces chiffres peuvent ne pas sembler particuli\u00e8rement brillants, mais il n&#39;y a aucun moyen qu&#39;il ait accumul\u00e9 pr\u00e8s de 230 apparitions seniors au club et au niveau international \u00e0 l&#39;\u00e2ge de 22 ans s&#39;il n&#39;\u00e9tait pas en mesure de tenir les coups, surtout en jouant au sommet de la cha\u00eene alimentaire du football europ\u00e9en.<\/p>\n<p>Si Wirtz peut prouver que Hamann sur ses qualit\u00e9s physiques tout en d\u00e9montrant sa capacit\u00e9 technique ph\u00e9nom\u00e9nale pour Liverpool, il ne faudra pas longtemps avant qu&#39;il ne remporte l&#39;adoration du KOP!<\/p>\n<p><!-- Article End -->\t\t\t\t<\/div>\n","protected":false},"excerpt":{"rendered":"<p>Lorsque vous d\u00e9pensez 116,5 millions de livres sterling pour un joueur &#8211; car Liverpool est sur le point de faire avec Florian Wirtz &#8211; vous<\/p>\n","protected":false},"author":1,"featured_media":25074,"comment_status":"closed","ping_status":"","sticky":false,"template":"","format":"standard","meta":{"footnotes":""},"categories":[3],"tags":[810,217,718,2815,53,610,1126,315,719],"yoast_head":"<!-- This site is optimized with the Yoast SEO plugin v21.0 - https:\/\/yoast.com\/wordpress\/plugins\/seo\/ -->\n<title>Pourquoi Hamann est convaincu que Florian Wirtz \u00absera un succ\u00e8s\u00bb \u00e0 Liverpool<\/title>\n<meta name=\"robots\" content=\"index, follow, max-snippet:-1, max-image-preview:large, max-video-preview:-1\" \/>\n<link rel=\"canonical\" href=\"https:\/\/footdavant.fr\/actualites\/pourquoi-hamann-est-convaincu-que-florian-wirtz-sera-un-succes-a-liverpool\/\" \/>\n<meta property=\"og:locale\" content=\"fr_FR\" \/>\n<meta property=\"og:type\" content=\"article\" \/>\n<meta property=\"og:title\" content=\"Pourquoi Hamann est convaincu que Florian Wirtz \u00absera un succ\u00e8s\u00bb \u00e0 Liverpool\" \/>\n<meta property=\"og:description\" content=\"Lorsque vous d\u00e9pensez 116,5 millions de livres sterling pour un joueur &#8211; car Liverpool est sur le point de faire avec Florian Wirtz &#8211; vous\" \/>\n<meta property=\"og:url\" content=\"https:\/\/footdavant.fr\/actualites\/pourquoi-hamann-est-convaincu-que-florian-wirtz-sera-un-succes-a-liverpool\/\" \/>\n<meta property=\"og:site_name\" content=\"Foot d&#039;avant\" \/>\n<meta property=\"article:publisher\" content=\"https:\/\/www.facebook.com\/Footdavant\/\" \/>\n<meta property=\"article:published_time\" content=\"2025-06-14T23:48:02+00:00\" \/>\n<meta property=\"article:modified_time\" content=\"2025-06-14T23:48:05+00:00\" \/>\n<meta property=\"og:image\" content=\"https:\/\/footdavant.fr\/actualites\/wp-content\/uploads\/2025\/06\/1749944883_Pourquoi-Hamann-est-convaincu-que-Florian-Wirtz-sera-un-succes.jpg\" \/>\n\t<meta property=\"og:image:width\" content=\"1181\" \/>\n\t<meta property=\"og:image:height\" content=\"663\" \/>\n\t<meta property=\"og:image:type\" content=\"image\/jpeg\" \/>\n<meta name=\"author\" content=\"Cl\u00e9ment\" \/>\n<meta name=\"twitter:card\" content=\"summary_large_image\" \/>\n<meta name=\"twitter:creator\" content=\"@FootdavantFr\" \/>\n<meta name=\"twitter:site\" content=\"@FootdavantFr\" \/>\n<meta name=\"twitter:label1\" content=\"\u00c9crit par\" \/>\n\t<meta name=\"twitter:data1\" content=\"Cl\u00e9ment\" \/>\n\t<meta name=\"twitter:label2\" content=\"Dur\u00e9e de lecture estim\u00e9e\" \/>\n\t<meta name=\"twitter:data2\" content=\"2 minutes\" \/>\n<script type=\"application\/ld+json\" class=\"yoast-schema-graph\">{\"@context\":\"https:\/\/schema.org\",\"@graph\":[{\"@type\":\"Article\",\"@id\":\"https:\/\/footdavant.fr\/actualites\/pourquoi-hamann-est-convaincu-que-florian-wirtz-sera-un-succes-a-liverpool\/#article\",\"isPartOf\":{\"@id\":\"https:\/\/footdavant.fr\/actualites\/pourquoi-hamann-est-convaincu-que-florian-wirtz-sera-un-succes-a-liverpool\/\"},\"author\":{\"name\":\"Cl\u00e9ment\",\"@id\":\"https:\/\/footdavant.fr\/actualites\/#\/schema\/person\/bc222566d95871b37e597b3ed3ba5e1d\"},\"headline\":\"Pourquoi Hamann est convaincu que Florian Wirtz \u00absera un succ\u00e8s\u00bb \u00e0 Liverpool\",\"datePublished\":\"2025-06-14T23:48:02+00:00\",\"dateModified\":\"2025-06-14T23:48:05+00:00\",\"mainEntityOfPage\":{\"@id\":\"https:\/\/footdavant.fr\/actualites\/pourquoi-hamann-est-convaincu-que-florian-wirtz-sera-un-succes-a-liverpool\/\"},\"wordCount\":484,\"publisher\":{\"@id\":\"https:\/\/footdavant.fr\/actualites\/#organization\"},\"keywords\":[\"convaincu\",\"est\",\"Florian\",\"Hamann\",\"Liverpool\",\"Pourquoi\",\"sera\",\"succ\u00e8s\",\"Wirtz\"],\"articleSection\":[\"Football\"],\"inLanguage\":\"fr-FR\"},{\"@type\":\"WebPage\",\"@id\":\"https:\/\/footdavant.fr\/actualites\/pourquoi-hamann-est-convaincu-que-florian-wirtz-sera-un-succes-a-liverpool\/\",\"url\":\"https:\/\/footdavant.fr\/actualites\/pourquoi-hamann-est-convaincu-que-florian-wirtz-sera-un-succes-a-liverpool\/\",\"name\":\"Pourquoi Hamann est convaincu que Florian Wirtz \u00absera un succ\u00e8s\u00bb \u00e0 Liverpool\",\"isPartOf\":{\"@id\":\"https:\/\/footdavant.fr\/actualites\/#website\"},\"datePublished\":\"2025-06-14T23:48:02+00:00\",\"dateModified\":\"2025-06-14T23:48:05+00:00\",\"breadcrumb\":{\"@id\":\"https:\/\/footdavant.fr\/actualites\/pourquoi-hamann-est-convaincu-que-florian-wirtz-sera-un-succes-a-liverpool\/#breadcrumb\"},\"inLanguage\":\"fr-FR\",\"potentialAction\":[{\"@type\":\"ReadAction\",\"target\":[\"https:\/\/footdavant.fr\/actualites\/pourquoi-hamann-est-convaincu-que-florian-wirtz-sera-un-succes-a-liverpool\/\"]}]},{\"@type\":\"BreadcrumbList\",\"@id\":\"https:\/\/footdavant.fr\/actualites\/pourquoi-hamann-est-convaincu-que-florian-wirtz-sera-un-succes-a-liverpool\/#breadcrumb\",\"itemListElement\":[{\"@type\":\"ListItem\",\"position\":1,\"name\":\"Accueil\",\"item\":\"https:\/\/footdavant.fr\/actualites\/\"},{\"@type\":\"ListItem\",\"position\":2,\"name\":\"Pourquoi Hamann est convaincu que Florian Wirtz \u00absera un succ\u00e8s\u00bb \u00e0 Liverpool\"}]},{\"@type\":\"WebSite\",\"@id\":\"https:\/\/footdavant.fr\/actualites\/#website\",\"url\":\"https:\/\/footdavant.fr\/actualites\/\",\"name\":\"Foot d'avant\",\"description\":\"\",\"publisher\":{\"@id\":\"https:\/\/footdavant.fr\/actualites\/#organization\"},\"potentialAction\":[{\"@type\":\"SearchAction\",\"target\":{\"@type\":\"EntryPoint\",\"urlTemplate\":\"https:\/\/footdavant.fr\/actualites\/?s={search_term_string}\"},\"query-input\":\"required name=search_term_string\"}],\"inLanguage\":\"fr-FR\"},{\"@type\":\"Organization\",\"@id\":\"https:\/\/footdavant.fr\/actualites\/#organization\",\"name\":\"Foot d'avant\",\"url\":\"https:\/\/footdavant.fr\/actualites\/\",\"logo\":{\"@type\":\"ImageObject\",\"inLanguage\":\"fr-FR\",\"@id\":\"https:\/\/footdavant.fr\/actualites\/#\/schema\/logo\/image\/\",\"url\":\"https:\/\/footdavant.fr\/actualites\/wp-content\/uploads\/2023\/09\/Copy-of-FootDavant-Logo.png\",\"contentUrl\":\"https:\/\/footdavant.fr\/actualites\/wp-content\/uploads\/2023\/09\/Copy-of-FootDavant-Logo.png\",\"width\":936,\"height\":549,\"caption\":\"Foot d'avant\"},\"image\":{\"@id\":\"https:\/\/footdavant.fr\/actualites\/#\/schema\/logo\/image\/\"},\"sameAs\":[\"https:\/\/www.facebook.com\/Footdavant\/\",\"https:\/\/twitter.com\/FootdavantFr\",\"https:\/\/www.instagram.com\/footdavant.fr\/\"]},{\"@type\":\"Person\",\"@id\":\"https:\/\/footdavant.fr\/actualites\/#\/schema\/person\/bc222566d95871b37e597b3ed3ba5e1d\",\"name\":\"Cl\u00e9ment\",\"image\":{\"@type\":\"ImageObject\",\"inLanguage\":\"fr-FR\",\"@id\":\"https:\/\/footdavant.fr\/actualites\/#\/schema\/person\/image\/\",\"url\":\"https:\/\/secure.gravatar.com\/avatar\/7728b29aac2719421e1a9159b2254c44?s=96&d=mm&r=g\",\"contentUrl\":\"https:\/\/secure.gravatar.com\/avatar\/7728b29aac2719421e1a9159b2254c44?s=96&d=mm&r=g\",\"caption\":\"Cl\u00e9ment\"},\"sameAs\":[\"https:\/\/footdavant.fr\/\"]}]}<\/script>\n<!-- \/ Yoast SEO plugin. -->","yoast_head_json":{"title":"Pourquoi Hamann est convaincu que Florian Wirtz \u00absera un succ\u00e8s\u00bb \u00e0 Liverpool","robots":{"index":"index","follow":"follow","max-snippet":"max-snippet:-1","max-image-preview":"max-image-preview:large","max-video-preview":"max-video-preview:-1"},"canonical":"https:\/\/footdavant.fr\/actualites\/pourquoi-hamann-est-convaincu-que-florian-wirtz-sera-un-succes-a-liverpool\/","og_locale":"fr_FR","og_type":"article","og_title":"Pourquoi Hamann est convaincu que Florian Wirtz \u00absera un succ\u00e8s\u00bb \u00e0 Liverpool","og_description":"Lorsque vous d\u00e9pensez 116,5 millions de livres sterling pour un joueur &#8211; car Liverpool est sur le point de faire avec Florian Wirtz &#8211; vous","og_url":"https:\/\/footdavant.fr\/actualites\/pourquoi-hamann-est-convaincu-que-florian-wirtz-sera-un-succes-a-liverpool\/","og_site_name":"Foot d&#039;avant","article_publisher":"https:\/\/www.facebook.com\/Footdavant\/","article_published_time":"2025-06-14T23:48:02+00:00","article_modified_time":"2025-06-14T23:48:05+00:00","og_image":[{"width":1181,"height":663,"url":"https:\/\/footdavant.fr\/actualites\/wp-content\/uploads\/2025\/06\/1749944883_Pourquoi-Hamann-est-convaincu-que-Florian-Wirtz-sera-un-succes.jpg","type":"image\/jpeg"}],"author":"Cl\u00e9ment","twitter_card":"summary_large_image","twitter_creator":"@FootdavantFr","twitter_site":"@FootdavantFr","twitter_misc":{"\u00c9crit par":"Cl\u00e9ment","Dur\u00e9e de lecture estim\u00e9e":"2 minutes"},"schema":{"@context":"https:\/\/schema.org","@graph":[{"@type":"Article","@id":"https:\/\/footdavant.fr\/actualites\/pourquoi-hamann-est-convaincu-que-florian-wirtz-sera-un-succes-a-liverpool\/#article","isPartOf":{"@id":"https:\/\/footdavant.fr\/actualites\/pourquoi-hamann-est-convaincu-que-florian-wirtz-sera-un-succes-a-liverpool\/"},"author":{"name":"Cl\u00e9ment","@id":"https:\/\/footdavant.fr\/actualites\/#\/schema\/person\/bc222566d95871b37e597b3ed3ba5e1d"},"headline":"Pourquoi Hamann est convaincu que Florian Wirtz \u00absera un succ\u00e8s\u00bb \u00e0 Liverpool","datePublished":"2025-06-14T23:48:02+00:00","dateModified":"2025-06-14T23:48:05+00:00","mainEntityOfPage":{"@id":"https:\/\/footdavant.fr\/actualites\/pourquoi-hamann-est-convaincu-que-florian-wirtz-sera-un-succes-a-liverpool\/"},"wordCount":484,"publisher":{"@id":"https:\/\/footdavant.fr\/actualites\/#organization"},"keywords":["convaincu","est","Florian","Hamann","Liverpool","Pourquoi","sera","succ\u00e8s","Wirtz"],"articleSection":["Football"],"inLanguage":"fr-FR"},{"@type":"WebPage","@id":"https:\/\/footdavant.fr\/actualites\/pourquoi-hamann-est-convaincu-que-florian-wirtz-sera-un-succes-a-liverpool\/","url":"https:\/\/footdavant.fr\/actualites\/pourquoi-hamann-est-convaincu-que-florian-wirtz-sera-un-succes-a-liverpool\/","name":"Pourquoi Hamann est convaincu que Florian Wirtz \u00absera un succ\u00e8s\u00bb \u00e0 Liverpool","isPartOf":{"@id":"https:\/\/footdavant.fr\/actualites\/#website"},"datePublished":"2025-06-14T23:48:02+00:00","dateModified":"2025-06-14T23:48:05+00:00","breadcrumb":{"@id":"https:\/\/footdavant.fr\/actualites\/pourquoi-hamann-est-convaincu-que-florian-wirtz-sera-un-succes-a-liverpool\/#breadcrumb"},"inLanguage":"fr-FR","potentialAction":[{"@type":"ReadAction","target":["https:\/\/footdavant.fr\/actualites\/pourquoi-hamann-est-convaincu-que-florian-wirtz-sera-un-succes-a-liverpool\/"]}]},{"@type":"BreadcrumbList","@id":"https:\/\/footdavant.fr\/actualites\/pourquoi-hamann-est-convaincu-que-florian-wirtz-sera-un-succes-a-liverpool\/#breadcrumb","itemListElement":[{"@type":"ListItem","position":1,"name":"Accueil","item":"https:\/\/footdavant.fr\/actualites\/"},{"@type":"ListItem","position":2,"name":"Pourquoi Hamann est convaincu que Florian Wirtz \u00absera un succ\u00e8s\u00bb \u00e0 Liverpool"}]},{"@type":"WebSite","@id":"https:\/\/footdavant.fr\/actualites\/#website","url":"https:\/\/footdavant.fr\/actualites\/","name":"Foot d'avant","description":"","publisher":{"@id":"https:\/\/footdavant.fr\/actualites\/#organization"},"potentialAction":[{"@type":"SearchAction","target":{"@type":"EntryPoint","urlTemplate":"https:\/\/footdavant.fr\/actualites\/?s={search_term_string}"},"query-input":"required name=search_term_string"}],"inLanguage":"fr-FR"},{"@type":"Organization","@id":"https:\/\/footdavant.fr\/actualites\/#organization","name":"Foot d'avant","url":"https:\/\/footdavant.fr\/actualites\/","logo":{"@type":"ImageObject","inLanguage":"fr-FR","@id":"https:\/\/footdavant.fr\/actualites\/#\/schema\/logo\/image\/","url":"https:\/\/footdavant.fr\/actualites\/wp-content\/uploads\/2023\/09\/Copy-of-FootDavant-Logo.png","contentUrl":"https:\/\/footdavant.fr\/actualites\/wp-content\/uploads\/2023\/09\/Copy-of-FootDavant-Logo.png","width":936,"height":549,"caption":"Foot d'avant"},"image":{"@id":"https:\/\/footdavant.fr\/actualites\/#\/schema\/logo\/image\/"},"sameAs":["https:\/\/www.facebook.com\/Footdavant\/","https:\/\/twitter.com\/FootdavantFr","https:\/\/www.instagram.com\/footdavant.fr\/"]},{"@type":"Person","@id":"https:\/\/footdavant.fr\/actualites\/#\/schema\/person\/bc222566d95871b37e597b3ed3ba5e1d","name":"Cl\u00e9ment","image":{"@type":"ImageObject","inLanguage":"fr-FR","@id":"https:\/\/footdavant.fr\/actualites\/#\/schema\/person\/image\/","url":"https:\/\/secure.gravatar.com\/avatar\/7728b29aac2719421e1a9159b2254c44?s=96&d=mm&r=g","contentUrl":"https:\/\/secure.gravatar.com\/avatar\/7728b29aac2719421e1a9159b2254c44?s=96&d=mm&r=g","caption":"Cl\u00e9ment"},"sameAs":["https:\/\/footdavant.fr\/"]}]}},"_links":{"self":[{"href":"https:\/\/footdavant.fr\/actualites\/wp-json\/wp\/v2\/posts\/25073"}],"collection":[{"href":"https:\/\/footdavant.fr\/actualites\/wp-json\/wp\/v2\/posts"}],"about":[{"href":"https:\/\/footdavant.fr\/actualites\/wp-json\/wp\/v2\/types\/post"}],"author":[{"embeddable":true,"href":"https:\/\/footdavant.fr\/actualites\/wp-json\/wp\/v2\/users\/1"}],"replies":[{"embeddable":true,"href":"https:\/\/footdavant.fr\/actualites\/wp-json\/wp\/v2\/comments?post=25073"}],"version-history":[{"count":1,"href":"https:\/\/footdavant.fr\/actualites\/wp-json\/wp\/v2\/posts\/25073\/revisions"}],"predecessor-version":[{"id":25075,"href":"https:\/\/footdavant.fr\/actualites\/wp-json\/wp\/v2\/posts\/25073\/revisions\/25075"}],"wp:featuredmedia":[{"embeddable":true,"href":"https:\/\/footdavant.fr\/actualites\/wp-json\/wp\/v2\/media\/25074"}],"wp:attachment":[{"href":"https:\/\/footdavant.fr\/actualites\/wp-json\/wp\/v2\/media?parent=25073"}],"wp:term":[{"taxonomy":"category","embeddable":true,"href":"https:\/\/footdavant.fr\/actualites\/wp-json\/wp\/v2\/categories?post=25073"},{"taxonomy":"post_tag","embeddable":true,"href":"https:\/\/footdavant.fr\/actualites\/wp-json\/wp\/v2\/tags?post=25073"}],"curies":[{"name":"wp","href":"https:\/\/api.w.org\/{rel}","templated":true}]}}