{"id":25079,"date":"2025-06-15T05:48:03","date_gmt":"2025-06-15T03:48:03","guid":{"rendered":"https:\/\/footdavant.fr\/actualites\/lentraineur-chef-de-thunder-mark-daigneault-a-t-il-besoin-dajuster-la-programmation-de-depart-pour-le-match-4-de-la-finale-de-la-nba\/"},"modified":"2025-06-15T05:48:04","modified_gmt":"2025-06-15T03:48:04","slug":"lentraineur-chef-de-thunder-mark-daigneault-a-t-il-besoin-dajuster-la-programmation-de-depart-pour-le-match-4-de-la-finale-de-la-nba","status":"publish","type":"post","link":"https:\/\/footdavant.fr\/actualites\/lentraineur-chef-de-thunder-mark-daigneault-a-t-il-besoin-dajuster-la-programmation-de-depart-pour-le-match-4-de-la-finale-de-la-nba\/","title":{"rendered":"L&#39;entra\u00eeneur-chef de Thunder, Mark Daigneault, a-t-il besoin d&#39;ajuster la programmation de d\u00e9part pour le match 4 de la finale de la NBA?"},"content":{"rendered":"<div>\n<p>Le match 4 est essentiel pour les deux \u00e9quipes de cette s\u00e9rie. Une victoire pour le Thunder lie la s\u00e9rie 2-2 et leur donne \u00e0 nouveau un avantage \u00e0 domicile. Si les Pacers prennent le match 4, ils seront \u00e0 une victoire de leur premier championnat NBA. Avant vendredi soir, les analystes de la ligue se sont demand\u00e9 si l&#39;entra\u00eeneur-chef Mark Daigneault doit ajuster la programmation de d\u00e9part.<\/p>\n<h2>Mark Daigneault fera-t-il des ajustements avant le match 4?<\/h2>\n<blockquote class=\"twitter-tweet\">\n<p dir=\"ltr\" lang=\"en\">Le Thunder est +7 avec la gamme double-big d&#39;Isaiah Hartenstein et Chet Holmgren sur le sol ensemble. Ils ont jou\u00e9 10 minutes avec ce look jusqu&#39;\u00e0 pr\u00e9sent dans la s\u00e9rie.<\/p>\n<p>&#8211; Sam Quinn (@samquinncbs) <a rel=\"nofollow\" href=\"https:\/\/twitter.com\/SamQuinnCBS\/status\/1933012286228345216?ref_src=twsrc%5Etfw\">12 juin 2025<\/a><\/p>\n<\/blockquote>\n<p>Au cours des trois premi\u00e8res rondes des s\u00e9ries \u00e9liminatoires de 2025, l&#39;Oklahoma City Thunder a utilis\u00e9 la m\u00eame alignement de d\u00e9part \u00e0 chaque match. C&#39;\u00e9tait Shai Gilgeous-Alexander, Jalen Williams, Lu Dort, Chet Holmgren et Isaiah Hartenstein. Pour le match 1 de la finale de la NBA 2025, l&#39;entra\u00eeneur-chef Mark Daigneault a apport\u00e9 un ajustement \u00e0 la formation de d\u00e9part. Au lieu de Hartenstein, Daigneault se tourna vers Cason Wallace.<\/p>\n<p>Les Indiana Pacers sont une \u00e9quipe au rythme rapide et cherchent toujours \u00e0 d\u00e9placer le ballon en transition. C&#39;est probablement pourquoi Daigneault a lanc\u00e9 Cason Wallace en finale sur Isaiah Hartenstein. Wallace est un d\u00e9fenseur polyvalent de The Thunder mais a eu du mal \u00e0 aider l&#39;\u00e9quipe offensivement. En trois matchs de finale, Wallace est de 0-6 au-del\u00e0 de l&#39;arc et a 17 points au total.<\/p>\n<p>Le journaliste de CBS Sports, Sam Quinn, a not\u00e9 que OKC est +7 en finale lorsque Chet Holmgren et Isaiah Hartenstein sont sur le sol ensemble. Cependant, les deux grands hommes n&#39;ont partag\u00e9 le terrain que pour 10 minutes de jeu entre trois matchs. Un autre mouvement pour OKC consiste \u00e0 d\u00e9marrer Alex Caruso sur Cason Wallace. Caruso a \u00e9t\u00e9 un joueur cl\u00e9 pour le Thunder lors des finales de la NBA 2025. Il a marqu\u00e9 20 points dans la victoire du match 2 de l&#39;OKC. Le Thunder peut-il remporter une victoire dans le match 4 et m\u00eame la s\u00e9rie 2-2 \u00e0 la maison pour le match 5?<\/p>\n<\/p><\/div>\n<p><script async src=\"https:\/\/platform.twitter.com\/widgets.js\" charset=\"utf-8\"><\/script><\/p>\n","protected":false},"excerpt":{"rendered":"<p>Le match 4 est essentiel pour les deux \u00e9quipes de cette s\u00e9rie. Une victoire pour le Thunder lie la s\u00e9rie 2-2 et leur donne \u00e0<\/p>\n","protected":false},"author":1,"featured_media":25080,"comment_status":"closed","ping_status":"","sticky":false,"template":"","format":"standard","meta":{"footnotes":""},"categories":[3],"tags":[3319,433,9563,9562,560,897,6048,4609,257,1321,51,7982,5479],"yoast_head":"<!-- This site is optimized with the Yoast SEO plugin v21.0 - https:\/\/yoast.com\/wordpress\/plugins\/seo\/ -->\n<title>L&#039;entra\u00eeneur-chef de Thunder, Mark Daigneault, a-t-il besoin d&#039;ajuster la programmation de d\u00e9part pour le match 4 de la finale de la NBA?<\/title>\n<meta name=\"robots\" content=\"index, follow, max-snippet:-1, max-image-preview:large, max-video-preview:-1\" \/>\n<link rel=\"canonical\" href=\"https:\/\/footdavant.fr\/actualites\/lentraineur-chef-de-thunder-mark-daigneault-a-t-il-besoin-dajuster-la-programmation-de-depart-pour-le-match-4-de-la-finale-de-la-nba\/\" \/>\n<meta property=\"og:locale\" content=\"fr_FR\" \/>\n<meta property=\"og:type\" content=\"article\" \/>\n<meta property=\"og:title\" content=\"L&#039;entra\u00eeneur-chef de Thunder, Mark Daigneault, a-t-il besoin d&#039;ajuster la programmation de d\u00e9part pour le match 4 de la finale de la NBA?\" \/>\n<meta property=\"og:description\" content=\"Le match 4 est essentiel pour les deux \u00e9quipes de cette s\u00e9rie. Une victoire pour le Thunder lie la s\u00e9rie 2-2 et leur donne \u00e0\" \/>\n<meta property=\"og:url\" content=\"https:\/\/footdavant.fr\/actualites\/lentraineur-chef-de-thunder-mark-daigneault-a-t-il-besoin-dajuster-la-programmation-de-depart-pour-le-match-4-de-la-finale-de-la-nba\/\" \/>\n<meta property=\"og:site_name\" content=\"Foot d&#039;avant\" \/>\n<meta property=\"article:publisher\" content=\"https:\/\/www.facebook.com\/Footdavant\/\" \/>\n<meta property=\"article:published_time\" content=\"2025-06-15T03:48:03+00:00\" \/>\n<meta property=\"article:modified_time\" content=\"2025-06-15T03:48:04+00:00\" \/>\n<meta property=\"og:image\" content=\"https:\/\/footdavant.fr\/actualites\/wp-content\/uploads\/2025\/06\/L39entraineur-chef-de-Thunder-Mark-Daigneault-a-t-il-besoin-d39ajuster-la-programmation.jpg\" \/>\n\t<meta property=\"og:image:width\" content=\"696\" \/>\n\t<meta property=\"og:image:height\" content=\"391\" \/>\n\t<meta property=\"og:image:type\" content=\"image\/jpeg\" \/>\n<meta name=\"author\" content=\"Cl\u00e9ment\" \/>\n<meta name=\"twitter:card\" content=\"summary_large_image\" \/>\n<meta name=\"twitter:creator\" content=\"@FootdavantFr\" \/>\n<meta name=\"twitter:site\" content=\"@FootdavantFr\" \/>\n<meta name=\"twitter:label1\" content=\"\u00c9crit par\" \/>\n\t<meta name=\"twitter:data1\" content=\"Cl\u00e9ment\" \/>\n\t<meta name=\"twitter:label2\" content=\"Dur\u00e9e de lecture estim\u00e9e\" \/>\n\t<meta name=\"twitter:data2\" content=\"2 minutes\" \/>\n<script type=\"application\/ld+json\" class=\"yoast-schema-graph\">{\"@context\":\"https:\/\/schema.org\",\"@graph\":[{\"@type\":\"Article\",\"@id\":\"https:\/\/footdavant.fr\/actualites\/lentraineur-chef-de-thunder-mark-daigneault-a-t-il-besoin-dajuster-la-programmation-de-depart-pour-le-match-4-de-la-finale-de-la-nba\/#article\",\"isPartOf\":{\"@id\":\"https:\/\/footdavant.fr\/actualites\/lentraineur-chef-de-thunder-mark-daigneault-a-t-il-besoin-dajuster-la-programmation-de-depart-pour-le-match-4-de-la-finale-de-la-nba\/\"},\"author\":{\"name\":\"Cl\u00e9ment\",\"@id\":\"https:\/\/footdavant.fr\/actualites\/#\/schema\/person\/bc222566d95871b37e597b3ed3ba5e1d\"},\"headline\":\"L&#39;entra\u00eeneur-chef de Thunder, Mark Daigneault, a-t-il besoin d&#39;ajuster la programmation de d\u00e9part pour le match 4 de la finale de la NBA?\",\"datePublished\":\"2025-06-15T03:48:03+00:00\",\"dateModified\":\"2025-06-15T03:48:04+00:00\",\"mainEntityOfPage\":{\"@id\":\"https:\/\/footdavant.fr\/actualites\/lentraineur-chef-de-thunder-mark-daigneault-a-t-il-besoin-dajuster-la-programmation-de-depart-pour-le-match-4-de-la-finale-de-la-nba\/\"},\"wordCount\":382,\"publisher\":{\"@id\":\"https:\/\/footdavant.fr\/actualites\/#organization\"},\"keywords\":[\"atil\",\"besoin\",\"d39ajuster\",\"Daigneault\",\"d\u00e9part\",\"finale\",\"L39entra\u00eeneurchef\",\"Mark\",\"match\",\"NBA\",\"pour\",\"programmation\",\"Thunder\"],\"articleSection\":[\"Football\"],\"inLanguage\":\"fr-FR\"},{\"@type\":\"WebPage\",\"@id\":\"https:\/\/footdavant.fr\/actualites\/lentraineur-chef-de-thunder-mark-daigneault-a-t-il-besoin-dajuster-la-programmation-de-depart-pour-le-match-4-de-la-finale-de-la-nba\/\",\"url\":\"https:\/\/footdavant.fr\/actualites\/lentraineur-chef-de-thunder-mark-daigneault-a-t-il-besoin-dajuster-la-programmation-de-depart-pour-le-match-4-de-la-finale-de-la-nba\/\",\"name\":\"L&#39;entra\u00eeneur-chef de Thunder, Mark Daigneault, a-t-il besoin d&#39;ajuster la programmation de d\u00e9part pour le match 4 de la finale de la NBA?\",\"isPartOf\":{\"@id\":\"https:\/\/footdavant.fr\/actualites\/#website\"},\"datePublished\":\"2025-06-15T03:48:03+00:00\",\"dateModified\":\"2025-06-15T03:48:04+00:00\",\"breadcrumb\":{\"@id\":\"https:\/\/footdavant.fr\/actualites\/lentraineur-chef-de-thunder-mark-daigneault-a-t-il-besoin-dajuster-la-programmation-de-depart-pour-le-match-4-de-la-finale-de-la-nba\/#breadcrumb\"},\"inLanguage\":\"fr-FR\",\"potentialAction\":[{\"@type\":\"ReadAction\",\"target\":[\"https:\/\/footdavant.fr\/actualites\/lentraineur-chef-de-thunder-mark-daigneault-a-t-il-besoin-dajuster-la-programmation-de-depart-pour-le-match-4-de-la-finale-de-la-nba\/\"]}]},{\"@type\":\"BreadcrumbList\",\"@id\":\"https:\/\/footdavant.fr\/actualites\/lentraineur-chef-de-thunder-mark-daigneault-a-t-il-besoin-dajuster-la-programmation-de-depart-pour-le-match-4-de-la-finale-de-la-nba\/#breadcrumb\",\"itemListElement\":[{\"@type\":\"ListItem\",\"position\":1,\"name\":\"Accueil\",\"item\":\"https:\/\/footdavant.fr\/actualites\/\"},{\"@type\":\"ListItem\",\"position\":2,\"name\":\"L&#39;entra\u00eeneur-chef de Thunder, Mark Daigneault, a-t-il besoin d&#39;ajuster la programmation de d\u00e9part pour le match 4 de la finale de la NBA?\"}]},{\"@type\":\"WebSite\",\"@id\":\"https:\/\/footdavant.fr\/actualites\/#website\",\"url\":\"https:\/\/footdavant.fr\/actualites\/\",\"name\":\"Foot d'avant\",\"description\":\"\",\"publisher\":{\"@id\":\"https:\/\/footdavant.fr\/actualites\/#organization\"},\"potentialAction\":[{\"@type\":\"SearchAction\",\"target\":{\"@type\":\"EntryPoint\",\"urlTemplate\":\"https:\/\/footdavant.fr\/actualites\/?s={search_term_string}\"},\"query-input\":\"required name=search_term_string\"}],\"inLanguage\":\"fr-FR\"},{\"@type\":\"Organization\",\"@id\":\"https:\/\/footdavant.fr\/actualites\/#organization\",\"name\":\"Foot d'avant\",\"url\":\"https:\/\/footdavant.fr\/actualites\/\",\"logo\":{\"@type\":\"ImageObject\",\"inLanguage\":\"fr-FR\",\"@id\":\"https:\/\/footdavant.fr\/actualites\/#\/schema\/logo\/image\/\",\"url\":\"https:\/\/footdavant.fr\/actualites\/wp-content\/uploads\/2023\/09\/Copy-of-FootDavant-Logo.png\",\"contentUrl\":\"https:\/\/footdavant.fr\/actualites\/wp-content\/uploads\/2023\/09\/Copy-of-FootDavant-Logo.png\",\"width\":936,\"height\":549,\"caption\":\"Foot d'avant\"},\"image\":{\"@id\":\"https:\/\/footdavant.fr\/actualites\/#\/schema\/logo\/image\/\"},\"sameAs\":[\"https:\/\/www.facebook.com\/Footdavant\/\",\"https:\/\/twitter.com\/FootdavantFr\",\"https:\/\/www.instagram.com\/footdavant.fr\/\"]},{\"@type\":\"Person\",\"@id\":\"https:\/\/footdavant.fr\/actualites\/#\/schema\/person\/bc222566d95871b37e597b3ed3ba5e1d\",\"name\":\"Cl\u00e9ment\",\"image\":{\"@type\":\"ImageObject\",\"inLanguage\":\"fr-FR\",\"@id\":\"https:\/\/footdavant.fr\/actualites\/#\/schema\/person\/image\/\",\"url\":\"https:\/\/secure.gravatar.com\/avatar\/7728b29aac2719421e1a9159b2254c44?s=96&d=mm&r=g\",\"contentUrl\":\"https:\/\/secure.gravatar.com\/avatar\/7728b29aac2719421e1a9159b2254c44?s=96&d=mm&r=g\",\"caption\":\"Cl\u00e9ment\"},\"sameAs\":[\"https:\/\/footdavant.fr\/\"]}]}<\/script>\n<!-- \/ Yoast SEO plugin. -->","yoast_head_json":{"title":"L&#39;entra\u00eeneur-chef de Thunder, Mark Daigneault, a-t-il besoin d&#39;ajuster la programmation de d\u00e9part pour le match 4 de la finale de la NBA?","robots":{"index":"index","follow":"follow","max-snippet":"max-snippet:-1","max-image-preview":"max-image-preview:large","max-video-preview":"max-video-preview:-1"},"canonical":"https:\/\/footdavant.fr\/actualites\/lentraineur-chef-de-thunder-mark-daigneault-a-t-il-besoin-dajuster-la-programmation-de-depart-pour-le-match-4-de-la-finale-de-la-nba\/","og_locale":"fr_FR","og_type":"article","og_title":"L&#39;entra\u00eeneur-chef de Thunder, Mark Daigneault, a-t-il besoin d&#39;ajuster la programmation de d\u00e9part pour le match 4 de la finale de la NBA?","og_description":"Le match 4 est essentiel pour les deux \u00e9quipes de cette s\u00e9rie. Une victoire pour le Thunder lie la s\u00e9rie 2-2 et leur donne \u00e0","og_url":"https:\/\/footdavant.fr\/actualites\/lentraineur-chef-de-thunder-mark-daigneault-a-t-il-besoin-dajuster-la-programmation-de-depart-pour-le-match-4-de-la-finale-de-la-nba\/","og_site_name":"Foot d&#039;avant","article_publisher":"https:\/\/www.facebook.com\/Footdavant\/","article_published_time":"2025-06-15T03:48:03+00:00","article_modified_time":"2025-06-15T03:48:04+00:00","og_image":[{"width":696,"height":391,"url":"https:\/\/footdavant.fr\/actualites\/wp-content\/uploads\/2025\/06\/L39entraineur-chef-de-Thunder-Mark-Daigneault-a-t-il-besoin-d39ajuster-la-programmation.jpg","type":"image\/jpeg"}],"author":"Cl\u00e9ment","twitter_card":"summary_large_image","twitter_creator":"@FootdavantFr","twitter_site":"@FootdavantFr","twitter_misc":{"\u00c9crit par":"Cl\u00e9ment","Dur\u00e9e de lecture estim\u00e9e":"2 minutes"},"schema":{"@context":"https:\/\/schema.org","@graph":[{"@type":"Article","@id":"https:\/\/footdavant.fr\/actualites\/lentraineur-chef-de-thunder-mark-daigneault-a-t-il-besoin-dajuster-la-programmation-de-depart-pour-le-match-4-de-la-finale-de-la-nba\/#article","isPartOf":{"@id":"https:\/\/footdavant.fr\/actualites\/lentraineur-chef-de-thunder-mark-daigneault-a-t-il-besoin-dajuster-la-programmation-de-depart-pour-le-match-4-de-la-finale-de-la-nba\/"},"author":{"name":"Cl\u00e9ment","@id":"https:\/\/footdavant.fr\/actualites\/#\/schema\/person\/bc222566d95871b37e597b3ed3ba5e1d"},"headline":"L&#39;entra\u00eeneur-chef de Thunder, Mark Daigneault, a-t-il besoin d&#39;ajuster la programmation de d\u00e9part pour le match 4 de la finale de la NBA?","datePublished":"2025-06-15T03:48:03+00:00","dateModified":"2025-06-15T03:48:04+00:00","mainEntityOfPage":{"@id":"https:\/\/footdavant.fr\/actualites\/lentraineur-chef-de-thunder-mark-daigneault-a-t-il-besoin-dajuster-la-programmation-de-depart-pour-le-match-4-de-la-finale-de-la-nba\/"},"wordCount":382,"publisher":{"@id":"https:\/\/footdavant.fr\/actualites\/#organization"},"keywords":["atil","besoin","d39ajuster","Daigneault","d\u00e9part","finale","L39entra\u00eeneurchef","Mark","match","NBA","pour","programmation","Thunder"],"articleSection":["Football"],"inLanguage":"fr-FR"},{"@type":"WebPage","@id":"https:\/\/footdavant.fr\/actualites\/lentraineur-chef-de-thunder-mark-daigneault-a-t-il-besoin-dajuster-la-programmation-de-depart-pour-le-match-4-de-la-finale-de-la-nba\/","url":"https:\/\/footdavant.fr\/actualites\/lentraineur-chef-de-thunder-mark-daigneault-a-t-il-besoin-dajuster-la-programmation-de-depart-pour-le-match-4-de-la-finale-de-la-nba\/","name":"L&#39;entra\u00eeneur-chef de Thunder, Mark Daigneault, a-t-il besoin d&#39;ajuster la programmation de d\u00e9part pour le match 4 de la finale de la NBA?","isPartOf":{"@id":"https:\/\/footdavant.fr\/actualites\/#website"},"datePublished":"2025-06-15T03:48:03+00:00","dateModified":"2025-06-15T03:48:04+00:00","breadcrumb":{"@id":"https:\/\/footdavant.fr\/actualites\/lentraineur-chef-de-thunder-mark-daigneault-a-t-il-besoin-dajuster-la-programmation-de-depart-pour-le-match-4-de-la-finale-de-la-nba\/#breadcrumb"},"inLanguage":"fr-FR","potentialAction":[{"@type":"ReadAction","target":["https:\/\/footdavant.fr\/actualites\/lentraineur-chef-de-thunder-mark-daigneault-a-t-il-besoin-dajuster-la-programmation-de-depart-pour-le-match-4-de-la-finale-de-la-nba\/"]}]},{"@type":"BreadcrumbList","@id":"https:\/\/footdavant.fr\/actualites\/lentraineur-chef-de-thunder-mark-daigneault-a-t-il-besoin-dajuster-la-programmation-de-depart-pour-le-match-4-de-la-finale-de-la-nba\/#breadcrumb","itemListElement":[{"@type":"ListItem","position":1,"name":"Accueil","item":"https:\/\/footdavant.fr\/actualites\/"},{"@type":"ListItem","position":2,"name":"L&#39;entra\u00eeneur-chef de Thunder, Mark Daigneault, a-t-il besoin d&#39;ajuster la programmation de d\u00e9part pour le match 4 de la finale de la NBA?"}]},{"@type":"WebSite","@id":"https:\/\/footdavant.fr\/actualites\/#website","url":"https:\/\/footdavant.fr\/actualites\/","name":"Foot d'avant","description":"","publisher":{"@id":"https:\/\/footdavant.fr\/actualites\/#organization"},"potentialAction":[{"@type":"SearchAction","target":{"@type":"EntryPoint","urlTemplate":"https:\/\/footdavant.fr\/actualites\/?s={search_term_string}"},"query-input":"required name=search_term_string"}],"inLanguage":"fr-FR"},{"@type":"Organization","@id":"https:\/\/footdavant.fr\/actualites\/#organization","name":"Foot d'avant","url":"https:\/\/footdavant.fr\/actualites\/","logo":{"@type":"ImageObject","inLanguage":"fr-FR","@id":"https:\/\/footdavant.fr\/actualites\/#\/schema\/logo\/image\/","url":"https:\/\/footdavant.fr\/actualites\/wp-content\/uploads\/2023\/09\/Copy-of-FootDavant-Logo.png","contentUrl":"https:\/\/footdavant.fr\/actualites\/wp-content\/uploads\/2023\/09\/Copy-of-FootDavant-Logo.png","width":936,"height":549,"caption":"Foot d'avant"},"image":{"@id":"https:\/\/footdavant.fr\/actualites\/#\/schema\/logo\/image\/"},"sameAs":["https:\/\/www.facebook.com\/Footdavant\/","https:\/\/twitter.com\/FootdavantFr","https:\/\/www.instagram.com\/footdavant.fr\/"]},{"@type":"Person","@id":"https:\/\/footdavant.fr\/actualites\/#\/schema\/person\/bc222566d95871b37e597b3ed3ba5e1d","name":"Cl\u00e9ment","image":{"@type":"ImageObject","inLanguage":"fr-FR","@id":"https:\/\/footdavant.fr\/actualites\/#\/schema\/person\/image\/","url":"https:\/\/secure.gravatar.com\/avatar\/7728b29aac2719421e1a9159b2254c44?s=96&d=mm&r=g","contentUrl":"https:\/\/secure.gravatar.com\/avatar\/7728b29aac2719421e1a9159b2254c44?s=96&d=mm&r=g","caption":"Cl\u00e9ment"},"sameAs":["https:\/\/footdavant.fr\/"]}]}},"_links":{"self":[{"href":"https:\/\/footdavant.fr\/actualites\/wp-json\/wp\/v2\/posts\/25079"}],"collection":[{"href":"https:\/\/footdavant.fr\/actualites\/wp-json\/wp\/v2\/posts"}],"about":[{"href":"https:\/\/footdavant.fr\/actualites\/wp-json\/wp\/v2\/types\/post"}],"author":[{"embeddable":true,"href":"https:\/\/footdavant.fr\/actualites\/wp-json\/wp\/v2\/users\/1"}],"replies":[{"embeddable":true,"href":"https:\/\/footdavant.fr\/actualites\/wp-json\/wp\/v2\/comments?post=25079"}],"version-history":[{"count":1,"href":"https:\/\/footdavant.fr\/actualites\/wp-json\/wp\/v2\/posts\/25079\/revisions"}],"predecessor-version":[{"id":25081,"href":"https:\/\/footdavant.fr\/actualites\/wp-json\/wp\/v2\/posts\/25079\/revisions\/25081"}],"wp:featuredmedia":[{"embeddable":true,"href":"https:\/\/footdavant.fr\/actualites\/wp-json\/wp\/v2\/media\/25080"}],"wp:attachment":[{"href":"https:\/\/footdavant.fr\/actualites\/wp-json\/wp\/v2\/media?parent=25079"}],"wp:term":[{"taxonomy":"category","embeddable":true,"href":"https:\/\/footdavant.fr\/actualites\/wp-json\/wp\/v2\/categories?post=25079"},{"taxonomy":"post_tag","embeddable":true,"href":"https:\/\/footdavant.fr\/actualites\/wp-json\/wp\/v2\/tags?post=25079"}],"curies":[{"name":"wp","href":"https:\/\/api.w.org\/{rel}","templated":true}]}}