{"id":25084,"date":"2025-06-15T09:48:11","date_gmt":"2025-06-15T07:48:11","guid":{"rendered":"https:\/\/footdavant.fr\/actualites\/palmeiras-v-porto-line-ups-statistiques-et-apercu\/"},"modified":"2025-06-15T09:48:16","modified_gmt":"2025-06-15T07:48:16","slug":"palmeiras-v-porto-line-ups-statistiques-et-apercu","status":"publish","type":"post","link":"https:\/\/footdavant.fr\/actualites\/palmeiras-v-porto-line-ups-statistiques-et-apercu\/","title":{"rendered":"Palmeiras v Porto: line-ups, statistiques et aper\u00e7u"},"content":{"rendered":"<div>\n<h2><span id=\"Palmeiras_v_Porto_match_preview\">Palmeiras v Porto Match Aper\u00e7u<\/span><\/h2>\n<figure class=\"si-lb-widget MatchInfoWithOddsV2\"><si-lb-widget widget-id=\"MatchInfoWithOddsV2\" width=\"900\" nopadding=\"true\" across-all-tournaments=\"true\" limit=\"5\" event-id=\"4685709\" provider=\"bet365\" card=\"true\" language=\"en\" acid=\"main_acm2151cf4\" abt-id=\"683db8b39b7d5d00346595a4\"><\/si-lb-widget><\/figure>\n<p>Palmeiras pourrait voir une rencontre avec des adversaires portugais comme un bon pr\u00e9sage lorsqu&#39;ils commencent dimanche leur calendrier de la Coupe du Monde du monde de la FIFA en 2025 contre Porto dans le New Jersey.<\/p>\n<p>Les premiers repr\u00e9sentants br\u00e9siliens \u00e0 remporter une version de la comp\u00e9tition &#8211; alors connu sous le nom de la Coupe Intercontinental &#8211; l&#39;ont fait contre Benfica en 1962, lorsque Pel\u00e9 a marqu\u00e9 deux des buts de Santos lors d&#39;une victoire 3-2 au Maracana.<\/p>\n<p>Seul le total de l&#39;Espagne de 13 titres dans les deux tournois \u00e9clipse les 10 triomphes comptabilis\u00e9s par le Br\u00e9sil, qui sont \u00e9galement repr\u00e9sent\u00e9s par Botafogo, Flamengo et Fluminense aux \u00c9tats-Unis cette fois-ci.<\/p>\n<p>L&#39;\u00e9quipe du patron portugais Abel Ferreira est \u00e0 trois points du rythme dans l&#39;\u00e9lite br\u00e9silienne apr\u00e8s 11 matchs de la saison, et le milieu de terrain Mauricio pense que Palmeiras pourrait avoir un avantage sur les \u00e9quipes qui sont \u00ab\u00e9puis\u00e9es\u00bb apr\u00e8s la fin de leurs horaires domestiques.<\/p>\n<h3><span id=\"FIFA_Club_World_Cup_Free_Bets_Best_UK_Betting_Sites_Tips_Betting_Offers\">Coupe du Monde du monde FIFA Paris gratuits &#8211; Meilleurs sites de paris au Royaume-Uni, conseils et offres de paris<\/span><\/h3>\n<p>\u00ab\u00a0Cela pourrait \u00eatre un facteur positif pour les \u00e9quipes br\u00e9siliennes\u00a0\u00bb, a d\u00e9clar\u00e9 le joueur de 23 ans. \u00abNous voulons toujours montrer que nous avons un niveau tr\u00e8s \u00e9lev\u00e9.<\/p>\n<p>\u00abAbel exige beaucoup de nous et nous exigeons beaucoup de nous.<\/p>\n<p>Porto a termin\u00e9 sa saison mixte il y a pr\u00e8s d&#39;un mois, terminant le troisi\u00e8me pour une deuxi\u00e8me ann\u00e9e cons\u00e9cutive dans la Liga de Primeira pour se qualifier \u00e0 nouveau pour la Ligue Europa, dans laquelle ils n&#39;ont pas r\u00e9ussi \u00e0 faire la phase \u00e0 \u00e9limination directe en 2024\/25.<\/p>\n<p>L&#39;Argentin Martin Anselmi a remplac\u00e9 Vitor Bruno en tant que manager en janvier apr\u00e8s que le club a mis fin au r\u00e8gne de six mois de son pr\u00e9d\u00e9cesseur.<\/p>\n<p>\u00ab\u00a0Nous parlons de deux clubs vraiment grands\u00a0\u00bb, a d\u00e9clar\u00e9 le d\u00e9fenseur central Ze Pedro \u00e0 Porto. \u00abNous allons l&#39;approcher avec le plus grand respect, mais nous voulons gagner.<\/p>\n<p>\u00abLe sentiment a \u00e9t\u00e9 tr\u00e8s bon. Le groupe a tr\u00e8s bien r\u00e9pondu \u00e0 ce que l&#39;entra\u00eeneur nous a demand\u00e9.<\/p>\n<p>\u00abNous recherchons toujours la victoire parce que c&#39;est ce dont nous sommes faits et c&#39;est pour cela que nous vivons. Nous devons honorer l&#39;histoire de Porto.\u00bb<\/p>\n<h2><span id=\"Palmeiras_v_Porto_team_news\">Palmeiras contre Porto Team News<\/span><\/h2>\n<p>Gustavo Gomez, Luiz Benedetti, Joaquin Piquerez, Emiliano Martinez, Richard Rios, Facundo Torres, Estevao et Luigi ont eu leur \u00ab\u00a0contr\u00f4l\u00e9e de charge\u00a0\u00bb lors de l&#39;entra\u00eenement de Palmeiras apr\u00e8s avoir rejoint l&#39;\u00e9quipe tard, selon Globo.<\/p>\n<p>Le point de vente a rapport\u00e9 que Gomez, Benedetti et Rios \u00e9taient \u00ables plus us\u00e9s\u00bb et n&#39;ont pas particip\u00e9 \u00e0 \u00ables travaux ax\u00e9s sur l&#39;organisation d\u00e9fensive et les contre-attaques\u00bb.<\/p>\n<p>Les gardiens de but Samuel Portugal et Goncalo Ribeiro ont \u00e9t\u00e9 des ajouts tardifs \u00e0 l&#39;\u00e9quipe de Porto apr\u00e8s que Diogo Costa a rat\u00e9 une partie de l&#39;entra\u00eenement avec une g\u00eane musculaire dans la cuisse du premier choix.<\/p>\n<p>Fabio Vieira est \u00e9ligible apr\u00e8s avoir pass\u00e9 la saison derni\u00e8re en pr\u00eat \u00e0 l&#39;Estadio do Dragao d&#39;Arsenal, tandis que le milieu de terrain Marko Grujic est sorti depuis septembre avec un probl\u00e8me de talon.<\/p>\n<blockquote class=\"instagram-media\" style=\"background: #FFF; border: 0; border-radius: 3px; box-shadow: 0 0 1px 0 rgba(0,0,0,0.5),0 1px 10px 0 rgba(0,0,0,0.15); margin: 1px; max-width: 540px; min-width: 326px; padding: 0; width: calc(100% - 2px);\" data-instgrm-permalink=\"https:\/\/www.instagram.com\/reel\/DK18OuFB0mR\/?utm_source=ig_embed&amp;utm_campaign=loading\" data-instgrm-version=\"14\"><\/blockquote>\n<div class=\"si-ab-section si-ab-section-standard \">\n<div class=\"si-ab-section__main\">\n<h2><span id=\"Palmeiras_v_Porto_expected_line-ups\">Palmeiras v Porto Line-ups attendues<\/span><\/h2>\n<p><span style=\"font-weight: 400;\">Lomba; Rocha, Fuchs, Micael, Vanderlan; Rios, Moreno; Estevao, Veiga, Mauricio; Roque<\/span><\/p>\n<p><span style=\"font-weight: 400;\">Ramos; Perez, Ze Pedro, Marcano; Mario, Eustaquio, Vieira, Moura; Pepe, Aghehowa, Mora<\/span><\/p>\n<\/div>\n<\/div>\n<div class=\"si-ab-section si-ab-section-standard \">\n<div class=\"si-ab-section__main\">\n<h2><span id=\"How_to_watch_Palmeiras_v_Porto_Live_stream_TV_channel\">Comment regarder Palmeiras contre Porto: diffusion en direct, cha\u00eene de t\u00e9l\u00e9vision<\/span><\/h2>\n<p>Le coup d&#39;envoi dimanche est \u00e0 23h00 BST, avec une couverture en direct sur Dazn.<\/p>\n<p>Les abonn\u00e9s de DAZN ou membre de Freemium peuvent se connecter dans le cadre de leur adh\u00e9sion existante, tandis que les non-abonn\u00e9s peuvent s&#39;inscrire \u00e0 un compte gratuit pour commencer \u00e0 regarder.<\/p>\n<p>Les fans peuvent regarder en d\u00e9placement via l&#39;application Dazn sur des t\u00e9l\u00e9viseurs intelligents, des t\u00e9l\u00e9phones, des tablettes, des consoles de jeux et des appareils de streaming.<\/p>\n<\/div>\n<\/div>\n<\/div>\n<p><script async src=\"\/\/www.instagram.com\/embed.js\"><\/script><\/p>\n","protected":false},"excerpt":{"rendered":"<p>Palmeiras v Porto Match Aper\u00e7u Palmeiras pourrait voir une rencontre avec des adversaires portugais comme un bon pr\u00e9sage lorsqu&#39;ils commencent dimanche leur calendrier de la<\/p>\n","protected":false},"author":1,"featured_media":25085,"comment_status":"closed","ping_status":"","sticky":false,"template":"","format":"standard","meta":{"footnotes":""},"categories":[3],"tags":[284,5145,2967,381,4115],"yoast_head":"<!-- This site is optimized with the Yoast SEO plugin v21.0 - https:\/\/yoast.com\/wordpress\/plugins\/seo\/ -->\n<title>Palmeiras v Porto: line-ups, statistiques et aper\u00e7u<\/title>\n<meta name=\"robots\" content=\"index, follow, max-snippet:-1, max-image-preview:large, max-video-preview:-1\" \/>\n<link rel=\"canonical\" href=\"https:\/\/footdavant.fr\/actualites\/palmeiras-v-porto-line-ups-statistiques-et-apercu\/\" \/>\n<meta property=\"og:locale\" content=\"fr_FR\" \/>\n<meta property=\"og:type\" content=\"article\" \/>\n<meta property=\"og:title\" content=\"Palmeiras v Porto: line-ups, statistiques et aper\u00e7u\" \/>\n<meta property=\"og:description\" content=\"Palmeiras v Porto Match Aper\u00e7u Palmeiras pourrait voir une rencontre avec des adversaires portugais comme un bon pr\u00e9sage lorsqu&#039;ils commencent dimanche leur calendrier de la\" \/>\n<meta property=\"og:url\" content=\"https:\/\/footdavant.fr\/actualites\/palmeiras-v-porto-line-ups-statistiques-et-apercu\/\" \/>\n<meta property=\"og:site_name\" content=\"Foot d&#039;avant\" \/>\n<meta property=\"article:publisher\" content=\"https:\/\/www.facebook.com\/Footdavant\/\" \/>\n<meta property=\"article:published_time\" content=\"2025-06-15T07:48:11+00:00\" \/>\n<meta property=\"article:modified_time\" content=\"2025-06-15T07:48:16+00:00\" \/>\n<meta property=\"og:image\" content=\"https:\/\/footdavant.fr\/actualites\/wp-content\/uploads\/2025\/06\/Palmeiras-v-Porto-line-ups-statistiques-et-apercu.png\" \/>\n\t<meta property=\"og:image:width\" content=\"1200\" \/>\n\t<meta property=\"og:image:height\" content=\"675\" \/>\n\t<meta property=\"og:image:type\" content=\"image\/png\" \/>\n<meta name=\"author\" content=\"Cl\u00e9ment\" \/>\n<meta name=\"twitter:card\" content=\"summary_large_image\" \/>\n<meta name=\"twitter:creator\" content=\"@FootdavantFr\" \/>\n<meta name=\"twitter:site\" content=\"@FootdavantFr\" \/>\n<meta name=\"twitter:label1\" content=\"\u00c9crit par\" \/>\n\t<meta name=\"twitter:data1\" content=\"Cl\u00e9ment\" \/>\n\t<meta name=\"twitter:label2\" content=\"Dur\u00e9e de lecture estim\u00e9e\" \/>\n\t<meta name=\"twitter:data2\" content=\"3 minutes\" \/>\n<script type=\"application\/ld+json\" class=\"yoast-schema-graph\">{\"@context\":\"https:\/\/schema.org\",\"@graph\":[{\"@type\":\"Article\",\"@id\":\"https:\/\/footdavant.fr\/actualites\/palmeiras-v-porto-line-ups-statistiques-et-apercu\/#article\",\"isPartOf\":{\"@id\":\"https:\/\/footdavant.fr\/actualites\/palmeiras-v-porto-line-ups-statistiques-et-apercu\/\"},\"author\":{\"name\":\"Cl\u00e9ment\",\"@id\":\"https:\/\/footdavant.fr\/actualites\/#\/schema\/person\/bc222566d95871b37e597b3ed3ba5e1d\"},\"headline\":\"Palmeiras v Porto: line-ups, statistiques et aper\u00e7u\",\"datePublished\":\"2025-06-15T07:48:11+00:00\",\"dateModified\":\"2025-06-15T07:48:16+00:00\",\"mainEntityOfPage\":{\"@id\":\"https:\/\/footdavant.fr\/actualites\/palmeiras-v-porto-line-ups-statistiques-et-apercu\/\"},\"wordCount\":694,\"publisher\":{\"@id\":\"https:\/\/footdavant.fr\/actualites\/#organization\"},\"keywords\":[\"Aper\u00e7u\",\"lineups\",\"Palmeiras\",\"Porto\",\"statistiques\"],\"articleSection\":[\"Football\"],\"inLanguage\":\"fr-FR\"},{\"@type\":\"WebPage\",\"@id\":\"https:\/\/footdavant.fr\/actualites\/palmeiras-v-porto-line-ups-statistiques-et-apercu\/\",\"url\":\"https:\/\/footdavant.fr\/actualites\/palmeiras-v-porto-line-ups-statistiques-et-apercu\/\",\"name\":\"Palmeiras v Porto: line-ups, statistiques et aper\u00e7u\",\"isPartOf\":{\"@id\":\"https:\/\/footdavant.fr\/actualites\/#website\"},\"datePublished\":\"2025-06-15T07:48:11+00:00\",\"dateModified\":\"2025-06-15T07:48:16+00:00\",\"breadcrumb\":{\"@id\":\"https:\/\/footdavant.fr\/actualites\/palmeiras-v-porto-line-ups-statistiques-et-apercu\/#breadcrumb\"},\"inLanguage\":\"fr-FR\",\"potentialAction\":[{\"@type\":\"ReadAction\",\"target\":[\"https:\/\/footdavant.fr\/actualites\/palmeiras-v-porto-line-ups-statistiques-et-apercu\/\"]}]},{\"@type\":\"BreadcrumbList\",\"@id\":\"https:\/\/footdavant.fr\/actualites\/palmeiras-v-porto-line-ups-statistiques-et-apercu\/#breadcrumb\",\"itemListElement\":[{\"@type\":\"ListItem\",\"position\":1,\"name\":\"Accueil\",\"item\":\"https:\/\/footdavant.fr\/actualites\/\"},{\"@type\":\"ListItem\",\"position\":2,\"name\":\"Palmeiras v Porto: line-ups, statistiques et aper\u00e7u\"}]},{\"@type\":\"WebSite\",\"@id\":\"https:\/\/footdavant.fr\/actualites\/#website\",\"url\":\"https:\/\/footdavant.fr\/actualites\/\",\"name\":\"Foot d'avant\",\"description\":\"\",\"publisher\":{\"@id\":\"https:\/\/footdavant.fr\/actualites\/#organization\"},\"potentialAction\":[{\"@type\":\"SearchAction\",\"target\":{\"@type\":\"EntryPoint\",\"urlTemplate\":\"https:\/\/footdavant.fr\/actualites\/?s={search_term_string}\"},\"query-input\":\"required name=search_term_string\"}],\"inLanguage\":\"fr-FR\"},{\"@type\":\"Organization\",\"@id\":\"https:\/\/footdavant.fr\/actualites\/#organization\",\"name\":\"Foot d'avant\",\"url\":\"https:\/\/footdavant.fr\/actualites\/\",\"logo\":{\"@type\":\"ImageObject\",\"inLanguage\":\"fr-FR\",\"@id\":\"https:\/\/footdavant.fr\/actualites\/#\/schema\/logo\/image\/\",\"url\":\"https:\/\/footdavant.fr\/actualites\/wp-content\/uploads\/2023\/09\/Copy-of-FootDavant-Logo.png\",\"contentUrl\":\"https:\/\/footdavant.fr\/actualites\/wp-content\/uploads\/2023\/09\/Copy-of-FootDavant-Logo.png\",\"width\":936,\"height\":549,\"caption\":\"Foot d'avant\"},\"image\":{\"@id\":\"https:\/\/footdavant.fr\/actualites\/#\/schema\/logo\/image\/\"},\"sameAs\":[\"https:\/\/www.facebook.com\/Footdavant\/\",\"https:\/\/twitter.com\/FootdavantFr\",\"https:\/\/www.instagram.com\/footdavant.fr\/\"]},{\"@type\":\"Person\",\"@id\":\"https:\/\/footdavant.fr\/actualites\/#\/schema\/person\/bc222566d95871b37e597b3ed3ba5e1d\",\"name\":\"Cl\u00e9ment\",\"image\":{\"@type\":\"ImageObject\",\"inLanguage\":\"fr-FR\",\"@id\":\"https:\/\/footdavant.fr\/actualites\/#\/schema\/person\/image\/\",\"url\":\"https:\/\/secure.gravatar.com\/avatar\/7728b29aac2719421e1a9159b2254c44?s=96&d=mm&r=g\",\"contentUrl\":\"https:\/\/secure.gravatar.com\/avatar\/7728b29aac2719421e1a9159b2254c44?s=96&d=mm&r=g\",\"caption\":\"Cl\u00e9ment\"},\"sameAs\":[\"https:\/\/footdavant.fr\/\"]}]}<\/script>\n<!-- \/ Yoast SEO plugin. -->","yoast_head_json":{"title":"Palmeiras v Porto: line-ups, statistiques et aper\u00e7u","robots":{"index":"index","follow":"follow","max-snippet":"max-snippet:-1","max-image-preview":"max-image-preview:large","max-video-preview":"max-video-preview:-1"},"canonical":"https:\/\/footdavant.fr\/actualites\/palmeiras-v-porto-line-ups-statistiques-et-apercu\/","og_locale":"fr_FR","og_type":"article","og_title":"Palmeiras v Porto: line-ups, statistiques et aper\u00e7u","og_description":"Palmeiras v Porto Match Aper\u00e7u Palmeiras pourrait voir une rencontre avec des adversaires portugais comme un bon pr\u00e9sage lorsqu&#39;ils commencent dimanche leur calendrier de la","og_url":"https:\/\/footdavant.fr\/actualites\/palmeiras-v-porto-line-ups-statistiques-et-apercu\/","og_site_name":"Foot d&#039;avant","article_publisher":"https:\/\/www.facebook.com\/Footdavant\/","article_published_time":"2025-06-15T07:48:11+00:00","article_modified_time":"2025-06-15T07:48:16+00:00","og_image":[{"width":1200,"height":675,"url":"https:\/\/footdavant.fr\/actualites\/wp-content\/uploads\/2025\/06\/Palmeiras-v-Porto-line-ups-statistiques-et-apercu.png","type":"image\/png"}],"author":"Cl\u00e9ment","twitter_card":"summary_large_image","twitter_creator":"@FootdavantFr","twitter_site":"@FootdavantFr","twitter_misc":{"\u00c9crit par":"Cl\u00e9ment","Dur\u00e9e de lecture estim\u00e9e":"3 minutes"},"schema":{"@context":"https:\/\/schema.org","@graph":[{"@type":"Article","@id":"https:\/\/footdavant.fr\/actualites\/palmeiras-v-porto-line-ups-statistiques-et-apercu\/#article","isPartOf":{"@id":"https:\/\/footdavant.fr\/actualites\/palmeiras-v-porto-line-ups-statistiques-et-apercu\/"},"author":{"name":"Cl\u00e9ment","@id":"https:\/\/footdavant.fr\/actualites\/#\/schema\/person\/bc222566d95871b37e597b3ed3ba5e1d"},"headline":"Palmeiras v Porto: line-ups, statistiques et aper\u00e7u","datePublished":"2025-06-15T07:48:11+00:00","dateModified":"2025-06-15T07:48:16+00:00","mainEntityOfPage":{"@id":"https:\/\/footdavant.fr\/actualites\/palmeiras-v-porto-line-ups-statistiques-et-apercu\/"},"wordCount":694,"publisher":{"@id":"https:\/\/footdavant.fr\/actualites\/#organization"},"keywords":["Aper\u00e7u","lineups","Palmeiras","Porto","statistiques"],"articleSection":["Football"],"inLanguage":"fr-FR"},{"@type":"WebPage","@id":"https:\/\/footdavant.fr\/actualites\/palmeiras-v-porto-line-ups-statistiques-et-apercu\/","url":"https:\/\/footdavant.fr\/actualites\/palmeiras-v-porto-line-ups-statistiques-et-apercu\/","name":"Palmeiras v Porto: line-ups, statistiques et aper\u00e7u","isPartOf":{"@id":"https:\/\/footdavant.fr\/actualites\/#website"},"datePublished":"2025-06-15T07:48:11+00:00","dateModified":"2025-06-15T07:48:16+00:00","breadcrumb":{"@id":"https:\/\/footdavant.fr\/actualites\/palmeiras-v-porto-line-ups-statistiques-et-apercu\/#breadcrumb"},"inLanguage":"fr-FR","potentialAction":[{"@type":"ReadAction","target":["https:\/\/footdavant.fr\/actualites\/palmeiras-v-porto-line-ups-statistiques-et-apercu\/"]}]},{"@type":"BreadcrumbList","@id":"https:\/\/footdavant.fr\/actualites\/palmeiras-v-porto-line-ups-statistiques-et-apercu\/#breadcrumb","itemListElement":[{"@type":"ListItem","position":1,"name":"Accueil","item":"https:\/\/footdavant.fr\/actualites\/"},{"@type":"ListItem","position":2,"name":"Palmeiras v Porto: line-ups, statistiques et aper\u00e7u"}]},{"@type":"WebSite","@id":"https:\/\/footdavant.fr\/actualites\/#website","url":"https:\/\/footdavant.fr\/actualites\/","name":"Foot d'avant","description":"","publisher":{"@id":"https:\/\/footdavant.fr\/actualites\/#organization"},"potentialAction":[{"@type":"SearchAction","target":{"@type":"EntryPoint","urlTemplate":"https:\/\/footdavant.fr\/actualites\/?s={search_term_string}"},"query-input":"required name=search_term_string"}],"inLanguage":"fr-FR"},{"@type":"Organization","@id":"https:\/\/footdavant.fr\/actualites\/#organization","name":"Foot d'avant","url":"https:\/\/footdavant.fr\/actualites\/","logo":{"@type":"ImageObject","inLanguage":"fr-FR","@id":"https:\/\/footdavant.fr\/actualites\/#\/schema\/logo\/image\/","url":"https:\/\/footdavant.fr\/actualites\/wp-content\/uploads\/2023\/09\/Copy-of-FootDavant-Logo.png","contentUrl":"https:\/\/footdavant.fr\/actualites\/wp-content\/uploads\/2023\/09\/Copy-of-FootDavant-Logo.png","width":936,"height":549,"caption":"Foot d'avant"},"image":{"@id":"https:\/\/footdavant.fr\/actualites\/#\/schema\/logo\/image\/"},"sameAs":["https:\/\/www.facebook.com\/Footdavant\/","https:\/\/twitter.com\/FootdavantFr","https:\/\/www.instagram.com\/footdavant.fr\/"]},{"@type":"Person","@id":"https:\/\/footdavant.fr\/actualites\/#\/schema\/person\/bc222566d95871b37e597b3ed3ba5e1d","name":"Cl\u00e9ment","image":{"@type":"ImageObject","inLanguage":"fr-FR","@id":"https:\/\/footdavant.fr\/actualites\/#\/schema\/person\/image\/","url":"https:\/\/secure.gravatar.com\/avatar\/7728b29aac2719421e1a9159b2254c44?s=96&d=mm&r=g","contentUrl":"https:\/\/secure.gravatar.com\/avatar\/7728b29aac2719421e1a9159b2254c44?s=96&d=mm&r=g","caption":"Cl\u00e9ment"},"sameAs":["https:\/\/footdavant.fr\/"]}]}},"_links":{"self":[{"href":"https:\/\/footdavant.fr\/actualites\/wp-json\/wp\/v2\/posts\/25084"}],"collection":[{"href":"https:\/\/footdavant.fr\/actualites\/wp-json\/wp\/v2\/posts"}],"about":[{"href":"https:\/\/footdavant.fr\/actualites\/wp-json\/wp\/v2\/types\/post"}],"author":[{"embeddable":true,"href":"https:\/\/footdavant.fr\/actualites\/wp-json\/wp\/v2\/users\/1"}],"replies":[{"embeddable":true,"href":"https:\/\/footdavant.fr\/actualites\/wp-json\/wp\/v2\/comments?post=25084"}],"version-history":[{"count":1,"href":"https:\/\/footdavant.fr\/actualites\/wp-json\/wp\/v2\/posts\/25084\/revisions"}],"predecessor-version":[{"id":25086,"href":"https:\/\/footdavant.fr\/actualites\/wp-json\/wp\/v2\/posts\/25084\/revisions\/25086"}],"wp:featuredmedia":[{"embeddable":true,"href":"https:\/\/footdavant.fr\/actualites\/wp-json\/wp\/v2\/media\/25085"}],"wp:attachment":[{"href":"https:\/\/footdavant.fr\/actualites\/wp-json\/wp\/v2\/media?parent=25084"}],"wp:term":[{"taxonomy":"category","embeddable":true,"href":"https:\/\/footdavant.fr\/actualites\/wp-json\/wp\/v2\/categories?post=25084"},{"taxonomy":"post_tag","embeddable":true,"href":"https:\/\/footdavant.fr\/actualites\/wp-json\/wp\/v2\/tags?post=25084"}],"curies":[{"name":"wp","href":"https:\/\/api.w.org\/{rel}","templated":true}]}}