{"id":25093,"date":"2025-06-15T15:48:04","date_gmt":"2025-06-15T13:48:04","guid":{"rendered":"https:\/\/footdavant.fr\/actualites\/man-united-complete-matheus-cunha-deal-quand-bresilien-bresilien-make-red-devils-fera-t-il-ses-debuts\/"},"modified":"2025-06-15T15:48:07","modified_gmt":"2025-06-15T13:48:07","slug":"man-united-complete-matheus-cunha-deal-quand-bresilien-bresilien-make-red-devils-fera-t-il-ses-debuts","status":"publish","type":"post","link":"https:\/\/footdavant.fr\/actualites\/man-united-complete-matheus-cunha-deal-quand-bresilien-bresilien-make-red-devils-fera-t-il-ses-debuts\/","title":{"rendered":"Man United Complete Matheus Cunha Deal: Quand Br\u00e9silien Br\u00e9silien Make Red Devils fera-t-il ses d\u00e9buts?"},"content":{"rendered":"<p>Manchester United confirme l&#39;arriv\u00e9e de Matheus Cunha de Wolverhampton Wanderers sur un premier contrat de cinq ans.<\/p>\n<div id=\"article_body\" itemprop=\"articleBody\">\n<h3 class=\"firstPara\"><\/h3>\n<p><strong class=\"autotag\">Manchester United<\/strong> ont confirm\u00e9 l&#39;arriv\u00e9e de <strong class=\"autotag\">Matheus cunha<\/strong> depuis <strong class=\"autotag\">Wolverhampton Wanderers<\/strong>.<\/p>\n<p>L&#39;international br\u00e9silien a r\u00e9dig\u00e9 un contrat de cinq ans avec les 20 champions anglais, mais il est \u00e9galement possible de prolonger son accord pendant 12 mois suppl\u00e9mentaires pour le prendre jusqu&#39;en juin 2031.<\/p>\n<p>\u00ab\u00a0Il est difficile de mettre en mots mes sentiments de devenir un joueur de Manchester United. Depuis que j&#39;\u00e9tais un enfant au Br\u00e9sil \u00e0 regarder des matchs de Premier League \u00e0 la t\u00e9l\u00e9vision chez ma grand-m\u00e8re, United \u00e9tait mon \u00e9quipe anglaise pr\u00e9f\u00e9r\u00e9e et j&#39;ai r\u00eav\u00e9 de porter la chemise rouge\u00a0\u00bb, a d\u00e9clar\u00e9 Cunha sur le site officiel du club.<\/p>\n<p>\u00abJe tiens \u00e0 remercier ma famille et tous ceux qui m&#39;ont aid\u00e9 \u00e0 faire de ce r\u00eave une r\u00e9alit\u00e9.<\/p>\n<p>\u00abJ&#39;ai h\u00e2te que le d\u00e9but de la pr\u00e9-saison puisse conna\u00eetre mes co\u00e9quipiers et pr\u00e9parer la saison \u00e0 venir. Tout mon objectif est maintenant de travailler dur pour devenir une partie pr\u00e9cieuse de l&#39;\u00e9quipe et aider \u00e0 remettre ce club au sommet.\u00bb<\/p>\n<p>Pendant ce temps, le directeur du football de Man United, Jason Wilcox, a ajout\u00e9: a ajout\u00e9: <meta charset=\"UTF-8\"> \u00abApporter Matheus a \u00e9t\u00e9 l&#39;une de nos principales priorit\u00e9s pour cet \u00e9t\u00e9, nous sommes donc ravis d&#39;avoir termin\u00e9 sa signature si t\u00f4t dans la fen\u00eatre.<\/p>\n<p>\u00ab\u00a0Il a prouv\u00e9 sa capacit\u00e9 \u00e0 r\u00e9ussir en Premier League en tant que l&#39;un des attaquants les plus excitants et les plus productifs d&#39;Angleterre pendant son s\u00e9jour \u00e0 Wolves, et, avant cela, en Espagne et en Allemagne. Il a toutes les qualit\u00e9s que nous recherchons alors que nous cherchons \u00e0 constituer une \u00e9quipe forte, dynamique et divertissante capable de remettre en question les plus gros hontes.\u00a0\u00bb<\/p>\n<p>Man United a activ\u00e9 une clause de lib\u00e9ration de 62,5 millions de livres sterling dans le contrat de Cunha plus t\u00f4t ce mois-ci, et son passage \u00e0 Old Trafford a maintenant \u00e9t\u00e9 officiellement achev\u00e9.<\/p>\n<p>Cunha a connu une impressionnante campagne en 2024-25 pour les Wolves, marquant 17 buts et enregistrant six passes d\u00e9cisives en 36 apparitions pour le club, dont 15 buts en Premier League.<\/p>\n<p>Pendant ce temps, le joueur de 26 ans a quitt\u00e9 Molineux avec un record de 33 buts et 15 passes d\u00e9cisives en 92 apparitions.<\/p>\n<p class=\"imgI\">\n<p>Cunha a r\u00e9cemment \u00e9t\u00e9 en action pour le Br\u00e9sil, et il a fourni une passe d\u00e9cisive dans le succ\u00e8s 1-0 de son \u00e9quipe nationale sur le Paraguay la derni\u00e8re fois.<\/p>\n<p>L&#39;attaquant aura d\u00e9sormais une p\u00e9riode de repos avant de se connecter avec ses nouveaux co\u00e9quipiers \u00e0 Man United, avec l&#39;entra\u00eenement de pr\u00e9-saison du club qui devrait commencer fin juin ou d\u00e9but juillet.<\/p>\n<p>Les Red Devils affronteront Leeds United lors de leur premier match de pr\u00e9-saison le 19 juillet, et il y a toutes les chances que la nouvelle signature du club fasse ses d\u00e9buts dans ce match particulier.<\/p>\n<p><strong class=\"autotag\">Ruben Amorim<\/strong>L&#39;\u00e9quipe de s&#39;attaquera \u00e9galement \u00e0 West Ham United, Bournemouth, Everton et Fiorentina dans le cadre de leurs pr\u00e9paratifs pour la campagne 2025-26.<\/p>\n<div class=\"author_box\">\n<div class=\"author_box_banner\"> <img decoding=\"async\" class=\"author_img\" src=\"https:\/\/footdavant.fr\/actualites\/wp-content\/uploads\/2025\/06\/1749851283_714_Man-United-Transfer-News-Antony-Dernier-revele-apres-le-spectaculaire.jpg\"><\/div>\n<\/div>\n<\/div>\n","protected":false},"excerpt":{"rendered":"<p>Manchester United confirme l&#39;arriv\u00e9e de Matheus Cunha de Wolverhampton Wanderers sur un premier contrat de cinq ans. Manchester United ont confirm\u00e9 l&#39;arriv\u00e9e de Matheus cunha<\/p>\n","protected":false},"author":1,"featured_media":25094,"comment_status":"closed","ping_status":"","sticky":false,"template":"","format":"standard","meta":{"footnotes":""},"categories":[5],"tags":[3419,2660,2092,7849,721,265,6408,24,769,561,536,154,13],"yoast_head":"<!-- This site is optimized with the Yoast SEO plugin v21.0 - https:\/\/yoast.com\/wordpress\/plugins\/seo\/ -->\n<title>Man United Complete Matheus Cunha Deal: Quand Br\u00e9silien Br\u00e9silien Make Red Devils fera-t-il ses d\u00e9buts?<\/title>\n<meta name=\"robots\" content=\"index, follow, max-snippet:-1, max-image-preview:large, max-video-preview:-1\" \/>\n<link rel=\"canonical\" href=\"https:\/\/footdavant.fr\/actualites\/man-united-complete-matheus-cunha-deal-quand-bresilien-bresilien-make-red-devils-fera-t-il-ses-debuts\/\" \/>\n<meta property=\"og:locale\" content=\"fr_FR\" \/>\n<meta property=\"og:type\" content=\"article\" \/>\n<meta property=\"og:title\" content=\"Man United Complete Matheus Cunha Deal: Quand Br\u00e9silien Br\u00e9silien Make Red Devils fera-t-il ses d\u00e9buts?\" \/>\n<meta property=\"og:description\" content=\"Manchester United confirme l&#039;arriv\u00e9e de Matheus Cunha de Wolverhampton Wanderers sur un premier contrat de cinq ans. Manchester United ont confirm\u00e9 l&#039;arriv\u00e9e de Matheus cunha\" \/>\n<meta property=\"og:url\" content=\"https:\/\/footdavant.fr\/actualites\/man-united-complete-matheus-cunha-deal-quand-bresilien-bresilien-make-red-devils-fera-t-il-ses-debuts\/\" \/>\n<meta property=\"og:site_name\" content=\"Foot d&#039;avant\" \/>\n<meta property=\"article:publisher\" content=\"https:\/\/www.facebook.com\/Footdavant\/\" \/>\n<meta property=\"article:published_time\" content=\"2025-06-15T13:48:04+00:00\" \/>\n<meta property=\"article:modified_time\" content=\"2025-06-15T13:48:07+00:00\" \/>\n<meta property=\"og:image\" content=\"https:\/\/footdavant.fr\/actualites\/wp-content\/uploads\/2025\/06\/1749995285_Man-United-Complete-Matheus-Cunha-Deal-Quand-Bresilien-Bresilien-Make.jpg\" \/>\n\t<meta property=\"og:image:width\" content=\"1280\" \/>\n\t<meta property=\"og:image:height\" content=\"960\" \/>\n\t<meta property=\"og:image:type\" content=\"image\/jpeg\" \/>\n<meta name=\"author\" content=\"Cl\u00e9ment\" \/>\n<meta name=\"twitter:card\" content=\"summary_large_image\" \/>\n<meta name=\"twitter:creator\" content=\"@FootdavantFr\" \/>\n<meta name=\"twitter:site\" content=\"@FootdavantFr\" \/>\n<meta name=\"twitter:label1\" content=\"\u00c9crit par\" \/>\n\t<meta name=\"twitter:data1\" content=\"Cl\u00e9ment\" \/>\n\t<meta name=\"twitter:label2\" content=\"Dur\u00e9e de lecture estim\u00e9e\" \/>\n\t<meta name=\"twitter:data2\" content=\"3 minutes\" \/>\n<script type=\"application\/ld+json\" class=\"yoast-schema-graph\">{\"@context\":\"https:\/\/schema.org\",\"@graph\":[{\"@type\":\"Article\",\"@id\":\"https:\/\/footdavant.fr\/actualites\/man-united-complete-matheus-cunha-deal-quand-bresilien-bresilien-make-red-devils-fera-t-il-ses-debuts\/#article\",\"isPartOf\":{\"@id\":\"https:\/\/footdavant.fr\/actualites\/man-united-complete-matheus-cunha-deal-quand-bresilien-bresilien-make-red-devils-fera-t-il-ses-debuts\/\"},\"author\":{\"name\":\"Cl\u00e9ment\",\"@id\":\"https:\/\/footdavant.fr\/actualites\/#\/schema\/person\/bc222566d95871b37e597b3ed3ba5e1d\"},\"headline\":\"Man United Complete Matheus Cunha Deal: Quand Br\u00e9silien Br\u00e9silien Make Red Devils fera-t-il ses d\u00e9buts?\",\"datePublished\":\"2025-06-15T13:48:04+00:00\",\"dateModified\":\"2025-06-15T13:48:07+00:00\",\"mainEntityOfPage\":{\"@id\":\"https:\/\/footdavant.fr\/actualites\/man-united-complete-matheus-cunha-deal-quand-bresilien-bresilien-make-red-devils-fera-t-il-ses-debuts\/\"},\"wordCount\":555,\"publisher\":{\"@id\":\"https:\/\/footdavant.fr\/actualites\/#organization\"},\"keywords\":[\"br\u00e9silien\",\"compl\u00e8te\",\"Cunha\",\"Deal\",\"d\u00e9buts\",\"Devils\",\"feratil\",\"Man\",\"Matheus\",\"quand\",\"Red\",\"ses\",\"United\"],\"articleSection\":[\"Premier League\"],\"inLanguage\":\"fr-FR\"},{\"@type\":\"WebPage\",\"@id\":\"https:\/\/footdavant.fr\/actualites\/man-united-complete-matheus-cunha-deal-quand-bresilien-bresilien-make-red-devils-fera-t-il-ses-debuts\/\",\"url\":\"https:\/\/footdavant.fr\/actualites\/man-united-complete-matheus-cunha-deal-quand-bresilien-bresilien-make-red-devils-fera-t-il-ses-debuts\/\",\"name\":\"Man United Complete Matheus Cunha Deal: Quand Br\u00e9silien Br\u00e9silien Make Red Devils fera-t-il ses d\u00e9buts?\",\"isPartOf\":{\"@id\":\"https:\/\/footdavant.fr\/actualites\/#website\"},\"datePublished\":\"2025-06-15T13:48:04+00:00\",\"dateModified\":\"2025-06-15T13:48:07+00:00\",\"breadcrumb\":{\"@id\":\"https:\/\/footdavant.fr\/actualites\/man-united-complete-matheus-cunha-deal-quand-bresilien-bresilien-make-red-devils-fera-t-il-ses-debuts\/#breadcrumb\"},\"inLanguage\":\"fr-FR\",\"potentialAction\":[{\"@type\":\"ReadAction\",\"target\":[\"https:\/\/footdavant.fr\/actualites\/man-united-complete-matheus-cunha-deal-quand-bresilien-bresilien-make-red-devils-fera-t-il-ses-debuts\/\"]}]},{\"@type\":\"BreadcrumbList\",\"@id\":\"https:\/\/footdavant.fr\/actualites\/man-united-complete-matheus-cunha-deal-quand-bresilien-bresilien-make-red-devils-fera-t-il-ses-debuts\/#breadcrumb\",\"itemListElement\":[{\"@type\":\"ListItem\",\"position\":1,\"name\":\"Accueil\",\"item\":\"https:\/\/footdavant.fr\/actualites\/\"},{\"@type\":\"ListItem\",\"position\":2,\"name\":\"Man United Complete Matheus Cunha Deal: Quand Br\u00e9silien Br\u00e9silien Make Red Devils fera-t-il ses d\u00e9buts?\"}]},{\"@type\":\"WebSite\",\"@id\":\"https:\/\/footdavant.fr\/actualites\/#website\",\"url\":\"https:\/\/footdavant.fr\/actualites\/\",\"name\":\"Foot d'avant\",\"description\":\"\",\"publisher\":{\"@id\":\"https:\/\/footdavant.fr\/actualites\/#organization\"},\"potentialAction\":[{\"@type\":\"SearchAction\",\"target\":{\"@type\":\"EntryPoint\",\"urlTemplate\":\"https:\/\/footdavant.fr\/actualites\/?s={search_term_string}\"},\"query-input\":\"required name=search_term_string\"}],\"inLanguage\":\"fr-FR\"},{\"@type\":\"Organization\",\"@id\":\"https:\/\/footdavant.fr\/actualites\/#organization\",\"name\":\"Foot d'avant\",\"url\":\"https:\/\/footdavant.fr\/actualites\/\",\"logo\":{\"@type\":\"ImageObject\",\"inLanguage\":\"fr-FR\",\"@id\":\"https:\/\/footdavant.fr\/actualites\/#\/schema\/logo\/image\/\",\"url\":\"https:\/\/footdavant.fr\/actualites\/wp-content\/uploads\/2023\/09\/Copy-of-FootDavant-Logo.png\",\"contentUrl\":\"https:\/\/footdavant.fr\/actualites\/wp-content\/uploads\/2023\/09\/Copy-of-FootDavant-Logo.png\",\"width\":936,\"height\":549,\"caption\":\"Foot d'avant\"},\"image\":{\"@id\":\"https:\/\/footdavant.fr\/actualites\/#\/schema\/logo\/image\/\"},\"sameAs\":[\"https:\/\/www.facebook.com\/Footdavant\/\",\"https:\/\/twitter.com\/FootdavantFr\",\"https:\/\/www.instagram.com\/footdavant.fr\/\"]},{\"@type\":\"Person\",\"@id\":\"https:\/\/footdavant.fr\/actualites\/#\/schema\/person\/bc222566d95871b37e597b3ed3ba5e1d\",\"name\":\"Cl\u00e9ment\",\"image\":{\"@type\":\"ImageObject\",\"inLanguage\":\"fr-FR\",\"@id\":\"https:\/\/footdavant.fr\/actualites\/#\/schema\/person\/image\/\",\"url\":\"https:\/\/secure.gravatar.com\/avatar\/7728b29aac2719421e1a9159b2254c44?s=96&d=mm&r=g\",\"contentUrl\":\"https:\/\/secure.gravatar.com\/avatar\/7728b29aac2719421e1a9159b2254c44?s=96&d=mm&r=g\",\"caption\":\"Cl\u00e9ment\"},\"sameAs\":[\"https:\/\/footdavant.fr\/\"]}]}<\/script>\n<!-- \/ Yoast SEO plugin. -->","yoast_head_json":{"title":"Man United Complete Matheus Cunha Deal: Quand Br\u00e9silien Br\u00e9silien Make Red Devils fera-t-il ses d\u00e9buts?","robots":{"index":"index","follow":"follow","max-snippet":"max-snippet:-1","max-image-preview":"max-image-preview:large","max-video-preview":"max-video-preview:-1"},"canonical":"https:\/\/footdavant.fr\/actualites\/man-united-complete-matheus-cunha-deal-quand-bresilien-bresilien-make-red-devils-fera-t-il-ses-debuts\/","og_locale":"fr_FR","og_type":"article","og_title":"Man United Complete Matheus Cunha Deal: Quand Br\u00e9silien Br\u00e9silien Make Red Devils fera-t-il ses d\u00e9buts?","og_description":"Manchester United confirme l&#39;arriv\u00e9e de Matheus Cunha de Wolverhampton Wanderers sur un premier contrat de cinq ans. Manchester United ont confirm\u00e9 l&#39;arriv\u00e9e de Matheus cunha","og_url":"https:\/\/footdavant.fr\/actualites\/man-united-complete-matheus-cunha-deal-quand-bresilien-bresilien-make-red-devils-fera-t-il-ses-debuts\/","og_site_name":"Foot d&#039;avant","article_publisher":"https:\/\/www.facebook.com\/Footdavant\/","article_published_time":"2025-06-15T13:48:04+00:00","article_modified_time":"2025-06-15T13:48:07+00:00","og_image":[{"width":1280,"height":960,"url":"https:\/\/footdavant.fr\/actualites\/wp-content\/uploads\/2025\/06\/1749995285_Man-United-Complete-Matheus-Cunha-Deal-Quand-Bresilien-Bresilien-Make.jpg","type":"image\/jpeg"}],"author":"Cl\u00e9ment","twitter_card":"summary_large_image","twitter_creator":"@FootdavantFr","twitter_site":"@FootdavantFr","twitter_misc":{"\u00c9crit par":"Cl\u00e9ment","Dur\u00e9e de lecture estim\u00e9e":"3 minutes"},"schema":{"@context":"https:\/\/schema.org","@graph":[{"@type":"Article","@id":"https:\/\/footdavant.fr\/actualites\/man-united-complete-matheus-cunha-deal-quand-bresilien-bresilien-make-red-devils-fera-t-il-ses-debuts\/#article","isPartOf":{"@id":"https:\/\/footdavant.fr\/actualites\/man-united-complete-matheus-cunha-deal-quand-bresilien-bresilien-make-red-devils-fera-t-il-ses-debuts\/"},"author":{"name":"Cl\u00e9ment","@id":"https:\/\/footdavant.fr\/actualites\/#\/schema\/person\/bc222566d95871b37e597b3ed3ba5e1d"},"headline":"Man United Complete Matheus Cunha Deal: Quand Br\u00e9silien Br\u00e9silien Make Red Devils fera-t-il ses d\u00e9buts?","datePublished":"2025-06-15T13:48:04+00:00","dateModified":"2025-06-15T13:48:07+00:00","mainEntityOfPage":{"@id":"https:\/\/footdavant.fr\/actualites\/man-united-complete-matheus-cunha-deal-quand-bresilien-bresilien-make-red-devils-fera-t-il-ses-debuts\/"},"wordCount":555,"publisher":{"@id":"https:\/\/footdavant.fr\/actualites\/#organization"},"keywords":["br\u00e9silien","compl\u00e8te","Cunha","Deal","d\u00e9buts","Devils","feratil","Man","Matheus","quand","Red","ses","United"],"articleSection":["Premier League"],"inLanguage":"fr-FR"},{"@type":"WebPage","@id":"https:\/\/footdavant.fr\/actualites\/man-united-complete-matheus-cunha-deal-quand-bresilien-bresilien-make-red-devils-fera-t-il-ses-debuts\/","url":"https:\/\/footdavant.fr\/actualites\/man-united-complete-matheus-cunha-deal-quand-bresilien-bresilien-make-red-devils-fera-t-il-ses-debuts\/","name":"Man United Complete Matheus Cunha Deal: Quand Br\u00e9silien Br\u00e9silien Make Red Devils fera-t-il ses d\u00e9buts?","isPartOf":{"@id":"https:\/\/footdavant.fr\/actualites\/#website"},"datePublished":"2025-06-15T13:48:04+00:00","dateModified":"2025-06-15T13:48:07+00:00","breadcrumb":{"@id":"https:\/\/footdavant.fr\/actualites\/man-united-complete-matheus-cunha-deal-quand-bresilien-bresilien-make-red-devils-fera-t-il-ses-debuts\/#breadcrumb"},"inLanguage":"fr-FR","potentialAction":[{"@type":"ReadAction","target":["https:\/\/footdavant.fr\/actualites\/man-united-complete-matheus-cunha-deal-quand-bresilien-bresilien-make-red-devils-fera-t-il-ses-debuts\/"]}]},{"@type":"BreadcrumbList","@id":"https:\/\/footdavant.fr\/actualites\/man-united-complete-matheus-cunha-deal-quand-bresilien-bresilien-make-red-devils-fera-t-il-ses-debuts\/#breadcrumb","itemListElement":[{"@type":"ListItem","position":1,"name":"Accueil","item":"https:\/\/footdavant.fr\/actualites\/"},{"@type":"ListItem","position":2,"name":"Man United Complete Matheus Cunha Deal: Quand Br\u00e9silien Br\u00e9silien Make Red Devils fera-t-il ses d\u00e9buts?"}]},{"@type":"WebSite","@id":"https:\/\/footdavant.fr\/actualites\/#website","url":"https:\/\/footdavant.fr\/actualites\/","name":"Foot d'avant","description":"","publisher":{"@id":"https:\/\/footdavant.fr\/actualites\/#organization"},"potentialAction":[{"@type":"SearchAction","target":{"@type":"EntryPoint","urlTemplate":"https:\/\/footdavant.fr\/actualites\/?s={search_term_string}"},"query-input":"required name=search_term_string"}],"inLanguage":"fr-FR"},{"@type":"Organization","@id":"https:\/\/footdavant.fr\/actualites\/#organization","name":"Foot d'avant","url":"https:\/\/footdavant.fr\/actualites\/","logo":{"@type":"ImageObject","inLanguage":"fr-FR","@id":"https:\/\/footdavant.fr\/actualites\/#\/schema\/logo\/image\/","url":"https:\/\/footdavant.fr\/actualites\/wp-content\/uploads\/2023\/09\/Copy-of-FootDavant-Logo.png","contentUrl":"https:\/\/footdavant.fr\/actualites\/wp-content\/uploads\/2023\/09\/Copy-of-FootDavant-Logo.png","width":936,"height":549,"caption":"Foot d'avant"},"image":{"@id":"https:\/\/footdavant.fr\/actualites\/#\/schema\/logo\/image\/"},"sameAs":["https:\/\/www.facebook.com\/Footdavant\/","https:\/\/twitter.com\/FootdavantFr","https:\/\/www.instagram.com\/footdavant.fr\/"]},{"@type":"Person","@id":"https:\/\/footdavant.fr\/actualites\/#\/schema\/person\/bc222566d95871b37e597b3ed3ba5e1d","name":"Cl\u00e9ment","image":{"@type":"ImageObject","inLanguage":"fr-FR","@id":"https:\/\/footdavant.fr\/actualites\/#\/schema\/person\/image\/","url":"https:\/\/secure.gravatar.com\/avatar\/7728b29aac2719421e1a9159b2254c44?s=96&d=mm&r=g","contentUrl":"https:\/\/secure.gravatar.com\/avatar\/7728b29aac2719421e1a9159b2254c44?s=96&d=mm&r=g","caption":"Cl\u00e9ment"},"sameAs":["https:\/\/footdavant.fr\/"]}]}},"_links":{"self":[{"href":"https:\/\/footdavant.fr\/actualites\/wp-json\/wp\/v2\/posts\/25093"}],"collection":[{"href":"https:\/\/footdavant.fr\/actualites\/wp-json\/wp\/v2\/posts"}],"about":[{"href":"https:\/\/footdavant.fr\/actualites\/wp-json\/wp\/v2\/types\/post"}],"author":[{"embeddable":true,"href":"https:\/\/footdavant.fr\/actualites\/wp-json\/wp\/v2\/users\/1"}],"replies":[{"embeddable":true,"href":"https:\/\/footdavant.fr\/actualites\/wp-json\/wp\/v2\/comments?post=25093"}],"version-history":[{"count":1,"href":"https:\/\/footdavant.fr\/actualites\/wp-json\/wp\/v2\/posts\/25093\/revisions"}],"predecessor-version":[{"id":25095,"href":"https:\/\/footdavant.fr\/actualites\/wp-json\/wp\/v2\/posts\/25093\/revisions\/25095"}],"wp:featuredmedia":[{"embeddable":true,"href":"https:\/\/footdavant.fr\/actualites\/wp-json\/wp\/v2\/media\/25094"}],"wp:attachment":[{"href":"https:\/\/footdavant.fr\/actualites\/wp-json\/wp\/v2\/media?parent=25093"}],"wp:term":[{"taxonomy":"category","embeddable":true,"href":"https:\/\/footdavant.fr\/actualites\/wp-json\/wp\/v2\/categories?post=25093"},{"taxonomy":"post_tag","embeddable":true,"href":"https:\/\/footdavant.fr\/actualites\/wp-json\/wp\/v2\/tags?post=25093"}],"curies":[{"name":"wp","href":"https:\/\/api.w.org\/{rel}","templated":true}]}}