{"id":25099,"date":"2025-06-15T19:48:16","date_gmt":"2025-06-15T17:48:16","guid":{"rendered":"https:\/\/footdavant.fr\/actualites\/fenetre-de-transfert-dete-deverton-2025-cibles-superieures-budget-signatures-tres-probablement-et-postes-de-priorite\/"},"modified":"2025-06-15T19:48:19","modified_gmt":"2025-06-15T17:48:19","slug":"fenetre-de-transfert-dete-deverton-2025-cibles-superieures-budget-signatures-tres-probablement-et-postes-de-priorite","status":"publish","type":"post","link":"https:\/\/footdavant.fr\/actualites\/fenetre-de-transfert-dete-deverton-2025-cibles-superieures-budget-signatures-tres-probablement-et-postes-de-priorite\/","title":{"rendered":"Fen\u00eatre de transfert d&#39;\u00e9t\u00e9 d&#39;Everton 2025: cibles sup\u00e9rieures, budget, signatures tr\u00e8s probablement et postes de priorit\u00e9"},"content":{"rendered":"<p>Apr\u00e8s l&#39;ouverture de la fen\u00eatre de transfert d&#39;\u00e9t\u00e9 le 1er juin et a de nouveau ferm\u00e9 cette semaine avant la r\u00e9ouverture en juillet, Sports Mole jette un coup d&#39;\u0153il aux cibles les plus importantes d&#39;Everton, leur budget et les positions prioritaires avant la saison prochaine.<\/p>\n<div id=\"article_body\" itemprop=\"articleBody\">\n<p>Apr\u00e8s une campagne 2024-25 avec beaucoup de points positifs, malgr\u00e9 une finition 13e, l&#39;optimisme est \u00e9lev\u00e9 <strong class=\"autotag\">Everton<\/strong>avant le d\u00e9m\u00e9nagement dans leur nouveau stade au bord de l&#39;eau sur Bramley-Moore Dock cet \u00e9t\u00e9.<\/p>\n<p><strong class=\"autotag\">David Moyes<\/strong> est revenu \u00e0 la pirogue en janvier et a supervis\u00e9 les cinq derniers mois d&#39;Everton \u00e0 Goodison Park, enlevant imm\u00e9diatement le club des ennuis de rel\u00e9gation et transformant les Toffees en l&#39;un des clubs les plus sous forme de la Premier League.<\/p>\n<p>Apr\u00e8s avoir perdu son match d&#39;ouverture en charge \u00e0 Aston Villa, Moyes a r\u00e9colt\u00e9 31 points sur ses matchs restants en 2024-25, qui s&#39;est class\u00e9 Everton dans le top cinq, et \u00e0 seulement six points derri\u00e8re Champions Liverpool.<\/p>\n<p>Les Toffees ont fait tr\u00e8s peu de bruit lors de la br\u00e8ve ouverture de la fen\u00eatre de transfert en juin et devront d\u00e9sormais faire leurs affaires lors de sa r\u00e9ouverture en juillet.<\/p>\n<p>Si cet optimisme susmentionn\u00e9 reste en place en ao\u00fbt d\u00e9pendra en grande partie de la fen\u00eatre de transfert Everton, et <strong>Taupe de sport<\/strong> Regarde o\u00f9 les Toffees doivent renforcer et qui pourrait d\u00e9m\u00e9nager au club cet \u00e9t\u00e9.<\/p>\n<hr>\n<p><\/p>\n<h2>Budget<\/h2>\n<p class=\"imgI\">\n<p>Il n&#39;y a tout simplement aucune excuse pour Everton de ne pas sortir et de passer cet \u00e9t\u00e9, apr\u00e8s des ann\u00e9es de pincement au milieu des pr\u00e9occupations concernant les r\u00e8gles de profit et de durabilit\u00e9 (PSR) et les d\u00e9ductions de points remontant \u00e0 leur mauvais recrutement \u00e0 la fin des ann\u00e9es 2010.<\/p>\n<p>Avec de nouveaux propri\u00e9taires qui semblent \u00eatre engag\u00e9s dans le club, les saisons sous le contr\u00f4le du PSR apr\u00e8s s&#39;\u00eatre \u00e9coul\u00e9es, et plus de 100 millions de livres sterling entrant dans les coffres gr\u00e2ce aux revenus de Premier League, les fans d&#39;Everton voudront voir des d\u00e9penses substantielles pour renforcer leur \u00e9quipe threadbare, en particulier avec beaucoup de transftions gratuites.<\/p>\n<p>Comme il est coutumier avec Everton, ils sont patients &#8211; peut-\u00eatre trop patients &#8211; pour faire leur entreprise, sans mouvements concrets pour les joueurs effectu\u00e9s dans le bref d\u00e9but de la fen\u00eatre de transfert.<\/p>\n<p>Moyes souhaite cependant les nouveaux arrivants, en disant: \u00ab\u00a0Nous savons que nous allons avoir fait venir de nouveaux joueurs, c&#39;est \u00e9vident\u00a0\u00bb, apr\u00e8s avoir ramass\u00e9 son OBE au ch\u00e2teau de Windsor plus t\u00f4t cette semaine.<\/p>\n<hr>\n<p><\/p>\n<h2>Positions prioritaires<\/h2>\n<p><img decoding=\"async\" src=\"https:\/\/footdavant.fr\/actualites\/wp-content\/uploads\/2025\/06\/1750009695_528_Fenetre-de-transfert-d39ete-d39Everton-2025-cibles-superieures-budget-signatures.jpg\"><\/p>\n<p>Les priorit\u00e9s d&#39;Everton d\u00e9pendent beaucoup de savoir si les go\u00fbts <strong class=\"autotag\">Jarrad Branthwaite<\/strong> ou <strong class=\"autotag\">B\u00eatro<\/strong> Laissez le club cet \u00e9t\u00e9, car apr\u00e8s quelques pr\u00e9occupations en mati\u00e8re de d\u00e9fense et \u00e0 l&#39;avance au cours des derni\u00e8res ann\u00e9es, le club regarde dans un endroit fort dans ces r\u00e9gions, mais apr\u00e8s certaines rumeurs les liant avec des mouvements \u00e0 Chelsea et Leeds, respectivement, les liens se sont apparemment assez silencieux ces derniers temps.<\/p>\n<p>Le d\u00e9part de Branthwaite serait un coup dur, mais ils semblent avoir un remplacement pr\u00eat \u00e0 l&#39;emploi \u00e0 Jake O&#39;Brien, qui \u00e9tait sans doute le meilleur interpr\u00e8te d&#39;Everton apr\u00e8s l&#39;arriv\u00e9e de Moyes, jouant la plupart du temps en dehors de l&#39;arri\u00e8re droit.<\/p>\n<p>Avec <strong class=\"autotag\">Ashley Young<\/strong> partir et <strong class=\"autotag\">Nathan Patterson<\/strong> Pas au niveau de la Premier League, un arri\u00e8re droit est en t\u00eate de liste des priorit\u00e9s pour Everton cet \u00e9t\u00e9, m\u00eame si <strong class=\"autotag\">Seamus Coleman<\/strong> ne raccrochera pas encore ses bottes, mais \u00e0 la fin des ann\u00e9es 30, avec un record de blessures inqui\u00e9tantes, le capitaine ne peut toujours pas \u00eatre invoqu\u00e9.<\/p>\n<p>Sur le flanc oppos\u00e9, <strong class=\"autotag\">Vitalii Mykolenko<\/strong> Reste le seul arri\u00e8re gauche de la premi\u00e8re \u00e9quipe du club, et un d\u00e9put\u00e9 est \u00e9galement n\u00e9cessaire de ce c\u00f4t\u00e9, le jeune polyvalent qui part cet \u00e9t\u00e9, et aucun remplacement n&#39;est achet\u00e9 pour Ben Godfrey il y a un an.<\/p>\n<p>Juger l&#39;\u00e9quipe telle qu&#39;elle est maintenant, le milieu de terrain central est la zone qui a besoin de la plupart de l&#39;attention, car avec <strong class=\"autotag\">Abdoulaye Doucoure<\/strong> partir, et <strong class=\"autotag\">Idrissa Gueye<\/strong> En entrant dans la fin des ann\u00e9es 30, des ajouts urgents sont n\u00e9cessaires.<\/p>\n<p class=\"imgI\"><img decoding=\"async\" src=\"https:\/\/footdavant.fr\/actualites\/wp-content\/uploads\/2025\/06\/1750009695_46_Fenetre-de-transfert-d39ete-d39Everton-2025-cibles-superieures-budget-signatures.jpg\"><\/p>\n<p>La capacit\u00e9 de <strong class=\"autotag\">James Garner<\/strong> \u00catre un d\u00e9marreur r\u00e9gulier a \u00e9galement \u00e9t\u00e9 remis en question par certains partisans, et derri\u00e8re lui, il n&#39;y a pas beaucoup de profondeur, avec des jeunes <strong class=\"autotag\">Tim Iroegbunam<\/strong> et <strong class=\"autotag\">Harrison Armstrong<\/strong> Peut-\u00eatre le mieux adapt\u00e9 aux d\u00e9m\u00e9nagements de pr\u00eat du club la saison prochaine.<\/p>\n<p><strong class=\"autotag\">Carlos Alcaraz<\/strong>Le d\u00e9m\u00e9nagement du pr\u00eat de Flamengo a \u00e9t\u00e9 rendu permanent, et il pourrait bien s&#39;av\u00e9rer \u00eatre un d\u00e9marreur r\u00e9gulier la saison prochaine en tant qu&#39;ailier droit, mais <strong class=\"autotag\">Jack Harrison<\/strong> et <strong class=\"autotag\">Jesper Lindstrom<\/strong> ne reviendra pas apr\u00e8s leurs d\u00e9m\u00e9nagements de pr\u00eat la saison prochaine, donc Moyes est \u00e9galement d\u00e9sesp\u00e9r\u00e9ment \u00e0 court d&#39;options dans cette position, m\u00eame si <strong class=\"autotag\">Dwight McNeil<\/strong> a montr\u00e9 qu&#39;il est capable d&#39;y remplir en cas de besoin.<\/p>\n<p>Il y a quelques mois, un nouveau num\u00e9ro neuf \u00e9tait au sommet de la liste de souhaits de chaque fan d&#39;Everton, mais certains ont appris \u00e0 aimer la pr\u00e9sence de Beto menant la ligne, et il a certainement rembours\u00e9 la foi qui lui est montr\u00e9e de Moyes, atteignant des chiffres doubles pour les buts malgr\u00e9 seulement la moiti\u00e9 de la saison.<\/p>\n<p>Il est temps pour <strong class=\"autotag\">Dominic Calvert-Lewin<\/strong> Pour passer \u00e0 autre chose apr\u00e8s une autre saison de blessures et de rat\u00e9s, avec une patience portant mince pour l&#39;attaquant de grandes parties de la base de fans, qui s&#39;est \u00e9galement r\u00e9pandue dans des questions hors champ, et que tous les signes pointent apparemment vers une sortie, comme les rapports au d\u00e9but de juin HVE ont affirm\u00e9 que le joueur et le club n&#39;\u00e9taient pas parvenus \u00e0 un nouveau contrat.<\/p>\n<p><strong class=\"autotag\">Armando Broja<\/strong> reviendra \u00e9galement \u00e0 Chelsea apr\u00e8s un sort de pr\u00eat rat\u00e9, donc un autre attaquant est certainement n\u00e9cessaire pour concourir pour commencer avec Beto la saison prochaine, si Calvert-Lewin part comme pr\u00e9vu.<\/p>\n<hr>\n<p><\/p>\n<h2>Cibles sup\u00e9rieures<\/h2>\n<p class=\"imgI\"><img decoding=\"async\" src=\"https:\/\/footdavant.fr\/actualites\/wp-content\/uploads\/2025\/06\/1750009695_989_Fenetre-de-transfert-d39ete-d39Everton-2025-cibles-superieures-budget-signatures.jpg\"><\/p>\n<p>Cela a \u00e9t\u00e9 relativement calme en termes de rumeurs concrets pour Everton au cours des derniers mois, et le seul joueur auquel ils ont publiquement d\u00e9clar\u00e9 leur int\u00e9r\u00eat, <strong class=\"autotag\">Liam Delap<\/strong>a choisi de rejoindre Chelsea \u00e0 la place.<\/p>\n<p>Tous les autres liens ont concern\u00e9 des joueurs dans diff\u00e9rents domaines du terrain, et notamment dans le milieu de terrain central, o\u00f9 un \u00e9ventuel lien entre Moyes et <strong class=\"autotag\">Tomas Soucek<\/strong> Cela pourrait \u00eatre sur les cartes, apr\u00e8s le succ\u00e8s qu&#39;ils ont connu \u00e0 West Ham ensemble.<\/p>\n<p>La d\u00e9faite des \u00e9liminatoires de Sheffield United signifie <strong class=\"autotag\">Gustavo Hamer<\/strong> pourrait partir, et Everton a \u00e9t\u00e9 r\u00e9pertori\u00e9 comme un club int\u00e9ress\u00e9 par lui, tandis que les Toffees sont \u00e9galement cens\u00e9s garder un \u0153il sur Matt O&#39;Riley, qui est parti pour un record de transfert \u00e9cossais pour rejoindre Brighton de Celtic il y a un an.<\/p>\n<p>Si Soucek arrive, co\u00e9quipier de Ham Ham tch\u00e8que <strong class=\"autotag\">Vladimir coufal<\/strong> pourrait aussi faire le pas, lorsque son contrat dans l&#39;est de Londres expire \u00e0 la fin du mois, \u00e9tant donn\u00e9 le trou b\u00e9ant d&#39;Everton \u00e0 l&#39;arri\u00e8re droit, tandis que <strong class=\"autotag\">Kyle Walker-Peters<\/strong>qui vient d&#39;\u00eatre rel\u00e9gu\u00e9 avec Southampton et a \u00e9t\u00e9 li\u00e9 \u00e0 Everton dans le pass\u00e9, est une autre option.<\/p>\n<p>Une d\u00e9cision surprenante mais excitante pourrait voir Everton bouger pour l&#39;ailier de Liverpool <strong class=\"autotag\">Ben Doak<\/strong>pour rectifier leur probl\u00e8me de droite, et le jeune \u00c9cossais a b\u00e9n\u00e9fici\u00e9 d&#39;une campagne tr\u00e8s productive en pr\u00eat \u00e0 Middlesbrough la saison derni\u00e8re, mais un accord pourrait \u00eatre rendu plus d\u00e9licat pour les Toffees compte tenu de la rivalit\u00e9 avec son club parent.<\/p>\n<p class=\"imgI\"><img decoding=\"async\" src=\"https:\/\/footdavant.fr\/actualites\/wp-content\/uploads\/2025\/06\/1750009695_413_Fenetre-de-transfert-d39ete-d39Everton-2025-cibles-superieures-budget-signatures.jpg\"><\/p>\n<p>Un autre accord qui soul\u00e8verait quelques sourcils serait le retour de <strong class=\"autotag\">John Stones<\/strong> Pour le club, ce qui serait une d\u00e9cision assez particuli\u00e8re pour un club qui a \u00e9t\u00e9 piqu\u00e9 en signant des joueurs tr\u00e8s pay\u00e9s et sujets aux blessures ces derni\u00e8res ann\u00e9es, et si elle se retournerait, il ne ferait probablement pas de faveur au club financi\u00e8rement.<\/p>\n<p>On peut en dire autant d&#39;une d\u00e9cision potentielle pour <strong class=\"autotag\">Jack grealish<\/strong>qui gagne du terrain dans la presse, mais dans un moule similaire \u00e0 un mouvement pour les pierres, cela mettrait une \u00e9norme pression financi\u00e8re sur le club, et la croyance est que l&#39;ancien ailier d&#39;Aston Villa est d\u00e9sireux de jouer pour un club en comp\u00e9tition europ\u00e9enne la saison prochaine, avant la Coupe du monde 2026.<\/p>\n<p>Au lieu de chasser les joueurs hors forme et tr\u00e8s r\u00e9mun\u00e9r\u00e9s par des clubs pr\u00e8s du sommet, la plupart des fans d&#39;Everton aimeraient voir plus de cr\u00e9ativit\u00e9 de leur \u00e9quipe de d\u00e9pistage, comme trouver des joyaux comme Alcaraz, O&#39;Brien et <strong class=\"autotag\">Iliman ndiaye<\/strong>qui sont tous arriv\u00e9s pour des frais de moins de 20 millions de livres sterling au cours des 12 derniers mois, mais qui ont tr\u00e8s bien tourn\u00e9 \u00e0 la vie au club.<\/p>\n<hr>\n<div class=\"author_box\">\n<div class=\"author_box_banner\"> <img decoding=\"async\" class=\"author_img\" src=\"https:\/\/footdavant.fr\/actualites\/wp-content\/uploads\/2025\/06\/Sports-Mole39s-de-tous-les-temps-Ligue-des-champions-XI.jpeg\"><\/div>\n<\/div>\n<\/div>\n","protected":false},"excerpt":{"rendered":"<p>Apr\u00e8s l&#39;ouverture de la fen\u00eatre de transfert d&#39;\u00e9t\u00e9 le 1er juin et a de nouveau ferm\u00e9 cette semaine avant la r\u00e9ouverture en juillet, Sports Mole<\/p>\n","protected":false},"author":1,"featured_media":25100,"comment_status":"closed","ping_status":"","sticky":false,"template":"","format":"standard","meta":{"footnotes":""},"categories":[5],"tags":[6449,3703,4968,4282,2446,5227,673,2472,5332,9526,700,852],"yoast_head":"<!-- This site is optimized with the Yoast SEO plugin v21.0 - https:\/\/yoast.com\/wordpress\/plugins\/seo\/ -->\n<title>Fen\u00eatre de transfert d&#039;\u00e9t\u00e9 d&#039;Everton 2025: cibles sup\u00e9rieures, budget, signatures tr\u00e8s probablement et postes de priorit\u00e9<\/title>\n<meta name=\"robots\" content=\"index, follow, max-snippet:-1, max-image-preview:large, max-video-preview:-1\" \/>\n<link rel=\"canonical\" href=\"https:\/\/footdavant.fr\/actualites\/fenetre-de-transfert-dete-deverton-2025-cibles-superieures-budget-signatures-tres-probablement-et-postes-de-priorite\/\" \/>\n<meta property=\"og:locale\" content=\"fr_FR\" \/>\n<meta property=\"og:type\" content=\"article\" \/>\n<meta property=\"og:title\" content=\"Fen\u00eatre de transfert d&#039;\u00e9t\u00e9 d&#039;Everton 2025: cibles sup\u00e9rieures, budget, signatures tr\u00e8s probablement et postes de priorit\u00e9\" \/>\n<meta property=\"og:description\" content=\"Apr\u00e8s l&#039;ouverture de la fen\u00eatre de transfert d&#039;\u00e9t\u00e9 le 1er juin et a de nouveau ferm\u00e9 cette semaine avant la r\u00e9ouverture en juillet, Sports Mole\" \/>\n<meta property=\"og:url\" content=\"https:\/\/footdavant.fr\/actualites\/fenetre-de-transfert-dete-deverton-2025-cibles-superieures-budget-signatures-tres-probablement-et-postes-de-priorite\/\" \/>\n<meta property=\"og:site_name\" content=\"Foot d&#039;avant\" \/>\n<meta property=\"article:publisher\" content=\"https:\/\/www.facebook.com\/Footdavant\/\" \/>\n<meta property=\"article:published_time\" content=\"2025-06-15T17:48:16+00:00\" \/>\n<meta property=\"article:modified_time\" content=\"2025-06-15T17:48:19+00:00\" \/>\n<meta property=\"og:image\" content=\"https:\/\/footdavant.fr\/actualites\/wp-content\/uploads\/2025\/06\/1750009697_Fenetre-de-transfert-d39ete-d39Everton-2025-cibles-superieures-budget-signatures.jpg\" \/>\n\t<meta property=\"og:image:width\" content=\"1280\" \/>\n\t<meta property=\"og:image:height\" content=\"960\" \/>\n\t<meta property=\"og:image:type\" content=\"image\/jpeg\" \/>\n<meta name=\"author\" content=\"Cl\u00e9ment\" \/>\n<meta name=\"twitter:card\" content=\"summary_large_image\" \/>\n<meta name=\"twitter:creator\" content=\"@FootdavantFr\" \/>\n<meta name=\"twitter:site\" content=\"@FootdavantFr\" \/>\n<meta name=\"twitter:label1\" content=\"\u00c9crit par\" \/>\n\t<meta name=\"twitter:data1\" content=\"Cl\u00e9ment\" \/>\n\t<meta name=\"twitter:label2\" content=\"Dur\u00e9e de lecture estim\u00e9e\" \/>\n\t<meta name=\"twitter:data2\" content=\"8 minutes\" \/>\n<script type=\"application\/ld+json\" class=\"yoast-schema-graph\">{\"@context\":\"https:\/\/schema.org\",\"@graph\":[{\"@type\":\"Article\",\"@id\":\"https:\/\/footdavant.fr\/actualites\/fenetre-de-transfert-dete-deverton-2025-cibles-superieures-budget-signatures-tres-probablement-et-postes-de-priorite\/#article\",\"isPartOf\":{\"@id\":\"https:\/\/footdavant.fr\/actualites\/fenetre-de-transfert-dete-deverton-2025-cibles-superieures-budget-signatures-tres-probablement-et-postes-de-priorite\/\"},\"author\":{\"name\":\"Cl\u00e9ment\",\"@id\":\"https:\/\/footdavant.fr\/actualites\/#\/schema\/person\/bc222566d95871b37e597b3ed3ba5e1d\"},\"headline\":\"Fen\u00eatre de transfert d&#39;\u00e9t\u00e9 d&#39;Everton 2025: cibles sup\u00e9rieures, budget, signatures tr\u00e8s probablement et postes de priorit\u00e9\",\"datePublished\":\"2025-06-15T17:48:16+00:00\",\"dateModified\":\"2025-06-15T17:48:19+00:00\",\"mainEntityOfPage\":{\"@id\":\"https:\/\/footdavant.fr\/actualites\/fenetre-de-transfert-dete-deverton-2025-cibles-superieures-budget-signatures-tres-probablement-et-postes-de-priorite\/\"},\"wordCount\":1597,\"publisher\":{\"@id\":\"https:\/\/footdavant.fr\/actualites\/#organization\"},\"keywords\":[\"budget\",\"cibles\",\"d39\u00e9t\u00e9\",\"d39Everton\",\"fen\u00eatre\",\"postes\",\"priorit\u00e9\",\"probablement\",\"signatures\",\"sup\u00e9rieures\",\"transfert\",\"tr\u00e8s\"],\"articleSection\":[\"Premier League\"],\"inLanguage\":\"fr-FR\"},{\"@type\":\"WebPage\",\"@id\":\"https:\/\/footdavant.fr\/actualites\/fenetre-de-transfert-dete-deverton-2025-cibles-superieures-budget-signatures-tres-probablement-et-postes-de-priorite\/\",\"url\":\"https:\/\/footdavant.fr\/actualites\/fenetre-de-transfert-dete-deverton-2025-cibles-superieures-budget-signatures-tres-probablement-et-postes-de-priorite\/\",\"name\":\"Fen\u00eatre de transfert d&#39;\u00e9t\u00e9 d&#39;Everton 2025: cibles sup\u00e9rieures, budget, signatures tr\u00e8s probablement et postes de priorit\u00e9\",\"isPartOf\":{\"@id\":\"https:\/\/footdavant.fr\/actualites\/#website\"},\"datePublished\":\"2025-06-15T17:48:16+00:00\",\"dateModified\":\"2025-06-15T17:48:19+00:00\",\"breadcrumb\":{\"@id\":\"https:\/\/footdavant.fr\/actualites\/fenetre-de-transfert-dete-deverton-2025-cibles-superieures-budget-signatures-tres-probablement-et-postes-de-priorite\/#breadcrumb\"},\"inLanguage\":\"fr-FR\",\"potentialAction\":[{\"@type\":\"ReadAction\",\"target\":[\"https:\/\/footdavant.fr\/actualites\/fenetre-de-transfert-dete-deverton-2025-cibles-superieures-budget-signatures-tres-probablement-et-postes-de-priorite\/\"]}]},{\"@type\":\"BreadcrumbList\",\"@id\":\"https:\/\/footdavant.fr\/actualites\/fenetre-de-transfert-dete-deverton-2025-cibles-superieures-budget-signatures-tres-probablement-et-postes-de-priorite\/#breadcrumb\",\"itemListElement\":[{\"@type\":\"ListItem\",\"position\":1,\"name\":\"Accueil\",\"item\":\"https:\/\/footdavant.fr\/actualites\/\"},{\"@type\":\"ListItem\",\"position\":2,\"name\":\"Fen\u00eatre de transfert d&#39;\u00e9t\u00e9 d&#39;Everton 2025: cibles sup\u00e9rieures, budget, signatures tr\u00e8s probablement et postes de priorit\u00e9\"}]},{\"@type\":\"WebSite\",\"@id\":\"https:\/\/footdavant.fr\/actualites\/#website\",\"url\":\"https:\/\/footdavant.fr\/actualites\/\",\"name\":\"Foot d'avant\",\"description\":\"\",\"publisher\":{\"@id\":\"https:\/\/footdavant.fr\/actualites\/#organization\"},\"potentialAction\":[{\"@type\":\"SearchAction\",\"target\":{\"@type\":\"EntryPoint\",\"urlTemplate\":\"https:\/\/footdavant.fr\/actualites\/?s={search_term_string}\"},\"query-input\":\"required name=search_term_string\"}],\"inLanguage\":\"fr-FR\"},{\"@type\":\"Organization\",\"@id\":\"https:\/\/footdavant.fr\/actualites\/#organization\",\"name\":\"Foot d'avant\",\"url\":\"https:\/\/footdavant.fr\/actualites\/\",\"logo\":{\"@type\":\"ImageObject\",\"inLanguage\":\"fr-FR\",\"@id\":\"https:\/\/footdavant.fr\/actualites\/#\/schema\/logo\/image\/\",\"url\":\"https:\/\/footdavant.fr\/actualites\/wp-content\/uploads\/2023\/09\/Copy-of-FootDavant-Logo.png\",\"contentUrl\":\"https:\/\/footdavant.fr\/actualites\/wp-content\/uploads\/2023\/09\/Copy-of-FootDavant-Logo.png\",\"width\":936,\"height\":549,\"caption\":\"Foot d'avant\"},\"image\":{\"@id\":\"https:\/\/footdavant.fr\/actualites\/#\/schema\/logo\/image\/\"},\"sameAs\":[\"https:\/\/www.facebook.com\/Footdavant\/\",\"https:\/\/twitter.com\/FootdavantFr\",\"https:\/\/www.instagram.com\/footdavant.fr\/\"]},{\"@type\":\"Person\",\"@id\":\"https:\/\/footdavant.fr\/actualites\/#\/schema\/person\/bc222566d95871b37e597b3ed3ba5e1d\",\"name\":\"Cl\u00e9ment\",\"image\":{\"@type\":\"ImageObject\",\"inLanguage\":\"fr-FR\",\"@id\":\"https:\/\/footdavant.fr\/actualites\/#\/schema\/person\/image\/\",\"url\":\"https:\/\/secure.gravatar.com\/avatar\/7728b29aac2719421e1a9159b2254c44?s=96&d=mm&r=g\",\"contentUrl\":\"https:\/\/secure.gravatar.com\/avatar\/7728b29aac2719421e1a9159b2254c44?s=96&d=mm&r=g\",\"caption\":\"Cl\u00e9ment\"},\"sameAs\":[\"https:\/\/footdavant.fr\/\"]}]}<\/script>\n<!-- \/ Yoast SEO plugin. -->","yoast_head_json":{"title":"Fen\u00eatre de transfert d&#39;\u00e9t\u00e9 d&#39;Everton 2025: cibles sup\u00e9rieures, budget, signatures tr\u00e8s probablement et postes de priorit\u00e9","robots":{"index":"index","follow":"follow","max-snippet":"max-snippet:-1","max-image-preview":"max-image-preview:large","max-video-preview":"max-video-preview:-1"},"canonical":"https:\/\/footdavant.fr\/actualites\/fenetre-de-transfert-dete-deverton-2025-cibles-superieures-budget-signatures-tres-probablement-et-postes-de-priorite\/","og_locale":"fr_FR","og_type":"article","og_title":"Fen\u00eatre de transfert d&#39;\u00e9t\u00e9 d&#39;Everton 2025: cibles sup\u00e9rieures, budget, signatures tr\u00e8s probablement et postes de priorit\u00e9","og_description":"Apr\u00e8s l&#39;ouverture de la fen\u00eatre de transfert d&#39;\u00e9t\u00e9 le 1er juin et a de nouveau ferm\u00e9 cette semaine avant la r\u00e9ouverture en juillet, Sports Mole","og_url":"https:\/\/footdavant.fr\/actualites\/fenetre-de-transfert-dete-deverton-2025-cibles-superieures-budget-signatures-tres-probablement-et-postes-de-priorite\/","og_site_name":"Foot d&#039;avant","article_publisher":"https:\/\/www.facebook.com\/Footdavant\/","article_published_time":"2025-06-15T17:48:16+00:00","article_modified_time":"2025-06-15T17:48:19+00:00","og_image":[{"width":1280,"height":960,"url":"https:\/\/footdavant.fr\/actualites\/wp-content\/uploads\/2025\/06\/1750009697_Fenetre-de-transfert-d39ete-d39Everton-2025-cibles-superieures-budget-signatures.jpg","type":"image\/jpeg"}],"author":"Cl\u00e9ment","twitter_card":"summary_large_image","twitter_creator":"@FootdavantFr","twitter_site":"@FootdavantFr","twitter_misc":{"\u00c9crit par":"Cl\u00e9ment","Dur\u00e9e de lecture estim\u00e9e":"8 minutes"},"schema":{"@context":"https:\/\/schema.org","@graph":[{"@type":"Article","@id":"https:\/\/footdavant.fr\/actualites\/fenetre-de-transfert-dete-deverton-2025-cibles-superieures-budget-signatures-tres-probablement-et-postes-de-priorite\/#article","isPartOf":{"@id":"https:\/\/footdavant.fr\/actualites\/fenetre-de-transfert-dete-deverton-2025-cibles-superieures-budget-signatures-tres-probablement-et-postes-de-priorite\/"},"author":{"name":"Cl\u00e9ment","@id":"https:\/\/footdavant.fr\/actualites\/#\/schema\/person\/bc222566d95871b37e597b3ed3ba5e1d"},"headline":"Fen\u00eatre de transfert d&#39;\u00e9t\u00e9 d&#39;Everton 2025: cibles sup\u00e9rieures, budget, signatures tr\u00e8s probablement et postes de priorit\u00e9","datePublished":"2025-06-15T17:48:16+00:00","dateModified":"2025-06-15T17:48:19+00:00","mainEntityOfPage":{"@id":"https:\/\/footdavant.fr\/actualites\/fenetre-de-transfert-dete-deverton-2025-cibles-superieures-budget-signatures-tres-probablement-et-postes-de-priorite\/"},"wordCount":1597,"publisher":{"@id":"https:\/\/footdavant.fr\/actualites\/#organization"},"keywords":["budget","cibles","d39\u00e9t\u00e9","d39Everton","fen\u00eatre","postes","priorit\u00e9","probablement","signatures","sup\u00e9rieures","transfert","tr\u00e8s"],"articleSection":["Premier League"],"inLanguage":"fr-FR"},{"@type":"WebPage","@id":"https:\/\/footdavant.fr\/actualites\/fenetre-de-transfert-dete-deverton-2025-cibles-superieures-budget-signatures-tres-probablement-et-postes-de-priorite\/","url":"https:\/\/footdavant.fr\/actualites\/fenetre-de-transfert-dete-deverton-2025-cibles-superieures-budget-signatures-tres-probablement-et-postes-de-priorite\/","name":"Fen\u00eatre de transfert d&#39;\u00e9t\u00e9 d&#39;Everton 2025: cibles sup\u00e9rieures, budget, signatures tr\u00e8s probablement et postes de priorit\u00e9","isPartOf":{"@id":"https:\/\/footdavant.fr\/actualites\/#website"},"datePublished":"2025-06-15T17:48:16+00:00","dateModified":"2025-06-15T17:48:19+00:00","breadcrumb":{"@id":"https:\/\/footdavant.fr\/actualites\/fenetre-de-transfert-dete-deverton-2025-cibles-superieures-budget-signatures-tres-probablement-et-postes-de-priorite\/#breadcrumb"},"inLanguage":"fr-FR","potentialAction":[{"@type":"ReadAction","target":["https:\/\/footdavant.fr\/actualites\/fenetre-de-transfert-dete-deverton-2025-cibles-superieures-budget-signatures-tres-probablement-et-postes-de-priorite\/"]}]},{"@type":"BreadcrumbList","@id":"https:\/\/footdavant.fr\/actualites\/fenetre-de-transfert-dete-deverton-2025-cibles-superieures-budget-signatures-tres-probablement-et-postes-de-priorite\/#breadcrumb","itemListElement":[{"@type":"ListItem","position":1,"name":"Accueil","item":"https:\/\/footdavant.fr\/actualites\/"},{"@type":"ListItem","position":2,"name":"Fen\u00eatre de transfert d&#39;\u00e9t\u00e9 d&#39;Everton 2025: cibles sup\u00e9rieures, budget, signatures tr\u00e8s probablement et postes de priorit\u00e9"}]},{"@type":"WebSite","@id":"https:\/\/footdavant.fr\/actualites\/#website","url":"https:\/\/footdavant.fr\/actualites\/","name":"Foot d'avant","description":"","publisher":{"@id":"https:\/\/footdavant.fr\/actualites\/#organization"},"potentialAction":[{"@type":"SearchAction","target":{"@type":"EntryPoint","urlTemplate":"https:\/\/footdavant.fr\/actualites\/?s={search_term_string}"},"query-input":"required name=search_term_string"}],"inLanguage":"fr-FR"},{"@type":"Organization","@id":"https:\/\/footdavant.fr\/actualites\/#organization","name":"Foot d'avant","url":"https:\/\/footdavant.fr\/actualites\/","logo":{"@type":"ImageObject","inLanguage":"fr-FR","@id":"https:\/\/footdavant.fr\/actualites\/#\/schema\/logo\/image\/","url":"https:\/\/footdavant.fr\/actualites\/wp-content\/uploads\/2023\/09\/Copy-of-FootDavant-Logo.png","contentUrl":"https:\/\/footdavant.fr\/actualites\/wp-content\/uploads\/2023\/09\/Copy-of-FootDavant-Logo.png","width":936,"height":549,"caption":"Foot d'avant"},"image":{"@id":"https:\/\/footdavant.fr\/actualites\/#\/schema\/logo\/image\/"},"sameAs":["https:\/\/www.facebook.com\/Footdavant\/","https:\/\/twitter.com\/FootdavantFr","https:\/\/www.instagram.com\/footdavant.fr\/"]},{"@type":"Person","@id":"https:\/\/footdavant.fr\/actualites\/#\/schema\/person\/bc222566d95871b37e597b3ed3ba5e1d","name":"Cl\u00e9ment","image":{"@type":"ImageObject","inLanguage":"fr-FR","@id":"https:\/\/footdavant.fr\/actualites\/#\/schema\/person\/image\/","url":"https:\/\/secure.gravatar.com\/avatar\/7728b29aac2719421e1a9159b2254c44?s=96&d=mm&r=g","contentUrl":"https:\/\/secure.gravatar.com\/avatar\/7728b29aac2719421e1a9159b2254c44?s=96&d=mm&r=g","caption":"Cl\u00e9ment"},"sameAs":["https:\/\/footdavant.fr\/"]}]}},"_links":{"self":[{"href":"https:\/\/footdavant.fr\/actualites\/wp-json\/wp\/v2\/posts\/25099"}],"collection":[{"href":"https:\/\/footdavant.fr\/actualites\/wp-json\/wp\/v2\/posts"}],"about":[{"href":"https:\/\/footdavant.fr\/actualites\/wp-json\/wp\/v2\/types\/post"}],"author":[{"embeddable":true,"href":"https:\/\/footdavant.fr\/actualites\/wp-json\/wp\/v2\/users\/1"}],"replies":[{"embeddable":true,"href":"https:\/\/footdavant.fr\/actualites\/wp-json\/wp\/v2\/comments?post=25099"}],"version-history":[{"count":1,"href":"https:\/\/footdavant.fr\/actualites\/wp-json\/wp\/v2\/posts\/25099\/revisions"}],"predecessor-version":[{"id":25101,"href":"https:\/\/footdavant.fr\/actualites\/wp-json\/wp\/v2\/posts\/25099\/revisions\/25101"}],"wp:featuredmedia":[{"embeddable":true,"href":"https:\/\/footdavant.fr\/actualites\/wp-json\/wp\/v2\/media\/25100"}],"wp:attachment":[{"href":"https:\/\/footdavant.fr\/actualites\/wp-json\/wp\/v2\/media?parent=25099"}],"wp:term":[{"taxonomy":"category","embeddable":true,"href":"https:\/\/footdavant.fr\/actualites\/wp-json\/wp\/v2\/categories?post=25099"},{"taxonomy":"post_tag","embeddable":true,"href":"https:\/\/footdavant.fr\/actualites\/wp-json\/wp\/v2\/tags?post=25099"}],"curies":[{"name":"wp","href":"https:\/\/api.w.org\/{rel}","templated":true}]}}