{"id":25102,"date":"2025-06-15T21:48:06","date_gmt":"2025-06-15T19:48:06","guid":{"rendered":"https:\/\/footdavant.fr\/actualites\/liverpool-line-up-summer-raid-pour-gcilo-inacio\/"},"modified":"2025-06-15T21:48:09","modified_gmt":"2025-06-15T19:48:09","slug":"liverpool-line-up-summer-raid-pour-gcilo-inacio","status":"publish","type":"post","link":"https:\/\/footdavant.fr\/actualites\/liverpool-line-up-summer-raid-pour-gcilo-inacio\/","title":{"rendered":"LIVERPOOL LINE UP SUMMER RAID POUR GCILO INACIO"},"content":{"rendered":"<div id=\"article-body\">\n<!-- Article Start --><\/p>\n<p>Liverpool pourrait \u00eatre pr\u00eat \u00e0 ressusciter son int\u00e9r\u00eat ant\u00e9rieur pour un joueur qui a \u00e9t\u00e9 r\u00e9guli\u00e8rement dans le moulin \u00e0 rumeurs d&#39;Anfield dans les r\u00e9centes fen\u00eatres de transfert.<\/p>\n<p>Les options de d\u00e9fense centrale des Reds pourraient \u00eatre r\u00e9duites pour un remaniement significatif cet \u00e9t\u00e9, avec Ibrahima Konate potentiellement vendu s&#39;il n&#39;y a pas de perc\u00e9e dans les pourparlers contractuels, et Jarell Quansah le sujet d&#39;une approche de la rumeur de Bayer Leverkusen.<\/p>\n<p>Si l&#39;un des deux devait partir dans les semaines \u00e0 venir, les champions de la Premier League pourraient bien \u00eatre sur le march\u00e9 pour un remplacement imm\u00e9diat, et un joueur qui a d\u00e9j\u00e0 connu beaucoup de succ\u00e8s cette ann\u00e9e pourrait \u00eatre en vue.<\/p>\n<h2>Liverpool ravive leur int\u00e9r\u00eat pour Goncalo Inacio<\/h2>\n<p>Selon l&#39;\u00e9dition imprim\u00e9e d&#39;O Jogo (via Caughtoffside), Liverpool est int\u00e9ress\u00e9 par une d\u00e9cision pour Goncalo Inacio, qui est \u00e9galement recherch\u00e9 par Manchester United et Newcastle.<\/p>\n<p>Le d\u00e9fenseur de 23 ans est \u00e9valu\u00e9 \u00e0 environ 60 millions d&#39;euros (51,1 millions de livres sterling) par Sporting Lisbonne, bien que le rapport affirme que les champions portugais pourraient encore accepter des frais inf\u00e9rieurs \u00e0 cela.<\/p>\n<figure id=\"attachment_274407\" aria-describedby=\"caption-attachment-274407\" style=\"width: 761px\" class=\"wp-caption alignnone\"><picture><source type=\"image\/webp\" data- data-><\/source><\/picture><\/figure>\n<h2>Inacio pourrait-il \u00eatre un Regen Dijk pour Liverpool s&#39;ils le signent?<\/h2>\n<p>Liverpool aurait rep\u00e9r\u00e9 Inacio depuis la saison 2022\/23, mais feront-ils enfin un mouvement concret pour le d\u00e9fenseur central dans les prochains jours et semaines?<\/p>\n<p>Il a eu un glorieux 2025 jusqu&#39;\u00e0 pr\u00e9sent, remportant le double domestique avec son club et la Ligue des nations de l&#39;UEFA avec le Portugal, et ses mesures de performance sous-jacentes sont l\u00e0-haut avec le meilleur de tous les joueurs de sa position sur le continent, comme en t\u00e9moignent les chiffres de FBREF.<\/p>\n<p>Il se classe parmi les 5% des d\u00e9fenseurs centraux en Europe au cours de la derni\u00e8re ann\u00e9e avec ses moyennes de match pour les buts non-p\u00e9nalty (0,12), la non-p\u00e9nalty XG (0,1), les actions de cr\u00e9ation de tir (1,72) et les passes progressives (7,34), et il est \u00e9galement dans les 10% pour les passes d\u00e9cisives (0,08) et les transports progressistes (1,28) par jeu.<\/p>\n<p>Avec son calme en jouant de l&#39;arri\u00e8re et son penchant pour un but (il a marqu\u00e9 six fois en 42 apparitions la saison derni\u00e8re), Inacio porte les caract\u00e9ristiques d&#39;une version plus jeune de Virgil Van Dijk, et pour Liverpool de le prendre pour environ 50 millions de livres sterling (potentiellement moins) serait un grand coup.<\/p>\n<p>Selon ce qui se passe avec Konate et Quansah, il pourrait y avoir un besoin urgent pour les Reds de renforcer leurs options d\u00e9fensives centrales cet \u00e9t\u00e9, et le colosse sportif semble \u00eatre un candidat principal \u00e0 consid\u00e9rer.<\/p>\n<p>Richard Hughes, veuillez ne pas laisser ce majestueux d\u00e9fenseur aller \u00e0 Old Trafford ou \u00e0 St James &#39;Park si vous pouvez l&#39;aider!<\/p>\n<p><!-- Article End -->\t\t\t\t<\/div>\n","protected":false},"excerpt":{"rendered":"<p>Liverpool pourrait \u00eatre pr\u00eat \u00e0 ressusciter son int\u00e9r\u00eat ant\u00e9rieur pour un joueur qui a \u00e9t\u00e9 r\u00e9guli\u00e8rement dans le moulin \u00e0 rumeurs d&#39;Anfield dans les r\u00e9centes<\/p>\n","protected":false},"author":1,"featured_media":25103,"comment_status":"closed","ping_status":"","sticky":false,"template":"","format":"standard","meta":{"footnotes":""},"categories":[3],"tags":[9567,1097,9566,53,51,5358,5439],"yoast_head":"<!-- This site is optimized with the Yoast SEO plugin v21.0 - https:\/\/yoast.com\/wordpress\/plugins\/seo\/ -->\n<title>LIVERPOOL LINE UP SUMMER RAID POUR GCILO INACIO<\/title>\n<meta name=\"robots\" content=\"index, follow, max-snippet:-1, max-image-preview:large, max-video-preview:-1\" \/>\n<link rel=\"canonical\" href=\"https:\/\/footdavant.fr\/actualites\/liverpool-line-up-summer-raid-pour-gcilo-inacio\/\" \/>\n<meta property=\"og:locale\" content=\"fr_FR\" \/>\n<meta property=\"og:type\" content=\"article\" \/>\n<meta property=\"og:title\" content=\"LIVERPOOL LINE UP SUMMER RAID POUR GCILO INACIO\" \/>\n<meta property=\"og:description\" content=\"Liverpool pourrait \u00eatre pr\u00eat \u00e0 ressusciter son int\u00e9r\u00eat ant\u00e9rieur pour un joueur qui a \u00e9t\u00e9 r\u00e9guli\u00e8rement dans le moulin \u00e0 rumeurs d&#039;Anfield dans les r\u00e9centes\" \/>\n<meta property=\"og:url\" content=\"https:\/\/footdavant.fr\/actualites\/liverpool-line-up-summer-raid-pour-gcilo-inacio\/\" \/>\n<meta property=\"og:site_name\" content=\"Foot d&#039;avant\" \/>\n<meta property=\"article:publisher\" content=\"https:\/\/www.facebook.com\/Footdavant\/\" \/>\n<meta property=\"article:published_time\" content=\"2025-06-15T19:48:06+00:00\" \/>\n<meta property=\"article:modified_time\" content=\"2025-06-15T19:48:09+00:00\" \/>\n<meta property=\"og:image\" content=\"https:\/\/footdavant.fr\/actualites\/wp-content\/uploads\/2025\/06\/1750016887_LIVERPOOL-LINE-UP-SUMMER-RAID-POUR-GCILO-INACIO.jpg\" \/>\n\t<meta property=\"og:image:width\" content=\"1244\" \/>\n\t<meta property=\"og:image:height\" content=\"832\" \/>\n\t<meta property=\"og:image:type\" content=\"image\/jpeg\" \/>\n<meta name=\"author\" content=\"Cl\u00e9ment\" \/>\n<meta name=\"twitter:card\" content=\"summary_large_image\" \/>\n<meta name=\"twitter:creator\" content=\"@FootdavantFr\" \/>\n<meta name=\"twitter:site\" content=\"@FootdavantFr\" \/>\n<meta name=\"twitter:label1\" content=\"\u00c9crit par\" \/>\n\t<meta name=\"twitter:data1\" content=\"Cl\u00e9ment\" \/>\n\t<meta name=\"twitter:label2\" content=\"Dur\u00e9e de lecture estim\u00e9e\" \/>\n\t<meta name=\"twitter:data2\" content=\"2 minutes\" \/>\n<script type=\"application\/ld+json\" class=\"yoast-schema-graph\">{\"@context\":\"https:\/\/schema.org\",\"@graph\":[{\"@type\":\"Article\",\"@id\":\"https:\/\/footdavant.fr\/actualites\/liverpool-line-up-summer-raid-pour-gcilo-inacio\/#article\",\"isPartOf\":{\"@id\":\"https:\/\/footdavant.fr\/actualites\/liverpool-line-up-summer-raid-pour-gcilo-inacio\/\"},\"author\":{\"name\":\"Cl\u00e9ment\",\"@id\":\"https:\/\/footdavant.fr\/actualites\/#\/schema\/person\/bc222566d95871b37e597b3ed3ba5e1d\"},\"headline\":\"LIVERPOOL LINE UP SUMMER RAID POUR GCILO INACIO\",\"datePublished\":\"2025-06-15T19:48:06+00:00\",\"dateModified\":\"2025-06-15T19:48:09+00:00\",\"mainEntityOfPage\":{\"@id\":\"https:\/\/footdavant.fr\/actualites\/liverpool-line-up-summer-raid-pour-gcilo-inacio\/\"},\"wordCount\":487,\"publisher\":{\"@id\":\"https:\/\/footdavant.fr\/actualites\/#organization\"},\"keywords\":[\"GCILO\",\"Inacio\",\"LINE\",\"Liverpool\",\"pour\",\"raid\",\"summer\"],\"articleSection\":[\"Football\"],\"inLanguage\":\"fr-FR\"},{\"@type\":\"WebPage\",\"@id\":\"https:\/\/footdavant.fr\/actualites\/liverpool-line-up-summer-raid-pour-gcilo-inacio\/\",\"url\":\"https:\/\/footdavant.fr\/actualites\/liverpool-line-up-summer-raid-pour-gcilo-inacio\/\",\"name\":\"LIVERPOOL LINE UP SUMMER RAID POUR GCILO INACIO\",\"isPartOf\":{\"@id\":\"https:\/\/footdavant.fr\/actualites\/#website\"},\"datePublished\":\"2025-06-15T19:48:06+00:00\",\"dateModified\":\"2025-06-15T19:48:09+00:00\",\"breadcrumb\":{\"@id\":\"https:\/\/footdavant.fr\/actualites\/liverpool-line-up-summer-raid-pour-gcilo-inacio\/#breadcrumb\"},\"inLanguage\":\"fr-FR\",\"potentialAction\":[{\"@type\":\"ReadAction\",\"target\":[\"https:\/\/footdavant.fr\/actualites\/liverpool-line-up-summer-raid-pour-gcilo-inacio\/\"]}]},{\"@type\":\"BreadcrumbList\",\"@id\":\"https:\/\/footdavant.fr\/actualites\/liverpool-line-up-summer-raid-pour-gcilo-inacio\/#breadcrumb\",\"itemListElement\":[{\"@type\":\"ListItem\",\"position\":1,\"name\":\"Accueil\",\"item\":\"https:\/\/footdavant.fr\/actualites\/\"},{\"@type\":\"ListItem\",\"position\":2,\"name\":\"LIVERPOOL LINE UP SUMMER RAID POUR GCILO INACIO\"}]},{\"@type\":\"WebSite\",\"@id\":\"https:\/\/footdavant.fr\/actualites\/#website\",\"url\":\"https:\/\/footdavant.fr\/actualites\/\",\"name\":\"Foot d'avant\",\"description\":\"\",\"publisher\":{\"@id\":\"https:\/\/footdavant.fr\/actualites\/#organization\"},\"potentialAction\":[{\"@type\":\"SearchAction\",\"target\":{\"@type\":\"EntryPoint\",\"urlTemplate\":\"https:\/\/footdavant.fr\/actualites\/?s={search_term_string}\"},\"query-input\":\"required name=search_term_string\"}],\"inLanguage\":\"fr-FR\"},{\"@type\":\"Organization\",\"@id\":\"https:\/\/footdavant.fr\/actualites\/#organization\",\"name\":\"Foot d'avant\",\"url\":\"https:\/\/footdavant.fr\/actualites\/\",\"logo\":{\"@type\":\"ImageObject\",\"inLanguage\":\"fr-FR\",\"@id\":\"https:\/\/footdavant.fr\/actualites\/#\/schema\/logo\/image\/\",\"url\":\"https:\/\/footdavant.fr\/actualites\/wp-content\/uploads\/2023\/09\/Copy-of-FootDavant-Logo.png\",\"contentUrl\":\"https:\/\/footdavant.fr\/actualites\/wp-content\/uploads\/2023\/09\/Copy-of-FootDavant-Logo.png\",\"width\":936,\"height\":549,\"caption\":\"Foot d'avant\"},\"image\":{\"@id\":\"https:\/\/footdavant.fr\/actualites\/#\/schema\/logo\/image\/\"},\"sameAs\":[\"https:\/\/www.facebook.com\/Footdavant\/\",\"https:\/\/twitter.com\/FootdavantFr\",\"https:\/\/www.instagram.com\/footdavant.fr\/\"]},{\"@type\":\"Person\",\"@id\":\"https:\/\/footdavant.fr\/actualites\/#\/schema\/person\/bc222566d95871b37e597b3ed3ba5e1d\",\"name\":\"Cl\u00e9ment\",\"image\":{\"@type\":\"ImageObject\",\"inLanguage\":\"fr-FR\",\"@id\":\"https:\/\/footdavant.fr\/actualites\/#\/schema\/person\/image\/\",\"url\":\"https:\/\/secure.gravatar.com\/avatar\/7728b29aac2719421e1a9159b2254c44?s=96&d=mm&r=g\",\"contentUrl\":\"https:\/\/secure.gravatar.com\/avatar\/7728b29aac2719421e1a9159b2254c44?s=96&d=mm&r=g\",\"caption\":\"Cl\u00e9ment\"},\"sameAs\":[\"https:\/\/footdavant.fr\/\"]}]}<\/script>\n<!-- \/ Yoast SEO plugin. -->","yoast_head_json":{"title":"LIVERPOOL LINE UP SUMMER RAID POUR GCILO INACIO","robots":{"index":"index","follow":"follow","max-snippet":"max-snippet:-1","max-image-preview":"max-image-preview:large","max-video-preview":"max-video-preview:-1"},"canonical":"https:\/\/footdavant.fr\/actualites\/liverpool-line-up-summer-raid-pour-gcilo-inacio\/","og_locale":"fr_FR","og_type":"article","og_title":"LIVERPOOL LINE UP SUMMER RAID POUR GCILO INACIO","og_description":"Liverpool pourrait \u00eatre pr\u00eat \u00e0 ressusciter son int\u00e9r\u00eat ant\u00e9rieur pour un joueur qui a \u00e9t\u00e9 r\u00e9guli\u00e8rement dans le moulin \u00e0 rumeurs d&#39;Anfield dans les r\u00e9centes","og_url":"https:\/\/footdavant.fr\/actualites\/liverpool-line-up-summer-raid-pour-gcilo-inacio\/","og_site_name":"Foot d&#039;avant","article_publisher":"https:\/\/www.facebook.com\/Footdavant\/","article_published_time":"2025-06-15T19:48:06+00:00","article_modified_time":"2025-06-15T19:48:09+00:00","og_image":[{"width":1244,"height":832,"url":"https:\/\/footdavant.fr\/actualites\/wp-content\/uploads\/2025\/06\/1750016887_LIVERPOOL-LINE-UP-SUMMER-RAID-POUR-GCILO-INACIO.jpg","type":"image\/jpeg"}],"author":"Cl\u00e9ment","twitter_card":"summary_large_image","twitter_creator":"@FootdavantFr","twitter_site":"@FootdavantFr","twitter_misc":{"\u00c9crit par":"Cl\u00e9ment","Dur\u00e9e de lecture estim\u00e9e":"2 minutes"},"schema":{"@context":"https:\/\/schema.org","@graph":[{"@type":"Article","@id":"https:\/\/footdavant.fr\/actualites\/liverpool-line-up-summer-raid-pour-gcilo-inacio\/#article","isPartOf":{"@id":"https:\/\/footdavant.fr\/actualites\/liverpool-line-up-summer-raid-pour-gcilo-inacio\/"},"author":{"name":"Cl\u00e9ment","@id":"https:\/\/footdavant.fr\/actualites\/#\/schema\/person\/bc222566d95871b37e597b3ed3ba5e1d"},"headline":"LIVERPOOL LINE UP SUMMER RAID POUR GCILO INACIO","datePublished":"2025-06-15T19:48:06+00:00","dateModified":"2025-06-15T19:48:09+00:00","mainEntityOfPage":{"@id":"https:\/\/footdavant.fr\/actualites\/liverpool-line-up-summer-raid-pour-gcilo-inacio\/"},"wordCount":487,"publisher":{"@id":"https:\/\/footdavant.fr\/actualites\/#organization"},"keywords":["GCILO","Inacio","LINE","Liverpool","pour","raid","summer"],"articleSection":["Football"],"inLanguage":"fr-FR"},{"@type":"WebPage","@id":"https:\/\/footdavant.fr\/actualites\/liverpool-line-up-summer-raid-pour-gcilo-inacio\/","url":"https:\/\/footdavant.fr\/actualites\/liverpool-line-up-summer-raid-pour-gcilo-inacio\/","name":"LIVERPOOL LINE UP SUMMER RAID POUR GCILO INACIO","isPartOf":{"@id":"https:\/\/footdavant.fr\/actualites\/#website"},"datePublished":"2025-06-15T19:48:06+00:00","dateModified":"2025-06-15T19:48:09+00:00","breadcrumb":{"@id":"https:\/\/footdavant.fr\/actualites\/liverpool-line-up-summer-raid-pour-gcilo-inacio\/#breadcrumb"},"inLanguage":"fr-FR","potentialAction":[{"@type":"ReadAction","target":["https:\/\/footdavant.fr\/actualites\/liverpool-line-up-summer-raid-pour-gcilo-inacio\/"]}]},{"@type":"BreadcrumbList","@id":"https:\/\/footdavant.fr\/actualites\/liverpool-line-up-summer-raid-pour-gcilo-inacio\/#breadcrumb","itemListElement":[{"@type":"ListItem","position":1,"name":"Accueil","item":"https:\/\/footdavant.fr\/actualites\/"},{"@type":"ListItem","position":2,"name":"LIVERPOOL LINE UP SUMMER RAID POUR GCILO INACIO"}]},{"@type":"WebSite","@id":"https:\/\/footdavant.fr\/actualites\/#website","url":"https:\/\/footdavant.fr\/actualites\/","name":"Foot d'avant","description":"","publisher":{"@id":"https:\/\/footdavant.fr\/actualites\/#organization"},"potentialAction":[{"@type":"SearchAction","target":{"@type":"EntryPoint","urlTemplate":"https:\/\/footdavant.fr\/actualites\/?s={search_term_string}"},"query-input":"required name=search_term_string"}],"inLanguage":"fr-FR"},{"@type":"Organization","@id":"https:\/\/footdavant.fr\/actualites\/#organization","name":"Foot d'avant","url":"https:\/\/footdavant.fr\/actualites\/","logo":{"@type":"ImageObject","inLanguage":"fr-FR","@id":"https:\/\/footdavant.fr\/actualites\/#\/schema\/logo\/image\/","url":"https:\/\/footdavant.fr\/actualites\/wp-content\/uploads\/2023\/09\/Copy-of-FootDavant-Logo.png","contentUrl":"https:\/\/footdavant.fr\/actualites\/wp-content\/uploads\/2023\/09\/Copy-of-FootDavant-Logo.png","width":936,"height":549,"caption":"Foot d'avant"},"image":{"@id":"https:\/\/footdavant.fr\/actualites\/#\/schema\/logo\/image\/"},"sameAs":["https:\/\/www.facebook.com\/Footdavant\/","https:\/\/twitter.com\/FootdavantFr","https:\/\/www.instagram.com\/footdavant.fr\/"]},{"@type":"Person","@id":"https:\/\/footdavant.fr\/actualites\/#\/schema\/person\/bc222566d95871b37e597b3ed3ba5e1d","name":"Cl\u00e9ment","image":{"@type":"ImageObject","inLanguage":"fr-FR","@id":"https:\/\/footdavant.fr\/actualites\/#\/schema\/person\/image\/","url":"https:\/\/secure.gravatar.com\/avatar\/7728b29aac2719421e1a9159b2254c44?s=96&d=mm&r=g","contentUrl":"https:\/\/secure.gravatar.com\/avatar\/7728b29aac2719421e1a9159b2254c44?s=96&d=mm&r=g","caption":"Cl\u00e9ment"},"sameAs":["https:\/\/footdavant.fr\/"]}]}},"_links":{"self":[{"href":"https:\/\/footdavant.fr\/actualites\/wp-json\/wp\/v2\/posts\/25102"}],"collection":[{"href":"https:\/\/footdavant.fr\/actualites\/wp-json\/wp\/v2\/posts"}],"about":[{"href":"https:\/\/footdavant.fr\/actualites\/wp-json\/wp\/v2\/types\/post"}],"author":[{"embeddable":true,"href":"https:\/\/footdavant.fr\/actualites\/wp-json\/wp\/v2\/users\/1"}],"replies":[{"embeddable":true,"href":"https:\/\/footdavant.fr\/actualites\/wp-json\/wp\/v2\/comments?post=25102"}],"version-history":[{"count":1,"href":"https:\/\/footdavant.fr\/actualites\/wp-json\/wp\/v2\/posts\/25102\/revisions"}],"predecessor-version":[{"id":25104,"href":"https:\/\/footdavant.fr\/actualites\/wp-json\/wp\/v2\/posts\/25102\/revisions\/25104"}],"wp:featuredmedia":[{"embeddable":true,"href":"https:\/\/footdavant.fr\/actualites\/wp-json\/wp\/v2\/media\/25103"}],"wp:attachment":[{"href":"https:\/\/footdavant.fr\/actualites\/wp-json\/wp\/v2\/media?parent=25102"}],"wp:term":[{"taxonomy":"category","embeddable":true,"href":"https:\/\/footdavant.fr\/actualites\/wp-json\/wp\/v2\/categories?post=25102"},{"taxonomy":"post_tag","embeddable":true,"href":"https:\/\/footdavant.fr\/actualites\/wp-json\/wp\/v2\/tags?post=25102"}],"curies":[{"name":"wp","href":"https:\/\/api.w.org\/{rel}","templated":true}]}}