{"id":25105,"date":"2025-06-15T23:48:07","date_gmt":"2025-06-15T21:48:07","guid":{"rendered":"https:\/\/footdavant.fr\/actualites\/sverre-nypan-frais-de-transfert-de-lhomme-city-duree-du-contrat-revele-comme-accord-conclu-pour-signer-arsenal-aston-villa-linked-starlette\/"},"modified":"2025-06-15T23:48:09","modified_gmt":"2025-06-15T21:48:09","slug":"sverre-nypan-frais-de-transfert-de-lhomme-city-duree-du-contrat-revele-comme-accord-conclu-pour-signer-arsenal-aston-villa-linked-starlette","status":"publish","type":"post","link":"https:\/\/footdavant.fr\/actualites\/sverre-nypan-frais-de-transfert-de-lhomme-city-duree-du-contrat-revele-comme-accord-conclu-pour-signer-arsenal-aston-villa-linked-starlette\/","title":{"rendered":"SVERRE NYPAN: Frais de transfert de l&#39;homme City, dur\u00e9e du contrat r\u00e9v\u00e9l\u00e9 comme \u00ab\u00a0 accord conclu &#39;&#39; pour signer Arsenal, Aston Villa Linked Starlette"},"content":{"rendered":"<p>Manchester City aurait conclu un accord avec Rosenborg pour signer le milieu de terrain tr\u00e8s class\u00e9 Sverre Nypan, qui \u00e9tait auparavant li\u00e9 \u00e0 Arsenal et Aston Villa.<\/p>\n<div id=\"article_body\" itemprop=\"articleBody\">\n<h3 class=\"firstPara\"><\/h3>\n<p style=\"margin-bottom:11px\"><strong class=\"autotag\">MANCHESTER CITY<\/strong> auraient conclu un accord avec <strong class=\"autotag\">Rosenborg<\/strong> Pour signer un milieu de terrain tr\u00e8s class\u00e9 <strong class=\"autotag\">Sverre Nypan<\/strong>.<\/p>\n<p>Les citoyens ont d\u00e9j\u00e0 pris un d\u00e9but agressif \u00e0 la fen\u00eatre de transfert d&#39;\u00e9t\u00e9, avec<strong> Quatre nouveaux arrivants ajout\u00e9s<\/strong> \u00e0 <strong class=\"autotag\">Pep guodiola<\/strong>Squad pour la Coupe du Monde du Club de la FIFA plus tard ce mois-ci.<\/p>\n<p><strong class=\"autotag\">Tijjani reijnders<\/strong>, <strong class=\"autotag\">Rayan Cherki<\/strong>, <strong class=\"autotag\">Rayan Ait-Nouri<\/strong> et <strong class=\"autotag\">Marcus Bettinelli<\/strong> avoir <strong>tous les mouvements permanents termin\u00e9s<\/strong> Au stade Etihad et \u00e0 Man City semblent \u00eatre sur le point de signer un cinqui\u00e8me joueur cet \u00e9t\u00e9.<\/p>\n<p>Il avait d\u00e9j\u00e0 \u00e9t\u00e9 signal\u00e9 que <strong>Les citoyens faisaient des progr\u00e8s<\/strong> Dans leur qu\u00eate de NYPAN, 18 ans et \u00e9taient sur le point de conclure un accord avec Rosenborg.<\/p>\n<p>Maintenant, <em><strong>L&#39;athl\u00e9tisme<\/strong><\/em>  Les affirmations selon lesquelles des frais de 12,5 millions de livres sterling (14,6 millions d&#39;euros) ont \u00e9t\u00e9 convenus entre les deux clubs, sans \u00e9ventualit\u00e9s ni clauses de vente.<\/p>\n<p style=\"margin-bottom:11px\">\n<h2 style=\"margin-bottom: 11px;\">Man City s&#39;est d\u00e9roul\u00e9 pour battre <strong class=\"autotag\">Arsenal<\/strong>, <strong class=\"autotag\">Aston Villa<\/strong> \u00e0 la signature de Nypan<\/h2>\n<p>Les conditions personnelles doivent encore \u00eatre finalis\u00e9es, mais un projet de contrat de cinq ans jusqu&#39;en juin 2030 serait sur la table.<\/p>\n<p>Si Nypan terminer un d\u00e9m\u00e9nagement permanent de Rosenborg \u00e0 Man City, il repr\u00e9senterait une vente record pour un joueur de l&#39;\u00e9liteserien norv\u00e9gien.<\/p>\n<p>Sous r\u00e9serve de l&#39;ach\u00e8vement, Man City devrait envoyer NYPAN en pr\u00eat la saison prochaine pour qu&#39;il continue son d\u00e9veloppement, avant d&#39;\u00eatre int\u00e9gr\u00e9 \u00e0 l&#39;\u00e9quipe senior de Guardiola \u00e0 une date ult\u00e9rieure.<\/p>\n<p>Plus t\u00f4t cette ann\u00e9e, NYPAN a visit\u00e9 plusieurs clubs europ\u00e9ens de haut niveau dans la fen\u00eatre de transfert de janvier pendant la morte-saison norv\u00e9gienne, notamment le trio de Premier League Man City, Arsenal et Aston Villa.<\/p>\n<p>Il a \u00e9t\u00e9 rapport\u00e9 en avril que <strong class=\"autotag\">Unai Emery<\/strong>Le c\u00f4t\u00e9 de la Pole position \u00e9tait pass\u00e9 en pole pour recruter Nypan apr\u00e8s avoir envoy\u00e9 des repr\u00e9sentants en Norv\u00e8ge pour pr\u00e9senter sa vision \u00e0 l&#39;adolescent.<\/p>\n<p class=\"imgI\"><img decoding=\"async\" alt=\"Sverre Nypan en action pour les moins de 21 ans de Norv\u00e8ge le 10 septembre 2024\" class=\"vanilla-lazyload article-image\" src=\"https:\/\/footdavant.fr\/actualites\/wp-content\/uploads\/2025\/06\/Fenetre-de-transfert-d39ete-d39Aston-Villa-cibles-superieures-budget-et.jpg\"><\/p>\n<h2>Man City peut envisager de pr\u00eater Nypan \u00e0 <strong class=\"autotag\">Girona<\/strong> la saison suivante<\/h2>\n<p>Cependant, Villa et Arsenal ont finalement d\u00e9missionn\u00e9 de perdre dans la course \u00e0 Nypan, qui a maintenant \u00e9t\u00e9 convaincu de d\u00e9m\u00e9nager au stade Etihad.<\/p>\n<p>Le club s\u0153ur de Man City, Girona, qui fait \u00e9galement partie du groupe de football de la ville, a \u00e9galement exprim\u00e9 son int\u00e9r\u00eat \u00e0 signer le jeune plus t\u00f4t cette ann\u00e9e et on pense que les citoyens pourraient l&#39;envoyer \u00e0 la tenue de Liga en pr\u00eat la saison prochaine.<\/p>\n<p>Nypan est largement consid\u00e9r\u00e9 comme l&#39;une des perspectives les plus brillantes d&#39;Europe ayant fait l&#39;impression comme un joueur de premi\u00e8re \u00e9quipe pour Rosenborg.<\/p>\n<p>Depuis qu&#39;il a fait ses d\u00e9buts en 2022, devenant le plus jeune joueur de Rosenborg \u00e0 l&#39;\u00e2ge de 15 ans, Nypan a fait un total de 70 apparitions seniors toutes comp\u00e9titions, enregistrant 14 buts et 11 passes d\u00e9cisives.<\/p>\n<p>Le milieu de terrain polyvalent a jou\u00e9 neuf fois dans la campagne 2025 pour les 26 champions norv\u00e9giens, qui se trouvent actuellement troisi\u00e8me au classement sup\u00e9rieur, alors qu&#39;il est \u00e9galement un international de Norv\u00e8ge de moins de 21 ans.<\/p>\n<div class=\"author_box\">\n<div class=\"author_box_banner\"> <img decoding=\"async\" class=\"author_img\" src=\"https:\/\/footdavant.fr\/actualites\/wp-content\/uploads\/2025\/06\/Modric-Carvajal-Ronaldo-Quels-joueurs-ont-remporte-le-plus-de.jpg\"><\/div>\n<\/div>\n<\/div>\n","protected":false},"excerpt":{"rendered":"<p>Manchester City aurait conclu un accord avec Rosenborg pour signer le milieu de terrain tr\u00e8s class\u00e9 Sverre Nypan, qui \u00e9tait auparavant li\u00e9 \u00e0 Arsenal et<\/p>\n","protected":false},"author":1,"featured_media":25106,"comment_status":"closed","ping_status":"","sticky":false,"template":"","format":"standard","meta":{"footnotes":""},"categories":[5],"tags":[277,67,369,27,990,4351,1218,1604,1013,4674,9258,3784,51,415,774,2480,3783,700,370],"yoast_head":"<!-- This site is optimized with the Yoast SEO plugin v21.0 - https:\/\/yoast.com\/wordpress\/plugins\/seo\/ -->\n<title>SVERRE NYPAN: Frais de transfert de l&#039;homme City, dur\u00e9e du contrat r\u00e9v\u00e9l\u00e9 comme `` accord conclu &#039;&#039; pour signer Arsenal, Aston Villa Linked Starlette<\/title>\n<meta name=\"robots\" content=\"index, follow, max-snippet:-1, max-image-preview:large, max-video-preview:-1\" \/>\n<link rel=\"canonical\" href=\"https:\/\/footdavant.fr\/actualites\/sverre-nypan-frais-de-transfert-de-lhomme-city-duree-du-contrat-revele-comme-accord-conclu-pour-signer-arsenal-aston-villa-linked-starlette\/\" \/>\n<meta property=\"og:locale\" content=\"fr_FR\" \/>\n<meta property=\"og:type\" content=\"article\" \/>\n<meta property=\"og:title\" content=\"SVERRE NYPAN: Frais de transfert de l&#039;homme City, dur\u00e9e du contrat r\u00e9v\u00e9l\u00e9 comme `` accord conclu &#039;&#039; pour signer Arsenal, Aston Villa Linked Starlette\" \/>\n<meta property=\"og:description\" content=\"Manchester City aurait conclu un accord avec Rosenborg pour signer le milieu de terrain tr\u00e8s class\u00e9 Sverre Nypan, qui \u00e9tait auparavant li\u00e9 \u00e0 Arsenal et\" \/>\n<meta property=\"og:url\" content=\"https:\/\/footdavant.fr\/actualites\/sverre-nypan-frais-de-transfert-de-lhomme-city-duree-du-contrat-revele-comme-accord-conclu-pour-signer-arsenal-aston-villa-linked-starlette\/\" \/>\n<meta property=\"og:site_name\" content=\"Foot d&#039;avant\" \/>\n<meta property=\"article:publisher\" content=\"https:\/\/www.facebook.com\/Footdavant\/\" \/>\n<meta property=\"article:published_time\" content=\"2025-06-15T21:48:07+00:00\" \/>\n<meta property=\"article:modified_time\" content=\"2025-06-15T21:48:09+00:00\" \/>\n<meta property=\"og:image\" content=\"https:\/\/footdavant.fr\/actualites\/wp-content\/uploads\/2025\/06\/1750024088_SVERRE-NYPAN-Frais-de-transfert-de-l39homme-City-duree-du.jpg\" \/>\n\t<meta property=\"og:image:width\" content=\"640\" \/>\n\t<meta property=\"og:image:height\" content=\"480\" \/>\n\t<meta property=\"og:image:type\" content=\"image\/jpeg\" \/>\n<meta name=\"author\" content=\"Cl\u00e9ment\" \/>\n<meta name=\"twitter:card\" content=\"summary_large_image\" \/>\n<meta name=\"twitter:creator\" content=\"@FootdavantFr\" \/>\n<meta name=\"twitter:site\" content=\"@FootdavantFr\" \/>\n<meta name=\"twitter:label1\" content=\"\u00c9crit par\" \/>\n\t<meta name=\"twitter:data1\" content=\"Cl\u00e9ment\" \/>\n\t<meta name=\"twitter:label2\" content=\"Dur\u00e9e de lecture estim\u00e9e\" \/>\n\t<meta name=\"twitter:data2\" content=\"3 minutes\" \/>\n<script type=\"application\/ld+json\" class=\"yoast-schema-graph\">{\"@context\":\"https:\/\/schema.org\",\"@graph\":[{\"@type\":\"Article\",\"@id\":\"https:\/\/footdavant.fr\/actualites\/sverre-nypan-frais-de-transfert-de-lhomme-city-duree-du-contrat-revele-comme-accord-conclu-pour-signer-arsenal-aston-villa-linked-starlette\/#article\",\"isPartOf\":{\"@id\":\"https:\/\/footdavant.fr\/actualites\/sverre-nypan-frais-de-transfert-de-lhomme-city-duree-du-contrat-revele-comme-accord-conclu-pour-signer-arsenal-aston-villa-linked-starlette\/\"},\"author\":{\"name\":\"Cl\u00e9ment\",\"@id\":\"https:\/\/footdavant.fr\/actualites\/#\/schema\/person\/bc222566d95871b37e597b3ed3ba5e1d\"},\"headline\":\"SVERRE NYPAN: Frais de transfert de l&#39;homme City, dur\u00e9e du contrat r\u00e9v\u00e9l\u00e9 comme \u00ab\u00a0 accord conclu &#39;&#39; pour signer Arsenal, Aston Villa Linked Starlette\",\"datePublished\":\"2025-06-15T21:48:07+00:00\",\"dateModified\":\"2025-06-15T21:48:09+00:00\",\"mainEntityOfPage\":{\"@id\":\"https:\/\/footdavant.fr\/actualites\/sverre-nypan-frais-de-transfert-de-lhomme-city-duree-du-contrat-revele-comme-accord-conclu-pour-signer-arsenal-aston-villa-linked-starlette\/\"},\"wordCount\":590,\"publisher\":{\"@id\":\"https:\/\/footdavant.fr\/actualites\/#organization\"},\"keywords\":[\"accord\",\"Arsenal\",\"Aston\",\"City\",\"comme\",\"conclu\",\"contrat\",\"dur\u00e9e\",\"frais\",\"L39homme\",\"Linked\",\"Nypan\",\"pour\",\"r\u00e9v\u00e8le\",\"signer\",\"starlette\",\"Sverre\",\"transfert\",\"Villa\"],\"articleSection\":[\"Premier League\"],\"inLanguage\":\"fr-FR\"},{\"@type\":\"WebPage\",\"@id\":\"https:\/\/footdavant.fr\/actualites\/sverre-nypan-frais-de-transfert-de-lhomme-city-duree-du-contrat-revele-comme-accord-conclu-pour-signer-arsenal-aston-villa-linked-starlette\/\",\"url\":\"https:\/\/footdavant.fr\/actualites\/sverre-nypan-frais-de-transfert-de-lhomme-city-duree-du-contrat-revele-comme-accord-conclu-pour-signer-arsenal-aston-villa-linked-starlette\/\",\"name\":\"SVERRE NYPAN: Frais de transfert de l&#39;homme City, dur\u00e9e du contrat r\u00e9v\u00e9l\u00e9 comme `` accord conclu &#39;&#39; pour signer Arsenal, Aston Villa Linked Starlette\",\"isPartOf\":{\"@id\":\"https:\/\/footdavant.fr\/actualites\/#website\"},\"datePublished\":\"2025-06-15T21:48:07+00:00\",\"dateModified\":\"2025-06-15T21:48:09+00:00\",\"breadcrumb\":{\"@id\":\"https:\/\/footdavant.fr\/actualites\/sverre-nypan-frais-de-transfert-de-lhomme-city-duree-du-contrat-revele-comme-accord-conclu-pour-signer-arsenal-aston-villa-linked-starlette\/#breadcrumb\"},\"inLanguage\":\"fr-FR\",\"potentialAction\":[{\"@type\":\"ReadAction\",\"target\":[\"https:\/\/footdavant.fr\/actualites\/sverre-nypan-frais-de-transfert-de-lhomme-city-duree-du-contrat-revele-comme-accord-conclu-pour-signer-arsenal-aston-villa-linked-starlette\/\"]}]},{\"@type\":\"BreadcrumbList\",\"@id\":\"https:\/\/footdavant.fr\/actualites\/sverre-nypan-frais-de-transfert-de-lhomme-city-duree-du-contrat-revele-comme-accord-conclu-pour-signer-arsenal-aston-villa-linked-starlette\/#breadcrumb\",\"itemListElement\":[{\"@type\":\"ListItem\",\"position\":1,\"name\":\"Accueil\",\"item\":\"https:\/\/footdavant.fr\/actualites\/\"},{\"@type\":\"ListItem\",\"position\":2,\"name\":\"SVERRE NYPAN: Frais de transfert de l&#39;homme City, dur\u00e9e du contrat r\u00e9v\u00e9l\u00e9 comme \u00ab\u00a0 accord conclu &#39;&#39; pour signer Arsenal, Aston Villa Linked Starlette\"}]},{\"@type\":\"WebSite\",\"@id\":\"https:\/\/footdavant.fr\/actualites\/#website\",\"url\":\"https:\/\/footdavant.fr\/actualites\/\",\"name\":\"Foot d'avant\",\"description\":\"\",\"publisher\":{\"@id\":\"https:\/\/footdavant.fr\/actualites\/#organization\"},\"potentialAction\":[{\"@type\":\"SearchAction\",\"target\":{\"@type\":\"EntryPoint\",\"urlTemplate\":\"https:\/\/footdavant.fr\/actualites\/?s={search_term_string}\"},\"query-input\":\"required name=search_term_string\"}],\"inLanguage\":\"fr-FR\"},{\"@type\":\"Organization\",\"@id\":\"https:\/\/footdavant.fr\/actualites\/#organization\",\"name\":\"Foot d'avant\",\"url\":\"https:\/\/footdavant.fr\/actualites\/\",\"logo\":{\"@type\":\"ImageObject\",\"inLanguage\":\"fr-FR\",\"@id\":\"https:\/\/footdavant.fr\/actualites\/#\/schema\/logo\/image\/\",\"url\":\"https:\/\/footdavant.fr\/actualites\/wp-content\/uploads\/2023\/09\/Copy-of-FootDavant-Logo.png\",\"contentUrl\":\"https:\/\/footdavant.fr\/actualites\/wp-content\/uploads\/2023\/09\/Copy-of-FootDavant-Logo.png\",\"width\":936,\"height\":549,\"caption\":\"Foot d'avant\"},\"image\":{\"@id\":\"https:\/\/footdavant.fr\/actualites\/#\/schema\/logo\/image\/\"},\"sameAs\":[\"https:\/\/www.facebook.com\/Footdavant\/\",\"https:\/\/twitter.com\/FootdavantFr\",\"https:\/\/www.instagram.com\/footdavant.fr\/\"]},{\"@type\":\"Person\",\"@id\":\"https:\/\/footdavant.fr\/actualites\/#\/schema\/person\/bc222566d95871b37e597b3ed3ba5e1d\",\"name\":\"Cl\u00e9ment\",\"image\":{\"@type\":\"ImageObject\",\"inLanguage\":\"fr-FR\",\"@id\":\"https:\/\/footdavant.fr\/actualites\/#\/schema\/person\/image\/\",\"url\":\"https:\/\/secure.gravatar.com\/avatar\/7728b29aac2719421e1a9159b2254c44?s=96&d=mm&r=g\",\"contentUrl\":\"https:\/\/secure.gravatar.com\/avatar\/7728b29aac2719421e1a9159b2254c44?s=96&d=mm&r=g\",\"caption\":\"Cl\u00e9ment\"},\"sameAs\":[\"https:\/\/footdavant.fr\/\"]}]}<\/script>\n<!-- \/ Yoast SEO plugin. -->","yoast_head_json":{"title":"SVERRE NYPAN: Frais de transfert de l&#39;homme City, dur\u00e9e du contrat r\u00e9v\u00e9l\u00e9 comme `` accord conclu &#39;&#39; pour signer Arsenal, Aston Villa Linked Starlette","robots":{"index":"index","follow":"follow","max-snippet":"max-snippet:-1","max-image-preview":"max-image-preview:large","max-video-preview":"max-video-preview:-1"},"canonical":"https:\/\/footdavant.fr\/actualites\/sverre-nypan-frais-de-transfert-de-lhomme-city-duree-du-contrat-revele-comme-accord-conclu-pour-signer-arsenal-aston-villa-linked-starlette\/","og_locale":"fr_FR","og_type":"article","og_title":"SVERRE NYPAN: Frais de transfert de l&#39;homme City, dur\u00e9e du contrat r\u00e9v\u00e9l\u00e9 comme `` accord conclu &#39;&#39; pour signer Arsenal, Aston Villa Linked Starlette","og_description":"Manchester City aurait conclu un accord avec Rosenborg pour signer le milieu de terrain tr\u00e8s class\u00e9 Sverre Nypan, qui \u00e9tait auparavant li\u00e9 \u00e0 Arsenal et","og_url":"https:\/\/footdavant.fr\/actualites\/sverre-nypan-frais-de-transfert-de-lhomme-city-duree-du-contrat-revele-comme-accord-conclu-pour-signer-arsenal-aston-villa-linked-starlette\/","og_site_name":"Foot d&#039;avant","article_publisher":"https:\/\/www.facebook.com\/Footdavant\/","article_published_time":"2025-06-15T21:48:07+00:00","article_modified_time":"2025-06-15T21:48:09+00:00","og_image":[{"width":640,"height":480,"url":"https:\/\/footdavant.fr\/actualites\/wp-content\/uploads\/2025\/06\/1750024088_SVERRE-NYPAN-Frais-de-transfert-de-l39homme-City-duree-du.jpg","type":"image\/jpeg"}],"author":"Cl\u00e9ment","twitter_card":"summary_large_image","twitter_creator":"@FootdavantFr","twitter_site":"@FootdavantFr","twitter_misc":{"\u00c9crit par":"Cl\u00e9ment","Dur\u00e9e de lecture estim\u00e9e":"3 minutes"},"schema":{"@context":"https:\/\/schema.org","@graph":[{"@type":"Article","@id":"https:\/\/footdavant.fr\/actualites\/sverre-nypan-frais-de-transfert-de-lhomme-city-duree-du-contrat-revele-comme-accord-conclu-pour-signer-arsenal-aston-villa-linked-starlette\/#article","isPartOf":{"@id":"https:\/\/footdavant.fr\/actualites\/sverre-nypan-frais-de-transfert-de-lhomme-city-duree-du-contrat-revele-comme-accord-conclu-pour-signer-arsenal-aston-villa-linked-starlette\/"},"author":{"name":"Cl\u00e9ment","@id":"https:\/\/footdavant.fr\/actualites\/#\/schema\/person\/bc222566d95871b37e597b3ed3ba5e1d"},"headline":"SVERRE NYPAN: Frais de transfert de l&#39;homme City, dur\u00e9e du contrat r\u00e9v\u00e9l\u00e9 comme \u00ab\u00a0 accord conclu &#39;&#39; pour signer Arsenal, Aston Villa Linked Starlette","datePublished":"2025-06-15T21:48:07+00:00","dateModified":"2025-06-15T21:48:09+00:00","mainEntityOfPage":{"@id":"https:\/\/footdavant.fr\/actualites\/sverre-nypan-frais-de-transfert-de-lhomme-city-duree-du-contrat-revele-comme-accord-conclu-pour-signer-arsenal-aston-villa-linked-starlette\/"},"wordCount":590,"publisher":{"@id":"https:\/\/footdavant.fr\/actualites\/#organization"},"keywords":["accord","Arsenal","Aston","City","comme","conclu","contrat","dur\u00e9e","frais","L39homme","Linked","Nypan","pour","r\u00e9v\u00e8le","signer","starlette","Sverre","transfert","Villa"],"articleSection":["Premier League"],"inLanguage":"fr-FR"},{"@type":"WebPage","@id":"https:\/\/footdavant.fr\/actualites\/sverre-nypan-frais-de-transfert-de-lhomme-city-duree-du-contrat-revele-comme-accord-conclu-pour-signer-arsenal-aston-villa-linked-starlette\/","url":"https:\/\/footdavant.fr\/actualites\/sverre-nypan-frais-de-transfert-de-lhomme-city-duree-du-contrat-revele-comme-accord-conclu-pour-signer-arsenal-aston-villa-linked-starlette\/","name":"SVERRE NYPAN: Frais de transfert de l&#39;homme City, dur\u00e9e du contrat r\u00e9v\u00e9l\u00e9 comme `` accord conclu &#39;&#39; pour signer Arsenal, Aston Villa Linked Starlette","isPartOf":{"@id":"https:\/\/footdavant.fr\/actualites\/#website"},"datePublished":"2025-06-15T21:48:07+00:00","dateModified":"2025-06-15T21:48:09+00:00","breadcrumb":{"@id":"https:\/\/footdavant.fr\/actualites\/sverre-nypan-frais-de-transfert-de-lhomme-city-duree-du-contrat-revele-comme-accord-conclu-pour-signer-arsenal-aston-villa-linked-starlette\/#breadcrumb"},"inLanguage":"fr-FR","potentialAction":[{"@type":"ReadAction","target":["https:\/\/footdavant.fr\/actualites\/sverre-nypan-frais-de-transfert-de-lhomme-city-duree-du-contrat-revele-comme-accord-conclu-pour-signer-arsenal-aston-villa-linked-starlette\/"]}]},{"@type":"BreadcrumbList","@id":"https:\/\/footdavant.fr\/actualites\/sverre-nypan-frais-de-transfert-de-lhomme-city-duree-du-contrat-revele-comme-accord-conclu-pour-signer-arsenal-aston-villa-linked-starlette\/#breadcrumb","itemListElement":[{"@type":"ListItem","position":1,"name":"Accueil","item":"https:\/\/footdavant.fr\/actualites\/"},{"@type":"ListItem","position":2,"name":"SVERRE NYPAN: Frais de transfert de l&#39;homme City, dur\u00e9e du contrat r\u00e9v\u00e9l\u00e9 comme \u00ab\u00a0 accord conclu &#39;&#39; pour signer Arsenal, Aston Villa Linked Starlette"}]},{"@type":"WebSite","@id":"https:\/\/footdavant.fr\/actualites\/#website","url":"https:\/\/footdavant.fr\/actualites\/","name":"Foot d'avant","description":"","publisher":{"@id":"https:\/\/footdavant.fr\/actualites\/#organization"},"potentialAction":[{"@type":"SearchAction","target":{"@type":"EntryPoint","urlTemplate":"https:\/\/footdavant.fr\/actualites\/?s={search_term_string}"},"query-input":"required name=search_term_string"}],"inLanguage":"fr-FR"},{"@type":"Organization","@id":"https:\/\/footdavant.fr\/actualites\/#organization","name":"Foot d'avant","url":"https:\/\/footdavant.fr\/actualites\/","logo":{"@type":"ImageObject","inLanguage":"fr-FR","@id":"https:\/\/footdavant.fr\/actualites\/#\/schema\/logo\/image\/","url":"https:\/\/footdavant.fr\/actualites\/wp-content\/uploads\/2023\/09\/Copy-of-FootDavant-Logo.png","contentUrl":"https:\/\/footdavant.fr\/actualites\/wp-content\/uploads\/2023\/09\/Copy-of-FootDavant-Logo.png","width":936,"height":549,"caption":"Foot d'avant"},"image":{"@id":"https:\/\/footdavant.fr\/actualites\/#\/schema\/logo\/image\/"},"sameAs":["https:\/\/www.facebook.com\/Footdavant\/","https:\/\/twitter.com\/FootdavantFr","https:\/\/www.instagram.com\/footdavant.fr\/"]},{"@type":"Person","@id":"https:\/\/footdavant.fr\/actualites\/#\/schema\/person\/bc222566d95871b37e597b3ed3ba5e1d","name":"Cl\u00e9ment","image":{"@type":"ImageObject","inLanguage":"fr-FR","@id":"https:\/\/footdavant.fr\/actualites\/#\/schema\/person\/image\/","url":"https:\/\/secure.gravatar.com\/avatar\/7728b29aac2719421e1a9159b2254c44?s=96&d=mm&r=g","contentUrl":"https:\/\/secure.gravatar.com\/avatar\/7728b29aac2719421e1a9159b2254c44?s=96&d=mm&r=g","caption":"Cl\u00e9ment"},"sameAs":["https:\/\/footdavant.fr\/"]}]}},"_links":{"self":[{"href":"https:\/\/footdavant.fr\/actualites\/wp-json\/wp\/v2\/posts\/25105"}],"collection":[{"href":"https:\/\/footdavant.fr\/actualites\/wp-json\/wp\/v2\/posts"}],"about":[{"href":"https:\/\/footdavant.fr\/actualites\/wp-json\/wp\/v2\/types\/post"}],"author":[{"embeddable":true,"href":"https:\/\/footdavant.fr\/actualites\/wp-json\/wp\/v2\/users\/1"}],"replies":[{"embeddable":true,"href":"https:\/\/footdavant.fr\/actualites\/wp-json\/wp\/v2\/comments?post=25105"}],"version-history":[{"count":1,"href":"https:\/\/footdavant.fr\/actualites\/wp-json\/wp\/v2\/posts\/25105\/revisions"}],"predecessor-version":[{"id":25107,"href":"https:\/\/footdavant.fr\/actualites\/wp-json\/wp\/v2\/posts\/25105\/revisions\/25107"}],"wp:featuredmedia":[{"embeddable":true,"href":"https:\/\/footdavant.fr\/actualites\/wp-json\/wp\/v2\/media\/25106"}],"wp:attachment":[{"href":"https:\/\/footdavant.fr\/actualites\/wp-json\/wp\/v2\/media?parent=25105"}],"wp:term":[{"taxonomy":"category","embeddable":true,"href":"https:\/\/footdavant.fr\/actualites\/wp-json\/wp\/v2\/categories?post=25105"},{"taxonomy":"post_tag","embeddable":true,"href":"https:\/\/footdavant.fr\/actualites\/wp-json\/wp\/v2\/tags?post=25105"}],"curies":[{"name":"wp","href":"https:\/\/api.w.org\/{rel}","templated":true}]}}