{"id":25117,"date":"2025-06-16T07:48:03","date_gmt":"2025-06-16T05:48:03","guid":{"rendered":"https:\/\/footdavant.fr\/actualites\/jamie-gittens-borussia-dortmund-chief-commentaires-sur-lechec-du-transfert-a-chelsea\/"},"modified":"2025-06-16T07:48:05","modified_gmt":"2025-06-16T05:48:05","slug":"jamie-gittens-borussia-dortmund-chief-commentaires-sur-lechec-du-transfert-a-chelsea","status":"publish","type":"post","link":"https:\/\/footdavant.fr\/actualites\/jamie-gittens-borussia-dortmund-chief-commentaires-sur-lechec-du-transfert-a-chelsea\/","title":{"rendered":"Jamie Gittens: Borussia Dortmund Chief Commentaires sur l&#39;\u00e9chec du transfert \u00e0 Chelsea"},"content":{"rendered":"<p>Le directeur du Borussia Dortmund Sporting, Sebastian Kehl, r\u00e9v\u00e8le pourquoi Jamie Gittens n&#39;a pas termin\u00e9 le d\u00e9m\u00e9nagement \u00e0 Chelsea avant la Coupe du monde du club de la FIFA.<\/p>\n<div id=\"article_body\" itemprop=\"articleBody\">\n<h3 class=\"firstPara\"><\/h3>\n<p style=\"margin-bottom:11px\"><strong class=\"autotag\">Borussia Dortmund<\/strong> directeur sportif <strong class=\"autotag\">Sebastian Kehl<\/strong> a r\u00e9v\u00e9l\u00e9 pourquoi Jamie Gittens n&#39;a pas termin\u00e9 un d\u00e9m\u00e9nagement <strong class=\"autotag\">Ch\u00e9lat<\/strong> Avant la Coupe du monde du club de la FIFA.<\/p>\n<p style=\"margin-bottom:11px\">Apr\u00e8s avoir conclu un accord de 30 millions de livres sterling pour Striker <strong class=\"autotag\">Liam Delap<\/strong>Chelsea poussait dur pour renforcer leur \u00e9quipe avec un nouveau gardien de but et ailier avant la date limite de transfert de 19h00 mardi.<\/p>\n<p>Cependant un mouvement pour AC Milan Shot-Stopper <strong class=\"autotag\">Mike Maignan<\/strong> tomb\u00e9 avant que le blues ne tourne rapidement leur attention vers la signature de l&#39;ailier Gittens de Dortmund.<\/p>\n<p>Chelsea pr\u00e9tendument<strong> \u00c9chec avec deux offres<\/strong> Pour signer le joueur de 20 ans, y compris leur deuxi\u00e8me valeur d&#39;environ 50 millions d&#39;euros (42 millions de livres sterling), car Dortmund exigeait des frais sup\u00e9rieurs \u00e0 65 millions d&#39;euros (55 millions de livres sterling).<\/p>\n<p>Kehl a depuis confirm\u00e9 qu&#39;un d\u00e9m\u00e9nagement pour Gittens \u00e0 Stamford Bridge ne s&#39;est pas concr\u00e9tis\u00e9 en raison d&#39;une diff\u00e9rence d&#39;opinion entre les deux clubs sur l&#39;\u00e9valuation du joueur.<\/p>\n<p class=\"imgI\">\n<h2>Kehl explique la sortie rat\u00e9e de Gittens malgr\u00e9 les discussions \u00abtr\u00e8s respectueuses\u00bb de Chelsea<\/h2>\n<p>\u00ab\u00a0En fin de compte, nous ne sommes pas parvenus \u00e0 un accord sur Jamie parce que nous avons diff\u00e9rentes id\u00e9es sur la valeur actuelle du joueur\u00a0\u00bb, a d\u00e9clar\u00e9 Kehl aux journalistes comme cit\u00e9 par <em><strong>Sky Sports News<\/strong><\/em>.<\/p>\n<p>\u00ab\u00a0Mais les pourparlers ont \u00e9t\u00e9 tr\u00e8s, tr\u00e8s respectueux. Nous sommes en tr\u00e8s bon dialogue avec Chelsea depuis de nombreuses ann\u00e9es.<\/p>\n<p>\u00ab\u00a0Et pourtant, nous avons un point de vue diff\u00e9rent et sommes heureux que Jamie fasse d\u00e9sormais partie de notre \u00e9quipe \u00e0 la Coupe du Monde du Club et soit ravi qu&#39;il s\u00e9journe.<\/p>\n<p>\u00ab\u00a0Je ne suis pas responsable de l&#39;offre tardive, mais bien s\u00fbr, je dois encore y faire face et c&#39;est ce que nous avons fait. Voyons comment les choses se d\u00e9veloppent \u00e0 l&#39;avenir.\u00a0\u00bb<\/p>\n<p class=\"imgI\"><img decoding=\"async\" alt=\"Jamie Gittens du Borussia Dortmund le 17 janvier 2025\" class=\"vanilla-lazyload article-image\" src=\"https:\/\/footdavant.fr\/actualites\/wp-content\/uploads\/2025\/06\/1750052883_640_Jamie-Gittens-Borussia-Dortmund-Chief-Commentaires-sur-l39echec-du-transfert.jpg\"><\/p>\n<h2>Qu&#39;est-ce que l&#39;avenir contient pour Gittens?<\/h2>\n<p>Gittens a depuis \u00e9t\u00e9 <strong>Nomm\u00e9 dans l&#39;\u00e9quipe de Dortmund <\/strong>Pour la Coupe du monde des clubs et on pense que Chelsea cherchera \u00e0 relancer leur int\u00e9r\u00eat pour l&#39;international d&#39;Angleterre des moins de 21 ans apr\u00e8s le tournoi aux \u00c9tats-Unis &#8211; la fen\u00eatre de transfert rouvre le 16 juin.<\/p>\n<p>Il reste \u00e0 voir si Gittens jouera un r\u00f4le majeur dans <strong class=\"autotag\">Niko Kovac<\/strong>c\u00f4t\u00e9 du c\u00f4t\u00e9; L&#39;ailier a \u00e9t\u00e9 r\u00e9duit \u00e0 seulement trois d\u00e9parts dans les 12 derniers matchs de Bundesliga de Dortmund de la saison 2024-25 apr\u00e8s une baisse de forme.<\/p>\n<p>N\u00e9anmoins, Gittens a connu une campagne productive dans l&#39;\u00e9quipe senior, marquant 12 buts et enregistrant cinq passes d\u00e9cisives en 48 matchs dans toutes les comp\u00e9titions.<\/p>\n<p>Avant de rejoindre Dortmund en 2020, Gittens a pass\u00e9 du temps dans les acad\u00e9mies de Reading, Chelsea et Manchester City et il est maintenant d\u00e9sireux de retourner en Angleterre.<\/p>\n<p>Si Dortmund d\u00e9cidait de vendre Gittens, Man City sera d\u00fb \u00e0 10% des frais apr\u00e8s avoir ins\u00e9r\u00e9 une clause de vente dans l&#39;accord de l&#39;ailier lorsqu&#39;il a quitt\u00e9 le stade Etihad il y a cinq ans.<\/p>\n<div class=\"author_box\">\n<div class=\"author_box_banner\"> <img decoding=\"async\" class=\"author_img\" src=\"https:\/\/footdavant.fr\/actualites\/wp-content\/uploads\/2025\/06\/Modric-Carvajal-Ronaldo-Quels-joueurs-ont-remporte-le-plus-de.jpg\"><\/div>\n<\/div>\n<\/div>\n","protected":false},"excerpt":{"rendered":"<p>Le directeur du Borussia Dortmund Sporting, Sebastian Kehl, r\u00e9v\u00e8le pourquoi Jamie Gittens n&#39;a pas termin\u00e9 le d\u00e9m\u00e9nagement \u00e0 Chelsea avant la Coupe du monde du<\/p>\n","protected":false},"author":1,"featured_media":25118,"comment_status":"closed","ping_status":"","sticky":false,"template":"","format":"standard","meta":{"footnotes":""},"categories":[5],"tags":[96,171,8077,716,107,8806,1510,5139,103,700],"yoast_head":"<!-- This site is optimized with the Yoast SEO plugin v21.0 - https:\/\/yoast.com\/wordpress\/plugins\/seo\/ -->\n<title>Jamie Gittens: Borussia Dortmund Chief Commentaires sur l&#039;\u00e9chec du transfert \u00e0 Chelsea<\/title>\n<meta name=\"robots\" content=\"index, follow, max-snippet:-1, max-image-preview:large, max-video-preview:-1\" \/>\n<link rel=\"canonical\" href=\"https:\/\/footdavant.fr\/actualites\/jamie-gittens-borussia-dortmund-chief-commentaires-sur-lechec-du-transfert-a-chelsea\/\" \/>\n<meta property=\"og:locale\" content=\"fr_FR\" \/>\n<meta property=\"og:type\" content=\"article\" \/>\n<meta property=\"og:title\" content=\"Jamie Gittens: Borussia Dortmund Chief Commentaires sur l&#039;\u00e9chec du transfert \u00e0 Chelsea\" \/>\n<meta property=\"og:description\" content=\"Le directeur du Borussia Dortmund Sporting, Sebastian Kehl, r\u00e9v\u00e8le pourquoi Jamie Gittens n&#039;a pas termin\u00e9 le d\u00e9m\u00e9nagement \u00e0 Chelsea avant la Coupe du monde du\" \/>\n<meta property=\"og:url\" content=\"https:\/\/footdavant.fr\/actualites\/jamie-gittens-borussia-dortmund-chief-commentaires-sur-lechec-du-transfert-a-chelsea\/\" \/>\n<meta property=\"og:site_name\" content=\"Foot d&#039;avant\" \/>\n<meta property=\"article:publisher\" content=\"https:\/\/www.facebook.com\/Footdavant\/\" \/>\n<meta property=\"article:published_time\" content=\"2025-06-16T05:48:03+00:00\" \/>\n<meta property=\"article:modified_time\" content=\"2025-06-16T05:48:05+00:00\" \/>\n<meta property=\"og:image\" content=\"https:\/\/footdavant.fr\/actualites\/wp-content\/uploads\/2025\/06\/1750052884_Jamie-Gittens-Borussia-Dortmund-Chief-Commentaires-sur-l39echec-du-transfert.jpg\" \/>\n\t<meta property=\"og:image:width\" content=\"1280\" \/>\n\t<meta property=\"og:image:height\" content=\"960\" \/>\n\t<meta property=\"og:image:type\" content=\"image\/jpeg\" \/>\n<meta name=\"author\" content=\"Cl\u00e9ment\" \/>\n<meta name=\"twitter:card\" content=\"summary_large_image\" \/>\n<meta name=\"twitter:creator\" content=\"@FootdavantFr\" \/>\n<meta name=\"twitter:site\" content=\"@FootdavantFr\" \/>\n<meta name=\"twitter:label1\" content=\"\u00c9crit par\" \/>\n\t<meta name=\"twitter:data1\" content=\"Cl\u00e9ment\" \/>\n\t<meta name=\"twitter:label2\" content=\"Dur\u00e9e de lecture estim\u00e9e\" \/>\n\t<meta name=\"twitter:data2\" content=\"3 minutes\" \/>\n<script type=\"application\/ld+json\" class=\"yoast-schema-graph\">{\"@context\":\"https:\/\/schema.org\",\"@graph\":[{\"@type\":\"Article\",\"@id\":\"https:\/\/footdavant.fr\/actualites\/jamie-gittens-borussia-dortmund-chief-commentaires-sur-lechec-du-transfert-a-chelsea\/#article\",\"isPartOf\":{\"@id\":\"https:\/\/footdavant.fr\/actualites\/jamie-gittens-borussia-dortmund-chief-commentaires-sur-lechec-du-transfert-a-chelsea\/\"},\"author\":{\"name\":\"Cl\u00e9ment\",\"@id\":\"https:\/\/footdavant.fr\/actualites\/#\/schema\/person\/bc222566d95871b37e597b3ed3ba5e1d\"},\"headline\":\"Jamie Gittens: Borussia Dortmund Chief Commentaires sur l&#39;\u00e9chec du transfert \u00e0 Chelsea\",\"datePublished\":\"2025-06-16T05:48:03+00:00\",\"dateModified\":\"2025-06-16T05:48:05+00:00\",\"mainEntityOfPage\":{\"@id\":\"https:\/\/footdavant.fr\/actualites\/jamie-gittens-borussia-dortmund-chief-commentaires-sur-lechec-du-transfert-a-chelsea\/\"},\"wordCount\":574,\"publisher\":{\"@id\":\"https:\/\/footdavant.fr\/actualites\/#organization\"},\"keywords\":[\"Borussia\",\"Chelsea\",\"Chief\",\"commentaires\",\"Dortmund\",\"Gittens\",\"Jamie\",\"l39\u00e9chec\",\"sur\",\"transfert\"],\"articleSection\":[\"Premier League\"],\"inLanguage\":\"fr-FR\"},{\"@type\":\"WebPage\",\"@id\":\"https:\/\/footdavant.fr\/actualites\/jamie-gittens-borussia-dortmund-chief-commentaires-sur-lechec-du-transfert-a-chelsea\/\",\"url\":\"https:\/\/footdavant.fr\/actualites\/jamie-gittens-borussia-dortmund-chief-commentaires-sur-lechec-du-transfert-a-chelsea\/\",\"name\":\"Jamie Gittens: Borussia Dortmund Chief Commentaires sur l&#39;\u00e9chec du transfert \u00e0 Chelsea\",\"isPartOf\":{\"@id\":\"https:\/\/footdavant.fr\/actualites\/#website\"},\"datePublished\":\"2025-06-16T05:48:03+00:00\",\"dateModified\":\"2025-06-16T05:48:05+00:00\",\"breadcrumb\":{\"@id\":\"https:\/\/footdavant.fr\/actualites\/jamie-gittens-borussia-dortmund-chief-commentaires-sur-lechec-du-transfert-a-chelsea\/#breadcrumb\"},\"inLanguage\":\"fr-FR\",\"potentialAction\":[{\"@type\":\"ReadAction\",\"target\":[\"https:\/\/footdavant.fr\/actualites\/jamie-gittens-borussia-dortmund-chief-commentaires-sur-lechec-du-transfert-a-chelsea\/\"]}]},{\"@type\":\"BreadcrumbList\",\"@id\":\"https:\/\/footdavant.fr\/actualites\/jamie-gittens-borussia-dortmund-chief-commentaires-sur-lechec-du-transfert-a-chelsea\/#breadcrumb\",\"itemListElement\":[{\"@type\":\"ListItem\",\"position\":1,\"name\":\"Accueil\",\"item\":\"https:\/\/footdavant.fr\/actualites\/\"},{\"@type\":\"ListItem\",\"position\":2,\"name\":\"Jamie Gittens: Borussia Dortmund Chief Commentaires sur l&#39;\u00e9chec du transfert \u00e0 Chelsea\"}]},{\"@type\":\"WebSite\",\"@id\":\"https:\/\/footdavant.fr\/actualites\/#website\",\"url\":\"https:\/\/footdavant.fr\/actualites\/\",\"name\":\"Foot d'avant\",\"description\":\"\",\"publisher\":{\"@id\":\"https:\/\/footdavant.fr\/actualites\/#organization\"},\"potentialAction\":[{\"@type\":\"SearchAction\",\"target\":{\"@type\":\"EntryPoint\",\"urlTemplate\":\"https:\/\/footdavant.fr\/actualites\/?s={search_term_string}\"},\"query-input\":\"required name=search_term_string\"}],\"inLanguage\":\"fr-FR\"},{\"@type\":\"Organization\",\"@id\":\"https:\/\/footdavant.fr\/actualites\/#organization\",\"name\":\"Foot d'avant\",\"url\":\"https:\/\/footdavant.fr\/actualites\/\",\"logo\":{\"@type\":\"ImageObject\",\"inLanguage\":\"fr-FR\",\"@id\":\"https:\/\/footdavant.fr\/actualites\/#\/schema\/logo\/image\/\",\"url\":\"https:\/\/footdavant.fr\/actualites\/wp-content\/uploads\/2023\/09\/Copy-of-FootDavant-Logo.png\",\"contentUrl\":\"https:\/\/footdavant.fr\/actualites\/wp-content\/uploads\/2023\/09\/Copy-of-FootDavant-Logo.png\",\"width\":936,\"height\":549,\"caption\":\"Foot d'avant\"},\"image\":{\"@id\":\"https:\/\/footdavant.fr\/actualites\/#\/schema\/logo\/image\/\"},\"sameAs\":[\"https:\/\/www.facebook.com\/Footdavant\/\",\"https:\/\/twitter.com\/FootdavantFr\",\"https:\/\/www.instagram.com\/footdavant.fr\/\"]},{\"@type\":\"Person\",\"@id\":\"https:\/\/footdavant.fr\/actualites\/#\/schema\/person\/bc222566d95871b37e597b3ed3ba5e1d\",\"name\":\"Cl\u00e9ment\",\"image\":{\"@type\":\"ImageObject\",\"inLanguage\":\"fr-FR\",\"@id\":\"https:\/\/footdavant.fr\/actualites\/#\/schema\/person\/image\/\",\"url\":\"https:\/\/secure.gravatar.com\/avatar\/7728b29aac2719421e1a9159b2254c44?s=96&d=mm&r=g\",\"contentUrl\":\"https:\/\/secure.gravatar.com\/avatar\/7728b29aac2719421e1a9159b2254c44?s=96&d=mm&r=g\",\"caption\":\"Cl\u00e9ment\"},\"sameAs\":[\"https:\/\/footdavant.fr\/\"]}]}<\/script>\n<!-- \/ Yoast SEO plugin. -->","yoast_head_json":{"title":"Jamie Gittens: Borussia Dortmund Chief Commentaires sur l&#39;\u00e9chec du transfert \u00e0 Chelsea","robots":{"index":"index","follow":"follow","max-snippet":"max-snippet:-1","max-image-preview":"max-image-preview:large","max-video-preview":"max-video-preview:-1"},"canonical":"https:\/\/footdavant.fr\/actualites\/jamie-gittens-borussia-dortmund-chief-commentaires-sur-lechec-du-transfert-a-chelsea\/","og_locale":"fr_FR","og_type":"article","og_title":"Jamie Gittens: Borussia Dortmund Chief Commentaires sur l&#39;\u00e9chec du transfert \u00e0 Chelsea","og_description":"Le directeur du Borussia Dortmund Sporting, Sebastian Kehl, r\u00e9v\u00e8le pourquoi Jamie Gittens n&#39;a pas termin\u00e9 le d\u00e9m\u00e9nagement \u00e0 Chelsea avant la Coupe du monde du","og_url":"https:\/\/footdavant.fr\/actualites\/jamie-gittens-borussia-dortmund-chief-commentaires-sur-lechec-du-transfert-a-chelsea\/","og_site_name":"Foot d&#039;avant","article_publisher":"https:\/\/www.facebook.com\/Footdavant\/","article_published_time":"2025-06-16T05:48:03+00:00","article_modified_time":"2025-06-16T05:48:05+00:00","og_image":[{"width":1280,"height":960,"url":"https:\/\/footdavant.fr\/actualites\/wp-content\/uploads\/2025\/06\/1750052884_Jamie-Gittens-Borussia-Dortmund-Chief-Commentaires-sur-l39echec-du-transfert.jpg","type":"image\/jpeg"}],"author":"Cl\u00e9ment","twitter_card":"summary_large_image","twitter_creator":"@FootdavantFr","twitter_site":"@FootdavantFr","twitter_misc":{"\u00c9crit par":"Cl\u00e9ment","Dur\u00e9e de lecture estim\u00e9e":"3 minutes"},"schema":{"@context":"https:\/\/schema.org","@graph":[{"@type":"Article","@id":"https:\/\/footdavant.fr\/actualites\/jamie-gittens-borussia-dortmund-chief-commentaires-sur-lechec-du-transfert-a-chelsea\/#article","isPartOf":{"@id":"https:\/\/footdavant.fr\/actualites\/jamie-gittens-borussia-dortmund-chief-commentaires-sur-lechec-du-transfert-a-chelsea\/"},"author":{"name":"Cl\u00e9ment","@id":"https:\/\/footdavant.fr\/actualites\/#\/schema\/person\/bc222566d95871b37e597b3ed3ba5e1d"},"headline":"Jamie Gittens: Borussia Dortmund Chief Commentaires sur l&#39;\u00e9chec du transfert \u00e0 Chelsea","datePublished":"2025-06-16T05:48:03+00:00","dateModified":"2025-06-16T05:48:05+00:00","mainEntityOfPage":{"@id":"https:\/\/footdavant.fr\/actualites\/jamie-gittens-borussia-dortmund-chief-commentaires-sur-lechec-du-transfert-a-chelsea\/"},"wordCount":574,"publisher":{"@id":"https:\/\/footdavant.fr\/actualites\/#organization"},"keywords":["Borussia","Chelsea","Chief","commentaires","Dortmund","Gittens","Jamie","l39\u00e9chec","sur","transfert"],"articleSection":["Premier League"],"inLanguage":"fr-FR"},{"@type":"WebPage","@id":"https:\/\/footdavant.fr\/actualites\/jamie-gittens-borussia-dortmund-chief-commentaires-sur-lechec-du-transfert-a-chelsea\/","url":"https:\/\/footdavant.fr\/actualites\/jamie-gittens-borussia-dortmund-chief-commentaires-sur-lechec-du-transfert-a-chelsea\/","name":"Jamie Gittens: Borussia Dortmund Chief Commentaires sur l&#39;\u00e9chec du transfert \u00e0 Chelsea","isPartOf":{"@id":"https:\/\/footdavant.fr\/actualites\/#website"},"datePublished":"2025-06-16T05:48:03+00:00","dateModified":"2025-06-16T05:48:05+00:00","breadcrumb":{"@id":"https:\/\/footdavant.fr\/actualites\/jamie-gittens-borussia-dortmund-chief-commentaires-sur-lechec-du-transfert-a-chelsea\/#breadcrumb"},"inLanguage":"fr-FR","potentialAction":[{"@type":"ReadAction","target":["https:\/\/footdavant.fr\/actualites\/jamie-gittens-borussia-dortmund-chief-commentaires-sur-lechec-du-transfert-a-chelsea\/"]}]},{"@type":"BreadcrumbList","@id":"https:\/\/footdavant.fr\/actualites\/jamie-gittens-borussia-dortmund-chief-commentaires-sur-lechec-du-transfert-a-chelsea\/#breadcrumb","itemListElement":[{"@type":"ListItem","position":1,"name":"Accueil","item":"https:\/\/footdavant.fr\/actualites\/"},{"@type":"ListItem","position":2,"name":"Jamie Gittens: Borussia Dortmund Chief Commentaires sur l&#39;\u00e9chec du transfert \u00e0 Chelsea"}]},{"@type":"WebSite","@id":"https:\/\/footdavant.fr\/actualites\/#website","url":"https:\/\/footdavant.fr\/actualites\/","name":"Foot d'avant","description":"","publisher":{"@id":"https:\/\/footdavant.fr\/actualites\/#organization"},"potentialAction":[{"@type":"SearchAction","target":{"@type":"EntryPoint","urlTemplate":"https:\/\/footdavant.fr\/actualites\/?s={search_term_string}"},"query-input":"required name=search_term_string"}],"inLanguage":"fr-FR"},{"@type":"Organization","@id":"https:\/\/footdavant.fr\/actualites\/#organization","name":"Foot d'avant","url":"https:\/\/footdavant.fr\/actualites\/","logo":{"@type":"ImageObject","inLanguage":"fr-FR","@id":"https:\/\/footdavant.fr\/actualites\/#\/schema\/logo\/image\/","url":"https:\/\/footdavant.fr\/actualites\/wp-content\/uploads\/2023\/09\/Copy-of-FootDavant-Logo.png","contentUrl":"https:\/\/footdavant.fr\/actualites\/wp-content\/uploads\/2023\/09\/Copy-of-FootDavant-Logo.png","width":936,"height":549,"caption":"Foot d'avant"},"image":{"@id":"https:\/\/footdavant.fr\/actualites\/#\/schema\/logo\/image\/"},"sameAs":["https:\/\/www.facebook.com\/Footdavant\/","https:\/\/twitter.com\/FootdavantFr","https:\/\/www.instagram.com\/footdavant.fr\/"]},{"@type":"Person","@id":"https:\/\/footdavant.fr\/actualites\/#\/schema\/person\/bc222566d95871b37e597b3ed3ba5e1d","name":"Cl\u00e9ment","image":{"@type":"ImageObject","inLanguage":"fr-FR","@id":"https:\/\/footdavant.fr\/actualites\/#\/schema\/person\/image\/","url":"https:\/\/secure.gravatar.com\/avatar\/7728b29aac2719421e1a9159b2254c44?s=96&d=mm&r=g","contentUrl":"https:\/\/secure.gravatar.com\/avatar\/7728b29aac2719421e1a9159b2254c44?s=96&d=mm&r=g","caption":"Cl\u00e9ment"},"sameAs":["https:\/\/footdavant.fr\/"]}]}},"_links":{"self":[{"href":"https:\/\/footdavant.fr\/actualites\/wp-json\/wp\/v2\/posts\/25117"}],"collection":[{"href":"https:\/\/footdavant.fr\/actualites\/wp-json\/wp\/v2\/posts"}],"about":[{"href":"https:\/\/footdavant.fr\/actualites\/wp-json\/wp\/v2\/types\/post"}],"author":[{"embeddable":true,"href":"https:\/\/footdavant.fr\/actualites\/wp-json\/wp\/v2\/users\/1"}],"replies":[{"embeddable":true,"href":"https:\/\/footdavant.fr\/actualites\/wp-json\/wp\/v2\/comments?post=25117"}],"version-history":[{"count":1,"href":"https:\/\/footdavant.fr\/actualites\/wp-json\/wp\/v2\/posts\/25117\/revisions"}],"predecessor-version":[{"id":25119,"href":"https:\/\/footdavant.fr\/actualites\/wp-json\/wp\/v2\/posts\/25117\/revisions\/25119"}],"wp:featuredmedia":[{"embeddable":true,"href":"https:\/\/footdavant.fr\/actualites\/wp-json\/wp\/v2\/media\/25118"}],"wp:attachment":[{"href":"https:\/\/footdavant.fr\/actualites\/wp-json\/wp\/v2\/media?parent=25117"}],"wp:term":[{"taxonomy":"category","embeddable":true,"href":"https:\/\/footdavant.fr\/actualites\/wp-json\/wp\/v2\/categories?post=25117"},{"taxonomy":"post_tag","embeddable":true,"href":"https:\/\/footdavant.fr\/actualites\/wp-json\/wp\/v2\/tags?post=25117"}],"curies":[{"name":"wp","href":"https:\/\/api.w.org\/{rel}","templated":true}]}}