{"id":2512,"date":"2023-12-15T05:08:12","date_gmt":"2023-12-15T04:08:12","guid":{"rendered":"https:\/\/footdavant.fr\/actualites\/le-real-madrid-penche-pour-un-accord-permanent-pour-joselu\/"},"modified":"2023-12-15T05:08:13","modified_gmt":"2023-12-15T04:08:13","slug":"le-real-madrid-penche-pour-un-accord-permanent-pour-joselu","status":"publish","type":"post","link":"https:\/\/footdavant.fr\/actualites\/le-real-madrid-penche-pour-un-accord-permanent-pour-joselu\/","title":{"rendered":"Le Real Madrid \u00ab\u00a0penche pour un accord permanent pour Joselu\u00a0\u00bb"},"content":{"rendered":"<p>Le Real Madrid envisage s\u00e9rieusement de recruter Joselu de mani\u00e8re permanente en provenance de l&rsquo;Espanyol l&rsquo;\u00e9t\u00e9 prochain, selon un rapport.<\/p>\n<div id=\"article_body\" itemprop=\"articleBody\">\n<h3 class=\"firstPara\">\n<strong class=\"autotag\">Real Madrid<\/strong> seraient enclins \u00e0 signer <strong class=\"autotag\">Joselu<\/strong> de mani\u00e8re permanente l&rsquo;\u00e9t\u00e9 prochain en raison des performances de l&rsquo;attaquant lors de la campagne 2023-24.<\/h3>\n<p>Le joueur de 33 ans a \u00e9t\u00e9 pr\u00eat\u00e9 par <strong class=\"autotag\">Espanyol<\/strong> au cours de l&rsquo;\u00e9t\u00e9, et il a \u00e9t\u00e9 un habitu\u00e9 des Blancos cette saison, faisant 21 apparitions toutes comp\u00e9titions confondues, marquant huit fois et enregistrant deux passes d\u00e9cisives.<\/p>\n<p>Joselu compte cinq buts et deux passes d\u00e9cisives en 16 matches de Liga cette saison, alors qu&rsquo;il a inscrit trois buts en cinq matches de Ligue des champions, dont un doubl\u00e9 lors de la victoire 3-2 de mardi contre l&rsquo;Union Berlin.<\/p>\n<p>Selon <em>COMME<\/em>le Real Madrid pr\u00e9voit d&rsquo;accueillir un \u00ab\u00a0Galactico\u00a0\u00bb l&rsquo;\u00e9t\u00e9 prochain, avec <strong class=\"autotag\">Paris Saint Germain<\/strong>c&rsquo;est <strong class=\"autotag\">Kylian Mbapp\u00e9<\/strong> et <strong class=\"autotag\">Manchester City<\/strong>c&rsquo;est <strong class=\"autotag\">Erling Haaland<\/strong> tous deux ont d\u00e9clar\u00e9 \u00eatre admir\u00e9s par le club.<\/p>\n<p>Cependant, le club est \u00e9galement conscient de son besoin d&rsquo;un deuxi\u00e8me attaquant, et Joselu ferait l&rsquo;affaire, l&rsquo;international espagnol ayant prouv\u00e9 sa valeur au cours de la campagne en cours.<\/p>\n<p class=\"imgI\">\n<p>Le Real Madrid a la possibilit\u00e9 de le recruter d\u00e9finitivement de l&rsquo;Espanyol l&rsquo;ann\u00e9e prochaine, et on pense d\u00e9sormais que ce sera probablement le cas.<\/p>\n<p><strong class=\"autotag\">Vinicius Junior<\/strong>Les probl\u00e8mes de blessures de cette saison ont vu Joselu jouer un r\u00f4le encore plus important, et son bilan global en Liga s&rsquo;\u00e9l\u00e8ve d\u00e9sormais \u00e0 63 buts et 16 passes d\u00e9cisives en 181 matches.<\/p>\n<p>Joselu a d\u00e9but\u00e9 sa carri\u00e8re professionnelle au Celta Vigo avant de rejoindre le Real Madrid en 2009, mais il n&rsquo;a fait que deux apparitions en \u00e9quipe premi\u00e8re lors de son premier passage au club, marquant deux fois.<\/p>\n<p>L&rsquo;attaquant a ensuite pass\u00e9 du temps avec Hoffenheim, l&rsquo;Eintracht Francfort, Hanovre 96, Stoke City, le Deportivo La Corogne, Newcastle United et Alaves avant son transfert \u00e0 l&rsquo;Espanyol.<\/p>\n<p class=\"imgI\"><img decoding=\"async\" loading=\"lazy\" class=\"l\" src=\"https:\/\/footdavant.fr\/actualites\/wp-content\/uploads\/2023\/12\/1702613292_254_Le-Real-Madrid-penche-pour-un-accord-permanent-pour-Joselu.jpg\" title=\"Joselu de l'Espanyol c\u00e9l\u00e8bre son premier but le 11 mars 2023\" alt=\"Joselu de l'Espanyol c\u00e9l\u00e8bre son premier but le 11 mars 2023\" width=\"640\" height=\"480\"><\/p>\n<p>Le mois dernier, Joselu a exprim\u00e9 le souhait de prolonger son s\u00e9jour au Real Madrid au-del\u00e0 de cette saison.<\/p>\n<p>\u00ab\u00a0J&rsquo;esp\u00e8re que c&rsquo;est mon objectif (rester au Real Madrid). J&rsquo;esp\u00e8re pouvoir rester encore un an et continuer \u00e0 en profiter. Je connais le r\u00f4le que je peux apporter au club et toutes les \u00e9quipes n&rsquo;ont pas un profil comme le mien et c&rsquo;est tr\u00e8s diff\u00e9rent de tout\u00a0\u00bb, a-t-il d\u00e9clar\u00e9 <em>FAIRE FACE<\/em>.<\/p>\n<p>Le Real Madrid reste le favori pour recruter Mbappe pour un transfert gratuit du PSG malgr\u00e9 les r\u00e9centes sp\u00e9culations entourant une d\u00e9cision pour Haaland.<\/p>\n<p>Mbapp\u00e9 ne devrait pas prolonger son contrat avec les champions de France en 2024, et malgr\u00e9 l&rsquo;int\u00e9r\u00eat pr\u00e9sum\u00e9 de la Premier League, le Real Madrid reste sa destination la plus probable.<\/p>\n<p>Joselu a \u00e9galement marqu\u00e9 cinq fois en neuf s\u00e9lections pour l&rsquo;Espagne cette ann\u00e9e, et l&rsquo;attaquant devrait faire partie de l&rsquo;\u00e9quipe de La Roja pour le Championnat d&rsquo;Europe de l&rsquo;\u00e9t\u00e9 prochain.<\/p>\n<\/div>\n","protected":false},"excerpt":{"rendered":"<p>Le Real Madrid envisage s\u00e9rieusement de recruter Joselu de mani\u00e8re permanente en provenance de l&rsquo;Espanyol l&rsquo;\u00e9t\u00e9 prochain, selon un rapport. Real Madrid seraient enclins \u00e0<\/p>\n","protected":false},"author":1,"featured_media":2513,"comment_status":"closed","ping_status":"","sticky":false,"template":"","format":"standard","meta":{"footnotes":""},"categories":[5],"tags":[277,2231,303,2229,2230,51,302],"yoast_head":"<!-- This site is optimized with the Yoast SEO plugin v21.0 - https:\/\/yoast.com\/wordpress\/plugins\/seo\/ -->\n<title>Le Real Madrid &quot;penche pour un accord permanent pour Joselu&quot;<\/title>\n<meta name=\"robots\" content=\"index, follow, max-snippet:-1, max-image-preview:large, max-video-preview:-1\" \/>\n<link rel=\"canonical\" href=\"https:\/\/footdavant.fr\/actualites\/le-real-madrid-penche-pour-un-accord-permanent-pour-joselu\/\" \/>\n<meta property=\"og:locale\" content=\"fr_FR\" \/>\n<meta property=\"og:type\" content=\"article\" \/>\n<meta property=\"og:title\" content=\"Le Real Madrid &quot;penche pour un accord permanent pour Joselu&quot;\" \/>\n<meta property=\"og:description\" content=\"Le Real Madrid envisage s\u00e9rieusement de recruter Joselu de mani\u00e8re permanente en provenance de l&rsquo;Espanyol l&rsquo;\u00e9t\u00e9 prochain, selon un rapport. Real Madrid seraient enclins \u00e0\" \/>\n<meta property=\"og:url\" content=\"https:\/\/footdavant.fr\/actualites\/le-real-madrid-penche-pour-un-accord-permanent-pour-joselu\/\" \/>\n<meta property=\"og:site_name\" content=\"Foot d&#039;avant\" \/>\n<meta property=\"article:publisher\" content=\"https:\/\/www.facebook.com\/Footdavant\/\" \/>\n<meta property=\"article:published_time\" content=\"2023-12-15T04:08:12+00:00\" \/>\n<meta property=\"article:modified_time\" content=\"2023-12-15T04:08:13+00:00\" \/>\n<meta property=\"og:image\" content=\"https:\/\/footdavant.fr\/actualites\/wp-content\/uploads\/2023\/12\/Le-Real-Madrid-penche-pour-un-accord-permanent-pour-Joselu.jpg\" \/>\n\t<meta property=\"og:image:width\" content=\"640\" \/>\n\t<meta property=\"og:image:height\" content=\"480\" \/>\n\t<meta property=\"og:image:type\" content=\"image\/jpeg\" \/>\n<meta name=\"author\" content=\"Cl\u00e9ment\" \/>\n<meta name=\"twitter:card\" content=\"summary_large_image\" \/>\n<meta name=\"twitter:creator\" content=\"@FootdavantFr\" \/>\n<meta name=\"twitter:site\" content=\"@FootdavantFr\" \/>\n<meta name=\"twitter:label1\" content=\"\u00c9crit par\" \/>\n\t<meta name=\"twitter:data1\" content=\"Cl\u00e9ment\" \/>\n\t<meta name=\"twitter:label2\" content=\"Dur\u00e9e de lecture estim\u00e9e\" \/>\n\t<meta name=\"twitter:data2\" content=\"2 minutes\" \/>\n<script type=\"application\/ld+json\" class=\"yoast-schema-graph\">{\"@context\":\"https:\/\/schema.org\",\"@graph\":[{\"@type\":\"Article\",\"@id\":\"https:\/\/footdavant.fr\/actualites\/le-real-madrid-penche-pour-un-accord-permanent-pour-joselu\/#article\",\"isPartOf\":{\"@id\":\"https:\/\/footdavant.fr\/actualites\/le-real-madrid-penche-pour-un-accord-permanent-pour-joselu\/\"},\"author\":{\"name\":\"Cl\u00e9ment\",\"@id\":\"https:\/\/footdavant.fr\/actualites\/#\/schema\/person\/bc222566d95871b37e597b3ed3ba5e1d\"},\"headline\":\"Le Real Madrid \u00ab\u00a0penche pour un accord permanent pour Joselu\u00a0\u00bb\",\"datePublished\":\"2023-12-15T04:08:12+00:00\",\"dateModified\":\"2023-12-15T04:08:13+00:00\",\"mainEntityOfPage\":{\"@id\":\"https:\/\/footdavant.fr\/actualites\/le-real-madrid-penche-pour-un-accord-permanent-pour-joselu\/\"},\"wordCount\":500,\"publisher\":{\"@id\":\"https:\/\/footdavant.fr\/actualites\/#organization\"},\"keywords\":[\"accord\",\"Joselu\",\"Madrid\",\"penche\",\"permanent\",\"pour\",\"Real\"],\"articleSection\":[\"Premier League\"],\"inLanguage\":\"fr-FR\"},{\"@type\":\"WebPage\",\"@id\":\"https:\/\/footdavant.fr\/actualites\/le-real-madrid-penche-pour-un-accord-permanent-pour-joselu\/\",\"url\":\"https:\/\/footdavant.fr\/actualites\/le-real-madrid-penche-pour-un-accord-permanent-pour-joselu\/\",\"name\":\"Le Real Madrid \\\"penche pour un accord permanent pour Joselu\\\"\",\"isPartOf\":{\"@id\":\"https:\/\/footdavant.fr\/actualites\/#website\"},\"datePublished\":\"2023-12-15T04:08:12+00:00\",\"dateModified\":\"2023-12-15T04:08:13+00:00\",\"breadcrumb\":{\"@id\":\"https:\/\/footdavant.fr\/actualites\/le-real-madrid-penche-pour-un-accord-permanent-pour-joselu\/#breadcrumb\"},\"inLanguage\":\"fr-FR\",\"potentialAction\":[{\"@type\":\"ReadAction\",\"target\":[\"https:\/\/footdavant.fr\/actualites\/le-real-madrid-penche-pour-un-accord-permanent-pour-joselu\/\"]}]},{\"@type\":\"BreadcrumbList\",\"@id\":\"https:\/\/footdavant.fr\/actualites\/le-real-madrid-penche-pour-un-accord-permanent-pour-joselu\/#breadcrumb\",\"itemListElement\":[{\"@type\":\"ListItem\",\"position\":1,\"name\":\"Accueil\",\"item\":\"https:\/\/footdavant.fr\/actualites\/\"},{\"@type\":\"ListItem\",\"position\":2,\"name\":\"Le Real Madrid \u00ab\u00a0penche pour un accord permanent pour Joselu\u00a0\u00bb\"}]},{\"@type\":\"WebSite\",\"@id\":\"https:\/\/footdavant.fr\/actualites\/#website\",\"url\":\"https:\/\/footdavant.fr\/actualites\/\",\"name\":\"Foot d'avant\",\"description\":\"\",\"publisher\":{\"@id\":\"https:\/\/footdavant.fr\/actualites\/#organization\"},\"potentialAction\":[{\"@type\":\"SearchAction\",\"target\":{\"@type\":\"EntryPoint\",\"urlTemplate\":\"https:\/\/footdavant.fr\/actualites\/?s={search_term_string}\"},\"query-input\":\"required name=search_term_string\"}],\"inLanguage\":\"fr-FR\"},{\"@type\":\"Organization\",\"@id\":\"https:\/\/footdavant.fr\/actualites\/#organization\",\"name\":\"Foot d'avant\",\"url\":\"https:\/\/footdavant.fr\/actualites\/\",\"logo\":{\"@type\":\"ImageObject\",\"inLanguage\":\"fr-FR\",\"@id\":\"https:\/\/footdavant.fr\/actualites\/#\/schema\/logo\/image\/\",\"url\":\"https:\/\/footdavant.fr\/actualites\/wp-content\/uploads\/2023\/09\/Copy-of-FootDavant-Logo.png\",\"contentUrl\":\"https:\/\/footdavant.fr\/actualites\/wp-content\/uploads\/2023\/09\/Copy-of-FootDavant-Logo.png\",\"width\":936,\"height\":549,\"caption\":\"Foot d'avant\"},\"image\":{\"@id\":\"https:\/\/footdavant.fr\/actualites\/#\/schema\/logo\/image\/\"},\"sameAs\":[\"https:\/\/www.facebook.com\/Footdavant\/\",\"https:\/\/twitter.com\/FootdavantFr\",\"https:\/\/www.instagram.com\/footdavant.fr\/\"]},{\"@type\":\"Person\",\"@id\":\"https:\/\/footdavant.fr\/actualites\/#\/schema\/person\/bc222566d95871b37e597b3ed3ba5e1d\",\"name\":\"Cl\u00e9ment\",\"image\":{\"@type\":\"ImageObject\",\"inLanguage\":\"fr-FR\",\"@id\":\"https:\/\/footdavant.fr\/actualites\/#\/schema\/person\/image\/\",\"url\":\"https:\/\/secure.gravatar.com\/avatar\/7728b29aac2719421e1a9159b2254c44?s=96&d=mm&r=g\",\"contentUrl\":\"https:\/\/secure.gravatar.com\/avatar\/7728b29aac2719421e1a9159b2254c44?s=96&d=mm&r=g\",\"caption\":\"Cl\u00e9ment\"},\"sameAs\":[\"https:\/\/footdavant.fr\/\"]}]}<\/script>\n<!-- \/ Yoast SEO plugin. -->","yoast_head_json":{"title":"Le Real Madrid \"penche pour un accord permanent pour Joselu\"","robots":{"index":"index","follow":"follow","max-snippet":"max-snippet:-1","max-image-preview":"max-image-preview:large","max-video-preview":"max-video-preview:-1"},"canonical":"https:\/\/footdavant.fr\/actualites\/le-real-madrid-penche-pour-un-accord-permanent-pour-joselu\/","og_locale":"fr_FR","og_type":"article","og_title":"Le Real Madrid \"penche pour un accord permanent pour Joselu\"","og_description":"Le Real Madrid envisage s\u00e9rieusement de recruter Joselu de mani\u00e8re permanente en provenance de l&rsquo;Espanyol l&rsquo;\u00e9t\u00e9 prochain, selon un rapport. Real Madrid seraient enclins \u00e0","og_url":"https:\/\/footdavant.fr\/actualites\/le-real-madrid-penche-pour-un-accord-permanent-pour-joselu\/","og_site_name":"Foot d&#039;avant","article_publisher":"https:\/\/www.facebook.com\/Footdavant\/","article_published_time":"2023-12-15T04:08:12+00:00","article_modified_time":"2023-12-15T04:08:13+00:00","og_image":[{"width":640,"height":480,"url":"https:\/\/footdavant.fr\/actualites\/wp-content\/uploads\/2023\/12\/Le-Real-Madrid-penche-pour-un-accord-permanent-pour-Joselu.jpg","type":"image\/jpeg"}],"author":"Cl\u00e9ment","twitter_card":"summary_large_image","twitter_creator":"@FootdavantFr","twitter_site":"@FootdavantFr","twitter_misc":{"\u00c9crit par":"Cl\u00e9ment","Dur\u00e9e de lecture estim\u00e9e":"2 minutes"},"schema":{"@context":"https:\/\/schema.org","@graph":[{"@type":"Article","@id":"https:\/\/footdavant.fr\/actualites\/le-real-madrid-penche-pour-un-accord-permanent-pour-joselu\/#article","isPartOf":{"@id":"https:\/\/footdavant.fr\/actualites\/le-real-madrid-penche-pour-un-accord-permanent-pour-joselu\/"},"author":{"name":"Cl\u00e9ment","@id":"https:\/\/footdavant.fr\/actualites\/#\/schema\/person\/bc222566d95871b37e597b3ed3ba5e1d"},"headline":"Le Real Madrid \u00ab\u00a0penche pour un accord permanent pour Joselu\u00a0\u00bb","datePublished":"2023-12-15T04:08:12+00:00","dateModified":"2023-12-15T04:08:13+00:00","mainEntityOfPage":{"@id":"https:\/\/footdavant.fr\/actualites\/le-real-madrid-penche-pour-un-accord-permanent-pour-joselu\/"},"wordCount":500,"publisher":{"@id":"https:\/\/footdavant.fr\/actualites\/#organization"},"keywords":["accord","Joselu","Madrid","penche","permanent","pour","Real"],"articleSection":["Premier League"],"inLanguage":"fr-FR"},{"@type":"WebPage","@id":"https:\/\/footdavant.fr\/actualites\/le-real-madrid-penche-pour-un-accord-permanent-pour-joselu\/","url":"https:\/\/footdavant.fr\/actualites\/le-real-madrid-penche-pour-un-accord-permanent-pour-joselu\/","name":"Le Real Madrid \"penche pour un accord permanent pour Joselu\"","isPartOf":{"@id":"https:\/\/footdavant.fr\/actualites\/#website"},"datePublished":"2023-12-15T04:08:12+00:00","dateModified":"2023-12-15T04:08:13+00:00","breadcrumb":{"@id":"https:\/\/footdavant.fr\/actualites\/le-real-madrid-penche-pour-un-accord-permanent-pour-joselu\/#breadcrumb"},"inLanguage":"fr-FR","potentialAction":[{"@type":"ReadAction","target":["https:\/\/footdavant.fr\/actualites\/le-real-madrid-penche-pour-un-accord-permanent-pour-joselu\/"]}]},{"@type":"BreadcrumbList","@id":"https:\/\/footdavant.fr\/actualites\/le-real-madrid-penche-pour-un-accord-permanent-pour-joselu\/#breadcrumb","itemListElement":[{"@type":"ListItem","position":1,"name":"Accueil","item":"https:\/\/footdavant.fr\/actualites\/"},{"@type":"ListItem","position":2,"name":"Le Real Madrid \u00ab\u00a0penche pour un accord permanent pour Joselu\u00a0\u00bb"}]},{"@type":"WebSite","@id":"https:\/\/footdavant.fr\/actualites\/#website","url":"https:\/\/footdavant.fr\/actualites\/","name":"Foot d'avant","description":"","publisher":{"@id":"https:\/\/footdavant.fr\/actualites\/#organization"},"potentialAction":[{"@type":"SearchAction","target":{"@type":"EntryPoint","urlTemplate":"https:\/\/footdavant.fr\/actualites\/?s={search_term_string}"},"query-input":"required name=search_term_string"}],"inLanguage":"fr-FR"},{"@type":"Organization","@id":"https:\/\/footdavant.fr\/actualites\/#organization","name":"Foot d'avant","url":"https:\/\/footdavant.fr\/actualites\/","logo":{"@type":"ImageObject","inLanguage":"fr-FR","@id":"https:\/\/footdavant.fr\/actualites\/#\/schema\/logo\/image\/","url":"https:\/\/footdavant.fr\/actualites\/wp-content\/uploads\/2023\/09\/Copy-of-FootDavant-Logo.png","contentUrl":"https:\/\/footdavant.fr\/actualites\/wp-content\/uploads\/2023\/09\/Copy-of-FootDavant-Logo.png","width":936,"height":549,"caption":"Foot d'avant"},"image":{"@id":"https:\/\/footdavant.fr\/actualites\/#\/schema\/logo\/image\/"},"sameAs":["https:\/\/www.facebook.com\/Footdavant\/","https:\/\/twitter.com\/FootdavantFr","https:\/\/www.instagram.com\/footdavant.fr\/"]},{"@type":"Person","@id":"https:\/\/footdavant.fr\/actualites\/#\/schema\/person\/bc222566d95871b37e597b3ed3ba5e1d","name":"Cl\u00e9ment","image":{"@type":"ImageObject","inLanguage":"fr-FR","@id":"https:\/\/footdavant.fr\/actualites\/#\/schema\/person\/image\/","url":"https:\/\/secure.gravatar.com\/avatar\/7728b29aac2719421e1a9159b2254c44?s=96&d=mm&r=g","contentUrl":"https:\/\/secure.gravatar.com\/avatar\/7728b29aac2719421e1a9159b2254c44?s=96&d=mm&r=g","caption":"Cl\u00e9ment"},"sameAs":["https:\/\/footdavant.fr\/"]}]}},"_links":{"self":[{"href":"https:\/\/footdavant.fr\/actualites\/wp-json\/wp\/v2\/posts\/2512"}],"collection":[{"href":"https:\/\/footdavant.fr\/actualites\/wp-json\/wp\/v2\/posts"}],"about":[{"href":"https:\/\/footdavant.fr\/actualites\/wp-json\/wp\/v2\/types\/post"}],"author":[{"embeddable":true,"href":"https:\/\/footdavant.fr\/actualites\/wp-json\/wp\/v2\/users\/1"}],"replies":[{"embeddable":true,"href":"https:\/\/footdavant.fr\/actualites\/wp-json\/wp\/v2\/comments?post=2512"}],"version-history":[{"count":1,"href":"https:\/\/footdavant.fr\/actualites\/wp-json\/wp\/v2\/posts\/2512\/revisions"}],"predecessor-version":[{"id":2514,"href":"https:\/\/footdavant.fr\/actualites\/wp-json\/wp\/v2\/posts\/2512\/revisions\/2514"}],"wp:featuredmedia":[{"embeddable":true,"href":"https:\/\/footdavant.fr\/actualites\/wp-json\/wp\/v2\/media\/2513"}],"wp:attachment":[{"href":"https:\/\/footdavant.fr\/actualites\/wp-json\/wp\/v2\/media?parent=2512"}],"wp:term":[{"taxonomy":"category","embeddable":true,"href":"https:\/\/footdavant.fr\/actualites\/wp-json\/wp\/v2\/categories?post=2512"},{"taxonomy":"post_tag","embeddable":true,"href":"https:\/\/footdavant.fr\/actualites\/wp-json\/wp\/v2\/tags?post=2512"}],"curies":[{"name":"wp","href":"https:\/\/api.w.org\/{rel}","templated":true}]}}