{"id":25132,"date":"2025-06-16T17:48:20","date_gmt":"2025-06-16T15:48:20","guid":{"rendered":"https:\/\/footdavant.fr\/actualites\/la-saison-de-cricket-s-un-blog-arsenal\/"},"modified":"2025-06-16T17:48:21","modified_gmt":"2025-06-16T15:48:21","slug":"la-saison-de-cricket-s-un-blog-arsenal","status":"publish","type":"post","link":"https:\/\/footdavant.fr\/actualites\/la-saison-de-cricket-s-un-blog-arsenal\/","title":{"rendered":"La saison de cricket (S) |   &#8230; un blog Arsenal"},"content":{"rendered":"<div>\n<p>Bonjour \u00e0 tous, Tim ici avec les derniers billets de \u00abprofesseur de fournitures\u00bb avant qu&#39;Andrew ne revienne des vacances demain. Heureusement, les charges et les charges et les charges se sont pass\u00e9s depuis que je vous ai parl\u00e9 hier. Tel que\u2026.<\/p>\n<\/p>\n<p>Cette pr\u00e9-saison j&#39;essaie de rester en dehors de Twitter autant que possible, mais chaque fois que j&#39;ouvre cette porte grin\u00e7ante, je d\u00e9tecte un loooooooot d&#39;angoisse \u00e0 propos des transferts. Je ne suis pas l\u00e0 pour dire \u00e0 personne comment ou quoi ressentir, mais, en m\u00eame temps, j&#39;\u00e9cris sur le football, donc je n&#39;ai jamais \u00e9t\u00e9 timide d&#39;opiner sur des choses sur lesquelles je ne suis pas qualifi\u00e9 pour commenter.<\/p>\n<p>Premi\u00e8rement, je pense personnellement qu&#39;il y a beaucoup de d\u00e9daignement \u00e0 propos de l&#39;arsenal en g\u00e9n\u00e9ral de tous les quartiers. Dans un sens, je vais bien aller dans la saison prochaine sans que personne ne nous fasse vraiment basculer pour le titre et en \u00e9tant radi\u00e9. De l&#39;autre, je trouve tout cela un peu hors de kilter. Malgr\u00e9 toutes les blessures la saison derni\u00e8re, personne ne nous a mis \u00e0 distance pour la 2e place.<\/p>\n<p>Je ne dis pas que nous devrions obtenir un g\u00e2teau et une f\u00eate pour terminer 2e mais m\u00eame avec une crise de blessure importante et m\u00eame apr\u00e8s avoir t\u00e9l\u00e9phon\u00e9 \u00e0 une grande partie de la saison de la ligue \u00e0 partir de mars pour nous concentrer sur la Ligue des champions, nous \u00e9tions incroyablement \u00e0 l&#39;aise en 2e. Avec une main attach\u00e9e derri\u00e8re notre dos et environ 70% de focus pour le dernier tiers de la saison, personne ne ressemblait vraiment \u00e0 nous faire tomber \u00e0 la 3e place. Je pense que cela sugg\u00e8re que nous sommes une assez bonne \u00e9quipe.<\/p>\n<p>Sur le front, je le regarde de cette fa\u00e7on. Il semble que Zubimendi et Kepa soient essentiellement effectu\u00e9s. Il y a deux cibles d&#39;attaquants claires, il semble que Berta met le mensonge de la terre et n\u00e9gocie avec les deux pour garder les incendies de maison \u00e0 br\u00fbler et probablement pour n\u00e9gocier un meilleur prix de la part de qui que le club atterrit. En plus de cela, il ne semble pas que nous ayons une solide comp\u00e9tition de Premier League pour l&#39;un ou l&#39;autre (encore). Chelsea a d\u00e9j\u00e0 sign\u00e9 un attaquant, Liverpool passe le morceau de leur budget sur Wirtz, City n&#39;a pas un \u00e9norme besoin d&#39;un attaquant et \u00e0 Newcastle non plus.<\/p>\n<p>Je pense que c&#39;est une position assez solide \u00e0 la mi-juin. Ne vous m\u00e9prenez pas, si c&#39;est toujours la situation \u00e0 la mi-juillet, je peux comprendre \u00eatre un peu imprudent et sugg\u00e9rer qu&#39;il est temps de faire caca ou de descendre du pot. Mais \u00e0 la mi-juin, je pense que c&#39;est une position assez saine pour \u00eatre. Comme je l&#39;ai dit hier, je pense que l&#39;offre et la demande coh\u00e9rentes de non-dates ont cr\u00e9\u00e9 une sorte de fi\u00e8vre.<\/p>\n<p>Je pense aussi que cela peut vraiment salir votre r\u00e9flexion sur votre propre club. Lorsque nous entendons parler d&#39;un autre club li\u00e9 \u00e0 un joueur, dans notre esprit, l&#39;accord est conclu \u00e0 ce moment-l\u00e0. Nous ne nous sommes pas \u00e9cout\u00e9s pour les trois fois les non-dates quotidiens et nous ignorons mentalement les plusieurs semaines entre le lien et l&#39;accord r\u00e9ellement conclu. Le transfert de Florian Wirtz \u00e0 Liverpool, par exemple, n&#39;est pas encore complet et annonc\u00e9. Ne vous m\u00e9prenez pas, je suis certain que cela se fera et le rapport sugg\u00e8re qu&#39;il est proche.<\/p>\n<p>D&#39;apr\u00e8s ce que je peux voir, David Ornstein a signal\u00e9 pour la premi\u00e8re fois l&#39;int\u00e9r\u00eat de Liverpool pour le joueur le 14 mai. Mais \u00e9videmment, nous n&#39;avons pas d\u00e9pens\u00e9 un peu plus d&#39;un mois \u00e0 l&#39;\u00e9coute des non-mises \u00e0 jour horaires sur le transfert. Cela montre que m\u00eame les offres les plus \u00abSlam Dunk\u00bb prennent un certain temps \u00e0 finaliser. Ce n&#39;est pas seulement un arsenal qui passe en revue les d\u00e9tails, ce sont des transactions grosses.<\/p>\n<p>J&#39;ai jet\u00e9 un coup d&#39;\u0153il autour de la ligue pour les transferts termin\u00e9s et ce n&#39;est pas une liste particuli\u00e8rement longue \u00e0 ce stade. Liam Delap, Jeremie Frimpong et Matheus Cunha sont trois des plus grandes offres et ils ont tous \u00e9t\u00e9 des signatures de clause de lib\u00e9ration sans avoir besoin de n\u00e9gocier des frais. Les rapports sugg\u00e8rent que Rayan Cherki avait une sorte de clause de lib\u00e9ration non officielle \u00e0 Lyon en raison de leurs probl\u00e8mes fiscaux en cours que Manchester City a d\u00e9clench\u00e9s. (Ajouter cette ville et Chelsea ont eu la n\u00e9cessit\u00e9 d&#39;ajouter avant la date limite du 10 juin pour la Coupe du monde du club).<\/p>\n<p>En bref, il y a moins de choses dans la ligue que nous ne pensons que la ville est l&#39;exception. Ils ont gard\u00e9 leur poudre relativement au sec dans les fen\u00eatres r\u00e9centes, ont beaucoup de marge de PSR et un cas clair pour une reconstruction et ils sont aussi riches. Chaque fen\u00eatre a un contexte diff\u00e9rent.<\/p>\n<p>Je comprends une partie de l&#39;anxi\u00e9t\u00e9 bas\u00e9e sur les deux derni\u00e8res fen\u00eatres de transfert, que Arsenal ne peut tout simplement pas pr\u00e9tendre avoir clou\u00e9. Je pense qu&#39;ils avaient des contextes diff\u00e9rents et, surtout, les deux avaient des directeurs sportifs totalement diff\u00e9rents par rapport \u00e0 celui que nous avons op\u00e9rant dans cette fen\u00eatre.<\/p>\n<p>L&#39;\u00e9t\u00e9 dernier, je pense qu&#39;Arsenal avait leur genre de \u00abPSR Summer\u00bb, o\u00f9 il y avait aussi un grand \u00e9lan pour vendre des joueurs et je ne pense pas qu&#39;il semble que cet \u00e9t\u00e9 ait le m\u00eame cadre qui l&#39;entoure. (Je pense qu&#39;il y a certainement un point d&#39;interrogation de savoir si d\u00e9penser la majeure partie du budget sur le m\u00e9rinos et les calafiori l&#39;\u00e9t\u00e9 dernier dans ces circonstances \u00e9tait la meilleure utilisation de la ressource). Je ne suis pas s\u00fbr d&#39;avoir un directeur sportif qui sert efficacement son avis aid\u00e9 non plus.<\/p>\n<p>Ne rien faire en janvier ressemblait \u00e0 un cas de maintien de la poudre \u00e0 sec pour l&#39;\u00e9t\u00e9 et je pense qu&#39;il est tr\u00e8s raisonnable d&#39;avoir de grandes attentes \u00e0 l&#39;\u00e9gard de cette fen\u00eatre. Je dirais qu&#39;Arsenal offre des attaquants dans ces deux derni\u00e8res fen\u00eatres. Ils ont soumissionn\u00e9 pour Sesko en mai dernier, mais il a fini par signer un nouveau contrat \u00e0 Leipzig. Ils ont soumissionn\u00e9 pour Watkins en janvier, mais ne voulaient clairement pas aller plus loin que leur offre initiale afin de ne pas compromettre leurs plans d&#39;\u00e9t\u00e9.<\/p>\n<p>J&#39;ai l&#39;impression que cet \u00e9t\u00e9, ils sont beaucoup plus fermes qu&#39;ils ne peuvent pas laisser passer une autre fen\u00eatre sans acquisition d&#39;attaquants et \u00e0 juste titre. Je suis incroyablement confiant que cela va se produire, c&#39;est pourquoi je ne suis pas particuli\u00e8rement inquiet \u00e0 ce sujet, surtout pas le 15 juin. Si le 15 juillet, nous \u00absurveillons\u00bb, \u00ab\u00e9valuant\u00bb, \u00abpr\u00e9parant une offre\u00bb, etc., alors oui, l&#39;anxi\u00e9t\u00e9 pourrait commencer \u00e0 lancer un peu. Si nous avions entendu litt\u00e9ralement rien sur un lien d&#39;attaquant \u00e0 ce stade, je pourrais aussi \u00eatre nerveux, mais ce n&#39;est clairement pas le cas.<\/p>\n<p>Enfin pour aujourd&#39;hui, nous n&#39;avons toujours pas de nouvelles sur le contrat de Thomas Partey avec une suggestion qu&#39;il pourrait toujours rejoindre l&#39;\u00e9quipe pour leur camp d&#39;entra\u00eenement par temps chaud de la saison pr\u00e9-pre saison en Espagne \u00e0 la fin du mois, avec son accord actuel qui expire le 30 juin. Cela sugg\u00e8re qu&#39;un nouveau contrat est proche et c&#39;est celui que je ne comprends pas vraiment, pour \u00eatre honn\u00eate.<\/p>\n<p>Je pense que entre Zubimendi et le riz, sa position est couverte et Arsenal devrait couper le cordon et continuer. Il y a clairement eu une offre d&#39;un accord et le joueur et ses repr\u00e9sentants ne semblent pas avoir mordu la main du club pour cela. Je pense qu&#39;Arteta peut et devrait rafra\u00eechir la position avec quelque chose d&#39;un peu plus dynamique et continuer. Mais c&#39;est juste mon oignon.<\/p>\n<p>Mmmmm, oignon. Je me demande si quelqu&#39;un a d\u00e9j\u00e0 fait \u00e9quipe avec un hangar d&#39;oignon avec une porte pleine de fromage et l&#39;a entass\u00e9e dans un rouleau croustillant auparavant? Je mangerais l&#39;enfer de \u00e7a.<\/p>\n<p>Il y a aussi une suggestion que l&#39;AC Milan s&#39;int\u00e9resse \u00e0 Zinchenko et c&#39;est une situation pour garder un \u0153il sur. Je pense qu&#39;il est \u00e9vident qu&#39;Arsenal a voulu vendre Zinchenko l&#39;\u00e9t\u00e9 dernier (son changement de num\u00e9ro d&#39;\u00e9quipe n&#39;a pas \u00e9t\u00e9 annonc\u00e9 l&#39;\u00e9t\u00e9 dernier jusqu&#39;\u00e0 la date limite pour avoir soumis des num\u00e9ros d&#39;\u00e9quipe \u00e0 la Premier League en ao\u00fbt), mais ils ne pouvaient tout simplement pas mais ils doivent simplement cet \u00e9t\u00e9. Le joueur est clairement exc\u00e9dentaire aux exigences et a un an sur son accord. Je doute que ce soit une grande vente \u00e0 ce stade, mais une vente est un must.<\/p>\n<p>D&#39;accord, je vais le laisser l\u00e0. Jusqu&#39;\u00e0 la prochaine fois.<\/p>\n<\/div>\n","protected":false},"excerpt":{"rendered":"<p>Bonjour \u00e0 tous, Tim ici avec les derniers billets de \u00abprofesseur de fournitures\u00bb avant qu&#39;Andrew ne revienne des vacances demain. Heureusement, les charges et les<\/p>\n","protected":false},"author":1,"featured_media":24287,"comment_status":"closed","ping_status":"","sticky":false,"template":"","format":"standard","meta":{"footnotes":""},"categories":[3],"tags":[67,58,9575,482],"yoast_head":"<!-- This site is optimized with the Yoast SEO plugin v21.0 - https:\/\/yoast.com\/wordpress\/plugins\/seo\/ -->\n<title>La saison de cricket (S) |  ... un blog Arsenal<\/title>\n<meta name=\"robots\" content=\"index, follow, max-snippet:-1, max-image-preview:large, max-video-preview:-1\" \/>\n<link rel=\"canonical\" href=\"https:\/\/footdavant.fr\/actualites\/la-saison-de-cricket-s-un-blog-arsenal\/\" \/>\n<meta property=\"og:locale\" content=\"fr_FR\" \/>\n<meta property=\"og:type\" content=\"article\" \/>\n<meta property=\"og:title\" content=\"La saison de cricket (S) |  ... un blog Arsenal\" \/>\n<meta property=\"og:description\" content=\"Bonjour \u00e0 tous, Tim ici avec les derniers billets de \u00abprofesseur de fournitures\u00bb avant qu&#039;Andrew ne revienne des vacances demain. Heureusement, les charges et les\" \/>\n<meta property=\"og:url\" content=\"https:\/\/footdavant.fr\/actualites\/la-saison-de-cricket-s-un-blog-arsenal\/\" \/>\n<meta property=\"og:site_name\" content=\"Foot d&#039;avant\" \/>\n<meta property=\"article:publisher\" content=\"https:\/\/www.facebook.com\/Footdavant\/\" \/>\n<meta property=\"article:published_time\" content=\"2025-06-16T15:48:20+00:00\" \/>\n<meta property=\"article:modified_time\" content=\"2025-06-16T15:48:21+00:00\" \/>\n<meta property=\"og:image\" content=\"https:\/\/footdavant.fr\/actualites\/wp-content\/uploads\/2025\/05\/Finale-de-la-Ligue-des-champions-Big-Summer-de.jpg\" \/>\n\t<meta property=\"og:image:width\" content=\"1500\" \/>\n\t<meta property=\"og:image:height\" content=\"750\" \/>\n\t<meta property=\"og:image:type\" content=\"image\/jpeg\" \/>\n<meta name=\"author\" content=\"Cl\u00e9ment\" \/>\n<meta name=\"twitter:card\" content=\"summary_large_image\" \/>\n<meta name=\"twitter:creator\" content=\"@FootdavantFr\" \/>\n<meta name=\"twitter:site\" content=\"@FootdavantFr\" \/>\n<meta name=\"twitter:label1\" content=\"\u00c9crit par\" \/>\n\t<meta name=\"twitter:data1\" content=\"Cl\u00e9ment\" \/>\n\t<meta name=\"twitter:label2\" content=\"Dur\u00e9e de lecture estim\u00e9e\" \/>\n\t<meta name=\"twitter:data2\" content=\"8 minutes\" \/>\n<script type=\"application\/ld+json\" class=\"yoast-schema-graph\">{\"@context\":\"https:\/\/schema.org\",\"@graph\":[{\"@type\":\"Article\",\"@id\":\"https:\/\/footdavant.fr\/actualites\/la-saison-de-cricket-s-un-blog-arsenal\/#article\",\"isPartOf\":{\"@id\":\"https:\/\/footdavant.fr\/actualites\/la-saison-de-cricket-s-un-blog-arsenal\/\"},\"author\":{\"name\":\"Cl\u00e9ment\",\"@id\":\"https:\/\/footdavant.fr\/actualites\/#\/schema\/person\/bc222566d95871b37e597b3ed3ba5e1d\"},\"headline\":\"La saison de cricket (S) | &#8230; un blog Arsenal\",\"datePublished\":\"2025-06-16T15:48:20+00:00\",\"dateModified\":\"2025-06-16T15:48:21+00:00\",\"mainEntityOfPage\":{\"@id\":\"https:\/\/footdavant.fr\/actualites\/la-saison-de-cricket-s-un-blog-arsenal\/\"},\"wordCount\":1578,\"publisher\":{\"@id\":\"https:\/\/footdavant.fr\/actualites\/#organization\"},\"keywords\":[\"Arsenal\",\"blog\",\"cricket\",\"saison\"],\"articleSection\":[\"Football\"],\"inLanguage\":\"fr-FR\"},{\"@type\":\"WebPage\",\"@id\":\"https:\/\/footdavant.fr\/actualites\/la-saison-de-cricket-s-un-blog-arsenal\/\",\"url\":\"https:\/\/footdavant.fr\/actualites\/la-saison-de-cricket-s-un-blog-arsenal\/\",\"name\":\"La saison de cricket (S) | ... un blog Arsenal\",\"isPartOf\":{\"@id\":\"https:\/\/footdavant.fr\/actualites\/#website\"},\"datePublished\":\"2025-06-16T15:48:20+00:00\",\"dateModified\":\"2025-06-16T15:48:21+00:00\",\"breadcrumb\":{\"@id\":\"https:\/\/footdavant.fr\/actualites\/la-saison-de-cricket-s-un-blog-arsenal\/#breadcrumb\"},\"inLanguage\":\"fr-FR\",\"potentialAction\":[{\"@type\":\"ReadAction\",\"target\":[\"https:\/\/footdavant.fr\/actualites\/la-saison-de-cricket-s-un-blog-arsenal\/\"]}]},{\"@type\":\"BreadcrumbList\",\"@id\":\"https:\/\/footdavant.fr\/actualites\/la-saison-de-cricket-s-un-blog-arsenal\/#breadcrumb\",\"itemListElement\":[{\"@type\":\"ListItem\",\"position\":1,\"name\":\"Accueil\",\"item\":\"https:\/\/footdavant.fr\/actualites\/\"},{\"@type\":\"ListItem\",\"position\":2,\"name\":\"La saison de cricket (S) | &#8230; un blog Arsenal\"}]},{\"@type\":\"WebSite\",\"@id\":\"https:\/\/footdavant.fr\/actualites\/#website\",\"url\":\"https:\/\/footdavant.fr\/actualites\/\",\"name\":\"Foot d'avant\",\"description\":\"\",\"publisher\":{\"@id\":\"https:\/\/footdavant.fr\/actualites\/#organization\"},\"potentialAction\":[{\"@type\":\"SearchAction\",\"target\":{\"@type\":\"EntryPoint\",\"urlTemplate\":\"https:\/\/footdavant.fr\/actualites\/?s={search_term_string}\"},\"query-input\":\"required name=search_term_string\"}],\"inLanguage\":\"fr-FR\"},{\"@type\":\"Organization\",\"@id\":\"https:\/\/footdavant.fr\/actualites\/#organization\",\"name\":\"Foot d'avant\",\"url\":\"https:\/\/footdavant.fr\/actualites\/\",\"logo\":{\"@type\":\"ImageObject\",\"inLanguage\":\"fr-FR\",\"@id\":\"https:\/\/footdavant.fr\/actualites\/#\/schema\/logo\/image\/\",\"url\":\"https:\/\/footdavant.fr\/actualites\/wp-content\/uploads\/2023\/09\/Copy-of-FootDavant-Logo.png\",\"contentUrl\":\"https:\/\/footdavant.fr\/actualites\/wp-content\/uploads\/2023\/09\/Copy-of-FootDavant-Logo.png\",\"width\":936,\"height\":549,\"caption\":\"Foot d'avant\"},\"image\":{\"@id\":\"https:\/\/footdavant.fr\/actualites\/#\/schema\/logo\/image\/\"},\"sameAs\":[\"https:\/\/www.facebook.com\/Footdavant\/\",\"https:\/\/twitter.com\/FootdavantFr\",\"https:\/\/www.instagram.com\/footdavant.fr\/\"]},{\"@type\":\"Person\",\"@id\":\"https:\/\/footdavant.fr\/actualites\/#\/schema\/person\/bc222566d95871b37e597b3ed3ba5e1d\",\"name\":\"Cl\u00e9ment\",\"image\":{\"@type\":\"ImageObject\",\"inLanguage\":\"fr-FR\",\"@id\":\"https:\/\/footdavant.fr\/actualites\/#\/schema\/person\/image\/\",\"url\":\"https:\/\/secure.gravatar.com\/avatar\/7728b29aac2719421e1a9159b2254c44?s=96&d=mm&r=g\",\"contentUrl\":\"https:\/\/secure.gravatar.com\/avatar\/7728b29aac2719421e1a9159b2254c44?s=96&d=mm&r=g\",\"caption\":\"Cl\u00e9ment\"},\"sameAs\":[\"https:\/\/footdavant.fr\/\"]}]}<\/script>\n<!-- \/ Yoast SEO plugin. -->","yoast_head_json":{"title":"La saison de cricket (S) |  ... un blog Arsenal","robots":{"index":"index","follow":"follow","max-snippet":"max-snippet:-1","max-image-preview":"max-image-preview:large","max-video-preview":"max-video-preview:-1"},"canonical":"https:\/\/footdavant.fr\/actualites\/la-saison-de-cricket-s-un-blog-arsenal\/","og_locale":"fr_FR","og_type":"article","og_title":"La saison de cricket (S) |  ... un blog Arsenal","og_description":"Bonjour \u00e0 tous, Tim ici avec les derniers billets de \u00abprofesseur de fournitures\u00bb avant qu&#39;Andrew ne revienne des vacances demain. Heureusement, les charges et les","og_url":"https:\/\/footdavant.fr\/actualites\/la-saison-de-cricket-s-un-blog-arsenal\/","og_site_name":"Foot d&#039;avant","article_publisher":"https:\/\/www.facebook.com\/Footdavant\/","article_published_time":"2025-06-16T15:48:20+00:00","article_modified_time":"2025-06-16T15:48:21+00:00","og_image":[{"width":1500,"height":750,"url":"https:\/\/footdavant.fr\/actualites\/wp-content\/uploads\/2025\/05\/Finale-de-la-Ligue-des-champions-Big-Summer-de.jpg","type":"image\/jpeg"}],"author":"Cl\u00e9ment","twitter_card":"summary_large_image","twitter_creator":"@FootdavantFr","twitter_site":"@FootdavantFr","twitter_misc":{"\u00c9crit par":"Cl\u00e9ment","Dur\u00e9e de lecture estim\u00e9e":"8 minutes"},"schema":{"@context":"https:\/\/schema.org","@graph":[{"@type":"Article","@id":"https:\/\/footdavant.fr\/actualites\/la-saison-de-cricket-s-un-blog-arsenal\/#article","isPartOf":{"@id":"https:\/\/footdavant.fr\/actualites\/la-saison-de-cricket-s-un-blog-arsenal\/"},"author":{"name":"Cl\u00e9ment","@id":"https:\/\/footdavant.fr\/actualites\/#\/schema\/person\/bc222566d95871b37e597b3ed3ba5e1d"},"headline":"La saison de cricket (S) | &#8230; un blog Arsenal","datePublished":"2025-06-16T15:48:20+00:00","dateModified":"2025-06-16T15:48:21+00:00","mainEntityOfPage":{"@id":"https:\/\/footdavant.fr\/actualites\/la-saison-de-cricket-s-un-blog-arsenal\/"},"wordCount":1578,"publisher":{"@id":"https:\/\/footdavant.fr\/actualites\/#organization"},"keywords":["Arsenal","blog","cricket","saison"],"articleSection":["Football"],"inLanguage":"fr-FR"},{"@type":"WebPage","@id":"https:\/\/footdavant.fr\/actualites\/la-saison-de-cricket-s-un-blog-arsenal\/","url":"https:\/\/footdavant.fr\/actualites\/la-saison-de-cricket-s-un-blog-arsenal\/","name":"La saison de cricket (S) | ... un blog Arsenal","isPartOf":{"@id":"https:\/\/footdavant.fr\/actualites\/#website"},"datePublished":"2025-06-16T15:48:20+00:00","dateModified":"2025-06-16T15:48:21+00:00","breadcrumb":{"@id":"https:\/\/footdavant.fr\/actualites\/la-saison-de-cricket-s-un-blog-arsenal\/#breadcrumb"},"inLanguage":"fr-FR","potentialAction":[{"@type":"ReadAction","target":["https:\/\/footdavant.fr\/actualites\/la-saison-de-cricket-s-un-blog-arsenal\/"]}]},{"@type":"BreadcrumbList","@id":"https:\/\/footdavant.fr\/actualites\/la-saison-de-cricket-s-un-blog-arsenal\/#breadcrumb","itemListElement":[{"@type":"ListItem","position":1,"name":"Accueil","item":"https:\/\/footdavant.fr\/actualites\/"},{"@type":"ListItem","position":2,"name":"La saison de cricket (S) | &#8230; un blog Arsenal"}]},{"@type":"WebSite","@id":"https:\/\/footdavant.fr\/actualites\/#website","url":"https:\/\/footdavant.fr\/actualites\/","name":"Foot d'avant","description":"","publisher":{"@id":"https:\/\/footdavant.fr\/actualites\/#organization"},"potentialAction":[{"@type":"SearchAction","target":{"@type":"EntryPoint","urlTemplate":"https:\/\/footdavant.fr\/actualites\/?s={search_term_string}"},"query-input":"required name=search_term_string"}],"inLanguage":"fr-FR"},{"@type":"Organization","@id":"https:\/\/footdavant.fr\/actualites\/#organization","name":"Foot d'avant","url":"https:\/\/footdavant.fr\/actualites\/","logo":{"@type":"ImageObject","inLanguage":"fr-FR","@id":"https:\/\/footdavant.fr\/actualites\/#\/schema\/logo\/image\/","url":"https:\/\/footdavant.fr\/actualites\/wp-content\/uploads\/2023\/09\/Copy-of-FootDavant-Logo.png","contentUrl":"https:\/\/footdavant.fr\/actualites\/wp-content\/uploads\/2023\/09\/Copy-of-FootDavant-Logo.png","width":936,"height":549,"caption":"Foot d'avant"},"image":{"@id":"https:\/\/footdavant.fr\/actualites\/#\/schema\/logo\/image\/"},"sameAs":["https:\/\/www.facebook.com\/Footdavant\/","https:\/\/twitter.com\/FootdavantFr","https:\/\/www.instagram.com\/footdavant.fr\/"]},{"@type":"Person","@id":"https:\/\/footdavant.fr\/actualites\/#\/schema\/person\/bc222566d95871b37e597b3ed3ba5e1d","name":"Cl\u00e9ment","image":{"@type":"ImageObject","inLanguage":"fr-FR","@id":"https:\/\/footdavant.fr\/actualites\/#\/schema\/person\/image\/","url":"https:\/\/secure.gravatar.com\/avatar\/7728b29aac2719421e1a9159b2254c44?s=96&d=mm&r=g","contentUrl":"https:\/\/secure.gravatar.com\/avatar\/7728b29aac2719421e1a9159b2254c44?s=96&d=mm&r=g","caption":"Cl\u00e9ment"},"sameAs":["https:\/\/footdavant.fr\/"]}]}},"_links":{"self":[{"href":"https:\/\/footdavant.fr\/actualites\/wp-json\/wp\/v2\/posts\/25132"}],"collection":[{"href":"https:\/\/footdavant.fr\/actualites\/wp-json\/wp\/v2\/posts"}],"about":[{"href":"https:\/\/footdavant.fr\/actualites\/wp-json\/wp\/v2\/types\/post"}],"author":[{"embeddable":true,"href":"https:\/\/footdavant.fr\/actualites\/wp-json\/wp\/v2\/users\/1"}],"replies":[{"embeddable":true,"href":"https:\/\/footdavant.fr\/actualites\/wp-json\/wp\/v2\/comments?post=25132"}],"version-history":[{"count":1,"href":"https:\/\/footdavant.fr\/actualites\/wp-json\/wp\/v2\/posts\/25132\/revisions"}],"predecessor-version":[{"id":25133,"href":"https:\/\/footdavant.fr\/actualites\/wp-json\/wp\/v2\/posts\/25132\/revisions\/25133"}],"wp:featuredmedia":[{"embeddable":true,"href":"https:\/\/footdavant.fr\/actualites\/wp-json\/wp\/v2\/media\/24287"}],"wp:attachment":[{"href":"https:\/\/footdavant.fr\/actualites\/wp-json\/wp\/v2\/media?parent=25132"}],"wp:term":[{"taxonomy":"category","embeddable":true,"href":"https:\/\/footdavant.fr\/actualites\/wp-json\/wp\/v2\/categories?post=25132"},{"taxonomy":"post_tag","embeddable":true,"href":"https:\/\/footdavant.fr\/actualites\/wp-json\/wp\/v2\/tags?post=25132"}],"curies":[{"name":"wp","href":"https:\/\/api.w.org\/{rel}","templated":true}]}}