{"id":25140,"date":"2025-06-16T23:49:01","date_gmt":"2025-06-16T21:49:01","guid":{"rendered":"https:\/\/footdavant.fr\/actualites\/man-city-transfer-news-citizens-close-de-lacceptation-de-laccord-avec-le-milieu-de-terrain-lie-a-arsenal\/"},"modified":"2025-06-16T23:49:03","modified_gmt":"2025-06-16T21:49:03","slug":"man-city-transfer-news-citizens-close-de-lacceptation-de-laccord-avec-le-milieu-de-terrain-lie-a-arsenal","status":"publish","type":"post","link":"https:\/\/footdavant.fr\/actualites\/man-city-transfer-news-citizens-close-de-lacceptation-de-laccord-avec-le-milieu-de-terrain-lie-a-arsenal\/","title":{"rendered":"Man City Transfer News: Citizens \u00abClose\u00bb de l&#39;acceptation de l&#39;accord avec le milieu de terrain li\u00e9 \u00e0 Arsenal"},"content":{"rendered":"<p>Man City serait sur le point de parvenir \u00e0 un accord avec Rosenborg pour signer le milieu de terrain tr\u00e8s class\u00e9 Sverre Nypan, qui a d\u00e9j\u00e0 \u00e9t\u00e9 li\u00e9 \u00e0 Arsenal et \u00e0 Aston Villa.<\/p>\n<div id=\"article_body\" itemprop=\"articleBody\">\n<h3 class=\"firstPara\"><\/h3>\n<p style=\"margin-bottom:11px\"><strong class=\"autotag\">MANCHESTER CITY<\/strong> auraient progress\u00e9 <strong class=\"autotag\">Rosenborg<\/strong> milieu de terrain <strong class=\"autotag\">Sverre Nypan<\/strong>.<\/p>\n<p>Sous la direction du nouveau directeur du football <strong class=\"autotag\">Hugo Viana<\/strong>les citoyens ont adopt\u00e9 une approche agressive de la fen\u00eatre de transfert d&#39;\u00e9t\u00e9 et ont remani\u00e9 <strong class=\"autotag\">Pep guodiola<\/strong>Squad avec quatre nouveaux arrivants avant la Coupe du monde du club de la FIFA plus tard ce mois-ci.<\/p>\n<p><strong class=\"autotag\">Rayan Ait-Nouri<\/strong>, <strong class=\"autotag\">Marcus Bettinelli<\/strong>, <strong class=\"autotag\">Rayan Cherki<\/strong> et <strong class=\"autotag\">Tijjani reijnders<\/strong> avoir <strong>tous les mouvements permanents termin\u00e9s<\/strong> Au stade Etihad et \u00e0 Man City ne montrent aucun signe de ralentissement sur le march\u00e9 des transferts.<\/p>\n<p>Selon <strong><em>Sky Sports News<\/em><\/strong>Man City est en n\u00e9gociation avanc\u00e9e avec Rosenborg pour signer un accord pour signer le milieu de terrain de 18 ans, Nypan, qui a \u00e9t\u00e9 pour quitter sa Norv\u00e8ge natale et faire un mouvement de haut niveau pendant un certain temps.<\/p>\n<p>Plus t\u00f4t cette ann\u00e9e, NYPAN a visit\u00e9 un certain nombre de meilleurs clubs europ\u00e9ens dans la fen\u00eatre de transfert de janvier pendant la morte-saison norv\u00e9gienne, y compris le trio de Premier League Man City, <strong class=\"autotag\">Arsenal<\/strong> et <strong class=\"autotag\">Aston Villa<\/strong>.<\/p>\n<p class=\"imgI\">\n<h2>Man City avance sur Arsenal, Aston Villa dans Nypan Race<\/h2>\n<p>Alors qu&#39;Arsenal n&#39;a pas pu persuader Nypan de d\u00e9m\u00e9nager au stade Emirates, il a \u00e9t\u00e9 signal\u00e9 en avril qu&#39;Aston Villa \u00e9tait entr\u00e9e en pole position pour remporter la course de la signature de l&#39;adolescent apr\u00e8s avoir fait des progr\u00e8s significatifs.<\/p>\n<p><strong><em>L&#39;athl\u00e9tisme<\/em><\/strong>  affirme que Villa a m\u00eame envoy\u00e9 des repr\u00e9sentants en Norv\u00e8ge pour pr\u00e9senter leur vision \u00e0 Nypan, mais le milieu de terrain et sa famille ont maintenant \u00e9t\u00e9 convaincus de d\u00e9m\u00e9nager au stade Etihad.<\/p>\n<p>Le rapport ajoute que Man City est sur le point de parvenir \u00e0 un accord avec Rosenborg pour signer NYPAN, et sous r\u00e9serve de termes personnels en cours de finalisation, l&#39;accord repr\u00e9sentera des frais records pour un joueur de l&#39;\u00e9liteserien norv\u00e9gien.<\/p>\n<p>On pense que City pourrait payer au moins 11 millions de livres sterling pour Nypan, qui devrait se lancer sur un pr\u00eat d&#39;une saison pour continuer son d\u00e9veloppement avant d&#39;\u00eatre int\u00e9gr\u00e9 \u00e0 l&#39;\u00e9quipe de Guardiola \u00e0 une date ult\u00e9rieure.<\/p>\n<p>Club s\u0153ur de Man City <strong class=\"autotag\">Girona<\/strong>qui fait \u00e9galement partie du groupe de football de la ville, a exprim\u00e9 son int\u00e9r\u00eat \u00e0 signer NYPAN plus t\u00f4t cette ann\u00e9e et les citoyens pourraient chercher \u00e0 envoyer le milieu de terrain en pr\u00eat \u00e0 la Liga la saison prochaine.<\/p>\n<p class=\"imgI\"><img decoding=\"async\" alt=\"Sverre Nypan en action pour les moins de 21 ans de Norv\u00e8ge le 10 septembre 2024\" class=\"vanilla-lazyload article-image\" src=\"https:\/\/footdavant.fr\/actualites\/wp-content\/uploads\/2025\/06\/Fenetre-de-transfert-d39ete-d39Aston-Villa-cibles-superieures-budget-et.jpg\"><\/p>\n<h2>Qui est la starlette norv\u00e9gienne Nypan?<\/h2>\n<p>Largement consid\u00e9r\u00e9 comme l&#39;une des perspectives les plus brillantes d&#39;Europe, Nypan a excell\u00e9 dans l&#39;\u00e9quipe senior de Rosenborg depuis qu&#39;il est devenu le plus jeune joueur de leur histoire en 2022 lorsqu&#39;il a fait ses d\u00e9buts \u00e0 15 ans.<\/p>\n<p>Nypan a depuis fait un total de 70 apparitions en premi\u00e8re \u00e9quipe pour Rosenborg toutes les comp\u00e9titions, contribuant \u00e0 huit buts et 10 passes d\u00e9cisives en 33 matchs au cours de la campagne 2024.<\/p>\n<p>Le milieu de terrain complet a jou\u00e9 dans chacun des neuf premiers matchs de Rosenborg de la saison 2025, les 26 champions \u00e9tant actuellement troisi\u00e8me de la table, alors qu&#39;il est d\u00e9j\u00e0 un international de Norv\u00e8ge de moins de 21 ans.<\/p>\n<p>Nypan, qui est sans contrat en d\u00e9cembre et a \u00e9t\u00e9 compar\u00e9 \u00e0 compatriote <strong class=\"autotag\">Martin Odegaard<\/strong>pourrait se connecter avec ses coll\u00e8gues norv\u00e9giens <strong class=\"autotag\">Erling Haaland<\/strong> et <strong class=\"autotag\">Oscar Bobb<\/strong> Si un d\u00e9m\u00e9nagement \u00e0 Man City est termin\u00e9.<\/p>\n<div class=\"author_box\">\n<div class=\"author_box_banner\"> <img decoding=\"async\" class=\"author_img\" src=\"https:\/\/footdavant.fr\/actualites\/wp-content\/uploads\/2025\/06\/Modric-Carvajal-Ronaldo-Quels-joueurs-ont-remporte-le-plus-de.jpg\"><\/div>\n<\/div>\n<\/div>\n","protected":false},"excerpt":{"rendered":"<p>Man City serait sur le point de parvenir \u00e0 un accord avec Rosenborg pour signer le milieu de terrain tr\u00e8s class\u00e9 Sverre Nypan, qui a<\/p>\n","protected":false},"author":1,"featured_media":25141,"comment_status":"closed","ping_status":"","sticky":false,"template":"","format":"standard","meta":{"footnotes":""},"categories":[5],"tags":[67,91,5359,27,7883,9578,4350,301,24,441,409,442,2732],"yoast_head":"<!-- This site is optimized with the Yoast SEO plugin v21.0 - https:\/\/yoast.com\/wordpress\/plugins\/seo\/ -->\n<title>Man City Transfer News: Citizens \u00abClose\u00bb de l&#039;acceptation de l&#039;accord avec le milieu de terrain li\u00e9 \u00e0 Arsenal<\/title>\n<meta name=\"robots\" content=\"index, follow, max-snippet:-1, max-image-preview:large, max-video-preview:-1\" \/>\n<link rel=\"canonical\" href=\"https:\/\/footdavant.fr\/actualites\/man-city-transfer-news-citizens-close-de-lacceptation-de-laccord-avec-le-milieu-de-terrain-lie-a-arsenal\/\" \/>\n<meta property=\"og:locale\" content=\"fr_FR\" \/>\n<meta property=\"og:type\" content=\"article\" \/>\n<meta property=\"og:title\" content=\"Man City Transfer News: Citizens \u00abClose\u00bb de l&#039;acceptation de l&#039;accord avec le milieu de terrain li\u00e9 \u00e0 Arsenal\" \/>\n<meta property=\"og:description\" content=\"Man City serait sur le point de parvenir \u00e0 un accord avec Rosenborg pour signer le milieu de terrain tr\u00e8s class\u00e9 Sverre Nypan, qui a\" \/>\n<meta property=\"og:url\" content=\"https:\/\/footdavant.fr\/actualites\/man-city-transfer-news-citizens-close-de-lacceptation-de-laccord-avec-le-milieu-de-terrain-lie-a-arsenal\/\" \/>\n<meta property=\"og:site_name\" content=\"Foot d&#039;avant\" \/>\n<meta property=\"article:publisher\" content=\"https:\/\/www.facebook.com\/Footdavant\/\" \/>\n<meta property=\"article:published_time\" content=\"2025-06-16T21:49:01+00:00\" \/>\n<meta property=\"article:modified_time\" content=\"2025-06-16T21:49:03+00:00\" \/>\n<meta property=\"og:image\" content=\"https:\/\/footdavant.fr\/actualites\/wp-content\/uploads\/2025\/06\/Man-City-Transfer-News-Citizens-Close-de-l39acceptation-de-l39accord.jpg\" \/>\n\t<meta property=\"og:image:width\" content=\"260\" \/>\n\t<meta property=\"og:image:height\" content=\"310\" \/>\n\t<meta property=\"og:image:type\" content=\"image\/jpeg\" \/>\n<meta name=\"author\" content=\"Cl\u00e9ment\" \/>\n<meta name=\"twitter:card\" content=\"summary_large_image\" \/>\n<meta name=\"twitter:creator\" content=\"@FootdavantFr\" \/>\n<meta name=\"twitter:site\" content=\"@FootdavantFr\" \/>\n<meta name=\"twitter:label1\" content=\"\u00c9crit par\" \/>\n\t<meta name=\"twitter:data1\" content=\"Cl\u00e9ment\" \/>\n\t<meta name=\"twitter:label2\" content=\"Dur\u00e9e de lecture estim\u00e9e\" \/>\n\t<meta name=\"twitter:data2\" content=\"3 minutes\" \/>\n<script type=\"application\/ld+json\" class=\"yoast-schema-graph\">{\"@context\":\"https:\/\/schema.org\",\"@graph\":[{\"@type\":\"Article\",\"@id\":\"https:\/\/footdavant.fr\/actualites\/man-city-transfer-news-citizens-close-de-lacceptation-de-laccord-avec-le-milieu-de-terrain-lie-a-arsenal\/#article\",\"isPartOf\":{\"@id\":\"https:\/\/footdavant.fr\/actualites\/man-city-transfer-news-citizens-close-de-lacceptation-de-laccord-avec-le-milieu-de-terrain-lie-a-arsenal\/\"},\"author\":{\"name\":\"Cl\u00e9ment\",\"@id\":\"https:\/\/footdavant.fr\/actualites\/#\/schema\/person\/bc222566d95871b37e597b3ed3ba5e1d\"},\"headline\":\"Man City Transfer News: Citizens \u00abClose\u00bb de l&#39;acceptation de l&#39;accord avec le milieu de terrain li\u00e9 \u00e0 Arsenal\",\"datePublished\":\"2025-06-16T21:49:01+00:00\",\"dateModified\":\"2025-06-16T21:49:03+00:00\",\"mainEntityOfPage\":{\"@id\":\"https:\/\/footdavant.fr\/actualites\/man-city-transfer-news-citizens-close-de-lacceptation-de-laccord-avec-le-milieu-de-terrain-lie-a-arsenal\/\"},\"wordCount\":630,\"publisher\":{\"@id\":\"https:\/\/footdavant.fr\/actualites\/#organization\"},\"keywords\":[\"Arsenal\",\"avec\",\"Citizens\",\"City\",\"Close\",\"l39acceptation\",\"l39accord\",\"li\u00e9\",\"Man\",\"milieu\",\"News\",\"terrain\",\"Transfer\"],\"articleSection\":[\"Premier League\"],\"inLanguage\":\"fr-FR\"},{\"@type\":\"WebPage\",\"@id\":\"https:\/\/footdavant.fr\/actualites\/man-city-transfer-news-citizens-close-de-lacceptation-de-laccord-avec-le-milieu-de-terrain-lie-a-arsenal\/\",\"url\":\"https:\/\/footdavant.fr\/actualites\/man-city-transfer-news-citizens-close-de-lacceptation-de-laccord-avec-le-milieu-de-terrain-lie-a-arsenal\/\",\"name\":\"Man City Transfer News: Citizens \u00abClose\u00bb de l&#39;acceptation de l&#39;accord avec le milieu de terrain li\u00e9 \u00e0 Arsenal\",\"isPartOf\":{\"@id\":\"https:\/\/footdavant.fr\/actualites\/#website\"},\"datePublished\":\"2025-06-16T21:49:01+00:00\",\"dateModified\":\"2025-06-16T21:49:03+00:00\",\"breadcrumb\":{\"@id\":\"https:\/\/footdavant.fr\/actualites\/man-city-transfer-news-citizens-close-de-lacceptation-de-laccord-avec-le-milieu-de-terrain-lie-a-arsenal\/#breadcrumb\"},\"inLanguage\":\"fr-FR\",\"potentialAction\":[{\"@type\":\"ReadAction\",\"target\":[\"https:\/\/footdavant.fr\/actualites\/man-city-transfer-news-citizens-close-de-lacceptation-de-laccord-avec-le-milieu-de-terrain-lie-a-arsenal\/\"]}]},{\"@type\":\"BreadcrumbList\",\"@id\":\"https:\/\/footdavant.fr\/actualites\/man-city-transfer-news-citizens-close-de-lacceptation-de-laccord-avec-le-milieu-de-terrain-lie-a-arsenal\/#breadcrumb\",\"itemListElement\":[{\"@type\":\"ListItem\",\"position\":1,\"name\":\"Accueil\",\"item\":\"https:\/\/footdavant.fr\/actualites\/\"},{\"@type\":\"ListItem\",\"position\":2,\"name\":\"Man City Transfer News: Citizens \u00abClose\u00bb de l&#39;acceptation de l&#39;accord avec le milieu de terrain li\u00e9 \u00e0 Arsenal\"}]},{\"@type\":\"WebSite\",\"@id\":\"https:\/\/footdavant.fr\/actualites\/#website\",\"url\":\"https:\/\/footdavant.fr\/actualites\/\",\"name\":\"Foot d'avant\",\"description\":\"\",\"publisher\":{\"@id\":\"https:\/\/footdavant.fr\/actualites\/#organization\"},\"potentialAction\":[{\"@type\":\"SearchAction\",\"target\":{\"@type\":\"EntryPoint\",\"urlTemplate\":\"https:\/\/footdavant.fr\/actualites\/?s={search_term_string}\"},\"query-input\":\"required name=search_term_string\"}],\"inLanguage\":\"fr-FR\"},{\"@type\":\"Organization\",\"@id\":\"https:\/\/footdavant.fr\/actualites\/#organization\",\"name\":\"Foot d'avant\",\"url\":\"https:\/\/footdavant.fr\/actualites\/\",\"logo\":{\"@type\":\"ImageObject\",\"inLanguage\":\"fr-FR\",\"@id\":\"https:\/\/footdavant.fr\/actualites\/#\/schema\/logo\/image\/\",\"url\":\"https:\/\/footdavant.fr\/actualites\/wp-content\/uploads\/2023\/09\/Copy-of-FootDavant-Logo.png\",\"contentUrl\":\"https:\/\/footdavant.fr\/actualites\/wp-content\/uploads\/2023\/09\/Copy-of-FootDavant-Logo.png\",\"width\":936,\"height\":549,\"caption\":\"Foot d'avant\"},\"image\":{\"@id\":\"https:\/\/footdavant.fr\/actualites\/#\/schema\/logo\/image\/\"},\"sameAs\":[\"https:\/\/www.facebook.com\/Footdavant\/\",\"https:\/\/twitter.com\/FootdavantFr\",\"https:\/\/www.instagram.com\/footdavant.fr\/\"]},{\"@type\":\"Person\",\"@id\":\"https:\/\/footdavant.fr\/actualites\/#\/schema\/person\/bc222566d95871b37e597b3ed3ba5e1d\",\"name\":\"Cl\u00e9ment\",\"image\":{\"@type\":\"ImageObject\",\"inLanguage\":\"fr-FR\",\"@id\":\"https:\/\/footdavant.fr\/actualites\/#\/schema\/person\/image\/\",\"url\":\"https:\/\/secure.gravatar.com\/avatar\/7728b29aac2719421e1a9159b2254c44?s=96&d=mm&r=g\",\"contentUrl\":\"https:\/\/secure.gravatar.com\/avatar\/7728b29aac2719421e1a9159b2254c44?s=96&d=mm&r=g\",\"caption\":\"Cl\u00e9ment\"},\"sameAs\":[\"https:\/\/footdavant.fr\/\"]}]}<\/script>\n<!-- \/ Yoast SEO plugin. -->","yoast_head_json":{"title":"Man City Transfer News: Citizens \u00abClose\u00bb de l&#39;acceptation de l&#39;accord avec le milieu de terrain li\u00e9 \u00e0 Arsenal","robots":{"index":"index","follow":"follow","max-snippet":"max-snippet:-1","max-image-preview":"max-image-preview:large","max-video-preview":"max-video-preview:-1"},"canonical":"https:\/\/footdavant.fr\/actualites\/man-city-transfer-news-citizens-close-de-lacceptation-de-laccord-avec-le-milieu-de-terrain-lie-a-arsenal\/","og_locale":"fr_FR","og_type":"article","og_title":"Man City Transfer News: Citizens \u00abClose\u00bb de l&#39;acceptation de l&#39;accord avec le milieu de terrain li\u00e9 \u00e0 Arsenal","og_description":"Man City serait sur le point de parvenir \u00e0 un accord avec Rosenborg pour signer le milieu de terrain tr\u00e8s class\u00e9 Sverre Nypan, qui a","og_url":"https:\/\/footdavant.fr\/actualites\/man-city-transfer-news-citizens-close-de-lacceptation-de-laccord-avec-le-milieu-de-terrain-lie-a-arsenal\/","og_site_name":"Foot d&#039;avant","article_publisher":"https:\/\/www.facebook.com\/Footdavant\/","article_published_time":"2025-06-16T21:49:01+00:00","article_modified_time":"2025-06-16T21:49:03+00:00","og_image":[{"width":260,"height":310,"url":"https:\/\/footdavant.fr\/actualites\/wp-content\/uploads\/2025\/06\/Man-City-Transfer-News-Citizens-Close-de-l39acceptation-de-l39accord.jpg","type":"image\/jpeg"}],"author":"Cl\u00e9ment","twitter_card":"summary_large_image","twitter_creator":"@FootdavantFr","twitter_site":"@FootdavantFr","twitter_misc":{"\u00c9crit par":"Cl\u00e9ment","Dur\u00e9e de lecture estim\u00e9e":"3 minutes"},"schema":{"@context":"https:\/\/schema.org","@graph":[{"@type":"Article","@id":"https:\/\/footdavant.fr\/actualites\/man-city-transfer-news-citizens-close-de-lacceptation-de-laccord-avec-le-milieu-de-terrain-lie-a-arsenal\/#article","isPartOf":{"@id":"https:\/\/footdavant.fr\/actualites\/man-city-transfer-news-citizens-close-de-lacceptation-de-laccord-avec-le-milieu-de-terrain-lie-a-arsenal\/"},"author":{"name":"Cl\u00e9ment","@id":"https:\/\/footdavant.fr\/actualites\/#\/schema\/person\/bc222566d95871b37e597b3ed3ba5e1d"},"headline":"Man City Transfer News: Citizens \u00abClose\u00bb de l&#39;acceptation de l&#39;accord avec le milieu de terrain li\u00e9 \u00e0 Arsenal","datePublished":"2025-06-16T21:49:01+00:00","dateModified":"2025-06-16T21:49:03+00:00","mainEntityOfPage":{"@id":"https:\/\/footdavant.fr\/actualites\/man-city-transfer-news-citizens-close-de-lacceptation-de-laccord-avec-le-milieu-de-terrain-lie-a-arsenal\/"},"wordCount":630,"publisher":{"@id":"https:\/\/footdavant.fr\/actualites\/#organization"},"keywords":["Arsenal","avec","Citizens","City","Close","l39acceptation","l39accord","li\u00e9","Man","milieu","News","terrain","Transfer"],"articleSection":["Premier League"],"inLanguage":"fr-FR"},{"@type":"WebPage","@id":"https:\/\/footdavant.fr\/actualites\/man-city-transfer-news-citizens-close-de-lacceptation-de-laccord-avec-le-milieu-de-terrain-lie-a-arsenal\/","url":"https:\/\/footdavant.fr\/actualites\/man-city-transfer-news-citizens-close-de-lacceptation-de-laccord-avec-le-milieu-de-terrain-lie-a-arsenal\/","name":"Man City Transfer News: Citizens \u00abClose\u00bb de l&#39;acceptation de l&#39;accord avec le milieu de terrain li\u00e9 \u00e0 Arsenal","isPartOf":{"@id":"https:\/\/footdavant.fr\/actualites\/#website"},"datePublished":"2025-06-16T21:49:01+00:00","dateModified":"2025-06-16T21:49:03+00:00","breadcrumb":{"@id":"https:\/\/footdavant.fr\/actualites\/man-city-transfer-news-citizens-close-de-lacceptation-de-laccord-avec-le-milieu-de-terrain-lie-a-arsenal\/#breadcrumb"},"inLanguage":"fr-FR","potentialAction":[{"@type":"ReadAction","target":["https:\/\/footdavant.fr\/actualites\/man-city-transfer-news-citizens-close-de-lacceptation-de-laccord-avec-le-milieu-de-terrain-lie-a-arsenal\/"]}]},{"@type":"BreadcrumbList","@id":"https:\/\/footdavant.fr\/actualites\/man-city-transfer-news-citizens-close-de-lacceptation-de-laccord-avec-le-milieu-de-terrain-lie-a-arsenal\/#breadcrumb","itemListElement":[{"@type":"ListItem","position":1,"name":"Accueil","item":"https:\/\/footdavant.fr\/actualites\/"},{"@type":"ListItem","position":2,"name":"Man City Transfer News: Citizens \u00abClose\u00bb de l&#39;acceptation de l&#39;accord avec le milieu de terrain li\u00e9 \u00e0 Arsenal"}]},{"@type":"WebSite","@id":"https:\/\/footdavant.fr\/actualites\/#website","url":"https:\/\/footdavant.fr\/actualites\/","name":"Foot d'avant","description":"","publisher":{"@id":"https:\/\/footdavant.fr\/actualites\/#organization"},"potentialAction":[{"@type":"SearchAction","target":{"@type":"EntryPoint","urlTemplate":"https:\/\/footdavant.fr\/actualites\/?s={search_term_string}"},"query-input":"required name=search_term_string"}],"inLanguage":"fr-FR"},{"@type":"Organization","@id":"https:\/\/footdavant.fr\/actualites\/#organization","name":"Foot d'avant","url":"https:\/\/footdavant.fr\/actualites\/","logo":{"@type":"ImageObject","inLanguage":"fr-FR","@id":"https:\/\/footdavant.fr\/actualites\/#\/schema\/logo\/image\/","url":"https:\/\/footdavant.fr\/actualites\/wp-content\/uploads\/2023\/09\/Copy-of-FootDavant-Logo.png","contentUrl":"https:\/\/footdavant.fr\/actualites\/wp-content\/uploads\/2023\/09\/Copy-of-FootDavant-Logo.png","width":936,"height":549,"caption":"Foot d'avant"},"image":{"@id":"https:\/\/footdavant.fr\/actualites\/#\/schema\/logo\/image\/"},"sameAs":["https:\/\/www.facebook.com\/Footdavant\/","https:\/\/twitter.com\/FootdavantFr","https:\/\/www.instagram.com\/footdavant.fr\/"]},{"@type":"Person","@id":"https:\/\/footdavant.fr\/actualites\/#\/schema\/person\/bc222566d95871b37e597b3ed3ba5e1d","name":"Cl\u00e9ment","image":{"@type":"ImageObject","inLanguage":"fr-FR","@id":"https:\/\/footdavant.fr\/actualites\/#\/schema\/person\/image\/","url":"https:\/\/secure.gravatar.com\/avatar\/7728b29aac2719421e1a9159b2254c44?s=96&d=mm&r=g","contentUrl":"https:\/\/secure.gravatar.com\/avatar\/7728b29aac2719421e1a9159b2254c44?s=96&d=mm&r=g","caption":"Cl\u00e9ment"},"sameAs":["https:\/\/footdavant.fr\/"]}]}},"_links":{"self":[{"href":"https:\/\/footdavant.fr\/actualites\/wp-json\/wp\/v2\/posts\/25140"}],"collection":[{"href":"https:\/\/footdavant.fr\/actualites\/wp-json\/wp\/v2\/posts"}],"about":[{"href":"https:\/\/footdavant.fr\/actualites\/wp-json\/wp\/v2\/types\/post"}],"author":[{"embeddable":true,"href":"https:\/\/footdavant.fr\/actualites\/wp-json\/wp\/v2\/users\/1"}],"replies":[{"embeddable":true,"href":"https:\/\/footdavant.fr\/actualites\/wp-json\/wp\/v2\/comments?post=25140"}],"version-history":[{"count":1,"href":"https:\/\/footdavant.fr\/actualites\/wp-json\/wp\/v2\/posts\/25140\/revisions"}],"predecessor-version":[{"id":25142,"href":"https:\/\/footdavant.fr\/actualites\/wp-json\/wp\/v2\/posts\/25140\/revisions\/25142"}],"wp:featuredmedia":[{"embeddable":true,"href":"https:\/\/footdavant.fr\/actualites\/wp-json\/wp\/v2\/media\/25141"}],"wp:attachment":[{"href":"https:\/\/footdavant.fr\/actualites\/wp-json\/wp\/v2\/media?parent=25140"}],"wp:term":[{"taxonomy":"category","embeddable":true,"href":"https:\/\/footdavant.fr\/actualites\/wp-json\/wp\/v2\/categories?post=25140"},{"taxonomy":"post_tag","embeddable":true,"href":"https:\/\/footdavant.fr\/actualites\/wp-json\/wp\/v2\/tags?post=25140"}],"curies":[{"name":"wp","href":"https:\/\/api.w.org\/{rel}","templated":true}]}}