{"id":2515,"date":"2023-12-15T06:49:37","date_gmt":"2023-12-15T05:49:37","guid":{"rendered":"https:\/\/footdavant.fr\/actualites\/eddie-howe-est-absolument-devaste-par-la-sortie-de-newcastle-united-en-ligue-des-champions\/"},"modified":"2023-12-15T06:49:37","modified_gmt":"2023-12-15T05:49:37","slug":"eddie-howe-est-absolument-devaste-par-la-sortie-de-newcastle-united-en-ligue-des-champions","status":"publish","type":"post","link":"https:\/\/footdavant.fr\/actualites\/eddie-howe-est-absolument-devaste-par-la-sortie-de-newcastle-united-en-ligue-des-champions\/","title":{"rendered":"Eddie Howe est \u00ab\u00a0absolument d\u00e9vast\u00e9\u00a0\u00bb par la sortie de Newcastle United en Ligue des champions"},"content":{"rendered":"<p>Eddie Howe admet qu&rsquo;il est \u00ab\u00a0absolument d\u00e9vast\u00e9\u00a0\u00bb de voir son \u00e9quipe de Newcastle United se retirer de la Ligue des Champions et de l&rsquo;Europe apr\u00e8s la d\u00e9faite 2-1 \u00e0 domicile contre l&rsquo;AC Milan dans le Groupe F de mercredi.<\/p>\n<div id=\"article_body\" itemprop=\"articleBody\">\n<h3 class=\"firstPara\">\n<strong class=\"autotag\">Newcastle United<\/strong> directeur <strong class=\"autotag\">Eddie Howe<\/strong> a admis qu&rsquo;il \u00e9tait \u00ab\u00a0absolument d\u00e9vast\u00e9\u00a0\u00bb de voir son \u00e9quipe s&rsquo;effondrer <strong class=\"autotag\">Ligue des champions<\/strong> et l&rsquo;Europe au total apr\u00e8s la d\u00e9faite 2-1 \u00e0 domicile de mercredi contre <strong class=\"autotag\">AC Milan<\/strong> dans le groupe F.<\/h3>\n<p>Les Magpies ont entam\u00e9 leur dernier match de phase de groupes \u00e0 St James&rsquo; Park en devant battre les Rossoneri et en esp\u00e9rant que <strong class=\"autotag\">Borussia Dortmund<\/strong> a \u00e9vit\u00e9 la d\u00e9faite contre <strong class=\"autotag\">Paris Saint Germain<\/strong> pour assurer une place parmi les deux premiers.<\/p>\n<p>Les hommes de Howe r\u00eavaient d&rsquo;une place en huiti\u00e8mes de finale lorsque <strong class=\"autotag\">Joelinton<\/strong> les a renvoy\u00e9s devant \u00e0 la 33e minute alors que Dortmund prenait l&rsquo;avantage lors de son affrontement contre le PSG au d\u00e9but de la seconde p\u00e9riode.<\/p>\n<p>Cependant, la premi\u00e8re campagne de Newcastle en Ligue des champions depuis 20 ans s&rsquo;est termin\u00e9e de fa\u00e7on d\u00e9chirante, alors que Milan a r\u00e9tabli la parit\u00e9 gr\u00e2ce \u00e0 <strong class=\"autotag\">Christian Pulisic<\/strong> \u00e0 l&rsquo;heure de jeu avant le remplacement <strong class=\"autotag\">Samuel Chukwueze<\/strong> a marqu\u00e9 avec sa premi\u00e8re touche \u00e0 la 84e minute pour compl\u00e9ter le redressement.<\/p>\n<p>Le PSG, quant \u00e0 lui, est revenu au score pour sauver un match nul 1-1 \u00e0 Dortmund gr\u00e2ce \u00e0 l&rsquo;\u00e9galisation d&rsquo;un jeune de 17 ans. <strong class=\"autotag\">Warren Za\u00efre-Emery<\/strong>ce qui signifie que les champions de France se qualifient pour les huiti\u00e8mes de finale avec Dortmund, tandis que Milan revendique la troisi\u00e8me place pour se retrouver en Ligue Europa alors que Newcastle termine au plus bas et se retire compl\u00e8tement de l&rsquo;Europe.<\/p>\n<p class=\"imgI\">\n<p>Howe a exprim\u00e9 sa d\u00e9ception face \u00e0 la d\u00e9faite de Newcastle et \u00e0 la sortie de la Ligue des champions lors d&rsquo;un entretien d&rsquo;apr\u00e8s-match avec <em>TNT Sports<\/em>mais a n\u00e9anmoins salu\u00e9 les vaillants efforts de ses joueurs.<\/p>\n<p>\u00ab\u00a0Je pensais qu&rsquo;il y avait de tr\u00e8s bons moments, nous \u00e9tions parfois dominants, mais nous avions probablement besoin du deuxi\u00e8me but\u00a0\u00bb, a d\u00e9clar\u00e9 Howe.  \u00ab\u00a0Nous n&rsquo;avons pas assez bien d\u00e9fendu nos deux buts.<\/p>\n<p>\u00ab\u00a0C&rsquo;\u00e9tait vraiment du bout au bout. Les deux \u00e9quipes cherchaient d\u00e9sesp\u00e9r\u00e9ment \u00e0 gagner. Nous voulions gagner le match et nous essayions de nous diriger vers la Ligue des Champions, donc nous devions \u00eatre courageux.<\/p>\n<p>\u00ab\u00a0Ils ont d\u00fb \u00eatre courageux. Cela a fait un tr\u00e8s bon match. Nous nous sommes cr\u00e9\u00e9s des occasions et nous sommes absolument d\u00e9vast\u00e9s de ne pas nous qualifier.\u00a0\u00bb<\/p>\n<p>Lorsqu&rsquo;on lui a demand\u00e9 si la d\u00e9cision controvers\u00e9e concernant le handball lors de l&rsquo;avant-dernier match de la phase de groupes contre le PSG avait d\u00e9sormais un plus grand impact, Howe a r\u00e9pondu : \u00ab\u00a0Je pense qu&rsquo;il serait insens\u00e9 de ma part de regarder en arri\u00e8re et de commencer \u00e0 \u00e9voquer de vieilles choses. <\/p>\n<p>\u00ab\u00a0Nous avons eu l&rsquo;opportunit\u00e9 ce soir de faire ce que nous devions faire et nous ne l&rsquo;avons pas saisie. Nous n&rsquo;aurions pas pu faire plus d&rsquo;efforts, je ne pense pas que nous ayons laiss\u00e9 quoi que ce soit sur le terrain.\u00a0\u00bb<\/p>\n<p class=\"imgI\"><img decoding=\"async\" loading=\"lazy\" class=\"l\" src=\"https:\/\/footdavant.fr\/actualites\/wp-content\/uploads\/2023\/12\/1702619377_581_Eddie-Howe-est-absolument-devaste-par-la-sortie-de-Newcastle.JPG\" title=\"Fabian Schar et Jamaal Lascelles de Newcastle United semblent abattus alors que les joueurs de l'AC Milan c\u00e9l\u00e8brent apr\u00e8s le match du 13 d\u00e9cembre 2023.\" alt=\"Fabian Schar et Jamaal Lascelles de Newcastle United semblent abattus alors que les joueurs de l'AC Milan c\u00e9l\u00e8brent apr\u00e8s le match du 13 d\u00e9cembre 2023.\" width=\"640\" height=\"480\"><\/p>\n<p>Howe estime qu&rsquo;il a \u00ab\u00a0beaucoup\u00a0\u00bb appris de la campagne de Newcastle en Ligue des champions, ajoutant : \u00ab\u00a0La valeur de l&rsquo;\u00e9quipe avant tout, c&rsquo;est ce qui nous a expos\u00e9, le fait que nous n&rsquo;avons pas eu la capacit\u00e9 d&rsquo;utiliser l&rsquo;\u00e9quipe que nous avons cr\u00e9\u00e9e. \u00ab\u00a0Nous avons abord\u00e9 les matches avec des limites tr\u00e8s limit\u00e9es dans ce que nous pouvions faire et cela ne nous a pas aid\u00e9.\u00a0\u00bb<\/p>\n<p>Newcastle a perdu chacun de ses trois derniers matchs toutes comp\u00e9titions confondues au milieu d&rsquo;une crise de blessures, et Howe tient \u00e0 utiliser ces r\u00e9cents revers comme \u00ab\u00a0carburant\u00a0\u00bb alors que le club tente de retrouver le chemin de la victoire en Premier League.<\/p>\n<p>\u00ab\u00a0Vous devez toujours utiliser la d\u00e9ception &#8211; les revers &#8211; comme motivation et alimenter votre feu pour vous assurer de continuer \u00e0 r\u00e9ussir\u00a0\u00bb, a d\u00e9clar\u00e9 Howe.<\/p>\n<p>\u00ab\u00a0Nous allons retourner en Premier League et essayer de faire tout ce que nous pouvons pour \u00eatre coh\u00e9rents et y rester.\u00a0\u00bb<\/p>\n<p>Newcastle, septi\u00e8me du classement de la Premier League et \u00e0 sept points du top quatre, accueille Fulham \u00e0 St James&rsquo; Park samedi apr\u00e8s-midi.<\/p>\n<\/div>\n","protected":false},"excerpt":{"rendered":"<p>Eddie Howe admet qu&rsquo;il est \u00ab\u00a0absolument d\u00e9vast\u00e9\u00a0\u00bb de voir son \u00e9quipe de Newcastle United se retirer de la Ligue des Champions et de l&rsquo;Europe apr\u00e8s<\/p>\n","protected":false},"author":1,"featured_media":2516,"comment_status":"closed","ping_status":"","sticky":false,"template":"","format":"standard","meta":{"footnotes":""},"categories":[4],"tags":[2232,31,12,2233,38,217,39,30,22,75,1263,13],"yoast_head":"<!-- This site is optimized with the Yoast SEO plugin v21.0 - https:\/\/yoast.com\/wordpress\/plugins\/seo\/ -->\n<title>Eddie Howe est &quot;absolument d\u00e9vast\u00e9&quot; par la sortie de Newcastle United en Ligue des champions<\/title>\n<meta name=\"robots\" content=\"index, follow, max-snippet:-1, max-image-preview:large, max-video-preview:-1\" \/>\n<link rel=\"canonical\" href=\"https:\/\/footdavant.fr\/actualites\/eddie-howe-est-absolument-devaste-par-la-sortie-de-newcastle-united-en-ligue-des-champions\/\" \/>\n<meta property=\"og:locale\" content=\"fr_FR\" \/>\n<meta property=\"og:type\" content=\"article\" \/>\n<meta property=\"og:title\" content=\"Eddie Howe est &quot;absolument d\u00e9vast\u00e9&quot; par la sortie de Newcastle United en Ligue des champions\" \/>\n<meta property=\"og:description\" content=\"Eddie Howe admet qu&rsquo;il est \u00ab\u00a0absolument d\u00e9vast\u00e9\u00a0\u00bb de voir son \u00e9quipe de Newcastle United se retirer de la Ligue des Champions et de l&rsquo;Europe apr\u00e8s\" \/>\n<meta property=\"og:url\" content=\"https:\/\/footdavant.fr\/actualites\/eddie-howe-est-absolument-devaste-par-la-sortie-de-newcastle-united-en-ligue-des-champions\/\" \/>\n<meta property=\"og:site_name\" content=\"Foot d&#039;avant\" \/>\n<meta property=\"article:publisher\" content=\"https:\/\/www.facebook.com\/Footdavant\/\" \/>\n<meta property=\"article:published_time\" content=\"2023-12-15T05:49:37+00:00\" \/>\n<meta property=\"og:image\" content=\"https:\/\/footdavant.fr\/actualites\/wp-content\/uploads\/2023\/12\/Eddie-Howe-est-absolument-devaste-par-la-sortie-de-Newcastle.JPG\" \/>\n\t<meta property=\"og:image:width\" content=\"640\" \/>\n\t<meta property=\"og:image:height\" content=\"480\" \/>\n\t<meta property=\"og:image:type\" content=\"image\/jpeg\" \/>\n<meta name=\"author\" content=\"Cl\u00e9ment\" \/>\n<meta name=\"twitter:card\" content=\"summary_large_image\" \/>\n<meta name=\"twitter:creator\" content=\"@FootdavantFr\" \/>\n<meta name=\"twitter:site\" content=\"@FootdavantFr\" \/>\n<meta name=\"twitter:label1\" content=\"\u00c9crit par\" \/>\n\t<meta name=\"twitter:data1\" content=\"Cl\u00e9ment\" \/>\n\t<meta name=\"twitter:label2\" content=\"Dur\u00e9e de lecture estim\u00e9e\" \/>\n\t<meta name=\"twitter:data2\" content=\"4 minutes\" \/>\n<script type=\"application\/ld+json\" class=\"yoast-schema-graph\">{\"@context\":\"https:\/\/schema.org\",\"@graph\":[{\"@type\":\"Article\",\"@id\":\"https:\/\/footdavant.fr\/actualites\/eddie-howe-est-absolument-devaste-par-la-sortie-de-newcastle-united-en-ligue-des-champions\/#article\",\"isPartOf\":{\"@id\":\"https:\/\/footdavant.fr\/actualites\/eddie-howe-est-absolument-devaste-par-la-sortie-de-newcastle-united-en-ligue-des-champions\/\"},\"author\":{\"name\":\"Cl\u00e9ment\",\"@id\":\"https:\/\/footdavant.fr\/actualites\/#\/schema\/person\/bc222566d95871b37e597b3ed3ba5e1d\"},\"headline\":\"Eddie Howe est \u00ab\u00a0absolument d\u00e9vast\u00e9\u00a0\u00bb par la sortie de Newcastle United en Ligue des champions\",\"datePublished\":\"2023-12-15T05:49:37+00:00\",\"dateModified\":\"2023-12-15T05:49:37+00:00\",\"mainEntityOfPage\":{\"@id\":\"https:\/\/footdavant.fr\/actualites\/eddie-howe-est-absolument-devaste-par-la-sortie-de-newcastle-united-en-ligue-des-champions\/\"},\"wordCount\":739,\"publisher\":{\"@id\":\"https:\/\/footdavant.fr\/actualites\/#organization\"},\"keywords\":[\"absolument\",\"champions\",\"des\",\"d\u00e9vast\u00e9\",\"Eddie\",\"est\",\"Howe\",\"Ligue\",\"Newcastle\",\"par\",\"sortie\",\"United\"],\"articleSection\":[\"Champions League\"],\"inLanguage\":\"fr-FR\"},{\"@type\":\"WebPage\",\"@id\":\"https:\/\/footdavant.fr\/actualites\/eddie-howe-est-absolument-devaste-par-la-sortie-de-newcastle-united-en-ligue-des-champions\/\",\"url\":\"https:\/\/footdavant.fr\/actualites\/eddie-howe-est-absolument-devaste-par-la-sortie-de-newcastle-united-en-ligue-des-champions\/\",\"name\":\"Eddie Howe est \\\"absolument d\u00e9vast\u00e9\\\" par la sortie de Newcastle United en Ligue des champions\",\"isPartOf\":{\"@id\":\"https:\/\/footdavant.fr\/actualites\/#website\"},\"datePublished\":\"2023-12-15T05:49:37+00:00\",\"dateModified\":\"2023-12-15T05:49:37+00:00\",\"breadcrumb\":{\"@id\":\"https:\/\/footdavant.fr\/actualites\/eddie-howe-est-absolument-devaste-par-la-sortie-de-newcastle-united-en-ligue-des-champions\/#breadcrumb\"},\"inLanguage\":\"fr-FR\",\"potentialAction\":[{\"@type\":\"ReadAction\",\"target\":[\"https:\/\/footdavant.fr\/actualites\/eddie-howe-est-absolument-devaste-par-la-sortie-de-newcastle-united-en-ligue-des-champions\/\"]}]},{\"@type\":\"BreadcrumbList\",\"@id\":\"https:\/\/footdavant.fr\/actualites\/eddie-howe-est-absolument-devaste-par-la-sortie-de-newcastle-united-en-ligue-des-champions\/#breadcrumb\",\"itemListElement\":[{\"@type\":\"ListItem\",\"position\":1,\"name\":\"Accueil\",\"item\":\"https:\/\/footdavant.fr\/actualites\/\"},{\"@type\":\"ListItem\",\"position\":2,\"name\":\"Eddie Howe est \u00ab\u00a0absolument d\u00e9vast\u00e9\u00a0\u00bb par la sortie de Newcastle United en Ligue des champions\"}]},{\"@type\":\"WebSite\",\"@id\":\"https:\/\/footdavant.fr\/actualites\/#website\",\"url\":\"https:\/\/footdavant.fr\/actualites\/\",\"name\":\"Foot d'avant\",\"description\":\"\",\"publisher\":{\"@id\":\"https:\/\/footdavant.fr\/actualites\/#organization\"},\"potentialAction\":[{\"@type\":\"SearchAction\",\"target\":{\"@type\":\"EntryPoint\",\"urlTemplate\":\"https:\/\/footdavant.fr\/actualites\/?s={search_term_string}\"},\"query-input\":\"required name=search_term_string\"}],\"inLanguage\":\"fr-FR\"},{\"@type\":\"Organization\",\"@id\":\"https:\/\/footdavant.fr\/actualites\/#organization\",\"name\":\"Foot d'avant\",\"url\":\"https:\/\/footdavant.fr\/actualites\/\",\"logo\":{\"@type\":\"ImageObject\",\"inLanguage\":\"fr-FR\",\"@id\":\"https:\/\/footdavant.fr\/actualites\/#\/schema\/logo\/image\/\",\"url\":\"https:\/\/footdavant.fr\/actualites\/wp-content\/uploads\/2023\/09\/Copy-of-FootDavant-Logo.png\",\"contentUrl\":\"https:\/\/footdavant.fr\/actualites\/wp-content\/uploads\/2023\/09\/Copy-of-FootDavant-Logo.png\",\"width\":936,\"height\":549,\"caption\":\"Foot d'avant\"},\"image\":{\"@id\":\"https:\/\/footdavant.fr\/actualites\/#\/schema\/logo\/image\/\"},\"sameAs\":[\"https:\/\/www.facebook.com\/Footdavant\/\",\"https:\/\/twitter.com\/FootdavantFr\",\"https:\/\/www.instagram.com\/footdavant.fr\/\"]},{\"@type\":\"Person\",\"@id\":\"https:\/\/footdavant.fr\/actualites\/#\/schema\/person\/bc222566d95871b37e597b3ed3ba5e1d\",\"name\":\"Cl\u00e9ment\",\"image\":{\"@type\":\"ImageObject\",\"inLanguage\":\"fr-FR\",\"@id\":\"https:\/\/footdavant.fr\/actualites\/#\/schema\/person\/image\/\",\"url\":\"https:\/\/secure.gravatar.com\/avatar\/7728b29aac2719421e1a9159b2254c44?s=96&d=mm&r=g\",\"contentUrl\":\"https:\/\/secure.gravatar.com\/avatar\/7728b29aac2719421e1a9159b2254c44?s=96&d=mm&r=g\",\"caption\":\"Cl\u00e9ment\"},\"sameAs\":[\"https:\/\/footdavant.fr\/\"]}]}<\/script>\n<!-- \/ Yoast SEO plugin. -->","yoast_head_json":{"title":"Eddie Howe est \"absolument d\u00e9vast\u00e9\" par la sortie de Newcastle United en Ligue des champions","robots":{"index":"index","follow":"follow","max-snippet":"max-snippet:-1","max-image-preview":"max-image-preview:large","max-video-preview":"max-video-preview:-1"},"canonical":"https:\/\/footdavant.fr\/actualites\/eddie-howe-est-absolument-devaste-par-la-sortie-de-newcastle-united-en-ligue-des-champions\/","og_locale":"fr_FR","og_type":"article","og_title":"Eddie Howe est \"absolument d\u00e9vast\u00e9\" par la sortie de Newcastle United en Ligue des champions","og_description":"Eddie Howe admet qu&rsquo;il est \u00ab\u00a0absolument d\u00e9vast\u00e9\u00a0\u00bb de voir son \u00e9quipe de Newcastle United se retirer de la Ligue des Champions et de l&rsquo;Europe apr\u00e8s","og_url":"https:\/\/footdavant.fr\/actualites\/eddie-howe-est-absolument-devaste-par-la-sortie-de-newcastle-united-en-ligue-des-champions\/","og_site_name":"Foot d&#039;avant","article_publisher":"https:\/\/www.facebook.com\/Footdavant\/","article_published_time":"2023-12-15T05:49:37+00:00","og_image":[{"width":640,"height":480,"url":"https:\/\/footdavant.fr\/actualites\/wp-content\/uploads\/2023\/12\/Eddie-Howe-est-absolument-devaste-par-la-sortie-de-Newcastle.JPG","type":"image\/jpeg"}],"author":"Cl\u00e9ment","twitter_card":"summary_large_image","twitter_creator":"@FootdavantFr","twitter_site":"@FootdavantFr","twitter_misc":{"\u00c9crit par":"Cl\u00e9ment","Dur\u00e9e de lecture estim\u00e9e":"4 minutes"},"schema":{"@context":"https:\/\/schema.org","@graph":[{"@type":"Article","@id":"https:\/\/footdavant.fr\/actualites\/eddie-howe-est-absolument-devaste-par-la-sortie-de-newcastle-united-en-ligue-des-champions\/#article","isPartOf":{"@id":"https:\/\/footdavant.fr\/actualites\/eddie-howe-est-absolument-devaste-par-la-sortie-de-newcastle-united-en-ligue-des-champions\/"},"author":{"name":"Cl\u00e9ment","@id":"https:\/\/footdavant.fr\/actualites\/#\/schema\/person\/bc222566d95871b37e597b3ed3ba5e1d"},"headline":"Eddie Howe est \u00ab\u00a0absolument d\u00e9vast\u00e9\u00a0\u00bb par la sortie de Newcastle United en Ligue des champions","datePublished":"2023-12-15T05:49:37+00:00","dateModified":"2023-12-15T05:49:37+00:00","mainEntityOfPage":{"@id":"https:\/\/footdavant.fr\/actualites\/eddie-howe-est-absolument-devaste-par-la-sortie-de-newcastle-united-en-ligue-des-champions\/"},"wordCount":739,"publisher":{"@id":"https:\/\/footdavant.fr\/actualites\/#organization"},"keywords":["absolument","champions","des","d\u00e9vast\u00e9","Eddie","est","Howe","Ligue","Newcastle","par","sortie","United"],"articleSection":["Champions League"],"inLanguage":"fr-FR"},{"@type":"WebPage","@id":"https:\/\/footdavant.fr\/actualites\/eddie-howe-est-absolument-devaste-par-la-sortie-de-newcastle-united-en-ligue-des-champions\/","url":"https:\/\/footdavant.fr\/actualites\/eddie-howe-est-absolument-devaste-par-la-sortie-de-newcastle-united-en-ligue-des-champions\/","name":"Eddie Howe est \"absolument d\u00e9vast\u00e9\" par la sortie de Newcastle United en Ligue des champions","isPartOf":{"@id":"https:\/\/footdavant.fr\/actualites\/#website"},"datePublished":"2023-12-15T05:49:37+00:00","dateModified":"2023-12-15T05:49:37+00:00","breadcrumb":{"@id":"https:\/\/footdavant.fr\/actualites\/eddie-howe-est-absolument-devaste-par-la-sortie-de-newcastle-united-en-ligue-des-champions\/#breadcrumb"},"inLanguage":"fr-FR","potentialAction":[{"@type":"ReadAction","target":["https:\/\/footdavant.fr\/actualites\/eddie-howe-est-absolument-devaste-par-la-sortie-de-newcastle-united-en-ligue-des-champions\/"]}]},{"@type":"BreadcrumbList","@id":"https:\/\/footdavant.fr\/actualites\/eddie-howe-est-absolument-devaste-par-la-sortie-de-newcastle-united-en-ligue-des-champions\/#breadcrumb","itemListElement":[{"@type":"ListItem","position":1,"name":"Accueil","item":"https:\/\/footdavant.fr\/actualites\/"},{"@type":"ListItem","position":2,"name":"Eddie Howe est \u00ab\u00a0absolument d\u00e9vast\u00e9\u00a0\u00bb par la sortie de Newcastle United en Ligue des champions"}]},{"@type":"WebSite","@id":"https:\/\/footdavant.fr\/actualites\/#website","url":"https:\/\/footdavant.fr\/actualites\/","name":"Foot d'avant","description":"","publisher":{"@id":"https:\/\/footdavant.fr\/actualites\/#organization"},"potentialAction":[{"@type":"SearchAction","target":{"@type":"EntryPoint","urlTemplate":"https:\/\/footdavant.fr\/actualites\/?s={search_term_string}"},"query-input":"required name=search_term_string"}],"inLanguage":"fr-FR"},{"@type":"Organization","@id":"https:\/\/footdavant.fr\/actualites\/#organization","name":"Foot d'avant","url":"https:\/\/footdavant.fr\/actualites\/","logo":{"@type":"ImageObject","inLanguage":"fr-FR","@id":"https:\/\/footdavant.fr\/actualites\/#\/schema\/logo\/image\/","url":"https:\/\/footdavant.fr\/actualites\/wp-content\/uploads\/2023\/09\/Copy-of-FootDavant-Logo.png","contentUrl":"https:\/\/footdavant.fr\/actualites\/wp-content\/uploads\/2023\/09\/Copy-of-FootDavant-Logo.png","width":936,"height":549,"caption":"Foot d'avant"},"image":{"@id":"https:\/\/footdavant.fr\/actualites\/#\/schema\/logo\/image\/"},"sameAs":["https:\/\/www.facebook.com\/Footdavant\/","https:\/\/twitter.com\/FootdavantFr","https:\/\/www.instagram.com\/footdavant.fr\/"]},{"@type":"Person","@id":"https:\/\/footdavant.fr\/actualites\/#\/schema\/person\/bc222566d95871b37e597b3ed3ba5e1d","name":"Cl\u00e9ment","image":{"@type":"ImageObject","inLanguage":"fr-FR","@id":"https:\/\/footdavant.fr\/actualites\/#\/schema\/person\/image\/","url":"https:\/\/secure.gravatar.com\/avatar\/7728b29aac2719421e1a9159b2254c44?s=96&d=mm&r=g","contentUrl":"https:\/\/secure.gravatar.com\/avatar\/7728b29aac2719421e1a9159b2254c44?s=96&d=mm&r=g","caption":"Cl\u00e9ment"},"sameAs":["https:\/\/footdavant.fr\/"]}]}},"_links":{"self":[{"href":"https:\/\/footdavant.fr\/actualites\/wp-json\/wp\/v2\/posts\/2515"}],"collection":[{"href":"https:\/\/footdavant.fr\/actualites\/wp-json\/wp\/v2\/posts"}],"about":[{"href":"https:\/\/footdavant.fr\/actualites\/wp-json\/wp\/v2\/types\/post"}],"author":[{"embeddable":true,"href":"https:\/\/footdavant.fr\/actualites\/wp-json\/wp\/v2\/users\/1"}],"replies":[{"embeddable":true,"href":"https:\/\/footdavant.fr\/actualites\/wp-json\/wp\/v2\/comments?post=2515"}],"version-history":[{"count":1,"href":"https:\/\/footdavant.fr\/actualites\/wp-json\/wp\/v2\/posts\/2515\/revisions"}],"predecessor-version":[{"id":2517,"href":"https:\/\/footdavant.fr\/actualites\/wp-json\/wp\/v2\/posts\/2515\/revisions\/2517"}],"wp:featuredmedia":[{"embeddable":true,"href":"https:\/\/footdavant.fr\/actualites\/wp-json\/wp\/v2\/media\/2516"}],"wp:attachment":[{"href":"https:\/\/footdavant.fr\/actualites\/wp-json\/wp\/v2\/media?parent=2515"}],"wp:term":[{"taxonomy":"category","embeddable":true,"href":"https:\/\/footdavant.fr\/actualites\/wp-json\/wp\/v2\/categories?post=2515"},{"taxonomy":"post_tag","embeddable":true,"href":"https:\/\/footdavant.fr\/actualites\/wp-json\/wp\/v2\/tags?post=2515"}],"curies":[{"name":"wp","href":"https:\/\/api.w.org\/{rel}","templated":true}]}}